{"id":10010,"date":"2023-08-25T20:40:16","date_gmt":"2023-08-25T23:40:16","guid":{"rendered":"https:\/\/tvnova.tv.br\/jornalfatonovo\/?p=10010"},"modified":"2023-08-25T20:42:21","modified_gmt":"2023-08-25T23:42:21","slug":"procon-de-jaboatao-abre-selecao-com-salarios-de-ate-r-37-mil","status":"publish","type":"post","link":"https:\/\/tvnova.tv.br\/jornalfatonovo\/procon-de-jaboatao-abre-selecao-com-salarios-de-ate-r-37-mil\/","title":{"rendered":"Procon de Jaboat\u00e3o abre sele\u00e7\u00e3o com sal\u00e1rios de at\u00e9 R$ 3,7 mil"},"content":{"rendered":"<p><span style=\"font-weight: 400\">Teve in\u00edcio nesta sexta-feira (25), as inscri\u00e7\u00f5es para a sele\u00e7\u00e3o simplificada com 30 vagas para o Procon de Jaboat\u00e3o dos Guararapes, no Grande Recife. De acordo com a prefeitura, s\u00e3o ofertadas oportunidades para os n\u00edveis m\u00e9dio e superior, sendo 18 assessores jur\u00eddicos, 10 fiscais e dois assistentes administrativos.<\/span><\/p>\n<p><span style=\"font-weight: 400\">Os sal\u00e1rios variam entre R$ 1.320,00 a R$ 3.700,00. As inscri\u00e7\u00f5es custam R$ 60,00 para os cargos de n\u00edvel superior e R$ 32,50 reais para cargos de n\u00edvel m\u00e9dio. O cadastro segue at\u00e9 o dia 13 de setembro e deve ser feito exclusivamente pela internet atrav\u00e9s do site processoseletivoabdesm.com.<\/span><\/p>\n<p><span style=\"font-weight: 400\">Aqueles que desejam concorrer \u00e0s vagas de\u00a0fiscal\u00a0precisam ser\u00a0bacharel em Direito. O sal\u00e1rio para a fun\u00e7\u00e3o \u00e9\u00a0R$ 3,7 mil.\u00a0Para disputar as vagas de\u00a0assessor jur\u00eddico, al\u00e9m de ser bacharel em Direito, \u00e9 preciso estar inscrito na\u00a0Ordem dos Advogados do Brasil\u00a0(OAB) e o sal\u00e1rio \u00e9 de\u00a0R$ 2.892,40. J\u00e1 para concorrer \u00e0s vagas de\u00a0assistente administrativo, \u00e9 necess\u00e1rio ter o certificado de conclus\u00e3o do\u00a0ensino m\u00e9dio\u00a0e o sal\u00e1rio \u00e9 de\u00a0R$ 1.320.<\/span><\/p>\n<p><span style=\"font-weight: 400\">Os aprovados na sele\u00e7\u00e3o simplificada ter\u00e3o contrato inicial de 12 meses, podendo ser prorrogado pelo mesmo per\u00edodo. O Procon tamb\u00e9m oferece atendimento presencial para explicar eventuais d\u00favidas, na Avenida Barreto de Menezes, n\u00b0 1648, no bairro de Prazeres.<\/span><\/p>\n<p>&nbsp;<\/p>\n<p><a href=\"https:\/\/pt.scribd.com\/document\/667151635\/Edital-Procon-Jaboatao\"><span style=\"font-weight: 400\">Confira o edital\u00a0<\/span><\/a><\/p>\n<p>&nbsp;<\/p>\n","protected":false},"excerpt":{"rendered":"<p>Teve in\u00edcio nesta sexta-feira (25), as inscri\u00e7\u00f5es para a sele\u00e7\u00e3o simplificada com 30 vagas para o Procon de Jaboat\u00e3o dos Guararapes, no Grande Recife. De acordo com a prefeitura, s\u00e3o ofertadas oportunidades para os n\u00edveis m\u00e9dio e superior, sendo 18 assessores jur\u00eddicos, 10 fiscais e dois assistentes administrativos. Os sal\u00e1rios variam entre R$ 1.320,00 a [&hellip;]<\/p>\n","protected":false},"author":6,"featured_media":10013,"comment_status":"closed","ping_status":"","sticky":false,"template":"","format":"standard","meta":{"footnotes":""},"categories":[1],"tags":[400,1051,1466],"cores-categorias":[],"class_list":["post-10010","post","type-post","status-publish","format-standard","has-post-thumbnail","hentry","category-cidades","tag-jaboatao-dos-guararapes","tag-procon","tag-selecao-simplificada"],"yoast_head":"<!-- This site is optimized with the Yoast SEO plugin v27.2 - https:\/\/yoast.com\/product\/yoast-seo-wordpress\/ -->\n<title>Procon de Jaboat\u00e3o abre sele\u00e7\u00e3o com sal\u00e1rios de at\u00e9 R$ 3,7 mil - Jornal Fato Novo<\/title>\n<meta name=\"robots\" content=\"index, follow, max-snippet:-1, max-image-preview:large, max-video-preview:-1\" \/>\n<link rel=\"canonical\" href=\"https:\/\/tvnova.tv.br\/jornalfatonovo\/procon-de-jaboatao-abre-selecao-com-salarios-de-ate-r-37-mil\/\" \/>\n<meta property=\"og:locale\" content=\"pt_BR\" \/>\n<meta property=\"og:type\" content=\"article\" \/>\n<meta property=\"og:title\" content=\"Procon de Jaboat\u00e3o abre sele\u00e7\u00e3o com sal\u00e1rios de at\u00e9 R$ 3,7 mil - Jornal Fato Novo\" \/>\n<meta property=\"og:description\" content=\"Teve in\u00edcio nesta sexta-feira (25), as inscri\u00e7\u00f5es para a sele\u00e7\u00e3o simplificada com 30 vagas para o Procon de Jaboat\u00e3o dos Guararapes, no Grande Recife. De acordo com a prefeitura, s\u00e3o ofertadas oportunidades para os n\u00edveis m\u00e9dio e superior, sendo 18 assessores jur\u00eddicos, 10 fiscais e dois assistentes administrativos. Os sal\u00e1rios variam entre R$ 1.320,00 a [&hellip;]\" \/>\n<meta property=\"og:url\" content=\"https:\/\/tvnova.tv.br\/jornalfatonovo\/procon-de-jaboatao-abre-selecao-com-salarios-de-ate-r-37-mil\/\" \/>\n<meta property=\"og:site_name\" content=\"Jornal Fato Novo\" \/>\n<meta property=\"article:publisher\" content=\"https:\/\/www.facebook.com\/tvnovanordeste\/\" \/>\n<meta property=\"article:published_time\" content=\"2023-08-25T23:40:16+00:00\" \/>\n<meta property=\"article:modified_time\" content=\"2023-08-25T23:42:21+00:00\" \/>\n<meta property=\"og:image\" content=\"https:\/\/tvnova.tv.br\/jornalfatonovo\/wp-content\/uploads\/2023\/08\/procon.jpg\" \/>\n\t<meta property=\"og:image:width\" content=\"450\" \/>\n\t<meta property=\"og:image:height\" content=\"308\" \/>\n\t<meta property=\"og:image:type\" content=\"image\/jpeg\" \/>\n<meta name=\"author\" content=\"Victoria Campos\" \/>\n<meta name=\"twitter:card\" content=\"summary_large_image\" \/>\n<meta name=\"twitter:creator\" content=\"@tvnovanordeste\" \/>\n<meta name=\"twitter:site\" content=\"@tvnovanordeste\" \/>\n<meta name=\"twitter:label1\" content=\"Escrito por\" \/>\n\t<meta name=\"twitter:data1\" content=\"Victoria Campos\" \/>\n\t<meta name=\"twitter:label2\" content=\"Est. tempo de leitura\" \/>\n\t<meta name=\"twitter:data2\" content=\"1 minuto\" \/>\n<script type=\"application\/ld+json\" class=\"yoast-schema-graph\">{\"@context\":\"https:\/\/schema.org\",\"@graph\":[{\"@type\":\"Article\",\"@id\":\"https:\/\/tvnova.tv.br\/jornalfatonovo\/procon-de-jaboatao-abre-selecao-com-salarios-de-ate-r-37-mil\/#article\",\"isPartOf\":{\"@id\":\"https:\/\/tvnova.tv.br\/jornalfatonovo\/procon-de-jaboatao-abre-selecao-com-salarios-de-ate-r-37-mil\/\"},\"author\":{\"name\":\"Victoria Campos\",\"@id\":\"https:\/\/tvnova.tv.br\/jornalfatonovo\/#\/schema\/person\/91ba9daadb7e96d3cbe5e1b84619be88\"},\"headline\":\"Procon de Jaboat\u00e3o abre sele\u00e7\u00e3o com sal\u00e1rios de at\u00e9 R$ 3,7 mil\",\"datePublished\":\"2023-08-25T23:40:16+00:00\",\"dateModified\":\"2023-08-25T23:42:21+00:00\",\"mainEntityOfPage\":{\"@id\":\"https:\/\/tvnova.tv.br\/jornalfatonovo\/procon-de-jaboatao-abre-selecao-com-salarios-de-ate-r-37-mil\/\"},\"wordCount\":242,\"publisher\":{\"@id\":\"https:\/\/tvnova.tv.br\/jornalfatonovo\/#organization\"},\"image\":{\"@id\":\"https:\/\/tvnova.tv.br\/jornalfatonovo\/procon-de-jaboatao-abre-selecao-com-salarios-de-ate-r-37-mil\/#primaryimage\"},\"thumbnailUrl\":\"https:\/\/tvnova.tv.br\/jornalfatonovo\/wp-content\/uploads\/2023\/08\/procon.jpg\",\"keywords\":[\"Jaboat\u00e3o dos Guararapes\",\"Procon\",\"Sele\u00e7\u00e3o Simplificada\"],\"articleSection\":[\"Cidades\"],\"inLanguage\":\"pt-BR\"},{\"@type\":\"WebPage\",\"@id\":\"https:\/\/tvnova.tv.br\/jornalfatonovo\/procon-de-jaboatao-abre-selecao-com-salarios-de-ate-r-37-mil\/\",\"url\":\"https:\/\/tvnova.tv.br\/jornalfatonovo\/procon-de-jaboatao-abre-selecao-com-salarios-de-ate-r-37-mil\/\",\"name\":\"Procon de Jaboat\u00e3o abre sele\u00e7\u00e3o com sal\u00e1rios de at\u00e9 R$ 3,7 mil - Jornal Fato Novo\",\"isPartOf\":{\"@id\":\"https:\/\/tvnova.tv.br\/jornalfatonovo\/#website\"},\"primaryImageOfPage\":{\"@id\":\"https:\/\/tvnova.tv.br\/jornalfatonovo\/procon-de-jaboatao-abre-selecao-com-salarios-de-ate-r-37-mil\/#primaryimage\"},\"image\":{\"@id\":\"https:\/\/tvnova.tv.br\/jornalfatonovo\/procon-de-jaboatao-abre-selecao-com-salarios-de-ate-r-37-mil\/#primaryimage\"},\"thumbnailUrl\":\"https:\/\/tvnova.tv.br\/jornalfatonovo\/wp-content\/uploads\/2023\/08\/procon.jpg\",\"datePublished\":\"2023-08-25T23:40:16+00:00\",\"dateModified\":\"2023-08-25T23:42:21+00:00\",\"breadcrumb\":{\"@id\":\"https:\/\/tvnova.tv.br\/jornalfatonovo\/procon-de-jaboatao-abre-selecao-com-salarios-de-ate-r-37-mil\/#breadcrumb\"},\"inLanguage\":\"pt-BR\",\"potentialAction\":[{\"@type\":\"ReadAction\",\"target\":[\"https:\/\/tvnova.tv.br\/jornalfatonovo\/procon-de-jaboatao-abre-selecao-com-salarios-de-ate-r-37-mil\/\"]}]},{\"@type\":\"ImageObject\",\"inLanguage\":\"pt-BR\",\"@id\":\"https:\/\/tvnova.tv.br\/jornalfatonovo\/procon-de-jaboatao-abre-selecao-com-salarios-de-ate-r-37-mil\/#primaryimage\",\"url\":\"https:\/\/tvnova.tv.br\/jornalfatonovo\/wp-content\/uploads\/2023\/08\/procon.jpg\",\"contentUrl\":\"https:\/\/tvnova.tv.br\/jornalfatonovo\/wp-content\/uploads\/2023\/08\/procon.jpg\",\"width\":450,\"height\":308},{\"@type\":\"BreadcrumbList\",\"@id\":\"https:\/\/tvnova.tv.br\/jornalfatonovo\/procon-de-jaboatao-abre-selecao-com-salarios-de-ate-r-37-mil\/#breadcrumb\",\"itemListElement\":[{\"@type\":\"ListItem\",\"position\":1,\"name\":\"In\u00edcio\",\"item\":\"https:\/\/tvnova.tv.br\/jornalfatonovo\/\"},{\"@type\":\"ListItem\",\"position\":2,\"name\":\"Procon de Jaboat\u00e3o abre sele\u00e7\u00e3o com sal\u00e1rios de at\u00e9 R$ 3,7 mil\"}]},{\"@type\":\"WebSite\",\"@id\":\"https:\/\/tvnova.tv.br\/jornalfatonovo\/#website\",\"url\":\"https:\/\/tvnova.tv.br\/jornalfatonovo\/\",\"name\":\"Jornal Fato Novo\",\"description\":\"Acompanhe as not\u00edcias de Pernambuco\",\"publisher\":{\"@id\":\"https:\/\/tvnova.tv.br\/jornalfatonovo\/#organization\"},\"potentialAction\":[{\"@type\":\"SearchAction\",\"target\":{\"@type\":\"EntryPoint\",\"urlTemplate\":\"https:\/\/tvnova.tv.br\/jornalfatonovo\/?s={search_term_string}\"},\"query-input\":{\"@type\":\"PropertyValueSpecification\",\"valueRequired\":true,\"valueName\":\"search_term_string\"}}],\"inLanguage\":\"pt-BR\"},{\"@type\":\"Organization\",\"@id\":\"https:\/\/tvnova.tv.br\/jornalfatonovo\/#organization\",\"name\":\"Jornal Fato Novo\",\"url\":\"https:\/\/tvnova.tv.br\/jornalfatonovo\/\",\"logo\":{\"@type\":\"ImageObject\",\"inLanguage\":\"pt-BR\",\"@id\":\"https:\/\/tvnova.tv.br\/jornalfatonovo\/#\/schema\/logo\/image\/\",\"url\":\"https:\/\/tvnova.tv.br\/jornalfatonovo1\/wp-content\/uploads\/2023\/04\/FATO-NOVO-1.png\",\"contentUrl\":\"https:\/\/tvnova.tv.br\/jornalfatonovo1\/wp-content\/uploads\/2023\/04\/FATO-NOVO-1.png\",\"width\":200,\"height\":60,\"caption\":\"Jornal Fato Novo\"},\"image\":{\"@id\":\"https:\/\/tvnova.tv.br\/jornalfatonovo\/#\/schema\/logo\/image\/\"},\"sameAs\":[\"https:\/\/www.facebook.com\/tvnovanordeste\/\",\"https:\/\/x.com\/tvnovanordeste\",\"https:\/\/www.instagram.com\/jornalfatonovope\/\"]},{\"@type\":\"Person\",\"@id\":\"https:\/\/tvnova.tv.br\/jornalfatonovo\/#\/schema\/person\/91ba9daadb7e96d3cbe5e1b84619be88\",\"name\":\"Victoria Campos\",\"url\":\"https:\/\/tvnova.tv.br\/jornalfatonovo\/author\/victoria\/\"}]}<\/script>\n<!-- \/ Yoast SEO plugin. -->","yoast_head_json":{"title":"Procon de Jaboat\u00e3o abre sele\u00e7\u00e3o com sal\u00e1rios de at\u00e9 R$ 3,7 mil - Jornal Fato Novo","robots":{"index":"index","follow":"follow","max-snippet":"max-snippet:-1","max-image-preview":"max-image-preview:large","max-video-preview":"max-video-preview:-1"},"canonical":"https:\/\/tvnova.tv.br\/jornalfatonovo\/procon-de-jaboatao-abre-selecao-com-salarios-de-ate-r-37-mil\/","og_locale":"pt_BR","og_type":"article","og_title":"Procon de Jaboat\u00e3o abre sele\u00e7\u00e3o com sal\u00e1rios de at\u00e9 R$ 3,7 mil - Jornal Fato Novo","og_description":"Teve in\u00edcio nesta sexta-feira (25), as inscri\u00e7\u00f5es para a sele\u00e7\u00e3o simplificada com 30 vagas para o Procon de Jaboat\u00e3o dos Guararapes, no Grande Recife. De acordo com a prefeitura, s\u00e3o ofertadas oportunidades para os n\u00edveis m\u00e9dio e superior, sendo 18 assessores jur\u00eddicos, 10 fiscais e dois assistentes administrativos. Os sal\u00e1rios variam entre R$ 1.320,00 a [&hellip;]","og_url":"https:\/\/tvnova.tv.br\/jornalfatonovo\/procon-de-jaboatao-abre-selecao-com-salarios-de-ate-r-37-mil\/","og_site_name":"Jornal Fato Novo","article_publisher":"https:\/\/www.facebook.com\/tvnovanordeste\/","article_published_time":"2023-08-25T23:40:16+00:00","article_modified_time":"2023-08-25T23:42:21+00:00","og_image":[{"width":450,"height":308,"url":"https:\/\/tvnova.tv.br\/jornalfatonovo\/wp-content\/uploads\/2023\/08\/procon.jpg","type":"image\/jpeg"}],"author":"Victoria Campos","twitter_card":"summary_large_image","twitter_creator":"@tvnovanordeste","twitter_site":"@tvnovanordeste","twitter_misc":{"Escrito por":"Victoria Campos","Est. tempo de leitura":"1 minuto"},"schema":{"@context":"https:\/\/schema.org","@graph":[{"@type":"Article","@id":"https:\/\/tvnova.tv.br\/jornalfatonovo\/procon-de-jaboatao-abre-selecao-com-salarios-de-ate-r-37-mil\/#article","isPartOf":{"@id":"https:\/\/tvnova.tv.br\/jornalfatonovo\/procon-de-jaboatao-abre-selecao-com-salarios-de-ate-r-37-mil\/"},"author":{"name":"Victoria Campos","@id":"https:\/\/tvnova.tv.br\/jornalfatonovo\/#\/schema\/person\/91ba9daadb7e96d3cbe5e1b84619be88"},"headline":"Procon de Jaboat\u00e3o abre sele\u00e7\u00e3o com sal\u00e1rios de at\u00e9 R$ 3,7 mil","datePublished":"2023-08-25T23:40:16+00:00","dateModified":"2023-08-25T23:42:21+00:00","mainEntityOfPage":{"@id":"https:\/\/tvnova.tv.br\/jornalfatonovo\/procon-de-jaboatao-abre-selecao-com-salarios-de-ate-r-37-mil\/"},"wordCount":242,"publisher":{"@id":"https:\/\/tvnova.tv.br\/jornalfatonovo\/#organization"},"image":{"@id":"https:\/\/tvnova.tv.br\/jornalfatonovo\/procon-de-jaboatao-abre-selecao-com-salarios-de-ate-r-37-mil\/#primaryimage"},"thumbnailUrl":"https:\/\/tvnova.tv.br\/jornalfatonovo\/wp-content\/uploads\/2023\/08\/procon.jpg","keywords":["Jaboat\u00e3o dos Guararapes","Procon","Sele\u00e7\u00e3o Simplificada"],"articleSection":["Cidades"],"inLanguage":"pt-BR"},{"@type":"WebPage","@id":"https:\/\/tvnova.tv.br\/jornalfatonovo\/procon-de-jaboatao-abre-selecao-com-salarios-de-ate-r-37-mil\/","url":"https:\/\/tvnova.tv.br\/jornalfatonovo\/procon-de-jaboatao-abre-selecao-com-salarios-de-ate-r-37-mil\/","name":"Procon de Jaboat\u00e3o abre sele\u00e7\u00e3o com sal\u00e1rios de at\u00e9 R$ 3,7 mil - Jornal Fato Novo","isPartOf":{"@id":"https:\/\/tvnova.tv.br\/jornalfatonovo\/#website"},"primaryImageOfPage":{"@id":"https:\/\/tvnova.tv.br\/jornalfatonovo\/procon-de-jaboatao-abre-selecao-com-salarios-de-ate-r-37-mil\/#primaryimage"},"image":{"@id":"https:\/\/tvnova.tv.br\/jornalfatonovo\/procon-de-jaboatao-abre-selecao-com-salarios-de-ate-r-37-mil\/#primaryimage"},"thumbnailUrl":"https:\/\/tvnova.tv.br\/jornalfatonovo\/wp-content\/uploads\/2023\/08\/procon.jpg","datePublished":"2023-08-25T23:40:16+00:00","dateModified":"2023-08-25T23:42:21+00:00","breadcrumb":{"@id":"https:\/\/tvnova.tv.br\/jornalfatonovo\/procon-de-jaboatao-abre-selecao-com-salarios-de-ate-r-37-mil\/#breadcrumb"},"inLanguage":"pt-BR","potentialAction":[{"@type":"ReadAction","target":["https:\/\/tvnova.tv.br\/jornalfatonovo\/procon-de-jaboatao-abre-selecao-com-salarios-de-ate-r-37-mil\/"]}]},{"@type":"ImageObject","inLanguage":"pt-BR","@id":"https:\/\/tvnova.tv.br\/jornalfatonovo\/procon-de-jaboatao-abre-selecao-com-salarios-de-ate-r-37-mil\/#primaryimage","url":"https:\/\/tvnova.tv.br\/jornalfatonovo\/wp-content\/uploads\/2023\/08\/procon.jpg","contentUrl":"https:\/\/tvnova.tv.br\/jornalfatonovo\/wp-content\/uploads\/2023\/08\/procon.jpg","width":450,"height":308},{"@type":"BreadcrumbList","@id":"https:\/\/tvnova.tv.br\/jornalfatonovo\/procon-de-jaboatao-abre-selecao-com-salarios-de-ate-r-37-mil\/#breadcrumb","itemListElement":[{"@type":"ListItem","position":1,"name":"In\u00edcio","item":"https:\/\/tvnova.tv.br\/jornalfatonovo\/"},{"@type":"ListItem","position":2,"name":"Procon de Jaboat\u00e3o abre sele\u00e7\u00e3o com sal\u00e1rios de at\u00e9 R$ 3,7 mil"}]},{"@type":"WebSite","@id":"https:\/\/tvnova.tv.br\/jornalfatonovo\/#website","url":"https:\/\/tvnova.tv.br\/jornalfatonovo\/","name":"Jornal Fato Novo","description":"Acompanhe as not\u00edcias de Pernambuco","publisher":{"@id":"https:\/\/tvnova.tv.br\/jornalfatonovo\/#organization"},"potentialAction":[{"@type":"SearchAction","target":{"@type":"EntryPoint","urlTemplate":"https:\/\/tvnova.tv.br\/jornalfatonovo\/?s={search_term_string}"},"query-input":{"@type":"PropertyValueSpecification","valueRequired":true,"valueName":"search_term_string"}}],"inLanguage":"pt-BR"},{"@type":"Organization","@id":"https:\/\/tvnova.tv.br\/jornalfatonovo\/#organization","name":"Jornal Fato Novo","url":"https:\/\/tvnova.tv.br\/jornalfatonovo\/","logo":{"@type":"ImageObject","inLanguage":"pt-BR","@id":"https:\/\/tvnova.tv.br\/jornalfatonovo\/#\/schema\/logo\/image\/","url":"https:\/\/tvnova.tv.br\/jornalfatonovo1\/wp-content\/uploads\/2023\/04\/FATO-NOVO-1.png","contentUrl":"https:\/\/tvnova.tv.br\/jornalfatonovo1\/wp-content\/uploads\/2023\/04\/FATO-NOVO-1.png","width":200,"height":60,"caption":"Jornal Fato Novo"},"image":{"@id":"https:\/\/tvnova.tv.br\/jornalfatonovo\/#\/schema\/logo\/image\/"},"sameAs":["https:\/\/www.facebook.com\/tvnovanordeste\/","https:\/\/x.com\/tvnovanordeste","https:\/\/www.instagram.com\/jornalfatonovope\/"]},{"@type":"Person","@id":"https:\/\/tvnova.tv.br\/jornalfatonovo\/#\/schema\/person\/91ba9daadb7e96d3cbe5e1b84619be88","name":"Victoria Campos","url":"https:\/\/tvnova.tv.br\/jornalfatonovo\/author\/victoria\/"}]}},"_links":{"self":[{"href":"https:\/\/tvnova.tv.br\/jornalfatonovo\/wp-json\/wp\/v2\/posts\/10010","targetHints":{"allow":["GET"]}}],"collection":[{"href":"https:\/\/tvnova.tv.br\/jornalfatonovo\/wp-json\/wp\/v2\/posts"}],"about":[{"href":"https:\/\/tvnova.tv.br\/jornalfatonovo\/wp-json\/wp\/v2\/types\/post"}],"author":[{"embeddable":true,"href":"https:\/\/tvnova.tv.br\/jornalfatonovo\/wp-json\/wp\/v2\/users\/6"}],"replies":[{"embeddable":true,"href":"https:\/\/tvnova.tv.br\/jornalfatonovo\/wp-json\/wp\/v2\/comments?post=10010"}],"version-history":[{"count":0,"href":"https:\/\/tvnova.tv.br\/jornalfatonovo\/wp-json\/wp\/v2\/posts\/10010\/revisions"}],"wp:featuredmedia":[{"embeddable":true,"href":"https:\/\/tvnova.tv.br\/jornalfatonovo\/wp-json\/wp\/v2\/media\/10013"}],"wp:attachment":[{"href":"https:\/\/tvnova.tv.br\/jornalfatonovo\/wp-json\/wp\/v2\/media?parent=10010"}],"wp:term":[{"taxonomy":"category","embeddable":true,"href":"https:\/\/tvnova.tv.br\/jornalfatonovo\/wp-json\/wp\/v2\/categories?post=10010"},{"taxonomy":"post_tag","embeddable":true,"href":"https:\/\/tvnova.tv.br\/jornalfatonovo\/wp-json\/wp\/v2\/tags?post=10010"},{"taxonomy":"cores-categorias","embeddable":true,"href":"https:\/\/tvnova.tv.br\/jornalfatonovo\/wp-json\/wp\/v2\/cores-categorias?post=10010"}],"curies":[{"name":"wp","href":"https:\/\/api.w.org\/{rel}","templated":true}]}}