{"id":10025,"date":"2023-08-29T10:14:11","date_gmt":"2023-08-29T13:14:11","guid":{"rendered":"https:\/\/tvnova.tv.br\/jornalfatonovo\/?p=10025"},"modified":"2023-08-29T10:16:27","modified_gmt":"2023-08-29T13:16:27","slug":"evento-gratuito-debate-o-dialogo-na-primeira-infancia","status":"publish","type":"post","link":"https:\/\/tvnova.tv.br\/jornalfatonovo\/evento-gratuito-debate-o-dialogo-na-primeira-infancia\/","title":{"rendered":"Evento gratuito debate o di\u00e1logo na primeira inf\u00e2ncia"},"content":{"rendered":"<p><span style=\"font-weight: 400\">Em comemora\u00e7\u00e3o ao m\u00eas da Primeira Inf\u00e2ncia, a cl\u00ednica Despertar vai promover um evento com inscri\u00e7\u00f5es gratuitas para debater os &#8220;Di\u00e1logos sobre a Primeira Inf\u00e2ncia&#8221;. O encontro acontece nesta ter\u00e7a-feira (29), a partir das 14h, no audit\u00f3rio do Empresarial do Center II, em Boa Viagem, Zona Sul do Recife.<\/span><\/p>\n<p><span style=\"font-weight: 400\">O evento vai contar com uma rodada de palestras com seis profissionais e vai promover debates com a abordagem de assuntos acerca dos est\u00edmulos ao desenvolvimento da crian\u00e7a e participa\u00e7\u00e3o da fam\u00edlia, al\u00e9m da legisla\u00e7\u00e3o de prote\u00e7\u00e3o \u00e0 primeira inf\u00e2ncia.\u00a0<\/span><\/p>\n<p><span style=\"font-weight: 400\">Para Dryelle Azevedo, uma das organizadoras da a\u00e7\u00e3o, o tema \u00e9 relevante e necess\u00e1rio, principalmente com o envolvimento dos diversos setores e profissionais. \u201cNosso objetivo \u00e9 promover essa a\u00e7\u00e3o para conscientizar sobre a import\u00e2ncia dos cuidados \u00e0s gestantes e \u00e0s crian\u00e7as na faixa et\u00e1ria de zero a 6 anos de idade\u201d, destacou Dryelle.\u00a0<\/span><\/p>\n<p><span style=\"font-weight: 400\">As inscri\u00e7\u00f5es ainda podem ser feitas no endere\u00e7o da Despertar, que fica no Empresarial do Center II. A cl\u00ednica est\u00e1 localizada na Rua Ant\u00f4nio Lumack do Monte, 96, sala 504, em Boa Viagem, no Recife. Para mais informa\u00e7\u00f5es, o contato pode ser feito pelo telefone (81) 9 9806.8908.<\/span><\/p>\n<p><b>Veja os temas das palestras e os facilitadores:<\/b><\/p>\n<ul>\n<li style=\"font-weight: 400\"><span style=\"font-weight: 400\">\u201cEst\u00edmulos na Primeira Inf\u00e2ncia e os impactos do uso excessivo de telas\u201d\u00a0\u00a0\u00a0\u00a0\u00a0\u00a0\u00a0\u00a0\u00a0\u00a0\u00a0\u00a0\u00a0\u00a0\u00a0\u00a0\u00a0\u00a0\u00a0\u00a0\u00a0\u00a0\u00a0\u00a0\u00a0\u00a0\u00a0\u00a0\u00a0\u00a0\u00a0\u00a0\u00a0\u00a0\u00a0\u00a0\u00a0\u00a0\u00a0\u00a0\u00a0\u00a0\u00a0\u00a0\u00a0\u00a0\u00a0\u00a0<\/span><\/li>\n<\/ul>\n<p><span style=\"font-weight: 400\">Dra. Desir\u00e9e Louise Proc\u00f3pio (neuropediatra)<\/span><\/p>\n<ul>\n<li style=\"font-weight: 400\"><span style=\"font-weight: 400\">\u201cVoc\u00ea sabe proteger seus filhos na Internet?\u201d<\/span><\/li>\n<\/ul>\n<p><span style=\"font-weight: 400\">Dra. Isabela In\u00eas Bernardino (advogada), pesquisadora do Vero Instituto<\/span><\/p>\n<ul>\n<li style=\"font-weight: 400\"><span style=\"font-weight: 400\">\u201cECA e Primeira Inf\u00e2ncia\u201d\u00a0 \u00a0 \u00a0 \u00a0 \u00a0 \u00a0 \u00a0 \u00a0 \u00a0 \u00a0 \u00a0 \u00a0 \u00a0 \u00a0 \u00a0 \u00a0 \u00a0 \u00a0 \u00a0 \u00a0 \u00a0 \u00a0 \u00a0 \u00a0 \u00a0 \u00a0 \u00a0 \u00a0 \u00a0 \u00a0 \u00a0 \u00a0 \u00a0 \u00a0 \u00a0 \u00a0 \u00a0 \u00a0 \u00a0 \u00a0 \u00a0 \u00a0 \u00a0 \u00a0 \u00a0 \u00a0 \u00a0 \u00a0 \u00a0 \u00a0 \u00a0 \u00a0 \u00a0 \u00a0 \u00a0 \u00a0 \u00a0 \u00a0 \u00a0 \u00a0<\/span><\/li>\n<\/ul>\n<p>Dra. D\u00e9bora Pincovsky (advogada)<\/p>\n<ul>\n<li style=\"font-weight: 400\"><span style=\"font-weight: 400\">\u201cPrimeira Inf\u00e2ncia: Quem \u00e9 respons\u00e1vel e quem se responsabiliza?\u201d \u00a0 \u00a0 \u00a0 \u00a0 \u00a0 \u00a0 \u00a0 \u00a0 \u00a0 \u00a0 \u00a0 \u00a0 \u00a0 \u00a0 \u00a0 \u00a0 \u00a0 \u00a0 \u00a0 \u00a0 \u00a0 \u00a0 <\/span><\/li>\n<\/ul>\n<p><span style=\"font-weight: 400\">Dra. Rafaela Guerra (advogada e professora)<\/span><\/p>\n<ul>\n<li style=\"font-weight: 400\"><span style=\"font-weight: 400\">\u201cA Fam\u00edlia no direito brasileiro\u201d \u00a0 \u00a0 \u00a0 \u00a0 \u00a0 \u00a0 \u00a0 \u00a0 \u00a0 \u00a0 \u00a0 \u00a0 \u00a0 \u00a0 \u00a0 \u00a0 \u00a0 \u00a0 \u00a0 \u00a0 \u00a0 \u00a0 \u00a0 \u00a0 \u00a0 \u00a0 \u00a0 \u00a0 \u00a0 \u00a0 \u00a0 \u00a0 \u00a0 \u00a0 \u00a0 \u00a0 \u00a0 \u00a0 \u00a0 \u00a0 \u00a0 \u00a0 \u00a0 \u00a0 \u00a0 \u00a0 \u00a0 \u00a0 \u00a0 \u00a0<\/span><\/li>\n<\/ul>\n<p><span style=\"font-weight: 400\"> Dr. Ranhael Fraemam (advogado, professor e escritor)<\/span><\/p>\n<ul>\n<li style=\"font-weight: 400\"><span style=\"font-weight: 400\">\u201cO comportamento dos pais e a coparticipa\u00e7\u00e3o na interven\u00e7\u00e3o precoce\u201d \u00a0 \u00a0 \u00a0 \u00a0 \u00a0 \u00a0 \u00a0 \u00a0 \u00a0 \u00a0 \u00a0 \u00a0 \u00a0 \u00a0 \u00a0 \u00a0 \u00a0 \u00a0 <\/span><\/li>\n<\/ul>\n<p><span style=\"font-weight: 400\">Luzeane Santos (psic\u00f3loga)<\/span><\/p>\n","protected":false},"excerpt":{"rendered":"<p>Em comemora\u00e7\u00e3o ao m\u00eas da Primeira Inf\u00e2ncia, a cl\u00ednica Despertar vai promover um evento com inscri\u00e7\u00f5es gratuitas para debater os &#8220;Di\u00e1logos sobre a Primeira Inf\u00e2ncia&#8221;. O encontro acontece nesta ter\u00e7a-feira (29), a partir das 14h, no audit\u00f3rio do Empresarial do Center II, em Boa Viagem, Zona Sul do Recife. O evento vai contar com uma [&hellip;]<\/p>\n","protected":false},"author":6,"featured_media":10028,"comment_status":"closed","ping_status":"","sticky":false,"template":"","format":"standard","meta":{"footnotes":""},"categories":[1],"tags":[1470,1471,309],"cores-categorias":[],"class_list":["post-10025","post","type-post","status-publish","format-standard","has-post-thumbnail","hentry","category-cidades","tag-clinica-despertar","tag-dialogo-na-primeira-infancia","tag-recife"],"yoast_head":"<!-- This site is optimized with the Yoast SEO plugin v27.2 - https:\/\/yoast.com\/product\/yoast-seo-wordpress\/ -->\n<title>Evento gratuito debate o di\u00e1logo na primeira inf\u00e2ncia - Jornal Fato Novo<\/title>\n<meta name=\"robots\" content=\"index, follow, max-snippet:-1, max-image-preview:large, max-video-preview:-1\" \/>\n<link rel=\"canonical\" href=\"https:\/\/tvnova.tv.br\/jornalfatonovo\/evento-gratuito-debate-o-dialogo-na-primeira-infancia\/\" \/>\n<meta property=\"og:locale\" content=\"pt_BR\" \/>\n<meta property=\"og:type\" content=\"article\" \/>\n<meta property=\"og:title\" content=\"Evento gratuito debate o di\u00e1logo na primeira inf\u00e2ncia - Jornal Fato Novo\" \/>\n<meta property=\"og:description\" content=\"Em comemora\u00e7\u00e3o ao m\u00eas da Primeira Inf\u00e2ncia, a cl\u00ednica Despertar vai promover um evento com inscri\u00e7\u00f5es gratuitas para debater os &#8220;Di\u00e1logos sobre a Primeira Inf\u00e2ncia&#8221;. O encontro acontece nesta ter\u00e7a-feira (29), a partir das 14h, no audit\u00f3rio do Empresarial do Center II, em Boa Viagem, Zona Sul do Recife. O evento vai contar com uma [&hellip;]\" \/>\n<meta property=\"og:url\" content=\"https:\/\/tvnova.tv.br\/jornalfatonovo\/evento-gratuito-debate-o-dialogo-na-primeira-infancia\/\" \/>\n<meta property=\"og:site_name\" content=\"Jornal Fato Novo\" \/>\n<meta property=\"article:publisher\" content=\"https:\/\/www.facebook.com\/tvnovanordeste\/\" \/>\n<meta property=\"article:published_time\" content=\"2023-08-29T13:14:11+00:00\" \/>\n<meta property=\"article:modified_time\" content=\"2023-08-29T13:16:27+00:00\" \/>\n<meta property=\"og:image\" content=\"https:\/\/tvnova.tv.br\/jornalfatonovo\/wp-content\/uploads\/2023\/08\/Foto-de-Gabriela-Queiroz-2.jpeg\" \/>\n\t<meta property=\"og:image:width\" content=\"1600\" \/>\n\t<meta property=\"og:image:height\" content=\"1200\" \/>\n\t<meta property=\"og:image:type\" content=\"image\/jpeg\" \/>\n<meta name=\"author\" content=\"Victoria Campos\" \/>\n<meta name=\"twitter:card\" content=\"summary_large_image\" \/>\n<meta name=\"twitter:creator\" content=\"@tvnovanordeste\" \/>\n<meta name=\"twitter:site\" content=\"@tvnovanordeste\" \/>\n<meta name=\"twitter:label1\" content=\"Escrito por\" \/>\n\t<meta name=\"twitter:data1\" content=\"Victoria Campos\" \/>\n\t<meta name=\"twitter:label2\" content=\"Est. tempo de leitura\" \/>\n\t<meta name=\"twitter:data2\" content=\"2 minutos\" \/>\n<script type=\"application\/ld+json\" class=\"yoast-schema-graph\">{\"@context\":\"https:\/\/schema.org\",\"@graph\":[{\"@type\":\"Article\",\"@id\":\"https:\/\/tvnova.tv.br\/jornalfatonovo\/evento-gratuito-debate-o-dialogo-na-primeira-infancia\/#article\",\"isPartOf\":{\"@id\":\"https:\/\/tvnova.tv.br\/jornalfatonovo\/evento-gratuito-debate-o-dialogo-na-primeira-infancia\/\"},\"author\":{\"name\":\"Victoria Campos\",\"@id\":\"https:\/\/tvnova.tv.br\/jornalfatonovo\/#\/schema\/person\/91ba9daadb7e96d3cbe5e1b84619be88\"},\"headline\":\"Evento gratuito debate o di\u00e1logo na primeira inf\u00e2ncia\",\"datePublished\":\"2023-08-29T13:14:11+00:00\",\"dateModified\":\"2023-08-29T13:16:27+00:00\",\"mainEntityOfPage\":{\"@id\":\"https:\/\/tvnova.tv.br\/jornalfatonovo\/evento-gratuito-debate-o-dialogo-na-primeira-infancia\/\"},\"wordCount\":319,\"publisher\":{\"@id\":\"https:\/\/tvnova.tv.br\/jornalfatonovo\/#organization\"},\"image\":{\"@id\":\"https:\/\/tvnova.tv.br\/jornalfatonovo\/evento-gratuito-debate-o-dialogo-na-primeira-infancia\/#primaryimage\"},\"thumbnailUrl\":\"https:\/\/tvnova.tv.br\/jornalfatonovo\/wp-content\/uploads\/2023\/08\/Foto-de-Gabriela-Queiroz-2.jpeg\",\"keywords\":[\"Cl\u00ednica Despertar\",\"Di\u00e1logo na Primeira Inf\u00e2ncia\",\"Recife\"],\"articleSection\":[\"Cidades\"],\"inLanguage\":\"pt-BR\"},{\"@type\":\"WebPage\",\"@id\":\"https:\/\/tvnova.tv.br\/jornalfatonovo\/evento-gratuito-debate-o-dialogo-na-primeira-infancia\/\",\"url\":\"https:\/\/tvnova.tv.br\/jornalfatonovo\/evento-gratuito-debate-o-dialogo-na-primeira-infancia\/\",\"name\":\"Evento gratuito debate o di\u00e1logo na primeira inf\u00e2ncia - Jornal Fato Novo\",\"isPartOf\":{\"@id\":\"https:\/\/tvnova.tv.br\/jornalfatonovo\/#website\"},\"primaryImageOfPage\":{\"@id\":\"https:\/\/tvnova.tv.br\/jornalfatonovo\/evento-gratuito-debate-o-dialogo-na-primeira-infancia\/#primaryimage\"},\"image\":{\"@id\":\"https:\/\/tvnova.tv.br\/jornalfatonovo\/evento-gratuito-debate-o-dialogo-na-primeira-infancia\/#primaryimage\"},\"thumbnailUrl\":\"https:\/\/tvnova.tv.br\/jornalfatonovo\/wp-content\/uploads\/2023\/08\/Foto-de-Gabriela-Queiroz-2.jpeg\",\"datePublished\":\"2023-08-29T13:14:11+00:00\",\"dateModified\":\"2023-08-29T13:16:27+00:00\",\"breadcrumb\":{\"@id\":\"https:\/\/tvnova.tv.br\/jornalfatonovo\/evento-gratuito-debate-o-dialogo-na-primeira-infancia\/#breadcrumb\"},\"inLanguage\":\"pt-BR\",\"potentialAction\":[{\"@type\":\"ReadAction\",\"target\":[\"https:\/\/tvnova.tv.br\/jornalfatonovo\/evento-gratuito-debate-o-dialogo-na-primeira-infancia\/\"]}]},{\"@type\":\"ImageObject\",\"inLanguage\":\"pt-BR\",\"@id\":\"https:\/\/tvnova.tv.br\/jornalfatonovo\/evento-gratuito-debate-o-dialogo-na-primeira-infancia\/#primaryimage\",\"url\":\"https:\/\/tvnova.tv.br\/jornalfatonovo\/wp-content\/uploads\/2023\/08\/Foto-de-Gabriela-Queiroz-2.jpeg\",\"contentUrl\":\"https:\/\/tvnova.tv.br\/jornalfatonovo\/wp-content\/uploads\/2023\/08\/Foto-de-Gabriela-Queiroz-2.jpeg\",\"width\":1600,\"height\":1200},{\"@type\":\"BreadcrumbList\",\"@id\":\"https:\/\/tvnova.tv.br\/jornalfatonovo\/evento-gratuito-debate-o-dialogo-na-primeira-infancia\/#breadcrumb\",\"itemListElement\":[{\"@type\":\"ListItem\",\"position\":1,\"name\":\"In\u00edcio\",\"item\":\"https:\/\/tvnova.tv.br\/jornalfatonovo\/\"},{\"@type\":\"ListItem\",\"position\":2,\"name\":\"Evento gratuito debate o di\u00e1logo na primeira inf\u00e2ncia\"}]},{\"@type\":\"WebSite\",\"@id\":\"https:\/\/tvnova.tv.br\/jornalfatonovo\/#website\",\"url\":\"https:\/\/tvnova.tv.br\/jornalfatonovo\/\",\"name\":\"Jornal Fato Novo\",\"description\":\"Acompanhe as not\u00edcias de Pernambuco\",\"publisher\":{\"@id\":\"https:\/\/tvnova.tv.br\/jornalfatonovo\/#organization\"},\"potentialAction\":[{\"@type\":\"SearchAction\",\"target\":{\"@type\":\"EntryPoint\",\"urlTemplate\":\"https:\/\/tvnova.tv.br\/jornalfatonovo\/?s={search_term_string}\"},\"query-input\":{\"@type\":\"PropertyValueSpecification\",\"valueRequired\":true,\"valueName\":\"search_term_string\"}}],\"inLanguage\":\"pt-BR\"},{\"@type\":\"Organization\",\"@id\":\"https:\/\/tvnova.tv.br\/jornalfatonovo\/#organization\",\"name\":\"Jornal Fato Novo\",\"url\":\"https:\/\/tvnova.tv.br\/jornalfatonovo\/\",\"logo\":{\"@type\":\"ImageObject\",\"inLanguage\":\"pt-BR\",\"@id\":\"https:\/\/tvnova.tv.br\/jornalfatonovo\/#\/schema\/logo\/image\/\",\"url\":\"https:\/\/tvnova.tv.br\/jornalfatonovo1\/wp-content\/uploads\/2023\/04\/FATO-NOVO-1.png\",\"contentUrl\":\"https:\/\/tvnova.tv.br\/jornalfatonovo1\/wp-content\/uploads\/2023\/04\/FATO-NOVO-1.png\",\"width\":200,\"height\":60,\"caption\":\"Jornal Fato Novo\"},\"image\":{\"@id\":\"https:\/\/tvnova.tv.br\/jornalfatonovo\/#\/schema\/logo\/image\/\"},\"sameAs\":[\"https:\/\/www.facebook.com\/tvnovanordeste\/\",\"https:\/\/x.com\/tvnovanordeste\",\"https:\/\/www.instagram.com\/jornalfatonovope\/\"]},{\"@type\":\"Person\",\"@id\":\"https:\/\/tvnova.tv.br\/jornalfatonovo\/#\/schema\/person\/91ba9daadb7e96d3cbe5e1b84619be88\",\"name\":\"Victoria Campos\",\"url\":\"https:\/\/tvnova.tv.br\/jornalfatonovo\/author\/victoria\/\"}]}<\/script>\n<!-- \/ Yoast SEO plugin. -->","yoast_head_json":{"title":"Evento gratuito debate o di\u00e1logo na primeira inf\u00e2ncia - Jornal Fato Novo","robots":{"index":"index","follow":"follow","max-snippet":"max-snippet:-1","max-image-preview":"max-image-preview:large","max-video-preview":"max-video-preview:-1"},"canonical":"https:\/\/tvnova.tv.br\/jornalfatonovo\/evento-gratuito-debate-o-dialogo-na-primeira-infancia\/","og_locale":"pt_BR","og_type":"article","og_title":"Evento gratuito debate o di\u00e1logo na primeira inf\u00e2ncia - Jornal Fato Novo","og_description":"Em comemora\u00e7\u00e3o ao m\u00eas da Primeira Inf\u00e2ncia, a cl\u00ednica Despertar vai promover um evento com inscri\u00e7\u00f5es gratuitas para debater os &#8220;Di\u00e1logos sobre a Primeira Inf\u00e2ncia&#8221;. O encontro acontece nesta ter\u00e7a-feira (29), a partir das 14h, no audit\u00f3rio do Empresarial do Center II, em Boa Viagem, Zona Sul do Recife. O evento vai contar com uma [&hellip;]","og_url":"https:\/\/tvnova.tv.br\/jornalfatonovo\/evento-gratuito-debate-o-dialogo-na-primeira-infancia\/","og_site_name":"Jornal Fato Novo","article_publisher":"https:\/\/www.facebook.com\/tvnovanordeste\/","article_published_time":"2023-08-29T13:14:11+00:00","article_modified_time":"2023-08-29T13:16:27+00:00","og_image":[{"width":1600,"height":1200,"url":"https:\/\/tvnova.tv.br\/jornalfatonovo\/wp-content\/uploads\/2023\/08\/Foto-de-Gabriela-Queiroz-2.jpeg","type":"image\/jpeg"}],"author":"Victoria Campos","twitter_card":"summary_large_image","twitter_creator":"@tvnovanordeste","twitter_site":"@tvnovanordeste","twitter_misc":{"Escrito por":"Victoria Campos","Est. tempo de leitura":"2 minutos"},"schema":{"@context":"https:\/\/schema.org","@graph":[{"@type":"Article","@id":"https:\/\/tvnova.tv.br\/jornalfatonovo\/evento-gratuito-debate-o-dialogo-na-primeira-infancia\/#article","isPartOf":{"@id":"https:\/\/tvnova.tv.br\/jornalfatonovo\/evento-gratuito-debate-o-dialogo-na-primeira-infancia\/"},"author":{"name":"Victoria Campos","@id":"https:\/\/tvnova.tv.br\/jornalfatonovo\/#\/schema\/person\/91ba9daadb7e96d3cbe5e1b84619be88"},"headline":"Evento gratuito debate o di\u00e1logo na primeira inf\u00e2ncia","datePublished":"2023-08-29T13:14:11+00:00","dateModified":"2023-08-29T13:16:27+00:00","mainEntityOfPage":{"@id":"https:\/\/tvnova.tv.br\/jornalfatonovo\/evento-gratuito-debate-o-dialogo-na-primeira-infancia\/"},"wordCount":319,"publisher":{"@id":"https:\/\/tvnova.tv.br\/jornalfatonovo\/#organization"},"image":{"@id":"https:\/\/tvnova.tv.br\/jornalfatonovo\/evento-gratuito-debate-o-dialogo-na-primeira-infancia\/#primaryimage"},"thumbnailUrl":"https:\/\/tvnova.tv.br\/jornalfatonovo\/wp-content\/uploads\/2023\/08\/Foto-de-Gabriela-Queiroz-2.jpeg","keywords":["Cl\u00ednica Despertar","Di\u00e1logo na Primeira Inf\u00e2ncia","Recife"],"articleSection":["Cidades"],"inLanguage":"pt-BR"},{"@type":"WebPage","@id":"https:\/\/tvnova.tv.br\/jornalfatonovo\/evento-gratuito-debate-o-dialogo-na-primeira-infancia\/","url":"https:\/\/tvnova.tv.br\/jornalfatonovo\/evento-gratuito-debate-o-dialogo-na-primeira-infancia\/","name":"Evento gratuito debate o di\u00e1logo na primeira inf\u00e2ncia - Jornal Fato Novo","isPartOf":{"@id":"https:\/\/tvnova.tv.br\/jornalfatonovo\/#website"},"primaryImageOfPage":{"@id":"https:\/\/tvnova.tv.br\/jornalfatonovo\/evento-gratuito-debate-o-dialogo-na-primeira-infancia\/#primaryimage"},"image":{"@id":"https:\/\/tvnova.tv.br\/jornalfatonovo\/evento-gratuito-debate-o-dialogo-na-primeira-infancia\/#primaryimage"},"thumbnailUrl":"https:\/\/tvnova.tv.br\/jornalfatonovo\/wp-content\/uploads\/2023\/08\/Foto-de-Gabriela-Queiroz-2.jpeg","datePublished":"2023-08-29T13:14:11+00:00","dateModified":"2023-08-29T13:16:27+00:00","breadcrumb":{"@id":"https:\/\/tvnova.tv.br\/jornalfatonovo\/evento-gratuito-debate-o-dialogo-na-primeira-infancia\/#breadcrumb"},"inLanguage":"pt-BR","potentialAction":[{"@type":"ReadAction","target":["https:\/\/tvnova.tv.br\/jornalfatonovo\/evento-gratuito-debate-o-dialogo-na-primeira-infancia\/"]}]},{"@type":"ImageObject","inLanguage":"pt-BR","@id":"https:\/\/tvnova.tv.br\/jornalfatonovo\/evento-gratuito-debate-o-dialogo-na-primeira-infancia\/#primaryimage","url":"https:\/\/tvnova.tv.br\/jornalfatonovo\/wp-content\/uploads\/2023\/08\/Foto-de-Gabriela-Queiroz-2.jpeg","contentUrl":"https:\/\/tvnova.tv.br\/jornalfatonovo\/wp-content\/uploads\/2023\/08\/Foto-de-Gabriela-Queiroz-2.jpeg","width":1600,"height":1200},{"@type":"BreadcrumbList","@id":"https:\/\/tvnova.tv.br\/jornalfatonovo\/evento-gratuito-debate-o-dialogo-na-primeira-infancia\/#breadcrumb","itemListElement":[{"@type":"ListItem","position":1,"name":"In\u00edcio","item":"https:\/\/tvnova.tv.br\/jornalfatonovo\/"},{"@type":"ListItem","position":2,"name":"Evento gratuito debate o di\u00e1logo na primeira inf\u00e2ncia"}]},{"@type":"WebSite","@id":"https:\/\/tvnova.tv.br\/jornalfatonovo\/#website","url":"https:\/\/tvnova.tv.br\/jornalfatonovo\/","name":"Jornal Fato Novo","description":"Acompanhe as not\u00edcias de Pernambuco","publisher":{"@id":"https:\/\/tvnova.tv.br\/jornalfatonovo\/#organization"},"potentialAction":[{"@type":"SearchAction","target":{"@type":"EntryPoint","urlTemplate":"https:\/\/tvnova.tv.br\/jornalfatonovo\/?s={search_term_string}"},"query-input":{"@type":"PropertyValueSpecification","valueRequired":true,"valueName":"search_term_string"}}],"inLanguage":"pt-BR"},{"@type":"Organization","@id":"https:\/\/tvnova.tv.br\/jornalfatonovo\/#organization","name":"Jornal Fato Novo","url":"https:\/\/tvnova.tv.br\/jornalfatonovo\/","logo":{"@type":"ImageObject","inLanguage":"pt-BR","@id":"https:\/\/tvnova.tv.br\/jornalfatonovo\/#\/schema\/logo\/image\/","url":"https:\/\/tvnova.tv.br\/jornalfatonovo1\/wp-content\/uploads\/2023\/04\/FATO-NOVO-1.png","contentUrl":"https:\/\/tvnova.tv.br\/jornalfatonovo1\/wp-content\/uploads\/2023\/04\/FATO-NOVO-1.png","width":200,"height":60,"caption":"Jornal Fato Novo"},"image":{"@id":"https:\/\/tvnova.tv.br\/jornalfatonovo\/#\/schema\/logo\/image\/"},"sameAs":["https:\/\/www.facebook.com\/tvnovanordeste\/","https:\/\/x.com\/tvnovanordeste","https:\/\/www.instagram.com\/jornalfatonovope\/"]},{"@type":"Person","@id":"https:\/\/tvnova.tv.br\/jornalfatonovo\/#\/schema\/person\/91ba9daadb7e96d3cbe5e1b84619be88","name":"Victoria Campos","url":"https:\/\/tvnova.tv.br\/jornalfatonovo\/author\/victoria\/"}]}},"_links":{"self":[{"href":"https:\/\/tvnova.tv.br\/jornalfatonovo\/wp-json\/wp\/v2\/posts\/10025","targetHints":{"allow":["GET"]}}],"collection":[{"href":"https:\/\/tvnova.tv.br\/jornalfatonovo\/wp-json\/wp\/v2\/posts"}],"about":[{"href":"https:\/\/tvnova.tv.br\/jornalfatonovo\/wp-json\/wp\/v2\/types\/post"}],"author":[{"embeddable":true,"href":"https:\/\/tvnova.tv.br\/jornalfatonovo\/wp-json\/wp\/v2\/users\/6"}],"replies":[{"embeddable":true,"href":"https:\/\/tvnova.tv.br\/jornalfatonovo\/wp-json\/wp\/v2\/comments?post=10025"}],"version-history":[{"count":0,"href":"https:\/\/tvnova.tv.br\/jornalfatonovo\/wp-json\/wp\/v2\/posts\/10025\/revisions"}],"wp:featuredmedia":[{"embeddable":true,"href":"https:\/\/tvnova.tv.br\/jornalfatonovo\/wp-json\/wp\/v2\/media\/10028"}],"wp:attachment":[{"href":"https:\/\/tvnova.tv.br\/jornalfatonovo\/wp-json\/wp\/v2\/media?parent=10025"}],"wp:term":[{"taxonomy":"category","embeddable":true,"href":"https:\/\/tvnova.tv.br\/jornalfatonovo\/wp-json\/wp\/v2\/categories?post=10025"},{"taxonomy":"post_tag","embeddable":true,"href":"https:\/\/tvnova.tv.br\/jornalfatonovo\/wp-json\/wp\/v2\/tags?post=10025"},{"taxonomy":"cores-categorias","embeddable":true,"href":"https:\/\/tvnova.tv.br\/jornalfatonovo\/wp-json\/wp\/v2\/cores-categorias?post=10025"}],"curies":[{"name":"wp","href":"https:\/\/api.w.org\/{rel}","templated":true}]}}