{"id":12690,"date":"2023-11-16T20:51:48","date_gmt":"2023-11-16T23:51:48","guid":{"rendered":"https:\/\/tvnova.tv.br\/jornalfatonovo\/?p=12690"},"modified":"2023-11-16T20:52:49","modified_gmt":"2023-11-16T23:52:49","slug":"recife-recebe-exposicao-e-seminario-do-banco-do-nordeste-sobre-diversidade-nas-artes","status":"publish","type":"post","link":"https:\/\/tvnova.tv.br\/jornalfatonovo\/recife-recebe-exposicao-e-seminario-do-banco-do-nordeste-sobre-diversidade-nas-artes\/","title":{"rendered":"Recife recebe exposi\u00e7\u00e3o e semin\u00e1rio do Banco do Nordeste sobre diversidade nas artes"},"content":{"rendered":"<p>O Banco do Nordeste (BNB) realiza, de quinta-feira (9) a s\u00e1bado (11), o semin\u00e1rio \u201cNordeste Expandido: estrat\u00e9gias de (re)existir\u201d, na cidade do Recife, evento que tamb\u00e9m marca a abertura de uma exposi\u00e7\u00e3o na Galeria Janete Costa, reunindo 216 obras de 107 artistas.<\/p>\n<p>Durante a programa\u00e7\u00e3o, especialistas, pesquisadores e artistas ir\u00e3o participar de discuss\u00f5es e performances coletivas que colocam em pauta o fazer art\u00edstico recente no Nordeste, abordando temas como curadoria, produ\u00e7\u00e3o art\u00edstica local, pol\u00edticas sociais e apoio \u00e0 arte, dan\u00e7a, acervos art\u00edsticos e exposi\u00e7\u00e3o da cultura.<\/p>\n<p>A exposi\u00e7\u00e3o, entretanto, re\u00fane obras que s\u00e3o aquisi\u00e7\u00f5es recentes do BNB em todos os estados que atua, incluindo a regi\u00e3o Nordeste e parte do Esp\u00edrito Santo e Minas Gerais. As obras ficar\u00e3o expostas na Galeria at\u00e9 o dia 5 de janeiro de 2024, podendo ser visitadas de quarta a sexta, das 10h \u00e0s 17h, e aos s\u00e1bados e domingos, das 10h \u00e0s 16h.<\/p>\n","protected":false},"excerpt":{"rendered":"<p>O Banco do Nordeste (BNB) realiza, de quinta-feira (9) a s\u00e1bado (11), o semin\u00e1rio \u201cNordeste Expandido: estrat\u00e9gias de (re)existir\u201d, na cidade do Recife, evento que tamb\u00e9m marca a abertura de uma exposi\u00e7\u00e3o na Galeria Janete Costa, reunindo 216 obras de 107 artistas. Durante a programa\u00e7\u00e3o, especialistas, pesquisadores e artistas ir\u00e3o participar de discuss\u00f5es e performances [&hellip;]<\/p>\n","protected":false},"author":3,"featured_media":12689,"comment_status":"closed","ping_status":"","sticky":false,"template":"","format":"standard","meta":{"footnotes":""},"categories":[404],"tags":[],"cores-categorias":[],"class_list":["post-12690","post","type-post","status-publish","format-standard","has-post-thumbnail","hentry","category-social"],"yoast_head":"<!-- This site is optimized with the Yoast SEO plugin v27.2 - https:\/\/yoast.com\/product\/yoast-seo-wordpress\/ -->\n<title>Recife recebe exposi\u00e7\u00e3o e semin\u00e1rio do Banco do Nordeste sobre diversidade nas artes - Jornal Fato Novo<\/title>\n<meta name=\"robots\" content=\"index, follow, max-snippet:-1, max-image-preview:large, max-video-preview:-1\" \/>\n<link rel=\"canonical\" href=\"https:\/\/tvnova.tv.br\/jornalfatonovo\/recife-recebe-exposicao-e-seminario-do-banco-do-nordeste-sobre-diversidade-nas-artes\/\" \/>\n<meta property=\"og:locale\" content=\"pt_BR\" \/>\n<meta property=\"og:type\" content=\"article\" \/>\n<meta property=\"og:title\" content=\"Recife recebe exposi\u00e7\u00e3o e semin\u00e1rio do Banco do Nordeste sobre diversidade nas artes - Jornal Fato Novo\" \/>\n<meta property=\"og:description\" content=\"O Banco do Nordeste (BNB) realiza, de quinta-feira (9) a s\u00e1bado (11), o semin\u00e1rio \u201cNordeste Expandido: estrat\u00e9gias de (re)existir\u201d, na cidade do Recife, evento que tamb\u00e9m marca a abertura de uma exposi\u00e7\u00e3o na Galeria Janete Costa, reunindo 216 obras de 107 artistas. Durante a programa\u00e7\u00e3o, especialistas, pesquisadores e artistas ir\u00e3o participar de discuss\u00f5es e performances [&hellip;]\" \/>\n<meta property=\"og:url\" content=\"https:\/\/tvnova.tv.br\/jornalfatonovo\/recife-recebe-exposicao-e-seminario-do-banco-do-nordeste-sobre-diversidade-nas-artes\/\" \/>\n<meta property=\"og:site_name\" content=\"Jornal Fato Novo\" \/>\n<meta property=\"article:publisher\" content=\"https:\/\/www.facebook.com\/tvnovanordeste\/\" \/>\n<meta property=\"article:published_time\" content=\"2023-11-16T23:51:48+00:00\" \/>\n<meta property=\"article:modified_time\" content=\"2023-11-16T23:52:49+00:00\" \/>\n<meta property=\"og:image\" content=\"https:\/\/tvnova.tv.br\/jornalfatonovo\/wp-content\/uploads\/2023\/11\/WhatsApp-Image-2023-11-13-at-10.44.19.jpeg\" \/>\n\t<meta property=\"og:image:width\" content=\"800\" \/>\n\t<meta property=\"og:image:height\" content=\"400\" \/>\n\t<meta property=\"og:image:type\" content=\"image\/jpeg\" \/>\n<meta name=\"author\" content=\"Pedro Paulo\" \/>\n<meta name=\"twitter:card\" content=\"summary_large_image\" \/>\n<meta name=\"twitter:creator\" content=\"@tvnovanordeste\" \/>\n<meta name=\"twitter:site\" content=\"@tvnovanordeste\" \/>\n<meta name=\"twitter:label1\" content=\"Escrito por\" \/>\n\t<meta name=\"twitter:data1\" content=\"Pedro Paulo\" \/>\n\t<meta name=\"twitter:label2\" content=\"Est. tempo de leitura\" \/>\n\t<meta name=\"twitter:data2\" content=\"1 minuto\" \/>\n<script type=\"application\/ld+json\" class=\"yoast-schema-graph\">{\"@context\":\"https:\/\/schema.org\",\"@graph\":[{\"@type\":\"Article\",\"@id\":\"https:\/\/tvnova.tv.br\/jornalfatonovo\/recife-recebe-exposicao-e-seminario-do-banco-do-nordeste-sobre-diversidade-nas-artes\/#article\",\"isPartOf\":{\"@id\":\"https:\/\/tvnova.tv.br\/jornalfatonovo\/recife-recebe-exposicao-e-seminario-do-banco-do-nordeste-sobre-diversidade-nas-artes\/\"},\"author\":{\"name\":\"Pedro Paulo\",\"@id\":\"https:\/\/tvnova.tv.br\/jornalfatonovo\/#\/schema\/person\/286145dd7237b4bdaad0924505bcc5ce\"},\"headline\":\"Recife recebe exposi\u00e7\u00e3o e semin\u00e1rio do Banco do Nordeste sobre diversidade nas artes\",\"datePublished\":\"2023-11-16T23:51:48+00:00\",\"dateModified\":\"2023-11-16T23:52:49+00:00\",\"mainEntityOfPage\":{\"@id\":\"https:\/\/tvnova.tv.br\/jornalfatonovo\/recife-recebe-exposicao-e-seminario-do-banco-do-nordeste-sobre-diversidade-nas-artes\/\"},\"wordCount\":181,\"publisher\":{\"@id\":\"https:\/\/tvnova.tv.br\/jornalfatonovo\/#organization\"},\"image\":{\"@id\":\"https:\/\/tvnova.tv.br\/jornalfatonovo\/recife-recebe-exposicao-e-seminario-do-banco-do-nordeste-sobre-diversidade-nas-artes\/#primaryimage\"},\"thumbnailUrl\":\"https:\/\/tvnova.tv.br\/jornalfatonovo\/wp-content\/uploads\/2023\/11\/WhatsApp-Image-2023-11-13-at-10.44.19.jpeg\",\"articleSection\":[\"Social\"],\"inLanguage\":\"pt-BR\"},{\"@type\":\"WebPage\",\"@id\":\"https:\/\/tvnova.tv.br\/jornalfatonovo\/recife-recebe-exposicao-e-seminario-do-banco-do-nordeste-sobre-diversidade-nas-artes\/\",\"url\":\"https:\/\/tvnova.tv.br\/jornalfatonovo\/recife-recebe-exposicao-e-seminario-do-banco-do-nordeste-sobre-diversidade-nas-artes\/\",\"name\":\"Recife recebe exposi\u00e7\u00e3o e semin\u00e1rio do Banco do Nordeste sobre diversidade nas artes - Jornal Fato Novo\",\"isPartOf\":{\"@id\":\"https:\/\/tvnova.tv.br\/jornalfatonovo\/#website\"},\"primaryImageOfPage\":{\"@id\":\"https:\/\/tvnova.tv.br\/jornalfatonovo\/recife-recebe-exposicao-e-seminario-do-banco-do-nordeste-sobre-diversidade-nas-artes\/#primaryimage\"},\"image\":{\"@id\":\"https:\/\/tvnova.tv.br\/jornalfatonovo\/recife-recebe-exposicao-e-seminario-do-banco-do-nordeste-sobre-diversidade-nas-artes\/#primaryimage\"},\"thumbnailUrl\":\"https:\/\/tvnova.tv.br\/jornalfatonovo\/wp-content\/uploads\/2023\/11\/WhatsApp-Image-2023-11-13-at-10.44.19.jpeg\",\"datePublished\":\"2023-11-16T23:51:48+00:00\",\"dateModified\":\"2023-11-16T23:52:49+00:00\",\"breadcrumb\":{\"@id\":\"https:\/\/tvnova.tv.br\/jornalfatonovo\/recife-recebe-exposicao-e-seminario-do-banco-do-nordeste-sobre-diversidade-nas-artes\/#breadcrumb\"},\"inLanguage\":\"pt-BR\",\"potentialAction\":[{\"@type\":\"ReadAction\",\"target\":[\"https:\/\/tvnova.tv.br\/jornalfatonovo\/recife-recebe-exposicao-e-seminario-do-banco-do-nordeste-sobre-diversidade-nas-artes\/\"]}]},{\"@type\":\"ImageObject\",\"inLanguage\":\"pt-BR\",\"@id\":\"https:\/\/tvnova.tv.br\/jornalfatonovo\/recife-recebe-exposicao-e-seminario-do-banco-do-nordeste-sobre-diversidade-nas-artes\/#primaryimage\",\"url\":\"https:\/\/tvnova.tv.br\/jornalfatonovo\/wp-content\/uploads\/2023\/11\/WhatsApp-Image-2023-11-13-at-10.44.19.jpeg\",\"contentUrl\":\"https:\/\/tvnova.tv.br\/jornalfatonovo\/wp-content\/uploads\/2023\/11\/WhatsApp-Image-2023-11-13-at-10.44.19.jpeg\",\"width\":800,\"height\":400},{\"@type\":\"BreadcrumbList\",\"@id\":\"https:\/\/tvnova.tv.br\/jornalfatonovo\/recife-recebe-exposicao-e-seminario-do-banco-do-nordeste-sobre-diversidade-nas-artes\/#breadcrumb\",\"itemListElement\":[{\"@type\":\"ListItem\",\"position\":1,\"name\":\"In\u00edcio\",\"item\":\"https:\/\/tvnova.tv.br\/jornalfatonovo\/\"},{\"@type\":\"ListItem\",\"position\":2,\"name\":\"Recife recebe exposi\u00e7\u00e3o e semin\u00e1rio do Banco do Nordeste sobre diversidade nas artes\"}]},{\"@type\":\"WebSite\",\"@id\":\"https:\/\/tvnova.tv.br\/jornalfatonovo\/#website\",\"url\":\"https:\/\/tvnova.tv.br\/jornalfatonovo\/\",\"name\":\"Jornal Fato Novo\",\"description\":\"Acompanhe as not\u00edcias de Pernambuco\",\"publisher\":{\"@id\":\"https:\/\/tvnova.tv.br\/jornalfatonovo\/#organization\"},\"potentialAction\":[{\"@type\":\"SearchAction\",\"target\":{\"@type\":\"EntryPoint\",\"urlTemplate\":\"https:\/\/tvnova.tv.br\/jornalfatonovo\/?s={search_term_string}\"},\"query-input\":{\"@type\":\"PropertyValueSpecification\",\"valueRequired\":true,\"valueName\":\"search_term_string\"}}],\"inLanguage\":\"pt-BR\"},{\"@type\":\"Organization\",\"@id\":\"https:\/\/tvnova.tv.br\/jornalfatonovo\/#organization\",\"name\":\"Jornal Fato Novo\",\"url\":\"https:\/\/tvnova.tv.br\/jornalfatonovo\/\",\"logo\":{\"@type\":\"ImageObject\",\"inLanguage\":\"pt-BR\",\"@id\":\"https:\/\/tvnova.tv.br\/jornalfatonovo\/#\/schema\/logo\/image\/\",\"url\":\"https:\/\/tvnova.tv.br\/jornalfatonovo1\/wp-content\/uploads\/2023\/04\/FATO-NOVO-1.png\",\"contentUrl\":\"https:\/\/tvnova.tv.br\/jornalfatonovo1\/wp-content\/uploads\/2023\/04\/FATO-NOVO-1.png\",\"width\":200,\"height\":60,\"caption\":\"Jornal Fato Novo\"},\"image\":{\"@id\":\"https:\/\/tvnova.tv.br\/jornalfatonovo\/#\/schema\/logo\/image\/\"},\"sameAs\":[\"https:\/\/www.facebook.com\/tvnovanordeste\/\",\"https:\/\/x.com\/tvnovanordeste\",\"https:\/\/www.instagram.com\/jornalfatonovope\/\"]},{\"@type\":\"Person\",\"@id\":\"https:\/\/tvnova.tv.br\/jornalfatonovo\/#\/schema\/person\/286145dd7237b4bdaad0924505bcc5ce\",\"name\":\"Pedro Paulo\",\"url\":\"https:\/\/tvnova.tv.br\/jornalfatonovo\/author\/pedropaulo\/\"}]}<\/script>\n<!-- \/ Yoast SEO plugin. -->","yoast_head_json":{"title":"Recife recebe exposi\u00e7\u00e3o e semin\u00e1rio do Banco do Nordeste sobre diversidade nas artes - Jornal Fato Novo","robots":{"index":"index","follow":"follow","max-snippet":"max-snippet:-1","max-image-preview":"max-image-preview:large","max-video-preview":"max-video-preview:-1"},"canonical":"https:\/\/tvnova.tv.br\/jornalfatonovo\/recife-recebe-exposicao-e-seminario-do-banco-do-nordeste-sobre-diversidade-nas-artes\/","og_locale":"pt_BR","og_type":"article","og_title":"Recife recebe exposi\u00e7\u00e3o e semin\u00e1rio do Banco do Nordeste sobre diversidade nas artes - Jornal Fato Novo","og_description":"O Banco do Nordeste (BNB) realiza, de quinta-feira (9) a s\u00e1bado (11), o semin\u00e1rio \u201cNordeste Expandido: estrat\u00e9gias de (re)existir\u201d, na cidade do Recife, evento que tamb\u00e9m marca a abertura de uma exposi\u00e7\u00e3o na Galeria Janete Costa, reunindo 216 obras de 107 artistas. Durante a programa\u00e7\u00e3o, especialistas, pesquisadores e artistas ir\u00e3o participar de discuss\u00f5es e performances [&hellip;]","og_url":"https:\/\/tvnova.tv.br\/jornalfatonovo\/recife-recebe-exposicao-e-seminario-do-banco-do-nordeste-sobre-diversidade-nas-artes\/","og_site_name":"Jornal Fato Novo","article_publisher":"https:\/\/www.facebook.com\/tvnovanordeste\/","article_published_time":"2023-11-16T23:51:48+00:00","article_modified_time":"2023-11-16T23:52:49+00:00","og_image":[{"width":800,"height":400,"url":"https:\/\/tvnova.tv.br\/jornalfatonovo\/wp-content\/uploads\/2023\/11\/WhatsApp-Image-2023-11-13-at-10.44.19.jpeg","type":"image\/jpeg"}],"author":"Pedro Paulo","twitter_card":"summary_large_image","twitter_creator":"@tvnovanordeste","twitter_site":"@tvnovanordeste","twitter_misc":{"Escrito por":"Pedro Paulo","Est. tempo de leitura":"1 minuto"},"schema":{"@context":"https:\/\/schema.org","@graph":[{"@type":"Article","@id":"https:\/\/tvnova.tv.br\/jornalfatonovo\/recife-recebe-exposicao-e-seminario-do-banco-do-nordeste-sobre-diversidade-nas-artes\/#article","isPartOf":{"@id":"https:\/\/tvnova.tv.br\/jornalfatonovo\/recife-recebe-exposicao-e-seminario-do-banco-do-nordeste-sobre-diversidade-nas-artes\/"},"author":{"name":"Pedro Paulo","@id":"https:\/\/tvnova.tv.br\/jornalfatonovo\/#\/schema\/person\/286145dd7237b4bdaad0924505bcc5ce"},"headline":"Recife recebe exposi\u00e7\u00e3o e semin\u00e1rio do Banco do Nordeste sobre diversidade nas artes","datePublished":"2023-11-16T23:51:48+00:00","dateModified":"2023-11-16T23:52:49+00:00","mainEntityOfPage":{"@id":"https:\/\/tvnova.tv.br\/jornalfatonovo\/recife-recebe-exposicao-e-seminario-do-banco-do-nordeste-sobre-diversidade-nas-artes\/"},"wordCount":181,"publisher":{"@id":"https:\/\/tvnova.tv.br\/jornalfatonovo\/#organization"},"image":{"@id":"https:\/\/tvnova.tv.br\/jornalfatonovo\/recife-recebe-exposicao-e-seminario-do-banco-do-nordeste-sobre-diversidade-nas-artes\/#primaryimage"},"thumbnailUrl":"https:\/\/tvnova.tv.br\/jornalfatonovo\/wp-content\/uploads\/2023\/11\/WhatsApp-Image-2023-11-13-at-10.44.19.jpeg","articleSection":["Social"],"inLanguage":"pt-BR"},{"@type":"WebPage","@id":"https:\/\/tvnova.tv.br\/jornalfatonovo\/recife-recebe-exposicao-e-seminario-do-banco-do-nordeste-sobre-diversidade-nas-artes\/","url":"https:\/\/tvnova.tv.br\/jornalfatonovo\/recife-recebe-exposicao-e-seminario-do-banco-do-nordeste-sobre-diversidade-nas-artes\/","name":"Recife recebe exposi\u00e7\u00e3o e semin\u00e1rio do Banco do Nordeste sobre diversidade nas artes - Jornal Fato Novo","isPartOf":{"@id":"https:\/\/tvnova.tv.br\/jornalfatonovo\/#website"},"primaryImageOfPage":{"@id":"https:\/\/tvnova.tv.br\/jornalfatonovo\/recife-recebe-exposicao-e-seminario-do-banco-do-nordeste-sobre-diversidade-nas-artes\/#primaryimage"},"image":{"@id":"https:\/\/tvnova.tv.br\/jornalfatonovo\/recife-recebe-exposicao-e-seminario-do-banco-do-nordeste-sobre-diversidade-nas-artes\/#primaryimage"},"thumbnailUrl":"https:\/\/tvnova.tv.br\/jornalfatonovo\/wp-content\/uploads\/2023\/11\/WhatsApp-Image-2023-11-13-at-10.44.19.jpeg","datePublished":"2023-11-16T23:51:48+00:00","dateModified":"2023-11-16T23:52:49+00:00","breadcrumb":{"@id":"https:\/\/tvnova.tv.br\/jornalfatonovo\/recife-recebe-exposicao-e-seminario-do-banco-do-nordeste-sobre-diversidade-nas-artes\/#breadcrumb"},"inLanguage":"pt-BR","potentialAction":[{"@type":"ReadAction","target":["https:\/\/tvnova.tv.br\/jornalfatonovo\/recife-recebe-exposicao-e-seminario-do-banco-do-nordeste-sobre-diversidade-nas-artes\/"]}]},{"@type":"ImageObject","inLanguage":"pt-BR","@id":"https:\/\/tvnova.tv.br\/jornalfatonovo\/recife-recebe-exposicao-e-seminario-do-banco-do-nordeste-sobre-diversidade-nas-artes\/#primaryimage","url":"https:\/\/tvnova.tv.br\/jornalfatonovo\/wp-content\/uploads\/2023\/11\/WhatsApp-Image-2023-11-13-at-10.44.19.jpeg","contentUrl":"https:\/\/tvnova.tv.br\/jornalfatonovo\/wp-content\/uploads\/2023\/11\/WhatsApp-Image-2023-11-13-at-10.44.19.jpeg","width":800,"height":400},{"@type":"BreadcrumbList","@id":"https:\/\/tvnova.tv.br\/jornalfatonovo\/recife-recebe-exposicao-e-seminario-do-banco-do-nordeste-sobre-diversidade-nas-artes\/#breadcrumb","itemListElement":[{"@type":"ListItem","position":1,"name":"In\u00edcio","item":"https:\/\/tvnova.tv.br\/jornalfatonovo\/"},{"@type":"ListItem","position":2,"name":"Recife recebe exposi\u00e7\u00e3o e semin\u00e1rio do Banco do Nordeste sobre diversidade nas artes"}]},{"@type":"WebSite","@id":"https:\/\/tvnova.tv.br\/jornalfatonovo\/#website","url":"https:\/\/tvnova.tv.br\/jornalfatonovo\/","name":"Jornal Fato Novo","description":"Acompanhe as not\u00edcias de Pernambuco","publisher":{"@id":"https:\/\/tvnova.tv.br\/jornalfatonovo\/#organization"},"potentialAction":[{"@type":"SearchAction","target":{"@type":"EntryPoint","urlTemplate":"https:\/\/tvnova.tv.br\/jornalfatonovo\/?s={search_term_string}"},"query-input":{"@type":"PropertyValueSpecification","valueRequired":true,"valueName":"search_term_string"}}],"inLanguage":"pt-BR"},{"@type":"Organization","@id":"https:\/\/tvnova.tv.br\/jornalfatonovo\/#organization","name":"Jornal Fato Novo","url":"https:\/\/tvnova.tv.br\/jornalfatonovo\/","logo":{"@type":"ImageObject","inLanguage":"pt-BR","@id":"https:\/\/tvnova.tv.br\/jornalfatonovo\/#\/schema\/logo\/image\/","url":"https:\/\/tvnova.tv.br\/jornalfatonovo1\/wp-content\/uploads\/2023\/04\/FATO-NOVO-1.png","contentUrl":"https:\/\/tvnova.tv.br\/jornalfatonovo1\/wp-content\/uploads\/2023\/04\/FATO-NOVO-1.png","width":200,"height":60,"caption":"Jornal Fato Novo"},"image":{"@id":"https:\/\/tvnova.tv.br\/jornalfatonovo\/#\/schema\/logo\/image\/"},"sameAs":["https:\/\/www.facebook.com\/tvnovanordeste\/","https:\/\/x.com\/tvnovanordeste","https:\/\/www.instagram.com\/jornalfatonovope\/"]},{"@type":"Person","@id":"https:\/\/tvnova.tv.br\/jornalfatonovo\/#\/schema\/person\/286145dd7237b4bdaad0924505bcc5ce","name":"Pedro Paulo","url":"https:\/\/tvnova.tv.br\/jornalfatonovo\/author\/pedropaulo\/"}]}},"_links":{"self":[{"href":"https:\/\/tvnova.tv.br\/jornalfatonovo\/wp-json\/wp\/v2\/posts\/12690","targetHints":{"allow":["GET"]}}],"collection":[{"href":"https:\/\/tvnova.tv.br\/jornalfatonovo\/wp-json\/wp\/v2\/posts"}],"about":[{"href":"https:\/\/tvnova.tv.br\/jornalfatonovo\/wp-json\/wp\/v2\/types\/post"}],"author":[{"embeddable":true,"href":"https:\/\/tvnova.tv.br\/jornalfatonovo\/wp-json\/wp\/v2\/users\/3"}],"replies":[{"embeddable":true,"href":"https:\/\/tvnova.tv.br\/jornalfatonovo\/wp-json\/wp\/v2\/comments?post=12690"}],"version-history":[{"count":1,"href":"https:\/\/tvnova.tv.br\/jornalfatonovo\/wp-json\/wp\/v2\/posts\/12690\/revisions"}],"predecessor-version":[{"id":12691,"href":"https:\/\/tvnova.tv.br\/jornalfatonovo\/wp-json\/wp\/v2\/posts\/12690\/revisions\/12691"}],"wp:featuredmedia":[{"embeddable":true,"href":"https:\/\/tvnova.tv.br\/jornalfatonovo\/wp-json\/wp\/v2\/media\/12689"}],"wp:attachment":[{"href":"https:\/\/tvnova.tv.br\/jornalfatonovo\/wp-json\/wp\/v2\/media?parent=12690"}],"wp:term":[{"taxonomy":"category","embeddable":true,"href":"https:\/\/tvnova.tv.br\/jornalfatonovo\/wp-json\/wp\/v2\/categories?post=12690"},{"taxonomy":"post_tag","embeddable":true,"href":"https:\/\/tvnova.tv.br\/jornalfatonovo\/wp-json\/wp\/v2\/tags?post=12690"},{"taxonomy":"cores-categorias","embeddable":true,"href":"https:\/\/tvnova.tv.br\/jornalfatonovo\/wp-json\/wp\/v2\/cores-categorias?post=12690"}],"curies":[{"name":"wp","href":"https:\/\/api.w.org\/{rel}","templated":true}]}}