{"id":12693,"date":"2023-11-16T20:54:18","date_gmt":"2023-11-16T23:54:18","guid":{"rendered":"https:\/\/tvnova.tv.br\/jornalfatonovo\/?p=12693"},"modified":"2023-11-16T20:56:22","modified_gmt":"2023-11-16T23:56:22","slug":"12693-2","status":"publish","type":"post","link":"https:\/\/tvnova.tv.br\/jornalfatonovo\/12693-2\/","title":{"rendered":"Recife anuncia os primeiros nomes do Carnaval 2024 destacando a presen\u00e7a de artistas locais"},"content":{"rendered":"<p>Recife anuncia os primeiros nomes do Carnaval 2024 destacando a presen\u00e7a de artistas locais<\/p>\n<p>Ap\u00f3s divulga\u00e7\u00e3o feita pela Prefeitura do Recife, foram revelados os nomes que ser\u00e3o as primeiras atra\u00e7\u00f5es do Carnaval 2024, com mais de 3 mil apresenta\u00e7\u00f5es e contando com um dia a mais em compara\u00e7\u00e3o com as edi\u00e7\u00f5es anteriores, destacando os artistas locais.<\/p>\n<p>O brega subir\u00e1 aos palcos com o show Capital do Brega que promove um tributo ao Manguebeat com o show \u201cCidade do Mangue\u201d. O Olodum, da Bahia, tamb\u00e9m marcar\u00e1 presen\u00e7a na festa. A inten\u00e7\u00e3o \u00e9 destacar a mem\u00f3ria e a cultura popular.<\/p>\n<p>Na primeira remessa, foram confirmados os nomes: Lia de Itamarac\u00e1, Alceu Valen\u00e7a, Elba Ramalho, Orquestra do Maestro Duda, Cidade do Mangue, Mart\u2019n\u00e1lia, Nena Queiroga, Pitty, Ludmilla, Na\u00e7\u00e3o Zumbi, Mestre Ambr\u00f3sio, Belo Xis, Orquestra Maestro Edson Rodrigues, Karynna Spinelli, Siba, Karina Buhr, Capital do Brega, Mumuzinho, Thiaguinho, Samuel Rosa, Lenine, Lu\u00edsa Sonza, Gerlane Lops, M\u00f4nica Feij\u00f3, Almir Rouche, Matu\u00ea, Gilberto Gil, Orquestra Popular da Bomba do Hemet\u00e9rio, Maestro Forr\u00f3, Andr\u00e9 Rio, Otto, Marrom Brasileiro, Coral Edgard Moraes, Geraldo Azevedo, Devotos, Mundo Livre, Ant\u00f4nio N\u00f3brega, Orquestra Popular do Recife Maestro Ademir Ara\u00fajo, Louise, Frevo do Mundo, Spok Frevo Orquestra, Olodum, Claudionor Germano, Os Paralamas do Sucesso e Isaar.<\/p>\n","protected":false},"excerpt":{"rendered":"<p>Recife anuncia os primeiros nomes do Carnaval 2024 destacando a presen\u00e7a de artistas locais Ap\u00f3s divulga\u00e7\u00e3o feita pela Prefeitura do Recife, foram revelados os nomes que ser\u00e3o as primeiras atra\u00e7\u00f5es do Carnaval 2024, com mais de 3 mil apresenta\u00e7\u00f5es e contando com um dia a mais em compara\u00e7\u00e3o com as edi\u00e7\u00f5es anteriores, destacando os artistas [&hellip;]<\/p>\n","protected":false},"author":3,"featured_media":12692,"comment_status":"closed","ping_status":"","sticky":false,"template":"","format":"standard","meta":{"footnotes":""},"categories":[404],"tags":[],"cores-categorias":[],"class_list":["post-12693","post","type-post","status-publish","format-standard","has-post-thumbnail","hentry","category-social"],"yoast_head":"<!-- This site is optimized with the Yoast SEO plugin v27.2 - https:\/\/yoast.com\/product\/yoast-seo-wordpress\/ -->\n<title>Recife anuncia os primeiros nomes do Carnaval 2024 destacando a presen\u00e7a de artistas locais - Jornal Fato Novo<\/title>\n<meta name=\"robots\" content=\"index, follow, max-snippet:-1, max-image-preview:large, max-video-preview:-1\" \/>\n<link rel=\"canonical\" href=\"https:\/\/tvnova.tv.br\/jornalfatonovo\/12693-2\/\" \/>\n<meta property=\"og:locale\" content=\"pt_BR\" \/>\n<meta property=\"og:type\" content=\"article\" \/>\n<meta property=\"og:title\" content=\"Recife anuncia os primeiros nomes do Carnaval 2024 destacando a presen\u00e7a de artistas locais - Jornal Fato Novo\" \/>\n<meta property=\"og:description\" content=\"Recife anuncia os primeiros nomes do Carnaval 2024 destacando a presen\u00e7a de artistas locais Ap\u00f3s divulga\u00e7\u00e3o feita pela Prefeitura do Recife, foram revelados os nomes que ser\u00e3o as primeiras atra\u00e7\u00f5es do Carnaval 2024, com mais de 3 mil apresenta\u00e7\u00f5es e contando com um dia a mais em compara\u00e7\u00e3o com as edi\u00e7\u00f5es anteriores, destacando os artistas [&hellip;]\" \/>\n<meta property=\"og:url\" content=\"https:\/\/tvnova.tv.br\/jornalfatonovo\/12693-2\/\" \/>\n<meta property=\"og:site_name\" content=\"Jornal Fato Novo\" \/>\n<meta property=\"article:publisher\" content=\"https:\/\/www.facebook.com\/tvnovanordeste\/\" \/>\n<meta property=\"article:published_time\" content=\"2023-11-16T23:54:18+00:00\" \/>\n<meta property=\"article:modified_time\" content=\"2023-11-16T23:56:22+00:00\" \/>\n<meta property=\"og:image\" content=\"https:\/\/tvnova.tv.br\/jornalfatonovo\/wp-content\/uploads\/2023\/11\/WhatsApp-Image-2023-11-13-at-10.44.21.jpeg\" \/>\n\t<meta property=\"og:image:width\" content=\"1600\" \/>\n\t<meta property=\"og:image:height\" content=\"1062\" \/>\n\t<meta property=\"og:image:type\" content=\"image\/jpeg\" \/>\n<meta name=\"author\" content=\"Pedro Paulo\" \/>\n<meta name=\"twitter:card\" content=\"summary_large_image\" \/>\n<meta name=\"twitter:creator\" content=\"@tvnovanordeste\" \/>\n<meta name=\"twitter:site\" content=\"@tvnovanordeste\" \/>\n<meta name=\"twitter:label1\" content=\"Escrito por\" \/>\n\t<meta name=\"twitter:data1\" content=\"Pedro Paulo\" \/>\n\t<meta name=\"twitter:label2\" content=\"Est. tempo de leitura\" \/>\n\t<meta name=\"twitter:data2\" content=\"1 minuto\" \/>\n<script type=\"application\/ld+json\" class=\"yoast-schema-graph\">{\"@context\":\"https:\/\/schema.org\",\"@graph\":[{\"@type\":\"Article\",\"@id\":\"https:\/\/tvnova.tv.br\/jornalfatonovo\/12693-2\/#article\",\"isPartOf\":{\"@id\":\"https:\/\/tvnova.tv.br\/jornalfatonovo\/12693-2\/\"},\"author\":{\"name\":\"Pedro Paulo\",\"@id\":\"https:\/\/tvnova.tv.br\/jornalfatonovo\/#\/schema\/person\/286145dd7237b4bdaad0924505bcc5ce\"},\"headline\":\"Recife anuncia os primeiros nomes do Carnaval 2024 destacando a presen\u00e7a de artistas locais\",\"datePublished\":\"2023-11-16T23:54:18+00:00\",\"dateModified\":\"2023-11-16T23:56:22+00:00\",\"mainEntityOfPage\":{\"@id\":\"https:\/\/tvnova.tv.br\/jornalfatonovo\/12693-2\/\"},\"wordCount\":237,\"publisher\":{\"@id\":\"https:\/\/tvnova.tv.br\/jornalfatonovo\/#organization\"},\"image\":{\"@id\":\"https:\/\/tvnova.tv.br\/jornalfatonovo\/12693-2\/#primaryimage\"},\"thumbnailUrl\":\"https:\/\/tvnova.tv.br\/jornalfatonovo\/wp-content\/uploads\/2023\/11\/WhatsApp-Image-2023-11-13-at-10.44.21.jpeg\",\"articleSection\":[\"Social\"],\"inLanguage\":\"pt-BR\"},{\"@type\":\"WebPage\",\"@id\":\"https:\/\/tvnova.tv.br\/jornalfatonovo\/12693-2\/\",\"url\":\"https:\/\/tvnova.tv.br\/jornalfatonovo\/12693-2\/\",\"name\":\"Recife anuncia os primeiros nomes do Carnaval 2024 destacando a presen\u00e7a de artistas locais - Jornal Fato Novo\",\"isPartOf\":{\"@id\":\"https:\/\/tvnova.tv.br\/jornalfatonovo\/#website\"},\"primaryImageOfPage\":{\"@id\":\"https:\/\/tvnova.tv.br\/jornalfatonovo\/12693-2\/#primaryimage\"},\"image\":{\"@id\":\"https:\/\/tvnova.tv.br\/jornalfatonovo\/12693-2\/#primaryimage\"},\"thumbnailUrl\":\"https:\/\/tvnova.tv.br\/jornalfatonovo\/wp-content\/uploads\/2023\/11\/WhatsApp-Image-2023-11-13-at-10.44.21.jpeg\",\"datePublished\":\"2023-11-16T23:54:18+00:00\",\"dateModified\":\"2023-11-16T23:56:22+00:00\",\"breadcrumb\":{\"@id\":\"https:\/\/tvnova.tv.br\/jornalfatonovo\/12693-2\/#breadcrumb\"},\"inLanguage\":\"pt-BR\",\"potentialAction\":[{\"@type\":\"ReadAction\",\"target\":[\"https:\/\/tvnova.tv.br\/jornalfatonovo\/12693-2\/\"]}]},{\"@type\":\"ImageObject\",\"inLanguage\":\"pt-BR\",\"@id\":\"https:\/\/tvnova.tv.br\/jornalfatonovo\/12693-2\/#primaryimage\",\"url\":\"https:\/\/tvnova.tv.br\/jornalfatonovo\/wp-content\/uploads\/2023\/11\/WhatsApp-Image-2023-11-13-at-10.44.21.jpeg\",\"contentUrl\":\"https:\/\/tvnova.tv.br\/jornalfatonovo\/wp-content\/uploads\/2023\/11\/WhatsApp-Image-2023-11-13-at-10.44.21.jpeg\",\"width\":1600,\"height\":1062},{\"@type\":\"BreadcrumbList\",\"@id\":\"https:\/\/tvnova.tv.br\/jornalfatonovo\/12693-2\/#breadcrumb\",\"itemListElement\":[{\"@type\":\"ListItem\",\"position\":1,\"name\":\"In\u00edcio\",\"item\":\"https:\/\/tvnova.tv.br\/jornalfatonovo\/\"},{\"@type\":\"ListItem\",\"position\":2,\"name\":\"Recife anuncia os primeiros nomes do Carnaval 2024 destacando a presen\u00e7a de artistas locais\"}]},{\"@type\":\"WebSite\",\"@id\":\"https:\/\/tvnova.tv.br\/jornalfatonovo\/#website\",\"url\":\"https:\/\/tvnova.tv.br\/jornalfatonovo\/\",\"name\":\"Jornal Fato Novo\",\"description\":\"Acompanhe as not\u00edcias de Pernambuco\",\"publisher\":{\"@id\":\"https:\/\/tvnova.tv.br\/jornalfatonovo\/#organization\"},\"potentialAction\":[{\"@type\":\"SearchAction\",\"target\":{\"@type\":\"EntryPoint\",\"urlTemplate\":\"https:\/\/tvnova.tv.br\/jornalfatonovo\/?s={search_term_string}\"},\"query-input\":{\"@type\":\"PropertyValueSpecification\",\"valueRequired\":true,\"valueName\":\"search_term_string\"}}],\"inLanguage\":\"pt-BR\"},{\"@type\":\"Organization\",\"@id\":\"https:\/\/tvnova.tv.br\/jornalfatonovo\/#organization\",\"name\":\"Jornal Fato Novo\",\"url\":\"https:\/\/tvnova.tv.br\/jornalfatonovo\/\",\"logo\":{\"@type\":\"ImageObject\",\"inLanguage\":\"pt-BR\",\"@id\":\"https:\/\/tvnova.tv.br\/jornalfatonovo\/#\/schema\/logo\/image\/\",\"url\":\"https:\/\/tvnova.tv.br\/jornalfatonovo1\/wp-content\/uploads\/2023\/04\/FATO-NOVO-1.png\",\"contentUrl\":\"https:\/\/tvnova.tv.br\/jornalfatonovo1\/wp-content\/uploads\/2023\/04\/FATO-NOVO-1.png\",\"width\":200,\"height\":60,\"caption\":\"Jornal Fato Novo\"},\"image\":{\"@id\":\"https:\/\/tvnova.tv.br\/jornalfatonovo\/#\/schema\/logo\/image\/\"},\"sameAs\":[\"https:\/\/www.facebook.com\/tvnovanordeste\/\",\"https:\/\/x.com\/tvnovanordeste\",\"https:\/\/www.instagram.com\/jornalfatonovope\/\"]},{\"@type\":\"Person\",\"@id\":\"https:\/\/tvnova.tv.br\/jornalfatonovo\/#\/schema\/person\/286145dd7237b4bdaad0924505bcc5ce\",\"name\":\"Pedro Paulo\",\"url\":\"https:\/\/tvnova.tv.br\/jornalfatonovo\/author\/pedropaulo\/\"}]}<\/script>\n<!-- \/ Yoast SEO plugin. -->","yoast_head_json":{"title":"Recife anuncia os primeiros nomes do Carnaval 2024 destacando a presen\u00e7a de artistas locais - Jornal Fato Novo","robots":{"index":"index","follow":"follow","max-snippet":"max-snippet:-1","max-image-preview":"max-image-preview:large","max-video-preview":"max-video-preview:-1"},"canonical":"https:\/\/tvnova.tv.br\/jornalfatonovo\/12693-2\/","og_locale":"pt_BR","og_type":"article","og_title":"Recife anuncia os primeiros nomes do Carnaval 2024 destacando a presen\u00e7a de artistas locais - Jornal Fato Novo","og_description":"Recife anuncia os primeiros nomes do Carnaval 2024 destacando a presen\u00e7a de artistas locais Ap\u00f3s divulga\u00e7\u00e3o feita pela Prefeitura do Recife, foram revelados os nomes que ser\u00e3o as primeiras atra\u00e7\u00f5es do Carnaval 2024, com mais de 3 mil apresenta\u00e7\u00f5es e contando com um dia a mais em compara\u00e7\u00e3o com as edi\u00e7\u00f5es anteriores, destacando os artistas [&hellip;]","og_url":"https:\/\/tvnova.tv.br\/jornalfatonovo\/12693-2\/","og_site_name":"Jornal Fato Novo","article_publisher":"https:\/\/www.facebook.com\/tvnovanordeste\/","article_published_time":"2023-11-16T23:54:18+00:00","article_modified_time":"2023-11-16T23:56:22+00:00","og_image":[{"width":1600,"height":1062,"url":"https:\/\/tvnova.tv.br\/jornalfatonovo\/wp-content\/uploads\/2023\/11\/WhatsApp-Image-2023-11-13-at-10.44.21.jpeg","type":"image\/jpeg"}],"author":"Pedro Paulo","twitter_card":"summary_large_image","twitter_creator":"@tvnovanordeste","twitter_site":"@tvnovanordeste","twitter_misc":{"Escrito por":"Pedro Paulo","Est. tempo de leitura":"1 minuto"},"schema":{"@context":"https:\/\/schema.org","@graph":[{"@type":"Article","@id":"https:\/\/tvnova.tv.br\/jornalfatonovo\/12693-2\/#article","isPartOf":{"@id":"https:\/\/tvnova.tv.br\/jornalfatonovo\/12693-2\/"},"author":{"name":"Pedro Paulo","@id":"https:\/\/tvnova.tv.br\/jornalfatonovo\/#\/schema\/person\/286145dd7237b4bdaad0924505bcc5ce"},"headline":"Recife anuncia os primeiros nomes do Carnaval 2024 destacando a presen\u00e7a de artistas locais","datePublished":"2023-11-16T23:54:18+00:00","dateModified":"2023-11-16T23:56:22+00:00","mainEntityOfPage":{"@id":"https:\/\/tvnova.tv.br\/jornalfatonovo\/12693-2\/"},"wordCount":237,"publisher":{"@id":"https:\/\/tvnova.tv.br\/jornalfatonovo\/#organization"},"image":{"@id":"https:\/\/tvnova.tv.br\/jornalfatonovo\/12693-2\/#primaryimage"},"thumbnailUrl":"https:\/\/tvnova.tv.br\/jornalfatonovo\/wp-content\/uploads\/2023\/11\/WhatsApp-Image-2023-11-13-at-10.44.21.jpeg","articleSection":["Social"],"inLanguage":"pt-BR"},{"@type":"WebPage","@id":"https:\/\/tvnova.tv.br\/jornalfatonovo\/12693-2\/","url":"https:\/\/tvnova.tv.br\/jornalfatonovo\/12693-2\/","name":"Recife anuncia os primeiros nomes do Carnaval 2024 destacando a presen\u00e7a de artistas locais - Jornal Fato Novo","isPartOf":{"@id":"https:\/\/tvnova.tv.br\/jornalfatonovo\/#website"},"primaryImageOfPage":{"@id":"https:\/\/tvnova.tv.br\/jornalfatonovo\/12693-2\/#primaryimage"},"image":{"@id":"https:\/\/tvnova.tv.br\/jornalfatonovo\/12693-2\/#primaryimage"},"thumbnailUrl":"https:\/\/tvnova.tv.br\/jornalfatonovo\/wp-content\/uploads\/2023\/11\/WhatsApp-Image-2023-11-13-at-10.44.21.jpeg","datePublished":"2023-11-16T23:54:18+00:00","dateModified":"2023-11-16T23:56:22+00:00","breadcrumb":{"@id":"https:\/\/tvnova.tv.br\/jornalfatonovo\/12693-2\/#breadcrumb"},"inLanguage":"pt-BR","potentialAction":[{"@type":"ReadAction","target":["https:\/\/tvnova.tv.br\/jornalfatonovo\/12693-2\/"]}]},{"@type":"ImageObject","inLanguage":"pt-BR","@id":"https:\/\/tvnova.tv.br\/jornalfatonovo\/12693-2\/#primaryimage","url":"https:\/\/tvnova.tv.br\/jornalfatonovo\/wp-content\/uploads\/2023\/11\/WhatsApp-Image-2023-11-13-at-10.44.21.jpeg","contentUrl":"https:\/\/tvnova.tv.br\/jornalfatonovo\/wp-content\/uploads\/2023\/11\/WhatsApp-Image-2023-11-13-at-10.44.21.jpeg","width":1600,"height":1062},{"@type":"BreadcrumbList","@id":"https:\/\/tvnova.tv.br\/jornalfatonovo\/12693-2\/#breadcrumb","itemListElement":[{"@type":"ListItem","position":1,"name":"In\u00edcio","item":"https:\/\/tvnova.tv.br\/jornalfatonovo\/"},{"@type":"ListItem","position":2,"name":"Recife anuncia os primeiros nomes do Carnaval 2024 destacando a presen\u00e7a de artistas locais"}]},{"@type":"WebSite","@id":"https:\/\/tvnova.tv.br\/jornalfatonovo\/#website","url":"https:\/\/tvnova.tv.br\/jornalfatonovo\/","name":"Jornal Fato Novo","description":"Acompanhe as not\u00edcias de Pernambuco","publisher":{"@id":"https:\/\/tvnova.tv.br\/jornalfatonovo\/#organization"},"potentialAction":[{"@type":"SearchAction","target":{"@type":"EntryPoint","urlTemplate":"https:\/\/tvnova.tv.br\/jornalfatonovo\/?s={search_term_string}"},"query-input":{"@type":"PropertyValueSpecification","valueRequired":true,"valueName":"search_term_string"}}],"inLanguage":"pt-BR"},{"@type":"Organization","@id":"https:\/\/tvnova.tv.br\/jornalfatonovo\/#organization","name":"Jornal Fato Novo","url":"https:\/\/tvnova.tv.br\/jornalfatonovo\/","logo":{"@type":"ImageObject","inLanguage":"pt-BR","@id":"https:\/\/tvnova.tv.br\/jornalfatonovo\/#\/schema\/logo\/image\/","url":"https:\/\/tvnova.tv.br\/jornalfatonovo1\/wp-content\/uploads\/2023\/04\/FATO-NOVO-1.png","contentUrl":"https:\/\/tvnova.tv.br\/jornalfatonovo1\/wp-content\/uploads\/2023\/04\/FATO-NOVO-1.png","width":200,"height":60,"caption":"Jornal Fato Novo"},"image":{"@id":"https:\/\/tvnova.tv.br\/jornalfatonovo\/#\/schema\/logo\/image\/"},"sameAs":["https:\/\/www.facebook.com\/tvnovanordeste\/","https:\/\/x.com\/tvnovanordeste","https:\/\/www.instagram.com\/jornalfatonovope\/"]},{"@type":"Person","@id":"https:\/\/tvnova.tv.br\/jornalfatonovo\/#\/schema\/person\/286145dd7237b4bdaad0924505bcc5ce","name":"Pedro Paulo","url":"https:\/\/tvnova.tv.br\/jornalfatonovo\/author\/pedropaulo\/"}]}},"_links":{"self":[{"href":"https:\/\/tvnova.tv.br\/jornalfatonovo\/wp-json\/wp\/v2\/posts\/12693","targetHints":{"allow":["GET"]}}],"collection":[{"href":"https:\/\/tvnova.tv.br\/jornalfatonovo\/wp-json\/wp\/v2\/posts"}],"about":[{"href":"https:\/\/tvnova.tv.br\/jornalfatonovo\/wp-json\/wp\/v2\/types\/post"}],"author":[{"embeddable":true,"href":"https:\/\/tvnova.tv.br\/jornalfatonovo\/wp-json\/wp\/v2\/users\/3"}],"replies":[{"embeddable":true,"href":"https:\/\/tvnova.tv.br\/jornalfatonovo\/wp-json\/wp\/v2\/comments?post=12693"}],"version-history":[{"count":2,"href":"https:\/\/tvnova.tv.br\/jornalfatonovo\/wp-json\/wp\/v2\/posts\/12693\/revisions"}],"predecessor-version":[{"id":12695,"href":"https:\/\/tvnova.tv.br\/jornalfatonovo\/wp-json\/wp\/v2\/posts\/12693\/revisions\/12695"}],"wp:featuredmedia":[{"embeddable":true,"href":"https:\/\/tvnova.tv.br\/jornalfatonovo\/wp-json\/wp\/v2\/media\/12692"}],"wp:attachment":[{"href":"https:\/\/tvnova.tv.br\/jornalfatonovo\/wp-json\/wp\/v2\/media?parent=12693"}],"wp:term":[{"taxonomy":"category","embeddable":true,"href":"https:\/\/tvnova.tv.br\/jornalfatonovo\/wp-json\/wp\/v2\/categories?post=12693"},{"taxonomy":"post_tag","embeddable":true,"href":"https:\/\/tvnova.tv.br\/jornalfatonovo\/wp-json\/wp\/v2\/tags?post=12693"},{"taxonomy":"cores-categorias","embeddable":true,"href":"https:\/\/tvnova.tv.br\/jornalfatonovo\/wp-json\/wp\/v2\/cores-categorias?post=12693"}],"curies":[{"name":"wp","href":"https:\/\/api.w.org\/{rel}","templated":true}]}}