{"id":13217,"date":"2023-11-28T11:12:40","date_gmt":"2023-11-28T14:12:40","guid":{"rendered":"https:\/\/tvnova.tv.br\/jornalfatonovo\/?p=13217"},"modified":"2023-11-28T11:17:43","modified_gmt":"2023-11-28T14:17:43","slug":"tragedia-no-grande-recife-tres-homens-sao-assassinados-a-tiros-em-paulista","status":"publish","type":"post","link":"https:\/\/tvnova.tv.br\/jornalfatonovo\/tragedia-no-grande-recife-tres-homens-sao-assassinados-a-tiros-em-paulista\/","title":{"rendered":"TRAG\u00c9DIA NO GRANDE RECIFE: TR\u00caS HOMENS S\u00c3O ASSASSINADOS A TIROS EM PAULISTA"},"content":{"rendered":"<p><em>*por Gabriel Couto<\/em><\/p>\n<p>Na madrugada desta ter\u00e7a-feira (28), um triplo homic\u00eddio chocou a cidade do Paulista, no Grande Recife. O cen\u00e1rio do crime foi no bairro de Maranguape II, em meio a uma \u00e1rea de mata, pr\u00f3ximo a uma unidade da Companhia Pernambucana de Saneamento (Compesa).<\/p>\n<p>As v\u00edtimas foram identificadas extraoficialmente como Agner Roberto da Silva, 33 anos, Demetrius Fabiano Pereira de Freitas, 48 anos, e Ademilson Joaquim da Silva, 31 anos. Dois dos homens perderam a vida dentro de suas resid\u00eancias, enquanto o terceiro foi morto em uma \u00e1rea externa.<\/p>\n<p>Os detalhes sobre a autoria do crime e as motiva\u00e7\u00f5es ainda s\u00e3o desconhecidas, deixando a comunidade local apreensiva. A investiga\u00e7\u00e3o est\u00e1 em andamento para esclarecer o crime.<\/p>\n<p>*estagi\u00e1rio sob supervis\u00e3o<\/p>\n","protected":false},"excerpt":{"rendered":"<p>*por Gabriel Couto Na madrugada desta ter\u00e7a-feira (28), um triplo homic\u00eddio chocou a cidade do Paulista, no Grande Recife. O cen\u00e1rio do crime foi no bairro de Maranguape II, em meio a uma \u00e1rea de mata, pr\u00f3ximo a uma unidade da Companhia Pernambucana de Saneamento (Compesa). As v\u00edtimas foram identificadas extraoficialmente como Agner Roberto da [&hellip;]<\/p>\n","protected":false},"author":6,"featured_media":13223,"comment_status":"closed","ping_status":"","sticky":false,"template":"","format":"standard","meta":{"footnotes":""},"categories":[273],"tags":[2042,357,2041],"cores-categorias":[],"class_list":["post-13217","post","type-post","status-publish","format-standard","has-post-thumbnail","hentry","category-policia","tag-maranguape-ii","tag-paulista","tag-tripo-homicidio"],"yoast_head":"<!-- This site is optimized with the Yoast SEO plugin v27.2 - https:\/\/yoast.com\/product\/yoast-seo-wordpress\/ -->\n<title>TRAG\u00c9DIA NO GRANDE RECIFE: TR\u00caS HOMENS S\u00c3O ASSASSINADOS A TIROS EM PAULISTA - Jornal Fato Novo<\/title>\n<meta name=\"robots\" content=\"index, follow, max-snippet:-1, max-image-preview:large, max-video-preview:-1\" \/>\n<link rel=\"canonical\" href=\"https:\/\/tvnova.tv.br\/jornalfatonovo\/tragedia-no-grande-recife-tres-homens-sao-assassinados-a-tiros-em-paulista\/\" \/>\n<meta property=\"og:locale\" content=\"pt_BR\" \/>\n<meta property=\"og:type\" content=\"article\" \/>\n<meta property=\"og:title\" content=\"TRAG\u00c9DIA NO GRANDE RECIFE: TR\u00caS HOMENS S\u00c3O ASSASSINADOS A TIROS EM PAULISTA - Jornal Fato Novo\" \/>\n<meta property=\"og:description\" content=\"*por Gabriel Couto Na madrugada desta ter\u00e7a-feira (28), um triplo homic\u00eddio chocou a cidade do Paulista, no Grande Recife. O cen\u00e1rio do crime foi no bairro de Maranguape II, em meio a uma \u00e1rea de mata, pr\u00f3ximo a uma unidade da Companhia Pernambucana de Saneamento (Compesa). As v\u00edtimas foram identificadas extraoficialmente como Agner Roberto da [&hellip;]\" \/>\n<meta property=\"og:url\" content=\"https:\/\/tvnova.tv.br\/jornalfatonovo\/tragedia-no-grande-recife-tres-homens-sao-assassinados-a-tiros-em-paulista\/\" \/>\n<meta property=\"og:site_name\" content=\"Jornal Fato Novo\" \/>\n<meta property=\"article:publisher\" content=\"https:\/\/www.facebook.com\/tvnovanordeste\/\" \/>\n<meta property=\"article:published_time\" content=\"2023-11-28T14:12:40+00:00\" \/>\n<meta property=\"article:modified_time\" content=\"2023-11-28T14:17:43+00:00\" \/>\n<meta property=\"og:image\" content=\"https:\/\/tvnova.tv.br\/jornalfatonovo\/wp-content\/uploads\/2023\/11\/la.jpg\" \/>\n\t<meta property=\"og:image:width\" content=\"475\" \/>\n\t<meta property=\"og:image:height\" content=\"365\" \/>\n\t<meta property=\"og:image:type\" content=\"image\/jpeg\" \/>\n<meta name=\"author\" content=\"Victoria Campos\" \/>\n<meta name=\"twitter:card\" content=\"summary_large_image\" \/>\n<meta name=\"twitter:creator\" content=\"@tvnovanordeste\" \/>\n<meta name=\"twitter:site\" content=\"@tvnovanordeste\" \/>\n<meta name=\"twitter:label1\" content=\"Escrito por\" \/>\n\t<meta name=\"twitter:data1\" content=\"Victoria Campos\" \/>\n\t<meta name=\"twitter:label2\" content=\"Est. tempo de leitura\" \/>\n\t<meta name=\"twitter:data2\" content=\"1 minuto\" \/>\n<script type=\"application\/ld+json\" class=\"yoast-schema-graph\">{\"@context\":\"https:\/\/schema.org\",\"@graph\":[{\"@type\":\"Article\",\"@id\":\"https:\/\/tvnova.tv.br\/jornalfatonovo\/tragedia-no-grande-recife-tres-homens-sao-assassinados-a-tiros-em-paulista\/#article\",\"isPartOf\":{\"@id\":\"https:\/\/tvnova.tv.br\/jornalfatonovo\/tragedia-no-grande-recife-tres-homens-sao-assassinados-a-tiros-em-paulista\/\"},\"author\":{\"name\":\"Victoria Campos\",\"@id\":\"https:\/\/tvnova.tv.br\/jornalfatonovo\/#\/schema\/person\/91ba9daadb7e96d3cbe5e1b84619be88\"},\"headline\":\"TRAG\u00c9DIA NO GRANDE RECIFE: TR\u00caS HOMENS S\u00c3O ASSASSINADOS A TIROS EM PAULISTA\",\"datePublished\":\"2023-11-28T14:12:40+00:00\",\"dateModified\":\"2023-11-28T14:17:43+00:00\",\"mainEntityOfPage\":{\"@id\":\"https:\/\/tvnova.tv.br\/jornalfatonovo\/tragedia-no-grande-recife-tres-homens-sao-assassinados-a-tiros-em-paulista\/\"},\"wordCount\":143,\"publisher\":{\"@id\":\"https:\/\/tvnova.tv.br\/jornalfatonovo\/#organization\"},\"image\":{\"@id\":\"https:\/\/tvnova.tv.br\/jornalfatonovo\/tragedia-no-grande-recife-tres-homens-sao-assassinados-a-tiros-em-paulista\/#primaryimage\"},\"thumbnailUrl\":\"https:\/\/tvnova.tv.br\/jornalfatonovo\/wp-content\/uploads\/2023\/11\/la.jpg\",\"keywords\":[\"Maranguape II\",\"Paulista\",\"Tripo Homic\u00eddio\"],\"articleSection\":[\"Pol\u00edcia\"],\"inLanguage\":\"pt-BR\"},{\"@type\":\"WebPage\",\"@id\":\"https:\/\/tvnova.tv.br\/jornalfatonovo\/tragedia-no-grande-recife-tres-homens-sao-assassinados-a-tiros-em-paulista\/\",\"url\":\"https:\/\/tvnova.tv.br\/jornalfatonovo\/tragedia-no-grande-recife-tres-homens-sao-assassinados-a-tiros-em-paulista\/\",\"name\":\"TRAG\u00c9DIA NO GRANDE RECIFE: TR\u00caS HOMENS S\u00c3O ASSASSINADOS A TIROS EM PAULISTA - Jornal Fato Novo\",\"isPartOf\":{\"@id\":\"https:\/\/tvnova.tv.br\/jornalfatonovo\/#website\"},\"primaryImageOfPage\":{\"@id\":\"https:\/\/tvnova.tv.br\/jornalfatonovo\/tragedia-no-grande-recife-tres-homens-sao-assassinados-a-tiros-em-paulista\/#primaryimage\"},\"image\":{\"@id\":\"https:\/\/tvnova.tv.br\/jornalfatonovo\/tragedia-no-grande-recife-tres-homens-sao-assassinados-a-tiros-em-paulista\/#primaryimage\"},\"thumbnailUrl\":\"https:\/\/tvnova.tv.br\/jornalfatonovo\/wp-content\/uploads\/2023\/11\/la.jpg\",\"datePublished\":\"2023-11-28T14:12:40+00:00\",\"dateModified\":\"2023-11-28T14:17:43+00:00\",\"breadcrumb\":{\"@id\":\"https:\/\/tvnova.tv.br\/jornalfatonovo\/tragedia-no-grande-recife-tres-homens-sao-assassinados-a-tiros-em-paulista\/#breadcrumb\"},\"inLanguage\":\"pt-BR\",\"potentialAction\":[{\"@type\":\"ReadAction\",\"target\":[\"https:\/\/tvnova.tv.br\/jornalfatonovo\/tragedia-no-grande-recife-tres-homens-sao-assassinados-a-tiros-em-paulista\/\"]}]},{\"@type\":\"ImageObject\",\"inLanguage\":\"pt-BR\",\"@id\":\"https:\/\/tvnova.tv.br\/jornalfatonovo\/tragedia-no-grande-recife-tres-homens-sao-assassinados-a-tiros-em-paulista\/#primaryimage\",\"url\":\"https:\/\/tvnova.tv.br\/jornalfatonovo\/wp-content\/uploads\/2023\/11\/la.jpg\",\"contentUrl\":\"https:\/\/tvnova.tv.br\/jornalfatonovo\/wp-content\/uploads\/2023\/11\/la.jpg\",\"width\":475,\"height\":365},{\"@type\":\"BreadcrumbList\",\"@id\":\"https:\/\/tvnova.tv.br\/jornalfatonovo\/tragedia-no-grande-recife-tres-homens-sao-assassinados-a-tiros-em-paulista\/#breadcrumb\",\"itemListElement\":[{\"@type\":\"ListItem\",\"position\":1,\"name\":\"In\u00edcio\",\"item\":\"https:\/\/tvnova.tv.br\/jornalfatonovo\/\"},{\"@type\":\"ListItem\",\"position\":2,\"name\":\"TRAG\u00c9DIA NO GRANDE RECIFE: TR\u00caS HOMENS S\u00c3O ASSASSINADOS A TIROS EM PAULISTA\"}]},{\"@type\":\"WebSite\",\"@id\":\"https:\/\/tvnova.tv.br\/jornalfatonovo\/#website\",\"url\":\"https:\/\/tvnova.tv.br\/jornalfatonovo\/\",\"name\":\"Jornal Fato Novo\",\"description\":\"Acompanhe as not\u00edcias de Pernambuco\",\"publisher\":{\"@id\":\"https:\/\/tvnova.tv.br\/jornalfatonovo\/#organization\"},\"potentialAction\":[{\"@type\":\"SearchAction\",\"target\":{\"@type\":\"EntryPoint\",\"urlTemplate\":\"https:\/\/tvnova.tv.br\/jornalfatonovo\/?s={search_term_string}\"},\"query-input\":{\"@type\":\"PropertyValueSpecification\",\"valueRequired\":true,\"valueName\":\"search_term_string\"}}],\"inLanguage\":\"pt-BR\"},{\"@type\":\"Organization\",\"@id\":\"https:\/\/tvnova.tv.br\/jornalfatonovo\/#organization\",\"name\":\"Jornal Fato Novo\",\"url\":\"https:\/\/tvnova.tv.br\/jornalfatonovo\/\",\"logo\":{\"@type\":\"ImageObject\",\"inLanguage\":\"pt-BR\",\"@id\":\"https:\/\/tvnova.tv.br\/jornalfatonovo\/#\/schema\/logo\/image\/\",\"url\":\"https:\/\/tvnova.tv.br\/jornalfatonovo1\/wp-content\/uploads\/2023\/04\/FATO-NOVO-1.png\",\"contentUrl\":\"https:\/\/tvnova.tv.br\/jornalfatonovo1\/wp-content\/uploads\/2023\/04\/FATO-NOVO-1.png\",\"width\":200,\"height\":60,\"caption\":\"Jornal Fato Novo\"},\"image\":{\"@id\":\"https:\/\/tvnova.tv.br\/jornalfatonovo\/#\/schema\/logo\/image\/\"},\"sameAs\":[\"https:\/\/www.facebook.com\/tvnovanordeste\/\",\"https:\/\/x.com\/tvnovanordeste\",\"https:\/\/www.instagram.com\/jornalfatonovope\/\"]},{\"@type\":\"Person\",\"@id\":\"https:\/\/tvnova.tv.br\/jornalfatonovo\/#\/schema\/person\/91ba9daadb7e96d3cbe5e1b84619be88\",\"name\":\"Victoria Campos\",\"url\":\"https:\/\/tvnova.tv.br\/jornalfatonovo\/author\/victoria\/\"}]}<\/script>\n<!-- \/ Yoast SEO plugin. -->","yoast_head_json":{"title":"TRAG\u00c9DIA NO GRANDE RECIFE: TR\u00caS HOMENS S\u00c3O ASSASSINADOS A TIROS EM PAULISTA - Jornal Fato Novo","robots":{"index":"index","follow":"follow","max-snippet":"max-snippet:-1","max-image-preview":"max-image-preview:large","max-video-preview":"max-video-preview:-1"},"canonical":"https:\/\/tvnova.tv.br\/jornalfatonovo\/tragedia-no-grande-recife-tres-homens-sao-assassinados-a-tiros-em-paulista\/","og_locale":"pt_BR","og_type":"article","og_title":"TRAG\u00c9DIA NO GRANDE RECIFE: TR\u00caS HOMENS S\u00c3O ASSASSINADOS A TIROS EM PAULISTA - Jornal Fato Novo","og_description":"*por Gabriel Couto Na madrugada desta ter\u00e7a-feira (28), um triplo homic\u00eddio chocou a cidade do Paulista, no Grande Recife. O cen\u00e1rio do crime foi no bairro de Maranguape II, em meio a uma \u00e1rea de mata, pr\u00f3ximo a uma unidade da Companhia Pernambucana de Saneamento (Compesa). As v\u00edtimas foram identificadas extraoficialmente como Agner Roberto da [&hellip;]","og_url":"https:\/\/tvnova.tv.br\/jornalfatonovo\/tragedia-no-grande-recife-tres-homens-sao-assassinados-a-tiros-em-paulista\/","og_site_name":"Jornal Fato Novo","article_publisher":"https:\/\/www.facebook.com\/tvnovanordeste\/","article_published_time":"2023-11-28T14:12:40+00:00","article_modified_time":"2023-11-28T14:17:43+00:00","og_image":[{"width":475,"height":365,"url":"https:\/\/tvnova.tv.br\/jornalfatonovo\/wp-content\/uploads\/2023\/11\/la.jpg","type":"image\/jpeg"}],"author":"Victoria Campos","twitter_card":"summary_large_image","twitter_creator":"@tvnovanordeste","twitter_site":"@tvnovanordeste","twitter_misc":{"Escrito por":"Victoria Campos","Est. tempo de leitura":"1 minuto"},"schema":{"@context":"https:\/\/schema.org","@graph":[{"@type":"Article","@id":"https:\/\/tvnova.tv.br\/jornalfatonovo\/tragedia-no-grande-recife-tres-homens-sao-assassinados-a-tiros-em-paulista\/#article","isPartOf":{"@id":"https:\/\/tvnova.tv.br\/jornalfatonovo\/tragedia-no-grande-recife-tres-homens-sao-assassinados-a-tiros-em-paulista\/"},"author":{"name":"Victoria Campos","@id":"https:\/\/tvnova.tv.br\/jornalfatonovo\/#\/schema\/person\/91ba9daadb7e96d3cbe5e1b84619be88"},"headline":"TRAG\u00c9DIA NO GRANDE RECIFE: TR\u00caS HOMENS S\u00c3O ASSASSINADOS A TIROS EM PAULISTA","datePublished":"2023-11-28T14:12:40+00:00","dateModified":"2023-11-28T14:17:43+00:00","mainEntityOfPage":{"@id":"https:\/\/tvnova.tv.br\/jornalfatonovo\/tragedia-no-grande-recife-tres-homens-sao-assassinados-a-tiros-em-paulista\/"},"wordCount":143,"publisher":{"@id":"https:\/\/tvnova.tv.br\/jornalfatonovo\/#organization"},"image":{"@id":"https:\/\/tvnova.tv.br\/jornalfatonovo\/tragedia-no-grande-recife-tres-homens-sao-assassinados-a-tiros-em-paulista\/#primaryimage"},"thumbnailUrl":"https:\/\/tvnova.tv.br\/jornalfatonovo\/wp-content\/uploads\/2023\/11\/la.jpg","keywords":["Maranguape II","Paulista","Tripo Homic\u00eddio"],"articleSection":["Pol\u00edcia"],"inLanguage":"pt-BR"},{"@type":"WebPage","@id":"https:\/\/tvnova.tv.br\/jornalfatonovo\/tragedia-no-grande-recife-tres-homens-sao-assassinados-a-tiros-em-paulista\/","url":"https:\/\/tvnova.tv.br\/jornalfatonovo\/tragedia-no-grande-recife-tres-homens-sao-assassinados-a-tiros-em-paulista\/","name":"TRAG\u00c9DIA NO GRANDE RECIFE: TR\u00caS HOMENS S\u00c3O ASSASSINADOS A TIROS EM PAULISTA - Jornal Fato Novo","isPartOf":{"@id":"https:\/\/tvnova.tv.br\/jornalfatonovo\/#website"},"primaryImageOfPage":{"@id":"https:\/\/tvnova.tv.br\/jornalfatonovo\/tragedia-no-grande-recife-tres-homens-sao-assassinados-a-tiros-em-paulista\/#primaryimage"},"image":{"@id":"https:\/\/tvnova.tv.br\/jornalfatonovo\/tragedia-no-grande-recife-tres-homens-sao-assassinados-a-tiros-em-paulista\/#primaryimage"},"thumbnailUrl":"https:\/\/tvnova.tv.br\/jornalfatonovo\/wp-content\/uploads\/2023\/11\/la.jpg","datePublished":"2023-11-28T14:12:40+00:00","dateModified":"2023-11-28T14:17:43+00:00","breadcrumb":{"@id":"https:\/\/tvnova.tv.br\/jornalfatonovo\/tragedia-no-grande-recife-tres-homens-sao-assassinados-a-tiros-em-paulista\/#breadcrumb"},"inLanguage":"pt-BR","potentialAction":[{"@type":"ReadAction","target":["https:\/\/tvnova.tv.br\/jornalfatonovo\/tragedia-no-grande-recife-tres-homens-sao-assassinados-a-tiros-em-paulista\/"]}]},{"@type":"ImageObject","inLanguage":"pt-BR","@id":"https:\/\/tvnova.tv.br\/jornalfatonovo\/tragedia-no-grande-recife-tres-homens-sao-assassinados-a-tiros-em-paulista\/#primaryimage","url":"https:\/\/tvnova.tv.br\/jornalfatonovo\/wp-content\/uploads\/2023\/11\/la.jpg","contentUrl":"https:\/\/tvnova.tv.br\/jornalfatonovo\/wp-content\/uploads\/2023\/11\/la.jpg","width":475,"height":365},{"@type":"BreadcrumbList","@id":"https:\/\/tvnova.tv.br\/jornalfatonovo\/tragedia-no-grande-recife-tres-homens-sao-assassinados-a-tiros-em-paulista\/#breadcrumb","itemListElement":[{"@type":"ListItem","position":1,"name":"In\u00edcio","item":"https:\/\/tvnova.tv.br\/jornalfatonovo\/"},{"@type":"ListItem","position":2,"name":"TRAG\u00c9DIA NO GRANDE RECIFE: TR\u00caS HOMENS S\u00c3O ASSASSINADOS A TIROS EM PAULISTA"}]},{"@type":"WebSite","@id":"https:\/\/tvnova.tv.br\/jornalfatonovo\/#website","url":"https:\/\/tvnova.tv.br\/jornalfatonovo\/","name":"Jornal Fato Novo","description":"Acompanhe as not\u00edcias de Pernambuco","publisher":{"@id":"https:\/\/tvnova.tv.br\/jornalfatonovo\/#organization"},"potentialAction":[{"@type":"SearchAction","target":{"@type":"EntryPoint","urlTemplate":"https:\/\/tvnova.tv.br\/jornalfatonovo\/?s={search_term_string}"},"query-input":{"@type":"PropertyValueSpecification","valueRequired":true,"valueName":"search_term_string"}}],"inLanguage":"pt-BR"},{"@type":"Organization","@id":"https:\/\/tvnova.tv.br\/jornalfatonovo\/#organization","name":"Jornal Fato Novo","url":"https:\/\/tvnova.tv.br\/jornalfatonovo\/","logo":{"@type":"ImageObject","inLanguage":"pt-BR","@id":"https:\/\/tvnova.tv.br\/jornalfatonovo\/#\/schema\/logo\/image\/","url":"https:\/\/tvnova.tv.br\/jornalfatonovo1\/wp-content\/uploads\/2023\/04\/FATO-NOVO-1.png","contentUrl":"https:\/\/tvnova.tv.br\/jornalfatonovo1\/wp-content\/uploads\/2023\/04\/FATO-NOVO-1.png","width":200,"height":60,"caption":"Jornal Fato Novo"},"image":{"@id":"https:\/\/tvnova.tv.br\/jornalfatonovo\/#\/schema\/logo\/image\/"},"sameAs":["https:\/\/www.facebook.com\/tvnovanordeste\/","https:\/\/x.com\/tvnovanordeste","https:\/\/www.instagram.com\/jornalfatonovope\/"]},{"@type":"Person","@id":"https:\/\/tvnova.tv.br\/jornalfatonovo\/#\/schema\/person\/91ba9daadb7e96d3cbe5e1b84619be88","name":"Victoria Campos","url":"https:\/\/tvnova.tv.br\/jornalfatonovo\/author\/victoria\/"}]}},"_links":{"self":[{"href":"https:\/\/tvnova.tv.br\/jornalfatonovo\/wp-json\/wp\/v2\/posts\/13217","targetHints":{"allow":["GET"]}}],"collection":[{"href":"https:\/\/tvnova.tv.br\/jornalfatonovo\/wp-json\/wp\/v2\/posts"}],"about":[{"href":"https:\/\/tvnova.tv.br\/jornalfatonovo\/wp-json\/wp\/v2\/types\/post"}],"author":[{"embeddable":true,"href":"https:\/\/tvnova.tv.br\/jornalfatonovo\/wp-json\/wp\/v2\/users\/6"}],"replies":[{"embeddable":true,"href":"https:\/\/tvnova.tv.br\/jornalfatonovo\/wp-json\/wp\/v2\/comments?post=13217"}],"version-history":[{"count":8,"href":"https:\/\/tvnova.tv.br\/jornalfatonovo\/wp-json\/wp\/v2\/posts\/13217\/revisions"}],"predecessor-version":[{"id":13226,"href":"https:\/\/tvnova.tv.br\/jornalfatonovo\/wp-json\/wp\/v2\/posts\/13217\/revisions\/13226"}],"wp:featuredmedia":[{"embeddable":true,"href":"https:\/\/tvnova.tv.br\/jornalfatonovo\/wp-json\/wp\/v2\/media\/13223"}],"wp:attachment":[{"href":"https:\/\/tvnova.tv.br\/jornalfatonovo\/wp-json\/wp\/v2\/media?parent=13217"}],"wp:term":[{"taxonomy":"category","embeddable":true,"href":"https:\/\/tvnova.tv.br\/jornalfatonovo\/wp-json\/wp\/v2\/categories?post=13217"},{"taxonomy":"post_tag","embeddable":true,"href":"https:\/\/tvnova.tv.br\/jornalfatonovo\/wp-json\/wp\/v2\/tags?post=13217"},{"taxonomy":"cores-categorias","embeddable":true,"href":"https:\/\/tvnova.tv.br\/jornalfatonovo\/wp-json\/wp\/v2\/cores-categorias?post=13217"}],"curies":[{"name":"wp","href":"https:\/\/api.w.org\/{rel}","templated":true}]}}