{"id":13267,"date":"2023-11-28T16:16:55","date_gmt":"2023-11-28T19:16:55","guid":{"rendered":"https:\/\/tvnova.tv.br\/jornalfatonovo\/?p=13267"},"modified":"2023-11-28T16:25:27","modified_gmt":"2023-11-28T19:25:27","slug":"principio-de-incendio-no-hospital-barao-de-lucena-assusta-funcionarios-e-pacientes-e-deixa-setores-sem-energia-eletrica","status":"publish","type":"post","link":"https:\/\/tvnova.tv.br\/jornalfatonovo\/principio-de-incendio-no-hospital-barao-de-lucena-assusta-funcionarios-e-pacientes-e-deixa-setores-sem-energia-eletrica\/","title":{"rendered":"Princ\u00edpio de inc\u00eandio no Hospital Bar\u00e3o de Lucena assusta funcion\u00e1rios e pacientes e deixa setores sem energia el\u00e9trica"},"content":{"rendered":"<p>&nbsp;<\/p>\n<p><em>Por Charlene Santos<\/em><\/p>\n<p>&nbsp;<\/p>\n<p><span style=\"font-weight: 400\">Na manh\u00e3 desta ter\u00e7a-feira (28), um princ\u00edpio de inc\u00eandio no Hospital Bar\u00e3o de Lucena, na Iputinga, Zona Oeste do Recife, assustou funcion\u00e1rios e pacientes, que estavam no\u00a0 quarto andar da unidade hospitalar.\u00a0<\/span><\/p>\n<p><span style=\"font-weight: 400\">V\u00eddeos que circulam nas redes sociais mostram muita fuma\u00e7a no local. Segundo testemunhas, o princ\u00edpio de inc\u00eandio aconteceu num corredor que d\u00e1 acesso \u00e0 Unidade de Terapia Intensiva (UTI) neonatal, onde s\u00e3o tratados rec\u00e9m-nascidos.<\/span><\/p>\n<p><span style=\"font-weight: 400\">De acordo com a Secretaria Estadual de Sa\u00fade (SES), o problema foi causado por um curto-circuito no quadro el\u00e9trico, que deixou alguns setores sem energia por alguns minutos. a SES disse ainda, que n\u00e3o foi preciso transferir pacientes para outros locais, e que uma equipe de manuten\u00e7\u00e3o da unidade estava ativando o quadro de energia atingido.<\/span><\/p>\n","protected":false},"excerpt":{"rendered":"<p>&nbsp; Por Charlene Santos &nbsp; Na manh\u00e3 desta ter\u00e7a-feira (28), um princ\u00edpio de inc\u00eandio no Hospital Bar\u00e3o de Lucena, na Iputinga, Zona Oeste do Recife, assustou funcion\u00e1rios e pacientes, que estavam no\u00a0 quarto andar da unidade hospitalar.\u00a0 V\u00eddeos que circulam nas redes sociais mostram muita fuma\u00e7a no local. Segundo testemunhas, o princ\u00edpio de inc\u00eandio aconteceu [&hellip;]<\/p>\n","protected":false},"author":7,"featured_media":13269,"comment_status":"closed","ping_status":"","sticky":false,"template":"","format":"standard","meta":{"footnotes":""},"categories":[273],"tags":[767,491,288,309,1104],"cores-categorias":[],"class_list":["post-13267","post","type-post","status-publish","format-standard","has-post-thumbnail","hentry","category-policia","tag-hospital","tag-incendio","tag-pernambuco","tag-recife","tag-uti"],"yoast_head":"<!-- This site is optimized with the Yoast SEO plugin v27.2 - https:\/\/yoast.com\/product\/yoast-seo-wordpress\/ -->\n<title>Princ\u00edpio de inc\u00eandio no Hospital Bar\u00e3o de Lucena assusta funcion\u00e1rios e pacientes e deixa setores sem energia el\u00e9trica - Jornal Fato Novo<\/title>\n<meta name=\"robots\" content=\"index, follow, max-snippet:-1, max-image-preview:large, max-video-preview:-1\" \/>\n<link rel=\"canonical\" href=\"https:\/\/tvnova.tv.br\/jornalfatonovo\/principio-de-incendio-no-hospital-barao-de-lucena-assusta-funcionarios-e-pacientes-e-deixa-setores-sem-energia-eletrica\/\" \/>\n<meta property=\"og:locale\" content=\"pt_BR\" \/>\n<meta property=\"og:type\" content=\"article\" \/>\n<meta property=\"og:title\" content=\"Princ\u00edpio de inc\u00eandio no Hospital Bar\u00e3o de Lucena assusta funcion\u00e1rios e pacientes e deixa setores sem energia el\u00e9trica - Jornal Fato Novo\" \/>\n<meta property=\"og:description\" content=\"&nbsp; Por Charlene Santos &nbsp; Na manh\u00e3 desta ter\u00e7a-feira (28), um princ\u00edpio de inc\u00eandio no Hospital Bar\u00e3o de Lucena, na Iputinga, Zona Oeste do Recife, assustou funcion\u00e1rios e pacientes, que estavam no\u00a0 quarto andar da unidade hospitalar.\u00a0 V\u00eddeos que circulam nas redes sociais mostram muita fuma\u00e7a no local. Segundo testemunhas, o princ\u00edpio de inc\u00eandio aconteceu [&hellip;]\" \/>\n<meta property=\"og:url\" content=\"https:\/\/tvnova.tv.br\/jornalfatonovo\/principio-de-incendio-no-hospital-barao-de-lucena-assusta-funcionarios-e-pacientes-e-deixa-setores-sem-energia-eletrica\/\" \/>\n<meta property=\"og:site_name\" content=\"Jornal Fato Novo\" \/>\n<meta property=\"article:publisher\" content=\"https:\/\/www.facebook.com\/tvnovanordeste\/\" \/>\n<meta property=\"article:published_time\" content=\"2023-11-28T19:16:55+00:00\" \/>\n<meta property=\"article:modified_time\" content=\"2023-11-28T19:25:27+00:00\" \/>\n<meta property=\"og:image\" content=\"https:\/\/tvnova.tv.br\/jornalfatonovo\/wp-content\/uploads\/2023\/11\/WhatsApp-Image-2023-11-28-at-16.20.12.jpeg\" \/>\n\t<meta property=\"og:image:width\" content=\"1315\" \/>\n\t<meta property=\"og:image:height\" content=\"908\" \/>\n\t<meta property=\"og:image:type\" content=\"image\/jpeg\" \/>\n<meta name=\"author\" content=\"Charlene Santos\" \/>\n<meta name=\"twitter:card\" content=\"summary_large_image\" \/>\n<meta name=\"twitter:creator\" content=\"@tvnovanordeste\" \/>\n<meta name=\"twitter:site\" content=\"@tvnovanordeste\" \/>\n<meta name=\"twitter:label1\" content=\"Escrito por\" \/>\n\t<meta name=\"twitter:data1\" content=\"Charlene Santos\" \/>\n\t<meta name=\"twitter:label2\" content=\"Est. tempo de leitura\" \/>\n\t<meta name=\"twitter:data2\" content=\"1 minuto\" \/>\n<script type=\"application\/ld+json\" class=\"yoast-schema-graph\">{\"@context\":\"https:\/\/schema.org\",\"@graph\":[{\"@type\":\"Article\",\"@id\":\"https:\/\/tvnova.tv.br\/jornalfatonovo\/principio-de-incendio-no-hospital-barao-de-lucena-assusta-funcionarios-e-pacientes-e-deixa-setores-sem-energia-eletrica\/#article\",\"isPartOf\":{\"@id\":\"https:\/\/tvnova.tv.br\/jornalfatonovo\/principio-de-incendio-no-hospital-barao-de-lucena-assusta-funcionarios-e-pacientes-e-deixa-setores-sem-energia-eletrica\/\"},\"author\":{\"name\":\"Charlene Santos\",\"@id\":\"https:\/\/tvnova.tv.br\/jornalfatonovo\/#\/schema\/person\/719f51f1aacdbfd5c6fdc444c3bcd6ff\"},\"headline\":\"Princ\u00edpio de inc\u00eandio no Hospital Bar\u00e3o de Lucena assusta funcion\u00e1rios e pacientes e deixa setores sem energia el\u00e9trica\",\"datePublished\":\"2023-11-28T19:16:55+00:00\",\"dateModified\":\"2023-11-28T19:25:27+00:00\",\"mainEntityOfPage\":{\"@id\":\"https:\/\/tvnova.tv.br\/jornalfatonovo\/principio-de-incendio-no-hospital-barao-de-lucena-assusta-funcionarios-e-pacientes-e-deixa-setores-sem-energia-eletrica\/\"},\"wordCount\":163,\"publisher\":{\"@id\":\"https:\/\/tvnova.tv.br\/jornalfatonovo\/#organization\"},\"image\":{\"@id\":\"https:\/\/tvnova.tv.br\/jornalfatonovo\/principio-de-incendio-no-hospital-barao-de-lucena-assusta-funcionarios-e-pacientes-e-deixa-setores-sem-energia-eletrica\/#primaryimage\"},\"thumbnailUrl\":\"https:\/\/tvnova.tv.br\/jornalfatonovo\/wp-content\/uploads\/2023\/11\/WhatsApp-Image-2023-11-28-at-16.20.12.jpeg\",\"keywords\":[\"Hospital\",\"Inc\u00eandio\",\"Pernambuco\",\"Recife\",\"UTI\"],\"articleSection\":[\"Pol\u00edcia\"],\"inLanguage\":\"pt-BR\"},{\"@type\":\"WebPage\",\"@id\":\"https:\/\/tvnova.tv.br\/jornalfatonovo\/principio-de-incendio-no-hospital-barao-de-lucena-assusta-funcionarios-e-pacientes-e-deixa-setores-sem-energia-eletrica\/\",\"url\":\"https:\/\/tvnova.tv.br\/jornalfatonovo\/principio-de-incendio-no-hospital-barao-de-lucena-assusta-funcionarios-e-pacientes-e-deixa-setores-sem-energia-eletrica\/\",\"name\":\"Princ\u00edpio de inc\u00eandio no Hospital Bar\u00e3o de Lucena assusta funcion\u00e1rios e pacientes e deixa setores sem energia el\u00e9trica - Jornal Fato Novo\",\"isPartOf\":{\"@id\":\"https:\/\/tvnova.tv.br\/jornalfatonovo\/#website\"},\"primaryImageOfPage\":{\"@id\":\"https:\/\/tvnova.tv.br\/jornalfatonovo\/principio-de-incendio-no-hospital-barao-de-lucena-assusta-funcionarios-e-pacientes-e-deixa-setores-sem-energia-eletrica\/#primaryimage\"},\"image\":{\"@id\":\"https:\/\/tvnova.tv.br\/jornalfatonovo\/principio-de-incendio-no-hospital-barao-de-lucena-assusta-funcionarios-e-pacientes-e-deixa-setores-sem-energia-eletrica\/#primaryimage\"},\"thumbnailUrl\":\"https:\/\/tvnova.tv.br\/jornalfatonovo\/wp-content\/uploads\/2023\/11\/WhatsApp-Image-2023-11-28-at-16.20.12.jpeg\",\"datePublished\":\"2023-11-28T19:16:55+00:00\",\"dateModified\":\"2023-11-28T19:25:27+00:00\",\"breadcrumb\":{\"@id\":\"https:\/\/tvnova.tv.br\/jornalfatonovo\/principio-de-incendio-no-hospital-barao-de-lucena-assusta-funcionarios-e-pacientes-e-deixa-setores-sem-energia-eletrica\/#breadcrumb\"},\"inLanguage\":\"pt-BR\",\"potentialAction\":[{\"@type\":\"ReadAction\",\"target\":[\"https:\/\/tvnova.tv.br\/jornalfatonovo\/principio-de-incendio-no-hospital-barao-de-lucena-assusta-funcionarios-e-pacientes-e-deixa-setores-sem-energia-eletrica\/\"]}]},{\"@type\":\"ImageObject\",\"inLanguage\":\"pt-BR\",\"@id\":\"https:\/\/tvnova.tv.br\/jornalfatonovo\/principio-de-incendio-no-hospital-barao-de-lucena-assusta-funcionarios-e-pacientes-e-deixa-setores-sem-energia-eletrica\/#primaryimage\",\"url\":\"https:\/\/tvnova.tv.br\/jornalfatonovo\/wp-content\/uploads\/2023\/11\/WhatsApp-Image-2023-11-28-at-16.20.12.jpeg\",\"contentUrl\":\"https:\/\/tvnova.tv.br\/jornalfatonovo\/wp-content\/uploads\/2023\/11\/WhatsApp-Image-2023-11-28-at-16.20.12.jpeg\",\"width\":1315,\"height\":908},{\"@type\":\"BreadcrumbList\",\"@id\":\"https:\/\/tvnova.tv.br\/jornalfatonovo\/principio-de-incendio-no-hospital-barao-de-lucena-assusta-funcionarios-e-pacientes-e-deixa-setores-sem-energia-eletrica\/#breadcrumb\",\"itemListElement\":[{\"@type\":\"ListItem\",\"position\":1,\"name\":\"In\u00edcio\",\"item\":\"https:\/\/tvnova.tv.br\/jornalfatonovo\/\"},{\"@type\":\"ListItem\",\"position\":2,\"name\":\"Princ\u00edpio de inc\u00eandio no Hospital Bar\u00e3o de Lucena assusta funcion\u00e1rios e pacientes e deixa setores sem energia el\u00e9trica\"}]},{\"@type\":\"WebSite\",\"@id\":\"https:\/\/tvnova.tv.br\/jornalfatonovo\/#website\",\"url\":\"https:\/\/tvnova.tv.br\/jornalfatonovo\/\",\"name\":\"Jornal Fato Novo\",\"description\":\"Acompanhe as not\u00edcias de Pernambuco\",\"publisher\":{\"@id\":\"https:\/\/tvnova.tv.br\/jornalfatonovo\/#organization\"},\"potentialAction\":[{\"@type\":\"SearchAction\",\"target\":{\"@type\":\"EntryPoint\",\"urlTemplate\":\"https:\/\/tvnova.tv.br\/jornalfatonovo\/?s={search_term_string}\"},\"query-input\":{\"@type\":\"PropertyValueSpecification\",\"valueRequired\":true,\"valueName\":\"search_term_string\"}}],\"inLanguage\":\"pt-BR\"},{\"@type\":\"Organization\",\"@id\":\"https:\/\/tvnova.tv.br\/jornalfatonovo\/#organization\",\"name\":\"Jornal Fato Novo\",\"url\":\"https:\/\/tvnova.tv.br\/jornalfatonovo\/\",\"logo\":{\"@type\":\"ImageObject\",\"inLanguage\":\"pt-BR\",\"@id\":\"https:\/\/tvnova.tv.br\/jornalfatonovo\/#\/schema\/logo\/image\/\",\"url\":\"https:\/\/tvnova.tv.br\/jornalfatonovo1\/wp-content\/uploads\/2023\/04\/FATO-NOVO-1.png\",\"contentUrl\":\"https:\/\/tvnova.tv.br\/jornalfatonovo1\/wp-content\/uploads\/2023\/04\/FATO-NOVO-1.png\",\"width\":200,\"height\":60,\"caption\":\"Jornal Fato Novo\"},\"image\":{\"@id\":\"https:\/\/tvnova.tv.br\/jornalfatonovo\/#\/schema\/logo\/image\/\"},\"sameAs\":[\"https:\/\/www.facebook.com\/tvnovanordeste\/\",\"https:\/\/x.com\/tvnovanordeste\",\"https:\/\/www.instagram.com\/jornalfatonovope\/\"]},{\"@type\":\"Person\",\"@id\":\"https:\/\/tvnova.tv.br\/jornalfatonovo\/#\/schema\/person\/719f51f1aacdbfd5c6fdc444c3bcd6ff\",\"name\":\"Charlene Santos\",\"url\":\"https:\/\/tvnova.tv.br\/jornalfatonovo\/author\/charlene\/\"}]}<\/script>\n<!-- \/ Yoast SEO plugin. -->","yoast_head_json":{"title":"Princ\u00edpio de inc\u00eandio no Hospital Bar\u00e3o de Lucena assusta funcion\u00e1rios e pacientes e deixa setores sem energia el\u00e9trica - Jornal Fato Novo","robots":{"index":"index","follow":"follow","max-snippet":"max-snippet:-1","max-image-preview":"max-image-preview:large","max-video-preview":"max-video-preview:-1"},"canonical":"https:\/\/tvnova.tv.br\/jornalfatonovo\/principio-de-incendio-no-hospital-barao-de-lucena-assusta-funcionarios-e-pacientes-e-deixa-setores-sem-energia-eletrica\/","og_locale":"pt_BR","og_type":"article","og_title":"Princ\u00edpio de inc\u00eandio no Hospital Bar\u00e3o de Lucena assusta funcion\u00e1rios e pacientes e deixa setores sem energia el\u00e9trica - Jornal Fato Novo","og_description":"&nbsp; Por Charlene Santos &nbsp; Na manh\u00e3 desta ter\u00e7a-feira (28), um princ\u00edpio de inc\u00eandio no Hospital Bar\u00e3o de Lucena, na Iputinga, Zona Oeste do Recife, assustou funcion\u00e1rios e pacientes, que estavam no\u00a0 quarto andar da unidade hospitalar.\u00a0 V\u00eddeos que circulam nas redes sociais mostram muita fuma\u00e7a no local. Segundo testemunhas, o princ\u00edpio de inc\u00eandio aconteceu [&hellip;]","og_url":"https:\/\/tvnova.tv.br\/jornalfatonovo\/principio-de-incendio-no-hospital-barao-de-lucena-assusta-funcionarios-e-pacientes-e-deixa-setores-sem-energia-eletrica\/","og_site_name":"Jornal Fato Novo","article_publisher":"https:\/\/www.facebook.com\/tvnovanordeste\/","article_published_time":"2023-11-28T19:16:55+00:00","article_modified_time":"2023-11-28T19:25:27+00:00","og_image":[{"width":1315,"height":908,"url":"https:\/\/tvnova.tv.br\/jornalfatonovo\/wp-content\/uploads\/2023\/11\/WhatsApp-Image-2023-11-28-at-16.20.12.jpeg","type":"image\/jpeg"}],"author":"Charlene Santos","twitter_card":"summary_large_image","twitter_creator":"@tvnovanordeste","twitter_site":"@tvnovanordeste","twitter_misc":{"Escrito por":"Charlene Santos","Est. tempo de leitura":"1 minuto"},"schema":{"@context":"https:\/\/schema.org","@graph":[{"@type":"Article","@id":"https:\/\/tvnova.tv.br\/jornalfatonovo\/principio-de-incendio-no-hospital-barao-de-lucena-assusta-funcionarios-e-pacientes-e-deixa-setores-sem-energia-eletrica\/#article","isPartOf":{"@id":"https:\/\/tvnova.tv.br\/jornalfatonovo\/principio-de-incendio-no-hospital-barao-de-lucena-assusta-funcionarios-e-pacientes-e-deixa-setores-sem-energia-eletrica\/"},"author":{"name":"Charlene Santos","@id":"https:\/\/tvnova.tv.br\/jornalfatonovo\/#\/schema\/person\/719f51f1aacdbfd5c6fdc444c3bcd6ff"},"headline":"Princ\u00edpio de inc\u00eandio no Hospital Bar\u00e3o de Lucena assusta funcion\u00e1rios e pacientes e deixa setores sem energia el\u00e9trica","datePublished":"2023-11-28T19:16:55+00:00","dateModified":"2023-11-28T19:25:27+00:00","mainEntityOfPage":{"@id":"https:\/\/tvnova.tv.br\/jornalfatonovo\/principio-de-incendio-no-hospital-barao-de-lucena-assusta-funcionarios-e-pacientes-e-deixa-setores-sem-energia-eletrica\/"},"wordCount":163,"publisher":{"@id":"https:\/\/tvnova.tv.br\/jornalfatonovo\/#organization"},"image":{"@id":"https:\/\/tvnova.tv.br\/jornalfatonovo\/principio-de-incendio-no-hospital-barao-de-lucena-assusta-funcionarios-e-pacientes-e-deixa-setores-sem-energia-eletrica\/#primaryimage"},"thumbnailUrl":"https:\/\/tvnova.tv.br\/jornalfatonovo\/wp-content\/uploads\/2023\/11\/WhatsApp-Image-2023-11-28-at-16.20.12.jpeg","keywords":["Hospital","Inc\u00eandio","Pernambuco","Recife","UTI"],"articleSection":["Pol\u00edcia"],"inLanguage":"pt-BR"},{"@type":"WebPage","@id":"https:\/\/tvnova.tv.br\/jornalfatonovo\/principio-de-incendio-no-hospital-barao-de-lucena-assusta-funcionarios-e-pacientes-e-deixa-setores-sem-energia-eletrica\/","url":"https:\/\/tvnova.tv.br\/jornalfatonovo\/principio-de-incendio-no-hospital-barao-de-lucena-assusta-funcionarios-e-pacientes-e-deixa-setores-sem-energia-eletrica\/","name":"Princ\u00edpio de inc\u00eandio no Hospital Bar\u00e3o de Lucena assusta funcion\u00e1rios e pacientes e deixa setores sem energia el\u00e9trica - Jornal Fato Novo","isPartOf":{"@id":"https:\/\/tvnova.tv.br\/jornalfatonovo\/#website"},"primaryImageOfPage":{"@id":"https:\/\/tvnova.tv.br\/jornalfatonovo\/principio-de-incendio-no-hospital-barao-de-lucena-assusta-funcionarios-e-pacientes-e-deixa-setores-sem-energia-eletrica\/#primaryimage"},"image":{"@id":"https:\/\/tvnova.tv.br\/jornalfatonovo\/principio-de-incendio-no-hospital-barao-de-lucena-assusta-funcionarios-e-pacientes-e-deixa-setores-sem-energia-eletrica\/#primaryimage"},"thumbnailUrl":"https:\/\/tvnova.tv.br\/jornalfatonovo\/wp-content\/uploads\/2023\/11\/WhatsApp-Image-2023-11-28-at-16.20.12.jpeg","datePublished":"2023-11-28T19:16:55+00:00","dateModified":"2023-11-28T19:25:27+00:00","breadcrumb":{"@id":"https:\/\/tvnova.tv.br\/jornalfatonovo\/principio-de-incendio-no-hospital-barao-de-lucena-assusta-funcionarios-e-pacientes-e-deixa-setores-sem-energia-eletrica\/#breadcrumb"},"inLanguage":"pt-BR","potentialAction":[{"@type":"ReadAction","target":["https:\/\/tvnova.tv.br\/jornalfatonovo\/principio-de-incendio-no-hospital-barao-de-lucena-assusta-funcionarios-e-pacientes-e-deixa-setores-sem-energia-eletrica\/"]}]},{"@type":"ImageObject","inLanguage":"pt-BR","@id":"https:\/\/tvnova.tv.br\/jornalfatonovo\/principio-de-incendio-no-hospital-barao-de-lucena-assusta-funcionarios-e-pacientes-e-deixa-setores-sem-energia-eletrica\/#primaryimage","url":"https:\/\/tvnova.tv.br\/jornalfatonovo\/wp-content\/uploads\/2023\/11\/WhatsApp-Image-2023-11-28-at-16.20.12.jpeg","contentUrl":"https:\/\/tvnova.tv.br\/jornalfatonovo\/wp-content\/uploads\/2023\/11\/WhatsApp-Image-2023-11-28-at-16.20.12.jpeg","width":1315,"height":908},{"@type":"BreadcrumbList","@id":"https:\/\/tvnova.tv.br\/jornalfatonovo\/principio-de-incendio-no-hospital-barao-de-lucena-assusta-funcionarios-e-pacientes-e-deixa-setores-sem-energia-eletrica\/#breadcrumb","itemListElement":[{"@type":"ListItem","position":1,"name":"In\u00edcio","item":"https:\/\/tvnova.tv.br\/jornalfatonovo\/"},{"@type":"ListItem","position":2,"name":"Princ\u00edpio de inc\u00eandio no Hospital Bar\u00e3o de Lucena assusta funcion\u00e1rios e pacientes e deixa setores sem energia el\u00e9trica"}]},{"@type":"WebSite","@id":"https:\/\/tvnova.tv.br\/jornalfatonovo\/#website","url":"https:\/\/tvnova.tv.br\/jornalfatonovo\/","name":"Jornal Fato Novo","description":"Acompanhe as not\u00edcias de Pernambuco","publisher":{"@id":"https:\/\/tvnova.tv.br\/jornalfatonovo\/#organization"},"potentialAction":[{"@type":"SearchAction","target":{"@type":"EntryPoint","urlTemplate":"https:\/\/tvnova.tv.br\/jornalfatonovo\/?s={search_term_string}"},"query-input":{"@type":"PropertyValueSpecification","valueRequired":true,"valueName":"search_term_string"}}],"inLanguage":"pt-BR"},{"@type":"Organization","@id":"https:\/\/tvnova.tv.br\/jornalfatonovo\/#organization","name":"Jornal Fato Novo","url":"https:\/\/tvnova.tv.br\/jornalfatonovo\/","logo":{"@type":"ImageObject","inLanguage":"pt-BR","@id":"https:\/\/tvnova.tv.br\/jornalfatonovo\/#\/schema\/logo\/image\/","url":"https:\/\/tvnova.tv.br\/jornalfatonovo1\/wp-content\/uploads\/2023\/04\/FATO-NOVO-1.png","contentUrl":"https:\/\/tvnova.tv.br\/jornalfatonovo1\/wp-content\/uploads\/2023\/04\/FATO-NOVO-1.png","width":200,"height":60,"caption":"Jornal Fato Novo"},"image":{"@id":"https:\/\/tvnova.tv.br\/jornalfatonovo\/#\/schema\/logo\/image\/"},"sameAs":["https:\/\/www.facebook.com\/tvnovanordeste\/","https:\/\/x.com\/tvnovanordeste","https:\/\/www.instagram.com\/jornalfatonovope\/"]},{"@type":"Person","@id":"https:\/\/tvnova.tv.br\/jornalfatonovo\/#\/schema\/person\/719f51f1aacdbfd5c6fdc444c3bcd6ff","name":"Charlene Santos","url":"https:\/\/tvnova.tv.br\/jornalfatonovo\/author\/charlene\/"}]}},"_links":{"self":[{"href":"https:\/\/tvnova.tv.br\/jornalfatonovo\/wp-json\/wp\/v2\/posts\/13267","targetHints":{"allow":["GET"]}}],"collection":[{"href":"https:\/\/tvnova.tv.br\/jornalfatonovo\/wp-json\/wp\/v2\/posts"}],"about":[{"href":"https:\/\/tvnova.tv.br\/jornalfatonovo\/wp-json\/wp\/v2\/types\/post"}],"author":[{"embeddable":true,"href":"https:\/\/tvnova.tv.br\/jornalfatonovo\/wp-json\/wp\/v2\/users\/7"}],"replies":[{"embeddable":true,"href":"https:\/\/tvnova.tv.br\/jornalfatonovo\/wp-json\/wp\/v2\/comments?post=13267"}],"version-history":[{"count":3,"href":"https:\/\/tvnova.tv.br\/jornalfatonovo\/wp-json\/wp\/v2\/posts\/13267\/revisions"}],"predecessor-version":[{"id":13271,"href":"https:\/\/tvnova.tv.br\/jornalfatonovo\/wp-json\/wp\/v2\/posts\/13267\/revisions\/13271"}],"wp:featuredmedia":[{"embeddable":true,"href":"https:\/\/tvnova.tv.br\/jornalfatonovo\/wp-json\/wp\/v2\/media\/13269"}],"wp:attachment":[{"href":"https:\/\/tvnova.tv.br\/jornalfatonovo\/wp-json\/wp\/v2\/media?parent=13267"}],"wp:term":[{"taxonomy":"category","embeddable":true,"href":"https:\/\/tvnova.tv.br\/jornalfatonovo\/wp-json\/wp\/v2\/categories?post=13267"},{"taxonomy":"post_tag","embeddable":true,"href":"https:\/\/tvnova.tv.br\/jornalfatonovo\/wp-json\/wp\/v2\/tags?post=13267"},{"taxonomy":"cores-categorias","embeddable":true,"href":"https:\/\/tvnova.tv.br\/jornalfatonovo\/wp-json\/wp\/v2\/cores-categorias?post=13267"}],"curies":[{"name":"wp","href":"https:\/\/api.w.org\/{rel}","templated":true}]}}