{"id":13302,"date":"2023-11-29T11:48:08","date_gmt":"2023-11-29T14:48:08","guid":{"rendered":"https:\/\/tvnova.tv.br\/jornalfatonovo\/?p=13302"},"modified":"2023-11-29T11:55:18","modified_gmt":"2023-11-29T14:55:18","slug":"mulher-e-presa-por-perseguir-filhas-apos-crime-de-exploracao-sexual-e-uso-de-drogas","status":"publish","type":"post","link":"https:\/\/tvnova.tv.br\/jornalfatonovo\/mulher-e-presa-por-perseguir-filhas-apos-crime-de-exploracao-sexual-e-uso-de-drogas\/","title":{"rendered":"MULHER \u00c9 PRESA POR PERSEGUIR FILHAS AP\u00d3S CRIME DE EXPLORA\u00c7\u00c3O SEXUAL E USO DE DROGAS"},"content":{"rendered":"<p><em>*Por Gabriel Couto<\/em><\/p>\n<p>Uma mulher, cujo nome n\u00e3o foi divulgado, foi detida pela Pol\u00edcia Civil da Delegacia da V\u00e1rzea, na Zona Oeste do Recife, nesta quarta-feira (29), ap\u00f3s ter sido acusada de persegui\u00e7\u00e3o \u00e0s suas filhas de 10 e 12 anos. O caso ganha destaque pela gravidade, j\u00e1 que a suspeita perdeu a guarda das crian\u00e7as ap\u00f3s ter sido acusada de obrig\u00e1-las a se prostitu\u00edrem como meio de sustentar seu v\u00edcio em crack.<\/p>\n<p>O afastamento da m\u00e3e do conv\u00edvio com as filhas ocorreu devido \u00e0 pr\u00e1tica do crime de explora\u00e7\u00e3o sexual das crian\u00e7as. A decis\u00e3o foi tomada ap\u00f3s den\u00fancias feitas por familiares, indicando que a mulher levava as meninas a um local de prostitui\u00e7\u00e3o. As v\u00edtimas foram entregues a parentes, desencadeando uma s\u00e9rie de amea\u00e7as por parte da suspeita na tentativa de recuperar a guarda.<\/p>\n<p>Diante das amea\u00e7as persistentes, os parentes denunciaram novamente a mulher \u00e0 pol\u00edcia. Ap\u00f3s dilig\u00eancias, a acusada foi presa e autuada por persegui\u00e7\u00e3o. Al\u00e9m disso, as autoridades planejam autu\u00e1-la pelos crimes de estupro de vulner\u00e1vel e explora\u00e7\u00e3o sexual de menores, aprofundando ainda mais as repercuss\u00f5es do caso. A situa\u00e7\u00e3o revela a complexidade do sistema de prote\u00e7\u00e3o \u00e0 inf\u00e2ncia diante de casos t\u00e3o sens\u00edveis e alarmantes.<\/p>\n<p>*estagi\u00e1rio sob supervis\u00e3o<\/p>\n","protected":false},"excerpt":{"rendered":"<p>*Por Gabriel Couto Uma mulher, cujo nome n\u00e3o foi divulgado, foi detida pela Pol\u00edcia Civil da Delegacia da V\u00e1rzea, na Zona Oeste do Recife, nesta quarta-feira (29), ap\u00f3s ter sido acusada de persegui\u00e7\u00e3o \u00e0s suas filhas de 10 e 12 anos. O caso ganha destaque pela gravidade, j\u00e1 que a suspeita perdeu a guarda das [&hellip;]<\/p>\n","protected":false},"author":6,"featured_media":13307,"comment_status":"closed","ping_status":"","sticky":false,"template":"","format":"standard","meta":{"footnotes":""},"categories":[273],"tags":[2071,2070,468],"cores-categorias":[],"class_list":["post-13302","post","type-post","status-publish","format-standard","has-post-thumbnail","hentry","category-policia","tag-exploracao-sexual","tag-filhas","tag-mae"],"yoast_head":"<!-- This site is optimized with the Yoast SEO plugin v27.2 - https:\/\/yoast.com\/product\/yoast-seo-wordpress\/ -->\n<title>MULHER \u00c9 PRESA POR PERSEGUIR FILHAS AP\u00d3S CRIME DE EXPLORA\u00c7\u00c3O SEXUAL E USO DE DROGAS - Jornal Fato Novo<\/title>\n<meta name=\"robots\" content=\"index, follow, max-snippet:-1, max-image-preview:large, max-video-preview:-1\" \/>\n<link rel=\"canonical\" href=\"https:\/\/tvnova.tv.br\/jornalfatonovo\/mulher-e-presa-por-perseguir-filhas-apos-crime-de-exploracao-sexual-e-uso-de-drogas\/\" \/>\n<meta property=\"og:locale\" content=\"pt_BR\" \/>\n<meta property=\"og:type\" content=\"article\" \/>\n<meta property=\"og:title\" content=\"MULHER \u00c9 PRESA POR PERSEGUIR FILHAS AP\u00d3S CRIME DE EXPLORA\u00c7\u00c3O SEXUAL E USO DE DROGAS - Jornal Fato Novo\" \/>\n<meta property=\"og:description\" content=\"*Por Gabriel Couto Uma mulher, cujo nome n\u00e3o foi divulgado, foi detida pela Pol\u00edcia Civil da Delegacia da V\u00e1rzea, na Zona Oeste do Recife, nesta quarta-feira (29), ap\u00f3s ter sido acusada de persegui\u00e7\u00e3o \u00e0s suas filhas de 10 e 12 anos. O caso ganha destaque pela gravidade, j\u00e1 que a suspeita perdeu a guarda das [&hellip;]\" \/>\n<meta property=\"og:url\" content=\"https:\/\/tvnova.tv.br\/jornalfatonovo\/mulher-e-presa-por-perseguir-filhas-apos-crime-de-exploracao-sexual-e-uso-de-drogas\/\" \/>\n<meta property=\"og:site_name\" content=\"Jornal Fato Novo\" \/>\n<meta property=\"article:publisher\" content=\"https:\/\/www.facebook.com\/tvnovanordeste\/\" \/>\n<meta property=\"article:published_time\" content=\"2023-11-29T14:48:08+00:00\" \/>\n<meta property=\"article:modified_time\" content=\"2023-11-29T14:55:18+00:00\" \/>\n<meta name=\"author\" content=\"Victoria Campos\" \/>\n<meta name=\"twitter:card\" content=\"summary_large_image\" \/>\n<meta name=\"twitter:creator\" content=\"@tvnovanordeste\" \/>\n<meta name=\"twitter:site\" content=\"@tvnovanordeste\" \/>\n<meta name=\"twitter:label1\" content=\"Escrito por\" \/>\n\t<meta name=\"twitter:data1\" content=\"Victoria Campos\" \/>\n\t<meta name=\"twitter:label2\" content=\"Est. tempo de leitura\" \/>\n\t<meta name=\"twitter:data2\" content=\"1 minuto\" \/>\n<script type=\"application\/ld+json\" class=\"yoast-schema-graph\">{\"@context\":\"https:\/\/schema.org\",\"@graph\":[{\"@type\":\"Article\",\"@id\":\"https:\/\/tvnova.tv.br\/jornalfatonovo\/mulher-e-presa-por-perseguir-filhas-apos-crime-de-exploracao-sexual-e-uso-de-drogas\/#article\",\"isPartOf\":{\"@id\":\"https:\/\/tvnova.tv.br\/jornalfatonovo\/mulher-e-presa-por-perseguir-filhas-apos-crime-de-exploracao-sexual-e-uso-de-drogas\/\"},\"author\":{\"name\":\"Victoria Campos\",\"@id\":\"https:\/\/tvnova.tv.br\/jornalfatonovo\/#\/schema\/person\/91ba9daadb7e96d3cbe5e1b84619be88\"},\"headline\":\"MULHER \u00c9 PRESA POR PERSEGUIR FILHAS AP\u00d3S CRIME DE EXPLORA\u00c7\u00c3O SEXUAL E USO DE DROGAS\",\"datePublished\":\"2023-11-29T14:48:08+00:00\",\"dateModified\":\"2023-11-29T14:55:18+00:00\",\"mainEntityOfPage\":{\"@id\":\"https:\/\/tvnova.tv.br\/jornalfatonovo\/mulher-e-presa-por-perseguir-filhas-apos-crime-de-exploracao-sexual-e-uso-de-drogas\/\"},\"wordCount\":251,\"publisher\":{\"@id\":\"https:\/\/tvnova.tv.br\/jornalfatonovo\/#organization\"},\"image\":{\"@id\":\"https:\/\/tvnova.tv.br\/jornalfatonovo\/mulher-e-presa-por-perseguir-filhas-apos-crime-de-exploracao-sexual-e-uso-de-drogas\/#primaryimage\"},\"thumbnailUrl\":\"https:\/\/tvnova.tv.br\/jornalfatonovo\/wp-content\/uploads\/2023\/11\/g-1.png\",\"keywords\":[\"Explora\u00e7\u00e3o Sexual\",\"Filhas\",\"m\u00e3e\"],\"articleSection\":[\"Pol\u00edcia\"],\"inLanguage\":\"pt-BR\"},{\"@type\":\"WebPage\",\"@id\":\"https:\/\/tvnova.tv.br\/jornalfatonovo\/mulher-e-presa-por-perseguir-filhas-apos-crime-de-exploracao-sexual-e-uso-de-drogas\/\",\"url\":\"https:\/\/tvnova.tv.br\/jornalfatonovo\/mulher-e-presa-por-perseguir-filhas-apos-crime-de-exploracao-sexual-e-uso-de-drogas\/\",\"name\":\"MULHER \u00c9 PRESA POR PERSEGUIR FILHAS AP\u00d3S CRIME DE EXPLORA\u00c7\u00c3O SEXUAL E USO DE DROGAS - Jornal Fato Novo\",\"isPartOf\":{\"@id\":\"https:\/\/tvnova.tv.br\/jornalfatonovo\/#website\"},\"primaryImageOfPage\":{\"@id\":\"https:\/\/tvnova.tv.br\/jornalfatonovo\/mulher-e-presa-por-perseguir-filhas-apos-crime-de-exploracao-sexual-e-uso-de-drogas\/#primaryimage\"},\"image\":{\"@id\":\"https:\/\/tvnova.tv.br\/jornalfatonovo\/mulher-e-presa-por-perseguir-filhas-apos-crime-de-exploracao-sexual-e-uso-de-drogas\/#primaryimage\"},\"thumbnailUrl\":\"https:\/\/tvnova.tv.br\/jornalfatonovo\/wp-content\/uploads\/2023\/11\/g-1.png\",\"datePublished\":\"2023-11-29T14:48:08+00:00\",\"dateModified\":\"2023-11-29T14:55:18+00:00\",\"breadcrumb\":{\"@id\":\"https:\/\/tvnova.tv.br\/jornalfatonovo\/mulher-e-presa-por-perseguir-filhas-apos-crime-de-exploracao-sexual-e-uso-de-drogas\/#breadcrumb\"},\"inLanguage\":\"pt-BR\",\"potentialAction\":[{\"@type\":\"ReadAction\",\"target\":[\"https:\/\/tvnova.tv.br\/jornalfatonovo\/mulher-e-presa-por-perseguir-filhas-apos-crime-de-exploracao-sexual-e-uso-de-drogas\/\"]}]},{\"@type\":\"ImageObject\",\"inLanguage\":\"pt-BR\",\"@id\":\"https:\/\/tvnova.tv.br\/jornalfatonovo\/mulher-e-presa-por-perseguir-filhas-apos-crime-de-exploracao-sexual-e-uso-de-drogas\/#primaryimage\",\"url\":\"https:\/\/tvnova.tv.br\/jornalfatonovo\/wp-content\/uploads\/2023\/11\/g-1.png\",\"contentUrl\":\"https:\/\/tvnova.tv.br\/jornalfatonovo\/wp-content\/uploads\/2023\/11\/g-1.png\",\"width\":801,\"height\":532},{\"@type\":\"BreadcrumbList\",\"@id\":\"https:\/\/tvnova.tv.br\/jornalfatonovo\/mulher-e-presa-por-perseguir-filhas-apos-crime-de-exploracao-sexual-e-uso-de-drogas\/#breadcrumb\",\"itemListElement\":[{\"@type\":\"ListItem\",\"position\":1,\"name\":\"In\u00edcio\",\"item\":\"https:\/\/tvnova.tv.br\/jornalfatonovo\/\"},{\"@type\":\"ListItem\",\"position\":2,\"name\":\"MULHER \u00c9 PRESA POR PERSEGUIR FILHAS AP\u00d3S CRIME DE EXPLORA\u00c7\u00c3O SEXUAL E USO DE DROGAS\"}]},{\"@type\":\"WebSite\",\"@id\":\"https:\/\/tvnova.tv.br\/jornalfatonovo\/#website\",\"url\":\"https:\/\/tvnova.tv.br\/jornalfatonovo\/\",\"name\":\"Jornal Fato Novo\",\"description\":\"Acompanhe as not\u00edcias de Pernambuco\",\"publisher\":{\"@id\":\"https:\/\/tvnova.tv.br\/jornalfatonovo\/#organization\"},\"potentialAction\":[{\"@type\":\"SearchAction\",\"target\":{\"@type\":\"EntryPoint\",\"urlTemplate\":\"https:\/\/tvnova.tv.br\/jornalfatonovo\/?s={search_term_string}\"},\"query-input\":{\"@type\":\"PropertyValueSpecification\",\"valueRequired\":true,\"valueName\":\"search_term_string\"}}],\"inLanguage\":\"pt-BR\"},{\"@type\":\"Organization\",\"@id\":\"https:\/\/tvnova.tv.br\/jornalfatonovo\/#organization\",\"name\":\"Jornal Fato Novo\",\"url\":\"https:\/\/tvnova.tv.br\/jornalfatonovo\/\",\"logo\":{\"@type\":\"ImageObject\",\"inLanguage\":\"pt-BR\",\"@id\":\"https:\/\/tvnova.tv.br\/jornalfatonovo\/#\/schema\/logo\/image\/\",\"url\":\"https:\/\/tvnova.tv.br\/jornalfatonovo1\/wp-content\/uploads\/2023\/04\/FATO-NOVO-1.png\",\"contentUrl\":\"https:\/\/tvnova.tv.br\/jornalfatonovo1\/wp-content\/uploads\/2023\/04\/FATO-NOVO-1.png\",\"width\":200,\"height\":60,\"caption\":\"Jornal Fato Novo\"},\"image\":{\"@id\":\"https:\/\/tvnova.tv.br\/jornalfatonovo\/#\/schema\/logo\/image\/\"},\"sameAs\":[\"https:\/\/www.facebook.com\/tvnovanordeste\/\",\"https:\/\/x.com\/tvnovanordeste\",\"https:\/\/www.instagram.com\/jornalfatonovope\/\"]},{\"@type\":\"Person\",\"@id\":\"https:\/\/tvnova.tv.br\/jornalfatonovo\/#\/schema\/person\/91ba9daadb7e96d3cbe5e1b84619be88\",\"name\":\"Victoria Campos\",\"url\":\"https:\/\/tvnova.tv.br\/jornalfatonovo\/author\/victoria\/\"}]}<\/script>\n<!-- \/ Yoast SEO plugin. -->","yoast_head_json":{"title":"MULHER \u00c9 PRESA POR PERSEGUIR FILHAS AP\u00d3S CRIME DE EXPLORA\u00c7\u00c3O SEXUAL E USO DE DROGAS - Jornal Fato Novo","robots":{"index":"index","follow":"follow","max-snippet":"max-snippet:-1","max-image-preview":"max-image-preview:large","max-video-preview":"max-video-preview:-1"},"canonical":"https:\/\/tvnova.tv.br\/jornalfatonovo\/mulher-e-presa-por-perseguir-filhas-apos-crime-de-exploracao-sexual-e-uso-de-drogas\/","og_locale":"pt_BR","og_type":"article","og_title":"MULHER \u00c9 PRESA POR PERSEGUIR FILHAS AP\u00d3S CRIME DE EXPLORA\u00c7\u00c3O SEXUAL E USO DE DROGAS - Jornal Fato Novo","og_description":"*Por Gabriel Couto Uma mulher, cujo nome n\u00e3o foi divulgado, foi detida pela Pol\u00edcia Civil da Delegacia da V\u00e1rzea, na Zona Oeste do Recife, nesta quarta-feira (29), ap\u00f3s ter sido acusada de persegui\u00e7\u00e3o \u00e0s suas filhas de 10 e 12 anos. O caso ganha destaque pela gravidade, j\u00e1 que a suspeita perdeu a guarda das [&hellip;]","og_url":"https:\/\/tvnova.tv.br\/jornalfatonovo\/mulher-e-presa-por-perseguir-filhas-apos-crime-de-exploracao-sexual-e-uso-de-drogas\/","og_site_name":"Jornal Fato Novo","article_publisher":"https:\/\/www.facebook.com\/tvnovanordeste\/","article_published_time":"2023-11-29T14:48:08+00:00","article_modified_time":"2023-11-29T14:55:18+00:00","author":"Victoria Campos","twitter_card":"summary_large_image","twitter_creator":"@tvnovanordeste","twitter_site":"@tvnovanordeste","twitter_misc":{"Escrito por":"Victoria Campos","Est. tempo de leitura":"1 minuto"},"schema":{"@context":"https:\/\/schema.org","@graph":[{"@type":"Article","@id":"https:\/\/tvnova.tv.br\/jornalfatonovo\/mulher-e-presa-por-perseguir-filhas-apos-crime-de-exploracao-sexual-e-uso-de-drogas\/#article","isPartOf":{"@id":"https:\/\/tvnova.tv.br\/jornalfatonovo\/mulher-e-presa-por-perseguir-filhas-apos-crime-de-exploracao-sexual-e-uso-de-drogas\/"},"author":{"name":"Victoria Campos","@id":"https:\/\/tvnova.tv.br\/jornalfatonovo\/#\/schema\/person\/91ba9daadb7e96d3cbe5e1b84619be88"},"headline":"MULHER \u00c9 PRESA POR PERSEGUIR FILHAS AP\u00d3S CRIME DE EXPLORA\u00c7\u00c3O SEXUAL E USO DE DROGAS","datePublished":"2023-11-29T14:48:08+00:00","dateModified":"2023-11-29T14:55:18+00:00","mainEntityOfPage":{"@id":"https:\/\/tvnova.tv.br\/jornalfatonovo\/mulher-e-presa-por-perseguir-filhas-apos-crime-de-exploracao-sexual-e-uso-de-drogas\/"},"wordCount":251,"publisher":{"@id":"https:\/\/tvnova.tv.br\/jornalfatonovo\/#organization"},"image":{"@id":"https:\/\/tvnova.tv.br\/jornalfatonovo\/mulher-e-presa-por-perseguir-filhas-apos-crime-de-exploracao-sexual-e-uso-de-drogas\/#primaryimage"},"thumbnailUrl":"https:\/\/tvnova.tv.br\/jornalfatonovo\/wp-content\/uploads\/2023\/11\/g-1.png","keywords":["Explora\u00e7\u00e3o Sexual","Filhas","m\u00e3e"],"articleSection":["Pol\u00edcia"],"inLanguage":"pt-BR"},{"@type":"WebPage","@id":"https:\/\/tvnova.tv.br\/jornalfatonovo\/mulher-e-presa-por-perseguir-filhas-apos-crime-de-exploracao-sexual-e-uso-de-drogas\/","url":"https:\/\/tvnova.tv.br\/jornalfatonovo\/mulher-e-presa-por-perseguir-filhas-apos-crime-de-exploracao-sexual-e-uso-de-drogas\/","name":"MULHER \u00c9 PRESA POR PERSEGUIR FILHAS AP\u00d3S CRIME DE EXPLORA\u00c7\u00c3O SEXUAL E USO DE DROGAS - Jornal Fato Novo","isPartOf":{"@id":"https:\/\/tvnova.tv.br\/jornalfatonovo\/#website"},"primaryImageOfPage":{"@id":"https:\/\/tvnova.tv.br\/jornalfatonovo\/mulher-e-presa-por-perseguir-filhas-apos-crime-de-exploracao-sexual-e-uso-de-drogas\/#primaryimage"},"image":{"@id":"https:\/\/tvnova.tv.br\/jornalfatonovo\/mulher-e-presa-por-perseguir-filhas-apos-crime-de-exploracao-sexual-e-uso-de-drogas\/#primaryimage"},"thumbnailUrl":"https:\/\/tvnova.tv.br\/jornalfatonovo\/wp-content\/uploads\/2023\/11\/g-1.png","datePublished":"2023-11-29T14:48:08+00:00","dateModified":"2023-11-29T14:55:18+00:00","breadcrumb":{"@id":"https:\/\/tvnova.tv.br\/jornalfatonovo\/mulher-e-presa-por-perseguir-filhas-apos-crime-de-exploracao-sexual-e-uso-de-drogas\/#breadcrumb"},"inLanguage":"pt-BR","potentialAction":[{"@type":"ReadAction","target":["https:\/\/tvnova.tv.br\/jornalfatonovo\/mulher-e-presa-por-perseguir-filhas-apos-crime-de-exploracao-sexual-e-uso-de-drogas\/"]}]},{"@type":"ImageObject","inLanguage":"pt-BR","@id":"https:\/\/tvnova.tv.br\/jornalfatonovo\/mulher-e-presa-por-perseguir-filhas-apos-crime-de-exploracao-sexual-e-uso-de-drogas\/#primaryimage","url":"https:\/\/tvnova.tv.br\/jornalfatonovo\/wp-content\/uploads\/2023\/11\/g-1.png","contentUrl":"https:\/\/tvnova.tv.br\/jornalfatonovo\/wp-content\/uploads\/2023\/11\/g-1.png","width":801,"height":532},{"@type":"BreadcrumbList","@id":"https:\/\/tvnova.tv.br\/jornalfatonovo\/mulher-e-presa-por-perseguir-filhas-apos-crime-de-exploracao-sexual-e-uso-de-drogas\/#breadcrumb","itemListElement":[{"@type":"ListItem","position":1,"name":"In\u00edcio","item":"https:\/\/tvnova.tv.br\/jornalfatonovo\/"},{"@type":"ListItem","position":2,"name":"MULHER \u00c9 PRESA POR PERSEGUIR FILHAS AP\u00d3S CRIME DE EXPLORA\u00c7\u00c3O SEXUAL E USO DE DROGAS"}]},{"@type":"WebSite","@id":"https:\/\/tvnova.tv.br\/jornalfatonovo\/#website","url":"https:\/\/tvnova.tv.br\/jornalfatonovo\/","name":"Jornal Fato Novo","description":"Acompanhe as not\u00edcias de Pernambuco","publisher":{"@id":"https:\/\/tvnova.tv.br\/jornalfatonovo\/#organization"},"potentialAction":[{"@type":"SearchAction","target":{"@type":"EntryPoint","urlTemplate":"https:\/\/tvnova.tv.br\/jornalfatonovo\/?s={search_term_string}"},"query-input":{"@type":"PropertyValueSpecification","valueRequired":true,"valueName":"search_term_string"}}],"inLanguage":"pt-BR"},{"@type":"Organization","@id":"https:\/\/tvnova.tv.br\/jornalfatonovo\/#organization","name":"Jornal Fato Novo","url":"https:\/\/tvnova.tv.br\/jornalfatonovo\/","logo":{"@type":"ImageObject","inLanguage":"pt-BR","@id":"https:\/\/tvnova.tv.br\/jornalfatonovo\/#\/schema\/logo\/image\/","url":"https:\/\/tvnova.tv.br\/jornalfatonovo1\/wp-content\/uploads\/2023\/04\/FATO-NOVO-1.png","contentUrl":"https:\/\/tvnova.tv.br\/jornalfatonovo1\/wp-content\/uploads\/2023\/04\/FATO-NOVO-1.png","width":200,"height":60,"caption":"Jornal Fato Novo"},"image":{"@id":"https:\/\/tvnova.tv.br\/jornalfatonovo\/#\/schema\/logo\/image\/"},"sameAs":["https:\/\/www.facebook.com\/tvnovanordeste\/","https:\/\/x.com\/tvnovanordeste","https:\/\/www.instagram.com\/jornalfatonovope\/"]},{"@type":"Person","@id":"https:\/\/tvnova.tv.br\/jornalfatonovo\/#\/schema\/person\/91ba9daadb7e96d3cbe5e1b84619be88","name":"Victoria Campos","url":"https:\/\/tvnova.tv.br\/jornalfatonovo\/author\/victoria\/"}]}},"_links":{"self":[{"href":"https:\/\/tvnova.tv.br\/jornalfatonovo\/wp-json\/wp\/v2\/posts\/13302","targetHints":{"allow":["GET"]}}],"collection":[{"href":"https:\/\/tvnova.tv.br\/jornalfatonovo\/wp-json\/wp\/v2\/posts"}],"about":[{"href":"https:\/\/tvnova.tv.br\/jornalfatonovo\/wp-json\/wp\/v2\/types\/post"}],"author":[{"embeddable":true,"href":"https:\/\/tvnova.tv.br\/jornalfatonovo\/wp-json\/wp\/v2\/users\/6"}],"replies":[{"embeddable":true,"href":"https:\/\/tvnova.tv.br\/jornalfatonovo\/wp-json\/wp\/v2\/comments?post=13302"}],"version-history":[{"count":4,"href":"https:\/\/tvnova.tv.br\/jornalfatonovo\/wp-json\/wp\/v2\/posts\/13302\/revisions"}],"predecessor-version":[{"id":13306,"href":"https:\/\/tvnova.tv.br\/jornalfatonovo\/wp-json\/wp\/v2\/posts\/13302\/revisions\/13306"}],"wp:featuredmedia":[{"embeddable":true,"href":"https:\/\/tvnova.tv.br\/jornalfatonovo\/wp-json\/wp\/v2\/media\/13307"}],"wp:attachment":[{"href":"https:\/\/tvnova.tv.br\/jornalfatonovo\/wp-json\/wp\/v2\/media?parent=13302"}],"wp:term":[{"taxonomy":"category","embeddable":true,"href":"https:\/\/tvnova.tv.br\/jornalfatonovo\/wp-json\/wp\/v2\/categories?post=13302"},{"taxonomy":"post_tag","embeddable":true,"href":"https:\/\/tvnova.tv.br\/jornalfatonovo\/wp-json\/wp\/v2\/tags?post=13302"},{"taxonomy":"cores-categorias","embeddable":true,"href":"https:\/\/tvnova.tv.br\/jornalfatonovo\/wp-json\/wp\/v2\/cores-categorias?post=13302"}],"curies":[{"name":"wp","href":"https:\/\/api.w.org\/{rel}","templated":true}]}}