{"id":13607,"date":"2023-12-06T12:19:39","date_gmt":"2023-12-06T15:19:39","guid":{"rendered":"https:\/\/tvnova.tv.br\/jornalfatonovo\/?p=13607"},"modified":"2023-12-06T12:22:42","modified_gmt":"2023-12-06T15:22:42","slug":"angra-apresenta-espetaculo-de-power-metal-no-recife-em-turne-de-cycles-of-pain","status":"publish","type":"post","link":"https:\/\/tvnova.tv.br\/jornalfatonovo\/angra-apresenta-espetaculo-de-power-metal-no-recife-em-turne-de-cycles-of-pain\/","title":{"rendered":"ANGRA APRESENTA ESPET\u00c1CULO DE POWER METAL NO RECIFE EM TURN\u00ca DE &#8220;CYCLES OF PAIN&#8221;"},"content":{"rendered":"<p><em>*Por Gabriel Couto<\/em><\/p>\n<p>A renomada banda brasileira de heavy metal, Angra, est\u00e1 programada para realizar um show no Clube Internacional do Recife, no pr\u00f3ximo s\u00e1bado (9). O\u00a0 evento, bastante aguardado, faz parte da turn\u00ea de lan\u00e7amento do mais recente \u00e1lbum, &#8220;Cycles of Pain&#8221; e tem in\u00edcio \u00e0s 20h.<\/p>\n<p>Durante a performance na cidade pernambucana, a promessa \u00e9 de uma experi\u00eancia musical \u00fanica, mesclando faixas do novo \u00e1lbum e com as cl\u00e1ssicas, como &#8220;Riders of the Storm&#8221; e &#8220;Tides of Changes \u2013 Part II&#8221;, e tamb\u00e9m com novas composi\u00e7\u00f5es, incluindo &#8220;Cycles of Pain&#8221;, &#8220;Here In The Now&#8221; e &#8220;Vida Seca&#8221;. O repert\u00f3rio tamb\u00e9m reserva espa\u00e7o para &#8220;Nothing to Say&#8221;, prevista para abrir o espet\u00e1culo, al\u00e9m de &#8220;Angels Cry&#8221;, &#8220;Rebirth&#8221;, &#8220;Nova Era&#8221; e &#8220;Carry On&#8221;.<\/p>\n<p>Ao longo de seus 32 anos de exist\u00eancia, o Angra atravessou diversas forma\u00e7\u00f5es, consolidando a atual lineup, que permanece unida h\u00e1 oito anos. Composta pelos talentosos guitarristas Rafael Bittencourt e Marcelo Barbosa, o baixista Felipe Andreoli, o habilidoso baterista Bruno Valverde e o experiente vocalista italiano Fabio Lione, cujo curr\u00edculo inclui passagens por bandas como Labyrinth, Athena, Vision Divine e Rhapsody of Fire. Atualmente, Lione tamb\u00e9m divide seu tempo entre o Angra e o Eternal Idol.<\/p>\n<p><strong>SERVI\u00c7O<\/strong><br \/>\nQuando: 9 de dezembro, a partir das 20h<br \/>\nOnde: Clube Internacional do Recife &#8211; R. Benfica, 505 &#8211; Madalena, Recife<br \/>\nIngressos: A partir de R$ 90 no site bilheteriadigital.com<\/p>\n<p><em>*estagi\u00e1rio sob supervis\u00e3o<\/em><\/p>\n","protected":false},"excerpt":{"rendered":"<p>*Por Gabriel Couto A renomada banda brasileira de heavy metal, Angra, est\u00e1 programada para realizar um show no Clube Internacional do Recife, no pr\u00f3ximo s\u00e1bado (9). O\u00a0 evento, bastante aguardado, faz parte da turn\u00ea de lan\u00e7amento do mais recente \u00e1lbum, &#8220;Cycles of Pain&#8221; e tem in\u00edcio \u00e0s 20h. Durante a performance na cidade pernambucana, a [&hellip;]<\/p>\n","protected":false},"author":6,"featured_media":13608,"comment_status":"closed","ping_status":"","sticky":false,"template":"","format":"standard","meta":{"footnotes":""},"categories":[272],"tags":[2140,2139,334],"cores-categorias":[],"class_list":["post-13607","post","type-post","status-publish","format-standard","has-post-thumbnail","hentry","category-cultura","tag-angra","tag-clube-internacional-do-recife","tag-show"],"yoast_head":"<!-- This site is optimized with the Yoast SEO plugin v27.2 - https:\/\/yoast.com\/product\/yoast-seo-wordpress\/ -->\n<title>ANGRA APRESENTA ESPET\u00c1CULO DE POWER METAL NO RECIFE EM TURN\u00ca DE &quot;CYCLES OF PAIN&quot; - Jornal Fato Novo<\/title>\n<meta name=\"robots\" content=\"index, follow, max-snippet:-1, max-image-preview:large, max-video-preview:-1\" \/>\n<link rel=\"canonical\" href=\"https:\/\/tvnova.tv.br\/jornalfatonovo\/angra-apresenta-espetaculo-de-power-metal-no-recife-em-turne-de-cycles-of-pain\/\" \/>\n<meta property=\"og:locale\" content=\"pt_BR\" \/>\n<meta property=\"og:type\" content=\"article\" \/>\n<meta property=\"og:title\" content=\"ANGRA APRESENTA ESPET\u00c1CULO DE POWER METAL NO RECIFE EM TURN\u00ca DE &quot;CYCLES OF PAIN&quot; - Jornal Fato Novo\" \/>\n<meta property=\"og:description\" content=\"*Por Gabriel Couto A renomada banda brasileira de heavy metal, Angra, est\u00e1 programada para realizar um show no Clube Internacional do Recife, no pr\u00f3ximo s\u00e1bado (9). O\u00a0 evento, bastante aguardado, faz parte da turn\u00ea de lan\u00e7amento do mais recente \u00e1lbum, &#8220;Cycles of Pain&#8221; e tem in\u00edcio \u00e0s 20h. Durante a performance na cidade pernambucana, a [&hellip;]\" \/>\n<meta property=\"og:url\" content=\"https:\/\/tvnova.tv.br\/jornalfatonovo\/angra-apresenta-espetaculo-de-power-metal-no-recife-em-turne-de-cycles-of-pain\/\" \/>\n<meta property=\"og:site_name\" content=\"Jornal Fato Novo\" \/>\n<meta property=\"article:publisher\" content=\"https:\/\/www.facebook.com\/tvnovanordeste\/\" \/>\n<meta property=\"article:published_time\" content=\"2023-12-06T15:19:39+00:00\" \/>\n<meta property=\"article:modified_time\" content=\"2023-12-06T15:22:42+00:00\" \/>\n<meta property=\"og:image\" content=\"https:\/\/tvnova.tv.br\/jornalfatonovo\/wp-content\/uploads\/2023\/12\/design-sem-nome-2023-12-01t162438159.jpg\" \/>\n\t<meta property=\"og:image:width\" content=\"1100\" \/>\n\t<meta property=\"og:image:height\" content=\"600\" \/>\n\t<meta property=\"og:image:type\" content=\"image\/jpeg\" \/>\n<meta name=\"author\" content=\"Victoria Campos\" \/>\n<meta name=\"twitter:card\" content=\"summary_large_image\" \/>\n<meta name=\"twitter:creator\" content=\"@tvnovanordeste\" \/>\n<meta name=\"twitter:site\" content=\"@tvnovanordeste\" \/>\n<meta name=\"twitter:label1\" content=\"Escrito por\" \/>\n\t<meta name=\"twitter:data1\" content=\"Victoria Campos\" \/>\n\t<meta name=\"twitter:label2\" content=\"Est. tempo de leitura\" \/>\n\t<meta name=\"twitter:data2\" content=\"1 minuto\" \/>\n<script type=\"application\/ld+json\" class=\"yoast-schema-graph\">{\"@context\":\"https:\/\/schema.org\",\"@graph\":[{\"@type\":\"Article\",\"@id\":\"https:\/\/tvnova.tv.br\/jornalfatonovo\/angra-apresenta-espetaculo-de-power-metal-no-recife-em-turne-de-cycles-of-pain\/#article\",\"isPartOf\":{\"@id\":\"https:\/\/tvnova.tv.br\/jornalfatonovo\/angra-apresenta-espetaculo-de-power-metal-no-recife-em-turne-de-cycles-of-pain\/\"},\"author\":{\"name\":\"Victoria Campos\",\"@id\":\"https:\/\/tvnova.tv.br\/jornalfatonovo\/#\/schema\/person\/91ba9daadb7e96d3cbe5e1b84619be88\"},\"headline\":\"ANGRA APRESENTA ESPET\u00c1CULO DE POWER METAL NO RECIFE EM TURN\u00ca DE &#8220;CYCLES OF PAIN&#8221;\",\"datePublished\":\"2023-12-06T15:19:39+00:00\",\"dateModified\":\"2023-12-06T15:22:42+00:00\",\"mainEntityOfPage\":{\"@id\":\"https:\/\/tvnova.tv.br\/jornalfatonovo\/angra-apresenta-espetaculo-de-power-metal-no-recife-em-turne-de-cycles-of-pain\/\"},\"wordCount\":261,\"publisher\":{\"@id\":\"https:\/\/tvnova.tv.br\/jornalfatonovo\/#organization\"},\"image\":{\"@id\":\"https:\/\/tvnova.tv.br\/jornalfatonovo\/angra-apresenta-espetaculo-de-power-metal-no-recife-em-turne-de-cycles-of-pain\/#primaryimage\"},\"thumbnailUrl\":\"https:\/\/tvnova.tv.br\/jornalfatonovo\/wp-content\/uploads\/2023\/12\/design-sem-nome-2023-12-01t162438159.jpg\",\"keywords\":[\"Angra\",\"Clube Internacional do Recife\",\"Show\"],\"articleSection\":[\"Cultura\"],\"inLanguage\":\"pt-BR\"},{\"@type\":\"WebPage\",\"@id\":\"https:\/\/tvnova.tv.br\/jornalfatonovo\/angra-apresenta-espetaculo-de-power-metal-no-recife-em-turne-de-cycles-of-pain\/\",\"url\":\"https:\/\/tvnova.tv.br\/jornalfatonovo\/angra-apresenta-espetaculo-de-power-metal-no-recife-em-turne-de-cycles-of-pain\/\",\"name\":\"ANGRA APRESENTA ESPET\u00c1CULO DE POWER METAL NO RECIFE EM TURN\u00ca DE \\\"CYCLES OF PAIN\\\" - Jornal Fato Novo\",\"isPartOf\":{\"@id\":\"https:\/\/tvnova.tv.br\/jornalfatonovo\/#website\"},\"primaryImageOfPage\":{\"@id\":\"https:\/\/tvnova.tv.br\/jornalfatonovo\/angra-apresenta-espetaculo-de-power-metal-no-recife-em-turne-de-cycles-of-pain\/#primaryimage\"},\"image\":{\"@id\":\"https:\/\/tvnova.tv.br\/jornalfatonovo\/angra-apresenta-espetaculo-de-power-metal-no-recife-em-turne-de-cycles-of-pain\/#primaryimage\"},\"thumbnailUrl\":\"https:\/\/tvnova.tv.br\/jornalfatonovo\/wp-content\/uploads\/2023\/12\/design-sem-nome-2023-12-01t162438159.jpg\",\"datePublished\":\"2023-12-06T15:19:39+00:00\",\"dateModified\":\"2023-12-06T15:22:42+00:00\",\"breadcrumb\":{\"@id\":\"https:\/\/tvnova.tv.br\/jornalfatonovo\/angra-apresenta-espetaculo-de-power-metal-no-recife-em-turne-de-cycles-of-pain\/#breadcrumb\"},\"inLanguage\":\"pt-BR\",\"potentialAction\":[{\"@type\":\"ReadAction\",\"target\":[\"https:\/\/tvnova.tv.br\/jornalfatonovo\/angra-apresenta-espetaculo-de-power-metal-no-recife-em-turne-de-cycles-of-pain\/\"]}]},{\"@type\":\"ImageObject\",\"inLanguage\":\"pt-BR\",\"@id\":\"https:\/\/tvnova.tv.br\/jornalfatonovo\/angra-apresenta-espetaculo-de-power-metal-no-recife-em-turne-de-cycles-of-pain\/#primaryimage\",\"url\":\"https:\/\/tvnova.tv.br\/jornalfatonovo\/wp-content\/uploads\/2023\/12\/design-sem-nome-2023-12-01t162438159.jpg\",\"contentUrl\":\"https:\/\/tvnova.tv.br\/jornalfatonovo\/wp-content\/uploads\/2023\/12\/design-sem-nome-2023-12-01t162438159.jpg\",\"width\":1100,\"height\":600},{\"@type\":\"BreadcrumbList\",\"@id\":\"https:\/\/tvnova.tv.br\/jornalfatonovo\/angra-apresenta-espetaculo-de-power-metal-no-recife-em-turne-de-cycles-of-pain\/#breadcrumb\",\"itemListElement\":[{\"@type\":\"ListItem\",\"position\":1,\"name\":\"In\u00edcio\",\"item\":\"https:\/\/tvnova.tv.br\/jornalfatonovo\/\"},{\"@type\":\"ListItem\",\"position\":2,\"name\":\"ANGRA APRESENTA ESPET\u00c1CULO DE POWER METAL NO RECIFE EM TURN\u00ca DE &#8220;CYCLES OF PAIN&#8221;\"}]},{\"@type\":\"WebSite\",\"@id\":\"https:\/\/tvnova.tv.br\/jornalfatonovo\/#website\",\"url\":\"https:\/\/tvnova.tv.br\/jornalfatonovo\/\",\"name\":\"Jornal Fato Novo\",\"description\":\"Acompanhe as not\u00edcias de Pernambuco\",\"publisher\":{\"@id\":\"https:\/\/tvnova.tv.br\/jornalfatonovo\/#organization\"},\"potentialAction\":[{\"@type\":\"SearchAction\",\"target\":{\"@type\":\"EntryPoint\",\"urlTemplate\":\"https:\/\/tvnova.tv.br\/jornalfatonovo\/?s={search_term_string}\"},\"query-input\":{\"@type\":\"PropertyValueSpecification\",\"valueRequired\":true,\"valueName\":\"search_term_string\"}}],\"inLanguage\":\"pt-BR\"},{\"@type\":\"Organization\",\"@id\":\"https:\/\/tvnova.tv.br\/jornalfatonovo\/#organization\",\"name\":\"Jornal Fato Novo\",\"url\":\"https:\/\/tvnova.tv.br\/jornalfatonovo\/\",\"logo\":{\"@type\":\"ImageObject\",\"inLanguage\":\"pt-BR\",\"@id\":\"https:\/\/tvnova.tv.br\/jornalfatonovo\/#\/schema\/logo\/image\/\",\"url\":\"https:\/\/tvnova.tv.br\/jornalfatonovo1\/wp-content\/uploads\/2023\/04\/FATO-NOVO-1.png\",\"contentUrl\":\"https:\/\/tvnova.tv.br\/jornalfatonovo1\/wp-content\/uploads\/2023\/04\/FATO-NOVO-1.png\",\"width\":200,\"height\":60,\"caption\":\"Jornal Fato Novo\"},\"image\":{\"@id\":\"https:\/\/tvnova.tv.br\/jornalfatonovo\/#\/schema\/logo\/image\/\"},\"sameAs\":[\"https:\/\/www.facebook.com\/tvnovanordeste\/\",\"https:\/\/x.com\/tvnovanordeste\",\"https:\/\/www.instagram.com\/jornalfatonovope\/\"]},{\"@type\":\"Person\",\"@id\":\"https:\/\/tvnova.tv.br\/jornalfatonovo\/#\/schema\/person\/91ba9daadb7e96d3cbe5e1b84619be88\",\"name\":\"Victoria Campos\",\"url\":\"https:\/\/tvnova.tv.br\/jornalfatonovo\/author\/victoria\/\"}]}<\/script>\n<!-- \/ Yoast SEO plugin. -->","yoast_head_json":{"title":"ANGRA APRESENTA ESPET\u00c1CULO DE POWER METAL NO RECIFE EM TURN\u00ca DE \"CYCLES OF PAIN\" - Jornal Fato Novo","robots":{"index":"index","follow":"follow","max-snippet":"max-snippet:-1","max-image-preview":"max-image-preview:large","max-video-preview":"max-video-preview:-1"},"canonical":"https:\/\/tvnova.tv.br\/jornalfatonovo\/angra-apresenta-espetaculo-de-power-metal-no-recife-em-turne-de-cycles-of-pain\/","og_locale":"pt_BR","og_type":"article","og_title":"ANGRA APRESENTA ESPET\u00c1CULO DE POWER METAL NO RECIFE EM TURN\u00ca DE \"CYCLES OF PAIN\" - Jornal Fato Novo","og_description":"*Por Gabriel Couto A renomada banda brasileira de heavy metal, Angra, est\u00e1 programada para realizar um show no Clube Internacional do Recife, no pr\u00f3ximo s\u00e1bado (9). O\u00a0 evento, bastante aguardado, faz parte da turn\u00ea de lan\u00e7amento do mais recente \u00e1lbum, &#8220;Cycles of Pain&#8221; e tem in\u00edcio \u00e0s 20h. Durante a performance na cidade pernambucana, a [&hellip;]","og_url":"https:\/\/tvnova.tv.br\/jornalfatonovo\/angra-apresenta-espetaculo-de-power-metal-no-recife-em-turne-de-cycles-of-pain\/","og_site_name":"Jornal Fato Novo","article_publisher":"https:\/\/www.facebook.com\/tvnovanordeste\/","article_published_time":"2023-12-06T15:19:39+00:00","article_modified_time":"2023-12-06T15:22:42+00:00","og_image":[{"width":1100,"height":600,"url":"https:\/\/tvnova.tv.br\/jornalfatonovo\/wp-content\/uploads\/2023\/12\/design-sem-nome-2023-12-01t162438159.jpg","type":"image\/jpeg"}],"author":"Victoria Campos","twitter_card":"summary_large_image","twitter_creator":"@tvnovanordeste","twitter_site":"@tvnovanordeste","twitter_misc":{"Escrito por":"Victoria Campos","Est. tempo de leitura":"1 minuto"},"schema":{"@context":"https:\/\/schema.org","@graph":[{"@type":"Article","@id":"https:\/\/tvnova.tv.br\/jornalfatonovo\/angra-apresenta-espetaculo-de-power-metal-no-recife-em-turne-de-cycles-of-pain\/#article","isPartOf":{"@id":"https:\/\/tvnova.tv.br\/jornalfatonovo\/angra-apresenta-espetaculo-de-power-metal-no-recife-em-turne-de-cycles-of-pain\/"},"author":{"name":"Victoria Campos","@id":"https:\/\/tvnova.tv.br\/jornalfatonovo\/#\/schema\/person\/91ba9daadb7e96d3cbe5e1b84619be88"},"headline":"ANGRA APRESENTA ESPET\u00c1CULO DE POWER METAL NO RECIFE EM TURN\u00ca DE &#8220;CYCLES OF PAIN&#8221;","datePublished":"2023-12-06T15:19:39+00:00","dateModified":"2023-12-06T15:22:42+00:00","mainEntityOfPage":{"@id":"https:\/\/tvnova.tv.br\/jornalfatonovo\/angra-apresenta-espetaculo-de-power-metal-no-recife-em-turne-de-cycles-of-pain\/"},"wordCount":261,"publisher":{"@id":"https:\/\/tvnova.tv.br\/jornalfatonovo\/#organization"},"image":{"@id":"https:\/\/tvnova.tv.br\/jornalfatonovo\/angra-apresenta-espetaculo-de-power-metal-no-recife-em-turne-de-cycles-of-pain\/#primaryimage"},"thumbnailUrl":"https:\/\/tvnova.tv.br\/jornalfatonovo\/wp-content\/uploads\/2023\/12\/design-sem-nome-2023-12-01t162438159.jpg","keywords":["Angra","Clube Internacional do Recife","Show"],"articleSection":["Cultura"],"inLanguage":"pt-BR"},{"@type":"WebPage","@id":"https:\/\/tvnova.tv.br\/jornalfatonovo\/angra-apresenta-espetaculo-de-power-metal-no-recife-em-turne-de-cycles-of-pain\/","url":"https:\/\/tvnova.tv.br\/jornalfatonovo\/angra-apresenta-espetaculo-de-power-metal-no-recife-em-turne-de-cycles-of-pain\/","name":"ANGRA APRESENTA ESPET\u00c1CULO DE POWER METAL NO RECIFE EM TURN\u00ca DE \"CYCLES OF PAIN\" - Jornal Fato Novo","isPartOf":{"@id":"https:\/\/tvnova.tv.br\/jornalfatonovo\/#website"},"primaryImageOfPage":{"@id":"https:\/\/tvnova.tv.br\/jornalfatonovo\/angra-apresenta-espetaculo-de-power-metal-no-recife-em-turne-de-cycles-of-pain\/#primaryimage"},"image":{"@id":"https:\/\/tvnova.tv.br\/jornalfatonovo\/angra-apresenta-espetaculo-de-power-metal-no-recife-em-turne-de-cycles-of-pain\/#primaryimage"},"thumbnailUrl":"https:\/\/tvnova.tv.br\/jornalfatonovo\/wp-content\/uploads\/2023\/12\/design-sem-nome-2023-12-01t162438159.jpg","datePublished":"2023-12-06T15:19:39+00:00","dateModified":"2023-12-06T15:22:42+00:00","breadcrumb":{"@id":"https:\/\/tvnova.tv.br\/jornalfatonovo\/angra-apresenta-espetaculo-de-power-metal-no-recife-em-turne-de-cycles-of-pain\/#breadcrumb"},"inLanguage":"pt-BR","potentialAction":[{"@type":"ReadAction","target":["https:\/\/tvnova.tv.br\/jornalfatonovo\/angra-apresenta-espetaculo-de-power-metal-no-recife-em-turne-de-cycles-of-pain\/"]}]},{"@type":"ImageObject","inLanguage":"pt-BR","@id":"https:\/\/tvnova.tv.br\/jornalfatonovo\/angra-apresenta-espetaculo-de-power-metal-no-recife-em-turne-de-cycles-of-pain\/#primaryimage","url":"https:\/\/tvnova.tv.br\/jornalfatonovo\/wp-content\/uploads\/2023\/12\/design-sem-nome-2023-12-01t162438159.jpg","contentUrl":"https:\/\/tvnova.tv.br\/jornalfatonovo\/wp-content\/uploads\/2023\/12\/design-sem-nome-2023-12-01t162438159.jpg","width":1100,"height":600},{"@type":"BreadcrumbList","@id":"https:\/\/tvnova.tv.br\/jornalfatonovo\/angra-apresenta-espetaculo-de-power-metal-no-recife-em-turne-de-cycles-of-pain\/#breadcrumb","itemListElement":[{"@type":"ListItem","position":1,"name":"In\u00edcio","item":"https:\/\/tvnova.tv.br\/jornalfatonovo\/"},{"@type":"ListItem","position":2,"name":"ANGRA APRESENTA ESPET\u00c1CULO DE POWER METAL NO RECIFE EM TURN\u00ca DE &#8220;CYCLES OF PAIN&#8221;"}]},{"@type":"WebSite","@id":"https:\/\/tvnova.tv.br\/jornalfatonovo\/#website","url":"https:\/\/tvnova.tv.br\/jornalfatonovo\/","name":"Jornal Fato Novo","description":"Acompanhe as not\u00edcias de Pernambuco","publisher":{"@id":"https:\/\/tvnova.tv.br\/jornalfatonovo\/#organization"},"potentialAction":[{"@type":"SearchAction","target":{"@type":"EntryPoint","urlTemplate":"https:\/\/tvnova.tv.br\/jornalfatonovo\/?s={search_term_string}"},"query-input":{"@type":"PropertyValueSpecification","valueRequired":true,"valueName":"search_term_string"}}],"inLanguage":"pt-BR"},{"@type":"Organization","@id":"https:\/\/tvnova.tv.br\/jornalfatonovo\/#organization","name":"Jornal Fato Novo","url":"https:\/\/tvnova.tv.br\/jornalfatonovo\/","logo":{"@type":"ImageObject","inLanguage":"pt-BR","@id":"https:\/\/tvnova.tv.br\/jornalfatonovo\/#\/schema\/logo\/image\/","url":"https:\/\/tvnova.tv.br\/jornalfatonovo1\/wp-content\/uploads\/2023\/04\/FATO-NOVO-1.png","contentUrl":"https:\/\/tvnova.tv.br\/jornalfatonovo1\/wp-content\/uploads\/2023\/04\/FATO-NOVO-1.png","width":200,"height":60,"caption":"Jornal Fato Novo"},"image":{"@id":"https:\/\/tvnova.tv.br\/jornalfatonovo\/#\/schema\/logo\/image\/"},"sameAs":["https:\/\/www.facebook.com\/tvnovanordeste\/","https:\/\/x.com\/tvnovanordeste","https:\/\/www.instagram.com\/jornalfatonovope\/"]},{"@type":"Person","@id":"https:\/\/tvnova.tv.br\/jornalfatonovo\/#\/schema\/person\/91ba9daadb7e96d3cbe5e1b84619be88","name":"Victoria Campos","url":"https:\/\/tvnova.tv.br\/jornalfatonovo\/author\/victoria\/"}]}},"_links":{"self":[{"href":"https:\/\/tvnova.tv.br\/jornalfatonovo\/wp-json\/wp\/v2\/posts\/13607","targetHints":{"allow":["GET"]}}],"collection":[{"href":"https:\/\/tvnova.tv.br\/jornalfatonovo\/wp-json\/wp\/v2\/posts"}],"about":[{"href":"https:\/\/tvnova.tv.br\/jornalfatonovo\/wp-json\/wp\/v2\/types\/post"}],"author":[{"embeddable":true,"href":"https:\/\/tvnova.tv.br\/jornalfatonovo\/wp-json\/wp\/v2\/users\/6"}],"replies":[{"embeddable":true,"href":"https:\/\/tvnova.tv.br\/jornalfatonovo\/wp-json\/wp\/v2\/comments?post=13607"}],"version-history":[{"count":5,"href":"https:\/\/tvnova.tv.br\/jornalfatonovo\/wp-json\/wp\/v2\/posts\/13607\/revisions"}],"predecessor-version":[{"id":13613,"href":"https:\/\/tvnova.tv.br\/jornalfatonovo\/wp-json\/wp\/v2\/posts\/13607\/revisions\/13613"}],"wp:featuredmedia":[{"embeddable":true,"href":"https:\/\/tvnova.tv.br\/jornalfatonovo\/wp-json\/wp\/v2\/media\/13608"}],"wp:attachment":[{"href":"https:\/\/tvnova.tv.br\/jornalfatonovo\/wp-json\/wp\/v2\/media?parent=13607"}],"wp:term":[{"taxonomy":"category","embeddable":true,"href":"https:\/\/tvnova.tv.br\/jornalfatonovo\/wp-json\/wp\/v2\/categories?post=13607"},{"taxonomy":"post_tag","embeddable":true,"href":"https:\/\/tvnova.tv.br\/jornalfatonovo\/wp-json\/wp\/v2\/tags?post=13607"},{"taxonomy":"cores-categorias","embeddable":true,"href":"https:\/\/tvnova.tv.br\/jornalfatonovo\/wp-json\/wp\/v2\/cores-categorias?post=13607"}],"curies":[{"name":"wp","href":"https:\/\/api.w.org\/{rel}","templated":true}]}}