{"id":13640,"date":"2023-12-06T17:28:32","date_gmt":"2023-12-06T20:28:32","guid":{"rendered":"https:\/\/tvnova.tv.br\/jornalfatonovo\/?p=13640"},"modified":"2023-12-06T17:29:19","modified_gmt":"2023-12-06T20:29:19","slug":"liana-cirne-dispara-contra-gilson-machado-neto-sua-marca-foi-andar-na-garupa-do-inelegivel","status":"publish","type":"post","link":"https:\/\/tvnova.tv.br\/jornalfatonovo\/liana-cirne-dispara-contra-gilson-machado-neto-sua-marca-foi-andar-na-garupa-do-inelegivel\/","title":{"rendered":"Liana Cirne dispara contra Gilson Machado Neto: \u201c\u2019Sua marca foi andar na garupa do ineleg\u00edvel\u201d"},"content":{"rendered":"<p>A vereadora do Recife, Liana Cirne (PT), publicou nas redes sociais um coment\u00e1rio sobre o bolsonarista Gilson Machado, ap\u00f3s o ex-ministro do Turismo e ex-presidente da Embratur ter seu nome lan\u00e7ado por Bolsonaro como pr\u00e9-candidato \u00e0 Prefeitura do Recife.<\/p>\n<p>Liana Cirne aponta que enquanto ministro Gilson \u201ccumpria um papel vergonhoso na garupa de Bolsonaro em suas motociatas\u201d.<\/p>\n<p>\u201cGilson Machado, um dos maiores bajuladores, conivente e c\u00famplice de Bolsonaro, quer ser prefeito do Recife. A marca de Gilson, enquanto ministro, foi de garupeiro do ineleg\u00edvel. Nas poucas agendas em Pernambuco com seu chefe, ele cumpria um papel vergonhoso na garupa de Bolsonaro em suas motociatas antidemocr\u00e1ticas\u201d, escreveu Liana.<\/p>\n<p>A vereadora afirmou ainda que o ex-ministro faz parte de uma \u201cc\u00fapula suja\u201d ao lado do ex-presidente.<\/p>\n<p>\u201c Nossa cidade n\u00e3o merece ter um gestor que faz parte da c\u00fapula suja, composta com o pior da pol\u00edtica\u201d, pontuou Liana Cirne.<\/p>\n","protected":false},"excerpt":{"rendered":"<p>A vereadora do Recife, Liana Cirne (PT), publicou nas redes sociais um coment\u00e1rio sobre o bolsonarista Gilson Machado, ap\u00f3s o ex-ministro do Turismo e ex-presidente da Embratur ter seu nome lan\u00e7ado por Bolsonaro como pr\u00e9-candidato \u00e0 Prefeitura do Recife. Liana Cirne aponta que enquanto ministro Gilson \u201ccumpria um papel vergonhoso na garupa de Bolsonaro em [&hellip;]<\/p>\n","protected":false},"author":3,"featured_media":13639,"comment_status":"closed","ping_status":"","sticky":false,"template":"","format":"standard","meta":{"footnotes":""},"categories":[271],"tags":[],"cores-categorias":[],"class_list":["post-13640","post","type-post","status-publish","format-standard","has-post-thumbnail","hentry","category-politica"],"yoast_head":"<!-- This site is optimized with the Yoast SEO plugin v27.2 - https:\/\/yoast.com\/product\/yoast-seo-wordpress\/ -->\n<title>Liana Cirne dispara contra Gilson Machado Neto: \u201c\u2019Sua marca foi andar na garupa do ineleg\u00edvel\u201d - Jornal Fato Novo<\/title>\n<meta name=\"robots\" content=\"index, follow, max-snippet:-1, max-image-preview:large, max-video-preview:-1\" \/>\n<link rel=\"canonical\" href=\"https:\/\/tvnova.tv.br\/jornalfatonovo\/liana-cirne-dispara-contra-gilson-machado-neto-sua-marca-foi-andar-na-garupa-do-inelegivel\/\" \/>\n<meta property=\"og:locale\" content=\"pt_BR\" \/>\n<meta property=\"og:type\" content=\"article\" \/>\n<meta property=\"og:title\" content=\"Liana Cirne dispara contra Gilson Machado Neto: \u201c\u2019Sua marca foi andar na garupa do ineleg\u00edvel\u201d - Jornal Fato Novo\" \/>\n<meta property=\"og:description\" content=\"A vereadora do Recife, Liana Cirne (PT), publicou nas redes sociais um coment\u00e1rio sobre o bolsonarista Gilson Machado, ap\u00f3s o ex-ministro do Turismo e ex-presidente da Embratur ter seu nome lan\u00e7ado por Bolsonaro como pr\u00e9-candidato \u00e0 Prefeitura do Recife. Liana Cirne aponta que enquanto ministro Gilson \u201ccumpria um papel vergonhoso na garupa de Bolsonaro em [&hellip;]\" \/>\n<meta property=\"og:url\" content=\"https:\/\/tvnova.tv.br\/jornalfatonovo\/liana-cirne-dispara-contra-gilson-machado-neto-sua-marca-foi-andar-na-garupa-do-inelegivel\/\" \/>\n<meta property=\"og:site_name\" content=\"Jornal Fato Novo\" \/>\n<meta property=\"article:publisher\" content=\"https:\/\/www.facebook.com\/tvnovanordeste\/\" \/>\n<meta property=\"article:published_time\" content=\"2023-12-06T20:28:32+00:00\" \/>\n<meta property=\"article:modified_time\" content=\"2023-12-06T20:29:19+00:00\" \/>\n<meta property=\"og:image\" content=\"https:\/\/tvnova.tv.br\/jornalfatonovo\/wp-content\/uploads\/2023\/12\/WhatsApp-Image-2023-12-06-at-17.27.18-1.jpeg\" \/>\n\t<meta property=\"og:image:width\" content=\"532\" \/>\n\t<meta property=\"og:image:height\" content=\"565\" \/>\n\t<meta property=\"og:image:type\" content=\"image\/jpeg\" \/>\n<meta name=\"author\" content=\"Pedro Paulo\" \/>\n<meta name=\"twitter:card\" content=\"summary_large_image\" \/>\n<meta name=\"twitter:creator\" content=\"@tvnovanordeste\" \/>\n<meta name=\"twitter:site\" content=\"@tvnovanordeste\" \/>\n<meta name=\"twitter:label1\" content=\"Escrito por\" \/>\n\t<meta name=\"twitter:data1\" content=\"Pedro Paulo\" \/>\n\t<meta name=\"twitter:label2\" content=\"Est. tempo de leitura\" \/>\n\t<meta name=\"twitter:data2\" content=\"1 minuto\" \/>\n<script type=\"application\/ld+json\" class=\"yoast-schema-graph\">{\"@context\":\"https:\/\/schema.org\",\"@graph\":[{\"@type\":\"Article\",\"@id\":\"https:\/\/tvnova.tv.br\/jornalfatonovo\/liana-cirne-dispara-contra-gilson-machado-neto-sua-marca-foi-andar-na-garupa-do-inelegivel\/#article\",\"isPartOf\":{\"@id\":\"https:\/\/tvnova.tv.br\/jornalfatonovo\/liana-cirne-dispara-contra-gilson-machado-neto-sua-marca-foi-andar-na-garupa-do-inelegivel\/\"},\"author\":{\"name\":\"Pedro Paulo\",\"@id\":\"https:\/\/tvnova.tv.br\/jornalfatonovo\/#\/schema\/person\/286145dd7237b4bdaad0924505bcc5ce\"},\"headline\":\"Liana Cirne dispara contra Gilson Machado Neto: \u201c\u2019Sua marca foi andar na garupa do ineleg\u00edvel\u201d\",\"datePublished\":\"2023-12-06T20:28:32+00:00\",\"dateModified\":\"2023-12-06T20:29:19+00:00\",\"mainEntityOfPage\":{\"@id\":\"https:\/\/tvnova.tv.br\/jornalfatonovo\/liana-cirne-dispara-contra-gilson-machado-neto-sua-marca-foi-andar-na-garupa-do-inelegivel\/\"},\"wordCount\":172,\"publisher\":{\"@id\":\"https:\/\/tvnova.tv.br\/jornalfatonovo\/#organization\"},\"image\":{\"@id\":\"https:\/\/tvnova.tv.br\/jornalfatonovo\/liana-cirne-dispara-contra-gilson-machado-neto-sua-marca-foi-andar-na-garupa-do-inelegivel\/#primaryimage\"},\"thumbnailUrl\":\"https:\/\/tvnova.tv.br\/jornalfatonovo\/wp-content\/uploads\/2023\/12\/WhatsApp-Image-2023-12-06-at-17.27.18-1.jpeg\",\"articleSection\":[\"Pol\u00edtica\"],\"inLanguage\":\"pt-BR\"},{\"@type\":\"WebPage\",\"@id\":\"https:\/\/tvnova.tv.br\/jornalfatonovo\/liana-cirne-dispara-contra-gilson-machado-neto-sua-marca-foi-andar-na-garupa-do-inelegivel\/\",\"url\":\"https:\/\/tvnova.tv.br\/jornalfatonovo\/liana-cirne-dispara-contra-gilson-machado-neto-sua-marca-foi-andar-na-garupa-do-inelegivel\/\",\"name\":\"Liana Cirne dispara contra Gilson Machado Neto: \u201c\u2019Sua marca foi andar na garupa do ineleg\u00edvel\u201d - Jornal Fato Novo\",\"isPartOf\":{\"@id\":\"https:\/\/tvnova.tv.br\/jornalfatonovo\/#website\"},\"primaryImageOfPage\":{\"@id\":\"https:\/\/tvnova.tv.br\/jornalfatonovo\/liana-cirne-dispara-contra-gilson-machado-neto-sua-marca-foi-andar-na-garupa-do-inelegivel\/#primaryimage\"},\"image\":{\"@id\":\"https:\/\/tvnova.tv.br\/jornalfatonovo\/liana-cirne-dispara-contra-gilson-machado-neto-sua-marca-foi-andar-na-garupa-do-inelegivel\/#primaryimage\"},\"thumbnailUrl\":\"https:\/\/tvnova.tv.br\/jornalfatonovo\/wp-content\/uploads\/2023\/12\/WhatsApp-Image-2023-12-06-at-17.27.18-1.jpeg\",\"datePublished\":\"2023-12-06T20:28:32+00:00\",\"dateModified\":\"2023-12-06T20:29:19+00:00\",\"breadcrumb\":{\"@id\":\"https:\/\/tvnova.tv.br\/jornalfatonovo\/liana-cirne-dispara-contra-gilson-machado-neto-sua-marca-foi-andar-na-garupa-do-inelegivel\/#breadcrumb\"},\"inLanguage\":\"pt-BR\",\"potentialAction\":[{\"@type\":\"ReadAction\",\"target\":[\"https:\/\/tvnova.tv.br\/jornalfatonovo\/liana-cirne-dispara-contra-gilson-machado-neto-sua-marca-foi-andar-na-garupa-do-inelegivel\/\"]}]},{\"@type\":\"ImageObject\",\"inLanguage\":\"pt-BR\",\"@id\":\"https:\/\/tvnova.tv.br\/jornalfatonovo\/liana-cirne-dispara-contra-gilson-machado-neto-sua-marca-foi-andar-na-garupa-do-inelegivel\/#primaryimage\",\"url\":\"https:\/\/tvnova.tv.br\/jornalfatonovo\/wp-content\/uploads\/2023\/12\/WhatsApp-Image-2023-12-06-at-17.27.18-1.jpeg\",\"contentUrl\":\"https:\/\/tvnova.tv.br\/jornalfatonovo\/wp-content\/uploads\/2023\/12\/WhatsApp-Image-2023-12-06-at-17.27.18-1.jpeg\",\"width\":532,\"height\":565},{\"@type\":\"BreadcrumbList\",\"@id\":\"https:\/\/tvnova.tv.br\/jornalfatonovo\/liana-cirne-dispara-contra-gilson-machado-neto-sua-marca-foi-andar-na-garupa-do-inelegivel\/#breadcrumb\",\"itemListElement\":[{\"@type\":\"ListItem\",\"position\":1,\"name\":\"In\u00edcio\",\"item\":\"https:\/\/tvnova.tv.br\/jornalfatonovo\/\"},{\"@type\":\"ListItem\",\"position\":2,\"name\":\"Liana Cirne dispara contra Gilson Machado Neto: \u201c\u2019Sua marca foi andar na garupa do ineleg\u00edvel\u201d\"}]},{\"@type\":\"WebSite\",\"@id\":\"https:\/\/tvnova.tv.br\/jornalfatonovo\/#website\",\"url\":\"https:\/\/tvnova.tv.br\/jornalfatonovo\/\",\"name\":\"Jornal Fato Novo\",\"description\":\"Acompanhe as not\u00edcias de Pernambuco\",\"publisher\":{\"@id\":\"https:\/\/tvnova.tv.br\/jornalfatonovo\/#organization\"},\"potentialAction\":[{\"@type\":\"SearchAction\",\"target\":{\"@type\":\"EntryPoint\",\"urlTemplate\":\"https:\/\/tvnova.tv.br\/jornalfatonovo\/?s={search_term_string}\"},\"query-input\":{\"@type\":\"PropertyValueSpecification\",\"valueRequired\":true,\"valueName\":\"search_term_string\"}}],\"inLanguage\":\"pt-BR\"},{\"@type\":\"Organization\",\"@id\":\"https:\/\/tvnova.tv.br\/jornalfatonovo\/#organization\",\"name\":\"Jornal Fato Novo\",\"url\":\"https:\/\/tvnova.tv.br\/jornalfatonovo\/\",\"logo\":{\"@type\":\"ImageObject\",\"inLanguage\":\"pt-BR\",\"@id\":\"https:\/\/tvnova.tv.br\/jornalfatonovo\/#\/schema\/logo\/image\/\",\"url\":\"https:\/\/tvnova.tv.br\/jornalfatonovo1\/wp-content\/uploads\/2023\/04\/FATO-NOVO-1.png\",\"contentUrl\":\"https:\/\/tvnova.tv.br\/jornalfatonovo1\/wp-content\/uploads\/2023\/04\/FATO-NOVO-1.png\",\"width\":200,\"height\":60,\"caption\":\"Jornal Fato Novo\"},\"image\":{\"@id\":\"https:\/\/tvnova.tv.br\/jornalfatonovo\/#\/schema\/logo\/image\/\"},\"sameAs\":[\"https:\/\/www.facebook.com\/tvnovanordeste\/\",\"https:\/\/x.com\/tvnovanordeste\",\"https:\/\/www.instagram.com\/jornalfatonovope\/\"]},{\"@type\":\"Person\",\"@id\":\"https:\/\/tvnova.tv.br\/jornalfatonovo\/#\/schema\/person\/286145dd7237b4bdaad0924505bcc5ce\",\"name\":\"Pedro Paulo\",\"url\":\"https:\/\/tvnova.tv.br\/jornalfatonovo\/author\/pedropaulo\/\"}]}<\/script>\n<!-- \/ Yoast SEO plugin. -->","yoast_head_json":{"title":"Liana Cirne dispara contra Gilson Machado Neto: \u201c\u2019Sua marca foi andar na garupa do ineleg\u00edvel\u201d - Jornal Fato Novo","robots":{"index":"index","follow":"follow","max-snippet":"max-snippet:-1","max-image-preview":"max-image-preview:large","max-video-preview":"max-video-preview:-1"},"canonical":"https:\/\/tvnova.tv.br\/jornalfatonovo\/liana-cirne-dispara-contra-gilson-machado-neto-sua-marca-foi-andar-na-garupa-do-inelegivel\/","og_locale":"pt_BR","og_type":"article","og_title":"Liana Cirne dispara contra Gilson Machado Neto: \u201c\u2019Sua marca foi andar na garupa do ineleg\u00edvel\u201d - Jornal Fato Novo","og_description":"A vereadora do Recife, Liana Cirne (PT), publicou nas redes sociais um coment\u00e1rio sobre o bolsonarista Gilson Machado, ap\u00f3s o ex-ministro do Turismo e ex-presidente da Embratur ter seu nome lan\u00e7ado por Bolsonaro como pr\u00e9-candidato \u00e0 Prefeitura do Recife. Liana Cirne aponta que enquanto ministro Gilson \u201ccumpria um papel vergonhoso na garupa de Bolsonaro em [&hellip;]","og_url":"https:\/\/tvnova.tv.br\/jornalfatonovo\/liana-cirne-dispara-contra-gilson-machado-neto-sua-marca-foi-andar-na-garupa-do-inelegivel\/","og_site_name":"Jornal Fato Novo","article_publisher":"https:\/\/www.facebook.com\/tvnovanordeste\/","article_published_time":"2023-12-06T20:28:32+00:00","article_modified_time":"2023-12-06T20:29:19+00:00","og_image":[{"width":532,"height":565,"url":"https:\/\/tvnova.tv.br\/jornalfatonovo\/wp-content\/uploads\/2023\/12\/WhatsApp-Image-2023-12-06-at-17.27.18-1.jpeg","type":"image\/jpeg"}],"author":"Pedro Paulo","twitter_card":"summary_large_image","twitter_creator":"@tvnovanordeste","twitter_site":"@tvnovanordeste","twitter_misc":{"Escrito por":"Pedro Paulo","Est. tempo de leitura":"1 minuto"},"schema":{"@context":"https:\/\/schema.org","@graph":[{"@type":"Article","@id":"https:\/\/tvnova.tv.br\/jornalfatonovo\/liana-cirne-dispara-contra-gilson-machado-neto-sua-marca-foi-andar-na-garupa-do-inelegivel\/#article","isPartOf":{"@id":"https:\/\/tvnova.tv.br\/jornalfatonovo\/liana-cirne-dispara-contra-gilson-machado-neto-sua-marca-foi-andar-na-garupa-do-inelegivel\/"},"author":{"name":"Pedro Paulo","@id":"https:\/\/tvnova.tv.br\/jornalfatonovo\/#\/schema\/person\/286145dd7237b4bdaad0924505bcc5ce"},"headline":"Liana Cirne dispara contra Gilson Machado Neto: \u201c\u2019Sua marca foi andar na garupa do ineleg\u00edvel\u201d","datePublished":"2023-12-06T20:28:32+00:00","dateModified":"2023-12-06T20:29:19+00:00","mainEntityOfPage":{"@id":"https:\/\/tvnova.tv.br\/jornalfatonovo\/liana-cirne-dispara-contra-gilson-machado-neto-sua-marca-foi-andar-na-garupa-do-inelegivel\/"},"wordCount":172,"publisher":{"@id":"https:\/\/tvnova.tv.br\/jornalfatonovo\/#organization"},"image":{"@id":"https:\/\/tvnova.tv.br\/jornalfatonovo\/liana-cirne-dispara-contra-gilson-machado-neto-sua-marca-foi-andar-na-garupa-do-inelegivel\/#primaryimage"},"thumbnailUrl":"https:\/\/tvnova.tv.br\/jornalfatonovo\/wp-content\/uploads\/2023\/12\/WhatsApp-Image-2023-12-06-at-17.27.18-1.jpeg","articleSection":["Pol\u00edtica"],"inLanguage":"pt-BR"},{"@type":"WebPage","@id":"https:\/\/tvnova.tv.br\/jornalfatonovo\/liana-cirne-dispara-contra-gilson-machado-neto-sua-marca-foi-andar-na-garupa-do-inelegivel\/","url":"https:\/\/tvnova.tv.br\/jornalfatonovo\/liana-cirne-dispara-contra-gilson-machado-neto-sua-marca-foi-andar-na-garupa-do-inelegivel\/","name":"Liana Cirne dispara contra Gilson Machado Neto: \u201c\u2019Sua marca foi andar na garupa do ineleg\u00edvel\u201d - Jornal Fato Novo","isPartOf":{"@id":"https:\/\/tvnova.tv.br\/jornalfatonovo\/#website"},"primaryImageOfPage":{"@id":"https:\/\/tvnova.tv.br\/jornalfatonovo\/liana-cirne-dispara-contra-gilson-machado-neto-sua-marca-foi-andar-na-garupa-do-inelegivel\/#primaryimage"},"image":{"@id":"https:\/\/tvnova.tv.br\/jornalfatonovo\/liana-cirne-dispara-contra-gilson-machado-neto-sua-marca-foi-andar-na-garupa-do-inelegivel\/#primaryimage"},"thumbnailUrl":"https:\/\/tvnova.tv.br\/jornalfatonovo\/wp-content\/uploads\/2023\/12\/WhatsApp-Image-2023-12-06-at-17.27.18-1.jpeg","datePublished":"2023-12-06T20:28:32+00:00","dateModified":"2023-12-06T20:29:19+00:00","breadcrumb":{"@id":"https:\/\/tvnova.tv.br\/jornalfatonovo\/liana-cirne-dispara-contra-gilson-machado-neto-sua-marca-foi-andar-na-garupa-do-inelegivel\/#breadcrumb"},"inLanguage":"pt-BR","potentialAction":[{"@type":"ReadAction","target":["https:\/\/tvnova.tv.br\/jornalfatonovo\/liana-cirne-dispara-contra-gilson-machado-neto-sua-marca-foi-andar-na-garupa-do-inelegivel\/"]}]},{"@type":"ImageObject","inLanguage":"pt-BR","@id":"https:\/\/tvnova.tv.br\/jornalfatonovo\/liana-cirne-dispara-contra-gilson-machado-neto-sua-marca-foi-andar-na-garupa-do-inelegivel\/#primaryimage","url":"https:\/\/tvnova.tv.br\/jornalfatonovo\/wp-content\/uploads\/2023\/12\/WhatsApp-Image-2023-12-06-at-17.27.18-1.jpeg","contentUrl":"https:\/\/tvnova.tv.br\/jornalfatonovo\/wp-content\/uploads\/2023\/12\/WhatsApp-Image-2023-12-06-at-17.27.18-1.jpeg","width":532,"height":565},{"@type":"BreadcrumbList","@id":"https:\/\/tvnova.tv.br\/jornalfatonovo\/liana-cirne-dispara-contra-gilson-machado-neto-sua-marca-foi-andar-na-garupa-do-inelegivel\/#breadcrumb","itemListElement":[{"@type":"ListItem","position":1,"name":"In\u00edcio","item":"https:\/\/tvnova.tv.br\/jornalfatonovo\/"},{"@type":"ListItem","position":2,"name":"Liana Cirne dispara contra Gilson Machado Neto: \u201c\u2019Sua marca foi andar na garupa do ineleg\u00edvel\u201d"}]},{"@type":"WebSite","@id":"https:\/\/tvnova.tv.br\/jornalfatonovo\/#website","url":"https:\/\/tvnova.tv.br\/jornalfatonovo\/","name":"Jornal Fato Novo","description":"Acompanhe as not\u00edcias de Pernambuco","publisher":{"@id":"https:\/\/tvnova.tv.br\/jornalfatonovo\/#organization"},"potentialAction":[{"@type":"SearchAction","target":{"@type":"EntryPoint","urlTemplate":"https:\/\/tvnova.tv.br\/jornalfatonovo\/?s={search_term_string}"},"query-input":{"@type":"PropertyValueSpecification","valueRequired":true,"valueName":"search_term_string"}}],"inLanguage":"pt-BR"},{"@type":"Organization","@id":"https:\/\/tvnova.tv.br\/jornalfatonovo\/#organization","name":"Jornal Fato Novo","url":"https:\/\/tvnova.tv.br\/jornalfatonovo\/","logo":{"@type":"ImageObject","inLanguage":"pt-BR","@id":"https:\/\/tvnova.tv.br\/jornalfatonovo\/#\/schema\/logo\/image\/","url":"https:\/\/tvnova.tv.br\/jornalfatonovo1\/wp-content\/uploads\/2023\/04\/FATO-NOVO-1.png","contentUrl":"https:\/\/tvnova.tv.br\/jornalfatonovo1\/wp-content\/uploads\/2023\/04\/FATO-NOVO-1.png","width":200,"height":60,"caption":"Jornal Fato Novo"},"image":{"@id":"https:\/\/tvnova.tv.br\/jornalfatonovo\/#\/schema\/logo\/image\/"},"sameAs":["https:\/\/www.facebook.com\/tvnovanordeste\/","https:\/\/x.com\/tvnovanordeste","https:\/\/www.instagram.com\/jornalfatonovope\/"]},{"@type":"Person","@id":"https:\/\/tvnova.tv.br\/jornalfatonovo\/#\/schema\/person\/286145dd7237b4bdaad0924505bcc5ce","name":"Pedro Paulo","url":"https:\/\/tvnova.tv.br\/jornalfatonovo\/author\/pedropaulo\/"}]}},"_links":{"self":[{"href":"https:\/\/tvnova.tv.br\/jornalfatonovo\/wp-json\/wp\/v2\/posts\/13640","targetHints":{"allow":["GET"]}}],"collection":[{"href":"https:\/\/tvnova.tv.br\/jornalfatonovo\/wp-json\/wp\/v2\/posts"}],"about":[{"href":"https:\/\/tvnova.tv.br\/jornalfatonovo\/wp-json\/wp\/v2\/types\/post"}],"author":[{"embeddable":true,"href":"https:\/\/tvnova.tv.br\/jornalfatonovo\/wp-json\/wp\/v2\/users\/3"}],"replies":[{"embeddable":true,"href":"https:\/\/tvnova.tv.br\/jornalfatonovo\/wp-json\/wp\/v2\/comments?post=13640"}],"version-history":[{"count":2,"href":"https:\/\/tvnova.tv.br\/jornalfatonovo\/wp-json\/wp\/v2\/posts\/13640\/revisions"}],"predecessor-version":[{"id":13642,"href":"https:\/\/tvnova.tv.br\/jornalfatonovo\/wp-json\/wp\/v2\/posts\/13640\/revisions\/13642"}],"wp:featuredmedia":[{"embeddable":true,"href":"https:\/\/tvnova.tv.br\/jornalfatonovo\/wp-json\/wp\/v2\/media\/13639"}],"wp:attachment":[{"href":"https:\/\/tvnova.tv.br\/jornalfatonovo\/wp-json\/wp\/v2\/media?parent=13640"}],"wp:term":[{"taxonomy":"category","embeddable":true,"href":"https:\/\/tvnova.tv.br\/jornalfatonovo\/wp-json\/wp\/v2\/categories?post=13640"},{"taxonomy":"post_tag","embeddable":true,"href":"https:\/\/tvnova.tv.br\/jornalfatonovo\/wp-json\/wp\/v2\/tags?post=13640"},{"taxonomy":"cores-categorias","embeddable":true,"href":"https:\/\/tvnova.tv.br\/jornalfatonovo\/wp-json\/wp\/v2\/cores-categorias?post=13640"}],"curies":[{"name":"wp","href":"https:\/\/api.w.org\/{rel}","templated":true}]}}