{"id":15218,"date":"2024-01-25T14:06:19","date_gmt":"2024-01-25T17:06:19","guid":{"rendered":"https:\/\/tvnova.tv.br\/jornalfatonovo\/?p=15218"},"modified":"2024-01-25T14:13:45","modified_gmt":"2024-01-25T17:13:45","slug":"festival-de-ouricuri-recebe-joao-gomes-e-gusttavo-lima","status":"publish","type":"post","link":"https:\/\/tvnova.tv.br\/jornalfatonovo\/festival-de-ouricuri-recebe-joao-gomes-e-gusttavo-lima\/","title":{"rendered":"Festival de Ouricuri recebe Jo\u00e3o Gomes e Gusttavo Lima"},"content":{"rendered":"<h4>Festival de Ouricuri recebe Jo\u00e3o Gomes e Gusttavo Lima<\/h4>\n<h6>\nA festa ser\u00e1 no antigo aeroporto da cidade, no p\u00e1tio de eventos<\/h6>\n<p><em>*Por Gabriel Couto<\/em><\/p>\n<p>O Festival de Janeiro de Ouricuri, no Sert\u00e3o de Pernambuco, entra em sua fase nacional a partir desta quinta-feira (25), depois de dias com apresenta\u00e7\u00f5es locais. O evento, que se estende at\u00e9 domingo (28), promete noites animadas com apresenta\u00e7\u00f5es de renomados artistas, come\u00e7ando por volta das 22h, no p\u00e1tio de eventos localizado no antigo aeroporto da cidade, com capacidade para aproximadamente 70 mil pessoas.<\/p>\n<p><strong>Confira todas as atra\u00e7\u00f5es:<\/strong><\/p>\n<p><strong>Quinta-feira:<\/strong><br \/>\nJo\u00e3o Gomes<br \/>\nMari Fernandes<br \/>\nEric Land<br \/>\nFelipe Amorim<\/p>\n<p><strong>Sexta-feira:<\/strong><br \/>\nGusttavo Lima<br \/>\nXand Avi\u00e3o<br \/>\nDj Ralk<br \/>\nMari e Rayane<br \/>\nJonas Esticado<\/p>\n<p><strong>S\u00e1bado:<\/strong><br \/>\nTarc\u00edsio do Acordeon<br \/>\nZ\u00e9 Vaqueiro<br \/>\nFabim Testado<br \/>\nJosu\u00e9 Bom de Faixa<\/p>\n<p><strong>Domingo:<\/strong><br \/>\nNattan<br \/>\nWesley Safad\u00e3o<br \/>\nIguinho e Lulinha<br \/>\nLos Candelos<\/p>\n<p>O Festival de Janeiro de Ouricuri se destaca como um marco cultural na regi\u00e3o, proporcionando uma variedade de estilos musicais para todos os gostos. Com a presen\u00e7a de artistas renomados, o evento promete ser uma celebra\u00e7\u00e3o vibrante, unindo a comunidade e os turistas em uma atmosfera festiva e com muita emo\u00e7\u00e3o.<\/p>\n<p><em>*estagi\u00e1rio sob supervis\u00e3o<\/em><\/p>\n","protected":false},"excerpt":{"rendered":"<p>Festival de Ouricuri recebe Jo\u00e3o Gomes e Gusttavo Lima A festa ser\u00e1 no antigo aeroporto da cidade, no p\u00e1tio de eventos *Por Gabriel Couto O Festival de Janeiro de Ouricuri, no Sert\u00e3o de Pernambuco, entra em sua fase nacional a partir desta quinta-feira (25), depois de dias com apresenta\u00e7\u00f5es locais. O evento, que se estende [&hellip;]<\/p>\n","protected":false},"author":6,"featured_media":15221,"comment_status":"closed","ping_status":"","sticky":false,"template":"","format":"standard","meta":{"footnotes":""},"categories":[1],"tags":[1484,2415,743],"cores-categorias":[],"class_list":["post-15218","post","type-post","status-publish","format-standard","has-post-thumbnail","hentry","category-cidades","tag-festival","tag-joao-gomes","tag-ouricuri"],"yoast_head":"<!-- This site is optimized with the Yoast SEO plugin v27.2 - https:\/\/yoast.com\/product\/yoast-seo-wordpress\/ -->\n<title>Festival de Ouricuri recebe Jo\u00e3o Gomes e Gusttavo Lima - Jornal Fato Novo<\/title>\n<meta name=\"robots\" content=\"index, follow, max-snippet:-1, max-image-preview:large, max-video-preview:-1\" \/>\n<link rel=\"canonical\" href=\"https:\/\/tvnova.tv.br\/jornalfatonovo\/festival-de-ouricuri-recebe-joao-gomes-e-gusttavo-lima\/\" \/>\n<meta property=\"og:locale\" content=\"pt_BR\" \/>\n<meta property=\"og:type\" content=\"article\" \/>\n<meta property=\"og:title\" content=\"Festival de Ouricuri recebe Jo\u00e3o Gomes e Gusttavo Lima - Jornal Fato Novo\" \/>\n<meta property=\"og:description\" content=\"Festival de Ouricuri recebe Jo\u00e3o Gomes e Gusttavo Lima A festa ser\u00e1 no antigo aeroporto da cidade, no p\u00e1tio de eventos *Por Gabriel Couto O Festival de Janeiro de Ouricuri, no Sert\u00e3o de Pernambuco, entra em sua fase nacional a partir desta quinta-feira (25), depois de dias com apresenta\u00e7\u00f5es locais. O evento, que se estende [&hellip;]\" \/>\n<meta property=\"og:url\" content=\"https:\/\/tvnova.tv.br\/jornalfatonovo\/festival-de-ouricuri-recebe-joao-gomes-e-gusttavo-lima\/\" \/>\n<meta property=\"og:site_name\" content=\"Jornal Fato Novo\" \/>\n<meta property=\"article:publisher\" content=\"https:\/\/www.facebook.com\/tvnovanordeste\/\" \/>\n<meta property=\"article:published_time\" content=\"2024-01-25T17:06:19+00:00\" \/>\n<meta property=\"article:modified_time\" content=\"2024-01-25T17:13:45+00:00\" \/>\n<meta property=\"og:image\" content=\"https:\/\/tvnova.tv.br\/jornalfatonovo\/wp-content\/uploads\/2024\/01\/WhatsApp-Image-2024-01-25-at-14.05.35.jpeg\" \/>\n\t<meta property=\"og:image:width\" content=\"600\" \/>\n\t<meta property=\"og:image:height\" content=\"400\" \/>\n\t<meta property=\"og:image:type\" content=\"image\/jpeg\" \/>\n<meta name=\"author\" content=\"Victoria Campos\" \/>\n<meta name=\"twitter:card\" content=\"summary_large_image\" \/>\n<meta name=\"twitter:creator\" content=\"@tvnovanordeste\" \/>\n<meta name=\"twitter:site\" content=\"@tvnovanordeste\" \/>\n<meta name=\"twitter:label1\" content=\"Escrito por\" \/>\n\t<meta name=\"twitter:data1\" content=\"Victoria Campos\" \/>\n\t<meta name=\"twitter:label2\" content=\"Est. tempo de leitura\" \/>\n\t<meta name=\"twitter:data2\" content=\"1 minuto\" \/>\n<script type=\"application\/ld+json\" class=\"yoast-schema-graph\">{\"@context\":\"https:\/\/schema.org\",\"@graph\":[{\"@type\":\"Article\",\"@id\":\"https:\/\/tvnova.tv.br\/jornalfatonovo\/festival-de-ouricuri-recebe-joao-gomes-e-gusttavo-lima\/#article\",\"isPartOf\":{\"@id\":\"https:\/\/tvnova.tv.br\/jornalfatonovo\/festival-de-ouricuri-recebe-joao-gomes-e-gusttavo-lima\/\"},\"author\":{\"name\":\"Victoria Campos\",\"@id\":\"https:\/\/tvnova.tv.br\/jornalfatonovo\/#\/schema\/person\/91ba9daadb7e96d3cbe5e1b84619be88\"},\"headline\":\"Festival de Ouricuri recebe Jo\u00e3o Gomes e Gusttavo Lima\",\"datePublished\":\"2024-01-25T17:06:19+00:00\",\"dateModified\":\"2024-01-25T17:13:45+00:00\",\"mainEntityOfPage\":{\"@id\":\"https:\/\/tvnova.tv.br\/jornalfatonovo\/festival-de-ouricuri-recebe-joao-gomes-e-gusttavo-lima\/\"},\"wordCount\":214,\"publisher\":{\"@id\":\"https:\/\/tvnova.tv.br\/jornalfatonovo\/#organization\"},\"image\":{\"@id\":\"https:\/\/tvnova.tv.br\/jornalfatonovo\/festival-de-ouricuri-recebe-joao-gomes-e-gusttavo-lima\/#primaryimage\"},\"thumbnailUrl\":\"https:\/\/tvnova.tv.br\/jornalfatonovo\/wp-content\/uploads\/2024\/01\/WhatsApp-Image-2024-01-25-at-14.05.35.jpeg\",\"keywords\":[\"Festival\",\"Jo\u00e3o Gomes\",\"Ouricuri\"],\"articleSection\":[\"Cidades\"],\"inLanguage\":\"pt-BR\"},{\"@type\":\"WebPage\",\"@id\":\"https:\/\/tvnova.tv.br\/jornalfatonovo\/festival-de-ouricuri-recebe-joao-gomes-e-gusttavo-lima\/\",\"url\":\"https:\/\/tvnova.tv.br\/jornalfatonovo\/festival-de-ouricuri-recebe-joao-gomes-e-gusttavo-lima\/\",\"name\":\"Festival de Ouricuri recebe Jo\u00e3o Gomes e Gusttavo Lima - Jornal Fato Novo\",\"isPartOf\":{\"@id\":\"https:\/\/tvnova.tv.br\/jornalfatonovo\/#website\"},\"primaryImageOfPage\":{\"@id\":\"https:\/\/tvnova.tv.br\/jornalfatonovo\/festival-de-ouricuri-recebe-joao-gomes-e-gusttavo-lima\/#primaryimage\"},\"image\":{\"@id\":\"https:\/\/tvnova.tv.br\/jornalfatonovo\/festival-de-ouricuri-recebe-joao-gomes-e-gusttavo-lima\/#primaryimage\"},\"thumbnailUrl\":\"https:\/\/tvnova.tv.br\/jornalfatonovo\/wp-content\/uploads\/2024\/01\/WhatsApp-Image-2024-01-25-at-14.05.35.jpeg\",\"datePublished\":\"2024-01-25T17:06:19+00:00\",\"dateModified\":\"2024-01-25T17:13:45+00:00\",\"breadcrumb\":{\"@id\":\"https:\/\/tvnova.tv.br\/jornalfatonovo\/festival-de-ouricuri-recebe-joao-gomes-e-gusttavo-lima\/#breadcrumb\"},\"inLanguage\":\"pt-BR\",\"potentialAction\":[{\"@type\":\"ReadAction\",\"target\":[\"https:\/\/tvnova.tv.br\/jornalfatonovo\/festival-de-ouricuri-recebe-joao-gomes-e-gusttavo-lima\/\"]}]},{\"@type\":\"ImageObject\",\"inLanguage\":\"pt-BR\",\"@id\":\"https:\/\/tvnova.tv.br\/jornalfatonovo\/festival-de-ouricuri-recebe-joao-gomes-e-gusttavo-lima\/#primaryimage\",\"url\":\"https:\/\/tvnova.tv.br\/jornalfatonovo\/wp-content\/uploads\/2024\/01\/WhatsApp-Image-2024-01-25-at-14.05.35.jpeg\",\"contentUrl\":\"https:\/\/tvnova.tv.br\/jornalfatonovo\/wp-content\/uploads\/2024\/01\/WhatsApp-Image-2024-01-25-at-14.05.35.jpeg\",\"width\":600,\"height\":400},{\"@type\":\"BreadcrumbList\",\"@id\":\"https:\/\/tvnova.tv.br\/jornalfatonovo\/festival-de-ouricuri-recebe-joao-gomes-e-gusttavo-lima\/#breadcrumb\",\"itemListElement\":[{\"@type\":\"ListItem\",\"position\":1,\"name\":\"In\u00edcio\",\"item\":\"https:\/\/tvnova.tv.br\/jornalfatonovo\/\"},{\"@type\":\"ListItem\",\"position\":2,\"name\":\"Festival de Ouricuri recebe Jo\u00e3o Gomes e Gusttavo Lima\"}]},{\"@type\":\"WebSite\",\"@id\":\"https:\/\/tvnova.tv.br\/jornalfatonovo\/#website\",\"url\":\"https:\/\/tvnova.tv.br\/jornalfatonovo\/\",\"name\":\"Jornal Fato Novo\",\"description\":\"Acompanhe as not\u00edcias de Pernambuco\",\"publisher\":{\"@id\":\"https:\/\/tvnova.tv.br\/jornalfatonovo\/#organization\"},\"potentialAction\":[{\"@type\":\"SearchAction\",\"target\":{\"@type\":\"EntryPoint\",\"urlTemplate\":\"https:\/\/tvnova.tv.br\/jornalfatonovo\/?s={search_term_string}\"},\"query-input\":{\"@type\":\"PropertyValueSpecification\",\"valueRequired\":true,\"valueName\":\"search_term_string\"}}],\"inLanguage\":\"pt-BR\"},{\"@type\":\"Organization\",\"@id\":\"https:\/\/tvnova.tv.br\/jornalfatonovo\/#organization\",\"name\":\"Jornal Fato Novo\",\"url\":\"https:\/\/tvnova.tv.br\/jornalfatonovo\/\",\"logo\":{\"@type\":\"ImageObject\",\"inLanguage\":\"pt-BR\",\"@id\":\"https:\/\/tvnova.tv.br\/jornalfatonovo\/#\/schema\/logo\/image\/\",\"url\":\"https:\/\/tvnova.tv.br\/jornalfatonovo1\/wp-content\/uploads\/2023\/04\/FATO-NOVO-1.png\",\"contentUrl\":\"https:\/\/tvnova.tv.br\/jornalfatonovo1\/wp-content\/uploads\/2023\/04\/FATO-NOVO-1.png\",\"width\":200,\"height\":60,\"caption\":\"Jornal Fato Novo\"},\"image\":{\"@id\":\"https:\/\/tvnova.tv.br\/jornalfatonovo\/#\/schema\/logo\/image\/\"},\"sameAs\":[\"https:\/\/www.facebook.com\/tvnovanordeste\/\",\"https:\/\/x.com\/tvnovanordeste\",\"https:\/\/www.instagram.com\/jornalfatonovope\/\"]},{\"@type\":\"Person\",\"@id\":\"https:\/\/tvnova.tv.br\/jornalfatonovo\/#\/schema\/person\/91ba9daadb7e96d3cbe5e1b84619be88\",\"name\":\"Victoria Campos\",\"url\":\"https:\/\/tvnova.tv.br\/jornalfatonovo\/author\/victoria\/\"}]}<\/script>\n<!-- \/ Yoast SEO plugin. -->","yoast_head_json":{"title":"Festival de Ouricuri recebe Jo\u00e3o Gomes e Gusttavo Lima - Jornal Fato Novo","robots":{"index":"index","follow":"follow","max-snippet":"max-snippet:-1","max-image-preview":"max-image-preview:large","max-video-preview":"max-video-preview:-1"},"canonical":"https:\/\/tvnova.tv.br\/jornalfatonovo\/festival-de-ouricuri-recebe-joao-gomes-e-gusttavo-lima\/","og_locale":"pt_BR","og_type":"article","og_title":"Festival de Ouricuri recebe Jo\u00e3o Gomes e Gusttavo Lima - Jornal Fato Novo","og_description":"Festival de Ouricuri recebe Jo\u00e3o Gomes e Gusttavo Lima A festa ser\u00e1 no antigo aeroporto da cidade, no p\u00e1tio de eventos *Por Gabriel Couto O Festival de Janeiro de Ouricuri, no Sert\u00e3o de Pernambuco, entra em sua fase nacional a partir desta quinta-feira (25), depois de dias com apresenta\u00e7\u00f5es locais. O evento, que se estende [&hellip;]","og_url":"https:\/\/tvnova.tv.br\/jornalfatonovo\/festival-de-ouricuri-recebe-joao-gomes-e-gusttavo-lima\/","og_site_name":"Jornal Fato Novo","article_publisher":"https:\/\/www.facebook.com\/tvnovanordeste\/","article_published_time":"2024-01-25T17:06:19+00:00","article_modified_time":"2024-01-25T17:13:45+00:00","og_image":[{"width":600,"height":400,"url":"https:\/\/tvnova.tv.br\/jornalfatonovo\/wp-content\/uploads\/2024\/01\/WhatsApp-Image-2024-01-25-at-14.05.35.jpeg","type":"image\/jpeg"}],"author":"Victoria Campos","twitter_card":"summary_large_image","twitter_creator":"@tvnovanordeste","twitter_site":"@tvnovanordeste","twitter_misc":{"Escrito por":"Victoria Campos","Est. tempo de leitura":"1 minuto"},"schema":{"@context":"https:\/\/schema.org","@graph":[{"@type":"Article","@id":"https:\/\/tvnova.tv.br\/jornalfatonovo\/festival-de-ouricuri-recebe-joao-gomes-e-gusttavo-lima\/#article","isPartOf":{"@id":"https:\/\/tvnova.tv.br\/jornalfatonovo\/festival-de-ouricuri-recebe-joao-gomes-e-gusttavo-lima\/"},"author":{"name":"Victoria Campos","@id":"https:\/\/tvnova.tv.br\/jornalfatonovo\/#\/schema\/person\/91ba9daadb7e96d3cbe5e1b84619be88"},"headline":"Festival de Ouricuri recebe Jo\u00e3o Gomes e Gusttavo Lima","datePublished":"2024-01-25T17:06:19+00:00","dateModified":"2024-01-25T17:13:45+00:00","mainEntityOfPage":{"@id":"https:\/\/tvnova.tv.br\/jornalfatonovo\/festival-de-ouricuri-recebe-joao-gomes-e-gusttavo-lima\/"},"wordCount":214,"publisher":{"@id":"https:\/\/tvnova.tv.br\/jornalfatonovo\/#organization"},"image":{"@id":"https:\/\/tvnova.tv.br\/jornalfatonovo\/festival-de-ouricuri-recebe-joao-gomes-e-gusttavo-lima\/#primaryimage"},"thumbnailUrl":"https:\/\/tvnova.tv.br\/jornalfatonovo\/wp-content\/uploads\/2024\/01\/WhatsApp-Image-2024-01-25-at-14.05.35.jpeg","keywords":["Festival","Jo\u00e3o Gomes","Ouricuri"],"articleSection":["Cidades"],"inLanguage":"pt-BR"},{"@type":"WebPage","@id":"https:\/\/tvnova.tv.br\/jornalfatonovo\/festival-de-ouricuri-recebe-joao-gomes-e-gusttavo-lima\/","url":"https:\/\/tvnova.tv.br\/jornalfatonovo\/festival-de-ouricuri-recebe-joao-gomes-e-gusttavo-lima\/","name":"Festival de Ouricuri recebe Jo\u00e3o Gomes e Gusttavo Lima - Jornal Fato Novo","isPartOf":{"@id":"https:\/\/tvnova.tv.br\/jornalfatonovo\/#website"},"primaryImageOfPage":{"@id":"https:\/\/tvnova.tv.br\/jornalfatonovo\/festival-de-ouricuri-recebe-joao-gomes-e-gusttavo-lima\/#primaryimage"},"image":{"@id":"https:\/\/tvnova.tv.br\/jornalfatonovo\/festival-de-ouricuri-recebe-joao-gomes-e-gusttavo-lima\/#primaryimage"},"thumbnailUrl":"https:\/\/tvnova.tv.br\/jornalfatonovo\/wp-content\/uploads\/2024\/01\/WhatsApp-Image-2024-01-25-at-14.05.35.jpeg","datePublished":"2024-01-25T17:06:19+00:00","dateModified":"2024-01-25T17:13:45+00:00","breadcrumb":{"@id":"https:\/\/tvnova.tv.br\/jornalfatonovo\/festival-de-ouricuri-recebe-joao-gomes-e-gusttavo-lima\/#breadcrumb"},"inLanguage":"pt-BR","potentialAction":[{"@type":"ReadAction","target":["https:\/\/tvnova.tv.br\/jornalfatonovo\/festival-de-ouricuri-recebe-joao-gomes-e-gusttavo-lima\/"]}]},{"@type":"ImageObject","inLanguage":"pt-BR","@id":"https:\/\/tvnova.tv.br\/jornalfatonovo\/festival-de-ouricuri-recebe-joao-gomes-e-gusttavo-lima\/#primaryimage","url":"https:\/\/tvnova.tv.br\/jornalfatonovo\/wp-content\/uploads\/2024\/01\/WhatsApp-Image-2024-01-25-at-14.05.35.jpeg","contentUrl":"https:\/\/tvnova.tv.br\/jornalfatonovo\/wp-content\/uploads\/2024\/01\/WhatsApp-Image-2024-01-25-at-14.05.35.jpeg","width":600,"height":400},{"@type":"BreadcrumbList","@id":"https:\/\/tvnova.tv.br\/jornalfatonovo\/festival-de-ouricuri-recebe-joao-gomes-e-gusttavo-lima\/#breadcrumb","itemListElement":[{"@type":"ListItem","position":1,"name":"In\u00edcio","item":"https:\/\/tvnova.tv.br\/jornalfatonovo\/"},{"@type":"ListItem","position":2,"name":"Festival de Ouricuri recebe Jo\u00e3o Gomes e Gusttavo Lima"}]},{"@type":"WebSite","@id":"https:\/\/tvnova.tv.br\/jornalfatonovo\/#website","url":"https:\/\/tvnova.tv.br\/jornalfatonovo\/","name":"Jornal Fato Novo","description":"Acompanhe as not\u00edcias de Pernambuco","publisher":{"@id":"https:\/\/tvnova.tv.br\/jornalfatonovo\/#organization"},"potentialAction":[{"@type":"SearchAction","target":{"@type":"EntryPoint","urlTemplate":"https:\/\/tvnova.tv.br\/jornalfatonovo\/?s={search_term_string}"},"query-input":{"@type":"PropertyValueSpecification","valueRequired":true,"valueName":"search_term_string"}}],"inLanguage":"pt-BR"},{"@type":"Organization","@id":"https:\/\/tvnova.tv.br\/jornalfatonovo\/#organization","name":"Jornal Fato Novo","url":"https:\/\/tvnova.tv.br\/jornalfatonovo\/","logo":{"@type":"ImageObject","inLanguage":"pt-BR","@id":"https:\/\/tvnova.tv.br\/jornalfatonovo\/#\/schema\/logo\/image\/","url":"https:\/\/tvnova.tv.br\/jornalfatonovo1\/wp-content\/uploads\/2023\/04\/FATO-NOVO-1.png","contentUrl":"https:\/\/tvnova.tv.br\/jornalfatonovo1\/wp-content\/uploads\/2023\/04\/FATO-NOVO-1.png","width":200,"height":60,"caption":"Jornal Fato Novo"},"image":{"@id":"https:\/\/tvnova.tv.br\/jornalfatonovo\/#\/schema\/logo\/image\/"},"sameAs":["https:\/\/www.facebook.com\/tvnovanordeste\/","https:\/\/x.com\/tvnovanordeste","https:\/\/www.instagram.com\/jornalfatonovope\/"]},{"@type":"Person","@id":"https:\/\/tvnova.tv.br\/jornalfatonovo\/#\/schema\/person\/91ba9daadb7e96d3cbe5e1b84619be88","name":"Victoria Campos","url":"https:\/\/tvnova.tv.br\/jornalfatonovo\/author\/victoria\/"}]}},"_links":{"self":[{"href":"https:\/\/tvnova.tv.br\/jornalfatonovo\/wp-json\/wp\/v2\/posts\/15218","targetHints":{"allow":["GET"]}}],"collection":[{"href":"https:\/\/tvnova.tv.br\/jornalfatonovo\/wp-json\/wp\/v2\/posts"}],"about":[{"href":"https:\/\/tvnova.tv.br\/jornalfatonovo\/wp-json\/wp\/v2\/types\/post"}],"author":[{"embeddable":true,"href":"https:\/\/tvnova.tv.br\/jornalfatonovo\/wp-json\/wp\/v2\/users\/6"}],"replies":[{"embeddable":true,"href":"https:\/\/tvnova.tv.br\/jornalfatonovo\/wp-json\/wp\/v2\/comments?post=15218"}],"version-history":[{"count":2,"href":"https:\/\/tvnova.tv.br\/jornalfatonovo\/wp-json\/wp\/v2\/posts\/15218\/revisions"}],"predecessor-version":[{"id":15220,"href":"https:\/\/tvnova.tv.br\/jornalfatonovo\/wp-json\/wp\/v2\/posts\/15218\/revisions\/15220"}],"wp:featuredmedia":[{"embeddable":true,"href":"https:\/\/tvnova.tv.br\/jornalfatonovo\/wp-json\/wp\/v2\/media\/15221"}],"wp:attachment":[{"href":"https:\/\/tvnova.tv.br\/jornalfatonovo\/wp-json\/wp\/v2\/media?parent=15218"}],"wp:term":[{"taxonomy":"category","embeddable":true,"href":"https:\/\/tvnova.tv.br\/jornalfatonovo\/wp-json\/wp\/v2\/categories?post=15218"},{"taxonomy":"post_tag","embeddable":true,"href":"https:\/\/tvnova.tv.br\/jornalfatonovo\/wp-json\/wp\/v2\/tags?post=15218"},{"taxonomy":"cores-categorias","embeddable":true,"href":"https:\/\/tvnova.tv.br\/jornalfatonovo\/wp-json\/wp\/v2\/cores-categorias?post=15218"}],"curies":[{"name":"wp","href":"https:\/\/api.w.org\/{rel}","templated":true}]}}