{"id":16126,"date":"2024-02-28T09:55:02","date_gmt":"2024-02-28T12:55:02","guid":{"rendered":"https:\/\/tvnova.tv.br\/jornalfatonovo\/?p=16126"},"modified":"2024-02-28T10:26:37","modified_gmt":"2024-02-28T13:26:37","slug":"servico-de-manutencao-no-sistema-tapacura-e-adiado-pela-compesa","status":"publish","type":"post","link":"https:\/\/tvnova.tv.br\/jornalfatonovo\/servico-de-manutencao-no-sistema-tapacura-e-adiado-pela-compesa\/","title":{"rendered":"Servi\u00e7o de manuten\u00e7\u00e3o no Sistema Tapacur\u00e1 \u00e9 adiado pela Compesa"},"content":{"rendered":"<h4>Servi\u00e7o de manuten\u00e7\u00e3o no Sistema Tapacur\u00e1 \u00e9 adiado pela Compesa<\/h4>\n<h6>Os trabalhos, que iriam come\u00e7ar nesta quarta (28), foram adiados por conta das chuvas<\/h6>\n<p>&nbsp;<\/p>\n<p>A Companhia Pernambucana de Saneamento (Compesa) precisou adiar a manuten\u00e7\u00e3o do Sistema Tapacur\u00e1 devido \u00e0s fortes chuvas no Grande Recife ao longo da ter\u00e7a-feira (27) e \u00e0 previs\u00e3o de precipita\u00e7\u00f5es ao longo desta quarta-feira (28). As localidades que j\u00e1 teriam a interrup\u00e7\u00e3o do abastecimento seguem com normalidade no fornecimento de \u00e1gua. A Compesa remarcou os servi\u00e7os para o pr\u00f3ximo dia 13 de mar\u00e7o, uma quarta-feira.<\/p>\n<p>O Sistema Tapacur\u00e1 abastece cerca de 30% das casas e estabelecimentos do Grande Recife. Dentre os servi\u00e7os programados est\u00e1 a retirada de um vazamento em uma tubula\u00e7\u00e3o da adutora, que fica no bairro do Curado IV, em Jaboat\u00e3o dos Guararapes. Segundo a companhia, essa manuten\u00e7\u00e3o \u00e9 de alto grau de complexidade, e que por isso dever\u00e1 durar cerca de 24 horas. O vazamento j\u00e1 havia sido identificado h\u00e1 algum tempo e vem sendo controlado por meio da instala\u00e7\u00e3o de uma abra\u00e7adeira.<\/p>\n<p>Confira abaixo as localidades que ser\u00e3o afetadas pelo servi\u00e7o no pr\u00f3ximo dia 13 de mar\u00e7o:<\/p>\n<p>&nbsp;<\/p>\n<h6><strong>Localidades com abastecimento suspenso por 24 horas: \u00a0<\/strong><\/h6>\n<p>\u2013 <strong>Camaragibe:<\/strong> todo o munic\u00edpio.<\/p>\n<p>\u2013 <strong>Jaboat\u00e3o dos Guararapes:<\/strong> Alto da Colina, Bulh\u00f5es, Jaboat\u00e3o Centro, Curado I, Curado Il, Curado III, Curado IV, Curado V, Engenho Velho, Floriano, Padre Roma, Santana, Santo Aleixo, Socorro, Sucupira, Muribequinha, Vista Alegre, Alto Bartolomeu, Alto da Bela Vista, Alto S\u00e3o Sebasti\u00e3o, Alto Santa Teresinha, Manassu, Vargem Fria, Vila Rica, Cavaleiro e Pacheco.<\/p>\n<p>\u2013 <strong>Recife:<\/strong> Apipucos, Caxang\u00e1, Cidade Universit\u00e1ria, Coqueiral, Cordeiro, Casa Forte, Casa Amarela, Curado, Dois Irm\u00e3os, S\u00edtio dos Pintos, S\u00edtio S\u00e3o Br\u00e1s, Engenho do Meio, Iputinga, Areias, Barro, Ca\u00e7ote, Est\u00e2ncia, Jiqui\u00e1, Jardim S\u00e3o Paulo, Sancho, Tejipi\u00f3, Macaxeira, Mangueira, Monsenhor Fabr\u00edcio, Santana, Monteiro, Parnamirim, Po\u00e7o da Panela, Prado, Roda de Fogo, San Martin, Tamarineira, Torre, Torr\u00f5es, Tot\u00f3, V\u00e1rzea, UR-7 V\u00e1rzea, Vasco da Gama, Zumbi, Brasilit, Detran, Ilha do Joaneiro, Alto 13 de Maio, Alto do Mand\u00fa, Alto Santa Isabel, Madalena, Boa Vista, Paissandu, Coelhos, Derby, Ilha do Leite, Soledade, Gra\u00e7as, Espinheiro, Rosarinho, Aflitos e Santo Amaro.<\/p>\n<h6><strong>Localidades com baixa press\u00e3o:<\/strong><\/h6>\n<p>\u2013 <strong>Recife:<\/strong> Ilha de Joana Bezerra, Santo Ant\u00f4nio, Afogados, S\u00e3o Jos\u00e9, Cabanga, Coque, Boa Viagem, Imbiribeira, Ipsep, Bongi, Mustardinha, Mangueira e Ilha do Retiro<\/p>\n","protected":false},"excerpt":{"rendered":"<p>Servi\u00e7o de manuten\u00e7\u00e3o no Sistema Tapacur\u00e1 \u00e9 adiado pela Compesa Os trabalhos, que iriam come\u00e7ar nesta quarta (28), foram adiados por conta das chuvas &nbsp; A Companhia Pernambucana de Saneamento (Compesa) precisou adiar a manuten\u00e7\u00e3o do Sistema Tapacur\u00e1 devido \u00e0s fortes chuvas no Grande Recife ao longo da ter\u00e7a-feira (27) e \u00e0 previs\u00e3o de precipita\u00e7\u00f5es [&hellip;]<\/p>\n","protected":false},"author":6,"featured_media":16154,"comment_status":"closed","ping_status":"","sticky":false,"template":"","format":"standard","meta":{"footnotes":""},"categories":[1],"tags":[],"cores-categorias":[],"class_list":["post-16126","post","type-post","status-publish","format-standard","has-post-thumbnail","hentry","category-cidades"],"yoast_head":"<!-- This site is optimized with the Yoast SEO plugin v27.2 - https:\/\/yoast.com\/product\/yoast-seo-wordpress\/ -->\n<title>Servi\u00e7o de manuten\u00e7\u00e3o no Sistema Tapacur\u00e1 \u00e9 adiado pela Compesa - Jornal Fato Novo<\/title>\n<meta name=\"robots\" content=\"index, follow, max-snippet:-1, max-image-preview:large, max-video-preview:-1\" \/>\n<link rel=\"canonical\" href=\"https:\/\/tvnova.tv.br\/jornalfatonovo\/servico-de-manutencao-no-sistema-tapacura-e-adiado-pela-compesa\/\" \/>\n<meta property=\"og:locale\" content=\"pt_BR\" \/>\n<meta property=\"og:type\" content=\"article\" \/>\n<meta property=\"og:title\" content=\"Servi\u00e7o de manuten\u00e7\u00e3o no Sistema Tapacur\u00e1 \u00e9 adiado pela Compesa - Jornal Fato Novo\" \/>\n<meta property=\"og:description\" content=\"Servi\u00e7o de manuten\u00e7\u00e3o no Sistema Tapacur\u00e1 \u00e9 adiado pela Compesa Os trabalhos, que iriam come\u00e7ar nesta quarta (28), foram adiados por conta das chuvas &nbsp; A Companhia Pernambucana de Saneamento (Compesa) precisou adiar a manuten\u00e7\u00e3o do Sistema Tapacur\u00e1 devido \u00e0s fortes chuvas no Grande Recife ao longo da ter\u00e7a-feira (27) e \u00e0 previs\u00e3o de precipita\u00e7\u00f5es [&hellip;]\" \/>\n<meta property=\"og:url\" content=\"https:\/\/tvnova.tv.br\/jornalfatonovo\/servico-de-manutencao-no-sistema-tapacura-e-adiado-pela-compesa\/\" \/>\n<meta property=\"og:site_name\" content=\"Jornal Fato Novo\" \/>\n<meta property=\"article:publisher\" content=\"https:\/\/www.facebook.com\/tvnovanordeste\/\" \/>\n<meta property=\"article:published_time\" content=\"2024-02-28T12:55:02+00:00\" \/>\n<meta property=\"article:modified_time\" content=\"2024-02-28T13:26:37+00:00\" \/>\n<meta property=\"og:image\" content=\"https:\/\/tvnova.tv.br\/jornalfatonovo\/wp-content\/uploads\/2024\/02\/20230511124241717339o.jpg\" \/>\n\t<meta property=\"og:image:width\" content=\"1273\" \/>\n\t<meta property=\"og:image:height\" content=\"845\" \/>\n\t<meta property=\"og:image:type\" content=\"image\/jpeg\" \/>\n<meta name=\"author\" content=\"Victoria Campos\" \/>\n<meta name=\"twitter:card\" content=\"summary_large_image\" \/>\n<meta name=\"twitter:creator\" content=\"@tvnovanordeste\" \/>\n<meta name=\"twitter:site\" content=\"@tvnovanordeste\" \/>\n<meta name=\"twitter:label1\" content=\"Escrito por\" \/>\n\t<meta name=\"twitter:data1\" content=\"Victoria Campos\" \/>\n\t<meta name=\"twitter:label2\" content=\"Est. tempo de leitura\" \/>\n\t<meta name=\"twitter:data2\" content=\"2 minutos\" \/>\n<script type=\"application\/ld+json\" class=\"yoast-schema-graph\">{\"@context\":\"https:\/\/schema.org\",\"@graph\":[{\"@type\":\"Article\",\"@id\":\"https:\/\/tvnova.tv.br\/jornalfatonovo\/servico-de-manutencao-no-sistema-tapacura-e-adiado-pela-compesa\/#article\",\"isPartOf\":{\"@id\":\"https:\/\/tvnova.tv.br\/jornalfatonovo\/servico-de-manutencao-no-sistema-tapacura-e-adiado-pela-compesa\/\"},\"author\":{\"name\":\"Victoria Campos\",\"@id\":\"https:\/\/tvnova.tv.br\/jornalfatonovo\/#\/schema\/person\/91ba9daadb7e96d3cbe5e1b84619be88\"},\"headline\":\"Servi\u00e7o de manuten\u00e7\u00e3o no Sistema Tapacur\u00e1 \u00e9 adiado pela Compesa\",\"datePublished\":\"2024-02-28T12:55:02+00:00\",\"dateModified\":\"2024-02-28T13:26:37+00:00\",\"mainEntityOfPage\":{\"@id\":\"https:\/\/tvnova.tv.br\/jornalfatonovo\/servico-de-manutencao-no-sistema-tapacura-e-adiado-pela-compesa\/\"},\"wordCount\":414,\"publisher\":{\"@id\":\"https:\/\/tvnova.tv.br\/jornalfatonovo\/#organization\"},\"image\":{\"@id\":\"https:\/\/tvnova.tv.br\/jornalfatonovo\/servico-de-manutencao-no-sistema-tapacura-e-adiado-pela-compesa\/#primaryimage\"},\"thumbnailUrl\":\"https:\/\/tvnova.tv.br\/jornalfatonovo\/wp-content\/uploads\/2024\/02\/20230511124241717339o.jpg\",\"articleSection\":[\"Cidades\"],\"inLanguage\":\"pt-BR\"},{\"@type\":\"WebPage\",\"@id\":\"https:\/\/tvnova.tv.br\/jornalfatonovo\/servico-de-manutencao-no-sistema-tapacura-e-adiado-pela-compesa\/\",\"url\":\"https:\/\/tvnova.tv.br\/jornalfatonovo\/servico-de-manutencao-no-sistema-tapacura-e-adiado-pela-compesa\/\",\"name\":\"Servi\u00e7o de manuten\u00e7\u00e3o no Sistema Tapacur\u00e1 \u00e9 adiado pela Compesa - Jornal Fato Novo\",\"isPartOf\":{\"@id\":\"https:\/\/tvnova.tv.br\/jornalfatonovo\/#website\"},\"primaryImageOfPage\":{\"@id\":\"https:\/\/tvnova.tv.br\/jornalfatonovo\/servico-de-manutencao-no-sistema-tapacura-e-adiado-pela-compesa\/#primaryimage\"},\"image\":{\"@id\":\"https:\/\/tvnova.tv.br\/jornalfatonovo\/servico-de-manutencao-no-sistema-tapacura-e-adiado-pela-compesa\/#primaryimage\"},\"thumbnailUrl\":\"https:\/\/tvnova.tv.br\/jornalfatonovo\/wp-content\/uploads\/2024\/02\/20230511124241717339o.jpg\",\"datePublished\":\"2024-02-28T12:55:02+00:00\",\"dateModified\":\"2024-02-28T13:26:37+00:00\",\"breadcrumb\":{\"@id\":\"https:\/\/tvnova.tv.br\/jornalfatonovo\/servico-de-manutencao-no-sistema-tapacura-e-adiado-pela-compesa\/#breadcrumb\"},\"inLanguage\":\"pt-BR\",\"potentialAction\":[{\"@type\":\"ReadAction\",\"target\":[\"https:\/\/tvnova.tv.br\/jornalfatonovo\/servico-de-manutencao-no-sistema-tapacura-e-adiado-pela-compesa\/\"]}]},{\"@type\":\"ImageObject\",\"inLanguage\":\"pt-BR\",\"@id\":\"https:\/\/tvnova.tv.br\/jornalfatonovo\/servico-de-manutencao-no-sistema-tapacura-e-adiado-pela-compesa\/#primaryimage\",\"url\":\"https:\/\/tvnova.tv.br\/jornalfatonovo\/wp-content\/uploads\/2024\/02\/20230511124241717339o.jpg\",\"contentUrl\":\"https:\/\/tvnova.tv.br\/jornalfatonovo\/wp-content\/uploads\/2024\/02\/20230511124241717339o.jpg\",\"width\":1273,\"height\":845},{\"@type\":\"BreadcrumbList\",\"@id\":\"https:\/\/tvnova.tv.br\/jornalfatonovo\/servico-de-manutencao-no-sistema-tapacura-e-adiado-pela-compesa\/#breadcrumb\",\"itemListElement\":[{\"@type\":\"ListItem\",\"position\":1,\"name\":\"In\u00edcio\",\"item\":\"https:\/\/tvnova.tv.br\/jornalfatonovo\/\"},{\"@type\":\"ListItem\",\"position\":2,\"name\":\"Servi\u00e7o de manuten\u00e7\u00e3o no Sistema Tapacur\u00e1 \u00e9 adiado pela Compesa\"}]},{\"@type\":\"WebSite\",\"@id\":\"https:\/\/tvnova.tv.br\/jornalfatonovo\/#website\",\"url\":\"https:\/\/tvnova.tv.br\/jornalfatonovo\/\",\"name\":\"Jornal Fato Novo\",\"description\":\"Acompanhe as not\u00edcias de Pernambuco\",\"publisher\":{\"@id\":\"https:\/\/tvnova.tv.br\/jornalfatonovo\/#organization\"},\"potentialAction\":[{\"@type\":\"SearchAction\",\"target\":{\"@type\":\"EntryPoint\",\"urlTemplate\":\"https:\/\/tvnova.tv.br\/jornalfatonovo\/?s={search_term_string}\"},\"query-input\":{\"@type\":\"PropertyValueSpecification\",\"valueRequired\":true,\"valueName\":\"search_term_string\"}}],\"inLanguage\":\"pt-BR\"},{\"@type\":\"Organization\",\"@id\":\"https:\/\/tvnova.tv.br\/jornalfatonovo\/#organization\",\"name\":\"Jornal Fato Novo\",\"url\":\"https:\/\/tvnova.tv.br\/jornalfatonovo\/\",\"logo\":{\"@type\":\"ImageObject\",\"inLanguage\":\"pt-BR\",\"@id\":\"https:\/\/tvnova.tv.br\/jornalfatonovo\/#\/schema\/logo\/image\/\",\"url\":\"https:\/\/tvnova.tv.br\/jornalfatonovo1\/wp-content\/uploads\/2023\/04\/FATO-NOVO-1.png\",\"contentUrl\":\"https:\/\/tvnova.tv.br\/jornalfatonovo1\/wp-content\/uploads\/2023\/04\/FATO-NOVO-1.png\",\"width\":200,\"height\":60,\"caption\":\"Jornal Fato Novo\"},\"image\":{\"@id\":\"https:\/\/tvnova.tv.br\/jornalfatonovo\/#\/schema\/logo\/image\/\"},\"sameAs\":[\"https:\/\/www.facebook.com\/tvnovanordeste\/\",\"https:\/\/x.com\/tvnovanordeste\",\"https:\/\/www.instagram.com\/jornalfatonovope\/\"]},{\"@type\":\"Person\",\"@id\":\"https:\/\/tvnova.tv.br\/jornalfatonovo\/#\/schema\/person\/91ba9daadb7e96d3cbe5e1b84619be88\",\"name\":\"Victoria Campos\",\"url\":\"https:\/\/tvnova.tv.br\/jornalfatonovo\/author\/victoria\/\"}]}<\/script>\n<!-- \/ Yoast SEO plugin. -->","yoast_head_json":{"title":"Servi\u00e7o de manuten\u00e7\u00e3o no Sistema Tapacur\u00e1 \u00e9 adiado pela Compesa - Jornal Fato Novo","robots":{"index":"index","follow":"follow","max-snippet":"max-snippet:-1","max-image-preview":"max-image-preview:large","max-video-preview":"max-video-preview:-1"},"canonical":"https:\/\/tvnova.tv.br\/jornalfatonovo\/servico-de-manutencao-no-sistema-tapacura-e-adiado-pela-compesa\/","og_locale":"pt_BR","og_type":"article","og_title":"Servi\u00e7o de manuten\u00e7\u00e3o no Sistema Tapacur\u00e1 \u00e9 adiado pela Compesa - Jornal Fato Novo","og_description":"Servi\u00e7o de manuten\u00e7\u00e3o no Sistema Tapacur\u00e1 \u00e9 adiado pela Compesa Os trabalhos, que iriam come\u00e7ar nesta quarta (28), foram adiados por conta das chuvas &nbsp; A Companhia Pernambucana de Saneamento (Compesa) precisou adiar a manuten\u00e7\u00e3o do Sistema Tapacur\u00e1 devido \u00e0s fortes chuvas no Grande Recife ao longo da ter\u00e7a-feira (27) e \u00e0 previs\u00e3o de precipita\u00e7\u00f5es [&hellip;]","og_url":"https:\/\/tvnova.tv.br\/jornalfatonovo\/servico-de-manutencao-no-sistema-tapacura-e-adiado-pela-compesa\/","og_site_name":"Jornal Fato Novo","article_publisher":"https:\/\/www.facebook.com\/tvnovanordeste\/","article_published_time":"2024-02-28T12:55:02+00:00","article_modified_time":"2024-02-28T13:26:37+00:00","og_image":[{"width":1273,"height":845,"url":"https:\/\/tvnova.tv.br\/jornalfatonovo\/wp-content\/uploads\/2024\/02\/20230511124241717339o.jpg","type":"image\/jpeg"}],"author":"Victoria Campos","twitter_card":"summary_large_image","twitter_creator":"@tvnovanordeste","twitter_site":"@tvnovanordeste","twitter_misc":{"Escrito por":"Victoria Campos","Est. tempo de leitura":"2 minutos"},"schema":{"@context":"https:\/\/schema.org","@graph":[{"@type":"Article","@id":"https:\/\/tvnova.tv.br\/jornalfatonovo\/servico-de-manutencao-no-sistema-tapacura-e-adiado-pela-compesa\/#article","isPartOf":{"@id":"https:\/\/tvnova.tv.br\/jornalfatonovo\/servico-de-manutencao-no-sistema-tapacura-e-adiado-pela-compesa\/"},"author":{"name":"Victoria Campos","@id":"https:\/\/tvnova.tv.br\/jornalfatonovo\/#\/schema\/person\/91ba9daadb7e96d3cbe5e1b84619be88"},"headline":"Servi\u00e7o de manuten\u00e7\u00e3o no Sistema Tapacur\u00e1 \u00e9 adiado pela Compesa","datePublished":"2024-02-28T12:55:02+00:00","dateModified":"2024-02-28T13:26:37+00:00","mainEntityOfPage":{"@id":"https:\/\/tvnova.tv.br\/jornalfatonovo\/servico-de-manutencao-no-sistema-tapacura-e-adiado-pela-compesa\/"},"wordCount":414,"publisher":{"@id":"https:\/\/tvnova.tv.br\/jornalfatonovo\/#organization"},"image":{"@id":"https:\/\/tvnova.tv.br\/jornalfatonovo\/servico-de-manutencao-no-sistema-tapacura-e-adiado-pela-compesa\/#primaryimage"},"thumbnailUrl":"https:\/\/tvnova.tv.br\/jornalfatonovo\/wp-content\/uploads\/2024\/02\/20230511124241717339o.jpg","articleSection":["Cidades"],"inLanguage":"pt-BR"},{"@type":"WebPage","@id":"https:\/\/tvnova.tv.br\/jornalfatonovo\/servico-de-manutencao-no-sistema-tapacura-e-adiado-pela-compesa\/","url":"https:\/\/tvnova.tv.br\/jornalfatonovo\/servico-de-manutencao-no-sistema-tapacura-e-adiado-pela-compesa\/","name":"Servi\u00e7o de manuten\u00e7\u00e3o no Sistema Tapacur\u00e1 \u00e9 adiado pela Compesa - Jornal Fato Novo","isPartOf":{"@id":"https:\/\/tvnova.tv.br\/jornalfatonovo\/#website"},"primaryImageOfPage":{"@id":"https:\/\/tvnova.tv.br\/jornalfatonovo\/servico-de-manutencao-no-sistema-tapacura-e-adiado-pela-compesa\/#primaryimage"},"image":{"@id":"https:\/\/tvnova.tv.br\/jornalfatonovo\/servico-de-manutencao-no-sistema-tapacura-e-adiado-pela-compesa\/#primaryimage"},"thumbnailUrl":"https:\/\/tvnova.tv.br\/jornalfatonovo\/wp-content\/uploads\/2024\/02\/20230511124241717339o.jpg","datePublished":"2024-02-28T12:55:02+00:00","dateModified":"2024-02-28T13:26:37+00:00","breadcrumb":{"@id":"https:\/\/tvnova.tv.br\/jornalfatonovo\/servico-de-manutencao-no-sistema-tapacura-e-adiado-pela-compesa\/#breadcrumb"},"inLanguage":"pt-BR","potentialAction":[{"@type":"ReadAction","target":["https:\/\/tvnova.tv.br\/jornalfatonovo\/servico-de-manutencao-no-sistema-tapacura-e-adiado-pela-compesa\/"]}]},{"@type":"ImageObject","inLanguage":"pt-BR","@id":"https:\/\/tvnova.tv.br\/jornalfatonovo\/servico-de-manutencao-no-sistema-tapacura-e-adiado-pela-compesa\/#primaryimage","url":"https:\/\/tvnova.tv.br\/jornalfatonovo\/wp-content\/uploads\/2024\/02\/20230511124241717339o.jpg","contentUrl":"https:\/\/tvnova.tv.br\/jornalfatonovo\/wp-content\/uploads\/2024\/02\/20230511124241717339o.jpg","width":1273,"height":845},{"@type":"BreadcrumbList","@id":"https:\/\/tvnova.tv.br\/jornalfatonovo\/servico-de-manutencao-no-sistema-tapacura-e-adiado-pela-compesa\/#breadcrumb","itemListElement":[{"@type":"ListItem","position":1,"name":"In\u00edcio","item":"https:\/\/tvnova.tv.br\/jornalfatonovo\/"},{"@type":"ListItem","position":2,"name":"Servi\u00e7o de manuten\u00e7\u00e3o no Sistema Tapacur\u00e1 \u00e9 adiado pela Compesa"}]},{"@type":"WebSite","@id":"https:\/\/tvnova.tv.br\/jornalfatonovo\/#website","url":"https:\/\/tvnova.tv.br\/jornalfatonovo\/","name":"Jornal Fato Novo","description":"Acompanhe as not\u00edcias de Pernambuco","publisher":{"@id":"https:\/\/tvnova.tv.br\/jornalfatonovo\/#organization"},"potentialAction":[{"@type":"SearchAction","target":{"@type":"EntryPoint","urlTemplate":"https:\/\/tvnova.tv.br\/jornalfatonovo\/?s={search_term_string}"},"query-input":{"@type":"PropertyValueSpecification","valueRequired":true,"valueName":"search_term_string"}}],"inLanguage":"pt-BR"},{"@type":"Organization","@id":"https:\/\/tvnova.tv.br\/jornalfatonovo\/#organization","name":"Jornal Fato Novo","url":"https:\/\/tvnova.tv.br\/jornalfatonovo\/","logo":{"@type":"ImageObject","inLanguage":"pt-BR","@id":"https:\/\/tvnova.tv.br\/jornalfatonovo\/#\/schema\/logo\/image\/","url":"https:\/\/tvnova.tv.br\/jornalfatonovo1\/wp-content\/uploads\/2023\/04\/FATO-NOVO-1.png","contentUrl":"https:\/\/tvnova.tv.br\/jornalfatonovo1\/wp-content\/uploads\/2023\/04\/FATO-NOVO-1.png","width":200,"height":60,"caption":"Jornal Fato Novo"},"image":{"@id":"https:\/\/tvnova.tv.br\/jornalfatonovo\/#\/schema\/logo\/image\/"},"sameAs":["https:\/\/www.facebook.com\/tvnovanordeste\/","https:\/\/x.com\/tvnovanordeste","https:\/\/www.instagram.com\/jornalfatonovope\/"]},{"@type":"Person","@id":"https:\/\/tvnova.tv.br\/jornalfatonovo\/#\/schema\/person\/91ba9daadb7e96d3cbe5e1b84619be88","name":"Victoria Campos","url":"https:\/\/tvnova.tv.br\/jornalfatonovo\/author\/victoria\/"}]}},"_links":{"self":[{"href":"https:\/\/tvnova.tv.br\/jornalfatonovo\/wp-json\/wp\/v2\/posts\/16126","targetHints":{"allow":["GET"]}}],"collection":[{"href":"https:\/\/tvnova.tv.br\/jornalfatonovo\/wp-json\/wp\/v2\/posts"}],"about":[{"href":"https:\/\/tvnova.tv.br\/jornalfatonovo\/wp-json\/wp\/v2\/types\/post"}],"author":[{"embeddable":true,"href":"https:\/\/tvnova.tv.br\/jornalfatonovo\/wp-json\/wp\/v2\/users\/6"}],"replies":[{"embeddable":true,"href":"https:\/\/tvnova.tv.br\/jornalfatonovo\/wp-json\/wp\/v2\/comments?post=16126"}],"version-history":[{"count":28,"href":"https:\/\/tvnova.tv.br\/jornalfatonovo\/wp-json\/wp\/v2\/posts\/16126\/revisions"}],"predecessor-version":[{"id":16159,"href":"https:\/\/tvnova.tv.br\/jornalfatonovo\/wp-json\/wp\/v2\/posts\/16126\/revisions\/16159"}],"wp:featuredmedia":[{"embeddable":true,"href":"https:\/\/tvnova.tv.br\/jornalfatonovo\/wp-json\/wp\/v2\/media\/16154"}],"wp:attachment":[{"href":"https:\/\/tvnova.tv.br\/jornalfatonovo\/wp-json\/wp\/v2\/media?parent=16126"}],"wp:term":[{"taxonomy":"category","embeddable":true,"href":"https:\/\/tvnova.tv.br\/jornalfatonovo\/wp-json\/wp\/v2\/categories?post=16126"},{"taxonomy":"post_tag","embeddable":true,"href":"https:\/\/tvnova.tv.br\/jornalfatonovo\/wp-json\/wp\/v2\/tags?post=16126"},{"taxonomy":"cores-categorias","embeddable":true,"href":"https:\/\/tvnova.tv.br\/jornalfatonovo\/wp-json\/wp\/v2\/cores-categorias?post=16126"}],"curies":[{"name":"wp","href":"https:\/\/api.w.org\/{rel}","templated":true}]}}