{"id":16155,"date":"2024-02-28T10:19:40","date_gmt":"2024-02-28T13:19:40","guid":{"rendered":"https:\/\/tvnova.tv.br\/jornalfatonovo\/?p=16155"},"modified":"2024-02-28T11:10:00","modified_gmt":"2024-02-28T14:10:00","slug":"entregador-por-aplicativo-tem-celular-roubado-apos-redeber-voadora-de-ladrao","status":"publish","type":"post","link":"https:\/\/tvnova.tv.br\/jornalfatonovo\/entregador-por-aplicativo-tem-celular-roubado-apos-redeber-voadora-de-ladrao\/","title":{"rendered":"Entregador por aplicativo tem celular roubado ap\u00f3s redeber &#8220;voadora&#8221; de ladr\u00e3o"},"content":{"rendered":"<h4>Homem tem celular roubado ap\u00f3s redeber &#8220;voadora&#8221; de ladr\u00e3o<\/h4>\n<h6>O caso aconteceu na noite do dia 19 de fevereiro, mas as imagens s\u00f3 foram divulgadas nesta ter\u00e7a-feira (27)<\/h6>\n<p>&nbsp;<\/p>\n<p>Imagens de um circuito de c\u00e2meras de seguran\u00e7a registraram o momento em que um entregador por aplicativo recebe uma voadora de um assaltante, que rouba o celular da v\u00edtima logo em seguida. Esse caso aconteceu na Rua Rodolfo Garcia, no Bairro do Salgado, em Caruaru. No v\u00eddeo, (<a href=\"https:\/\/www.youtube.com\/watch?v=TUotMpDfybM&amp;t=607s&amp;ab_channel=TVNovaNordeste\"><strong>assista aqui<\/strong><\/a>) \u00e9 poss\u00edvel ver quando o entregador est\u00e1 distra\u00eddo no celular e o criminoso se aproxima. Ele toma impulso e atinge a v\u00edtima pelas costas. Por pouco, o entregador n\u00e3o bate a cabe\u00e7a em um degrau da cal\u00e7ada. O ladr\u00e3o toma o celular e foge logo em seguida.<\/p>\n<p>A Pol\u00edcia Militar de Pernambuco disse, por meio de nota, que nenhuma ocorr\u00eancia foi registrada, mas que rondas s\u00e3o feitas com viaturas atrav\u00e9s da opera\u00e7\u00e3o Pernambuco Seguro, al\u00e9m do apoio do 1\u00ba BIEsp e do RPMon.<\/p>\n","protected":false},"excerpt":{"rendered":"<p>Homem tem celular roubado ap\u00f3s redeber &#8220;voadora&#8221; de ladr\u00e3o O caso aconteceu na noite do dia 19 de fevereiro, mas as imagens s\u00f3 foram divulgadas nesta ter\u00e7a-feira (27) &nbsp; Imagens de um circuito de c\u00e2meras de seguran\u00e7a registraram o momento em que um entregador por aplicativo recebe uma voadora de um assaltante, que rouba o [&hellip;]<\/p>\n","protected":false},"author":6,"featured_media":16182,"comment_status":"closed","ping_status":"","sticky":false,"template":"","format":"standard","meta":{"footnotes":""},"categories":[273],"tags":[],"cores-categorias":[],"class_list":["post-16155","post","type-post","status-publish","format-standard","has-post-thumbnail","hentry","category-policia"],"yoast_head":"<!-- This site is optimized with the Yoast SEO plugin v27.2 - https:\/\/yoast.com\/product\/yoast-seo-wordpress\/ -->\n<title>Entregador por aplicativo tem celular roubado ap\u00f3s redeber &quot;voadora&quot; de ladr\u00e3o - Jornal Fato Novo<\/title>\n<meta name=\"robots\" content=\"index, follow, max-snippet:-1, max-image-preview:large, max-video-preview:-1\" \/>\n<link rel=\"canonical\" href=\"https:\/\/tvnova.tv.br\/jornalfatonovo\/entregador-por-aplicativo-tem-celular-roubado-apos-redeber-voadora-de-ladrao\/\" \/>\n<meta property=\"og:locale\" content=\"pt_BR\" \/>\n<meta property=\"og:type\" content=\"article\" \/>\n<meta property=\"og:title\" content=\"Entregador por aplicativo tem celular roubado ap\u00f3s redeber &quot;voadora&quot; de ladr\u00e3o - Jornal Fato Novo\" \/>\n<meta property=\"og:description\" content=\"Homem tem celular roubado ap\u00f3s redeber &#8220;voadora&#8221; de ladr\u00e3o O caso aconteceu na noite do dia 19 de fevereiro, mas as imagens s\u00f3 foram divulgadas nesta ter\u00e7a-feira (27) &nbsp; Imagens de um circuito de c\u00e2meras de seguran\u00e7a registraram o momento em que um entregador por aplicativo recebe uma voadora de um assaltante, que rouba o [&hellip;]\" \/>\n<meta property=\"og:url\" content=\"https:\/\/tvnova.tv.br\/jornalfatonovo\/entregador-por-aplicativo-tem-celular-roubado-apos-redeber-voadora-de-ladrao\/\" \/>\n<meta property=\"og:site_name\" content=\"Jornal Fato Novo\" \/>\n<meta property=\"article:publisher\" content=\"https:\/\/www.facebook.com\/tvnovanordeste\/\" \/>\n<meta property=\"article:published_time\" content=\"2024-02-28T13:19:40+00:00\" \/>\n<meta property=\"article:modified_time\" content=\"2024-02-28T14:10:00+00:00\" \/>\n<meta name=\"author\" content=\"Victoria Campos\" \/>\n<meta name=\"twitter:card\" content=\"summary_large_image\" \/>\n<meta name=\"twitter:creator\" content=\"@tvnovanordeste\" \/>\n<meta name=\"twitter:site\" content=\"@tvnovanordeste\" \/>\n<meta name=\"twitter:label1\" content=\"Escrito por\" \/>\n\t<meta name=\"twitter:data1\" content=\"Victoria Campos\" \/>\n\t<meta name=\"twitter:label2\" content=\"Est. tempo de leitura\" \/>\n\t<meta name=\"twitter:data2\" content=\"1 minuto\" \/>\n<script type=\"application\/ld+json\" class=\"yoast-schema-graph\">{\"@context\":\"https:\/\/schema.org\",\"@graph\":[{\"@type\":\"Article\",\"@id\":\"https:\/\/tvnova.tv.br\/jornalfatonovo\/entregador-por-aplicativo-tem-celular-roubado-apos-redeber-voadora-de-ladrao\/#article\",\"isPartOf\":{\"@id\":\"https:\/\/tvnova.tv.br\/jornalfatonovo\/entregador-por-aplicativo-tem-celular-roubado-apos-redeber-voadora-de-ladrao\/\"},\"author\":{\"name\":\"Victoria Campos\",\"@id\":\"https:\/\/tvnova.tv.br\/jornalfatonovo\/#\/schema\/person\/91ba9daadb7e96d3cbe5e1b84619be88\"},\"headline\":\"Entregador por aplicativo tem celular roubado ap\u00f3s redeber &#8220;voadora&#8221; de ladr\u00e3o\",\"datePublished\":\"2024-02-28T13:19:40+00:00\",\"dateModified\":\"2024-02-28T14:10:00+00:00\",\"mainEntityOfPage\":{\"@id\":\"https:\/\/tvnova.tv.br\/jornalfatonovo\/entregador-por-aplicativo-tem-celular-roubado-apos-redeber-voadora-de-ladrao\/\"},\"wordCount\":190,\"publisher\":{\"@id\":\"https:\/\/tvnova.tv.br\/jornalfatonovo\/#organization\"},\"image\":{\"@id\":\"https:\/\/tvnova.tv.br\/jornalfatonovo\/entregador-por-aplicativo-tem-celular-roubado-apos-redeber-voadora-de-ladrao\/#primaryimage\"},\"thumbnailUrl\":\"https:\/\/tvnova.tv.br\/jornalfatonovo\/wp-content\/uploads\/2024\/02\/WhatsApp-Image-2024-02-28-at-11.09.04.jpeg\",\"articleSection\":[\"Pol\u00edcia\"],\"inLanguage\":\"pt-BR\"},{\"@type\":\"WebPage\",\"@id\":\"https:\/\/tvnova.tv.br\/jornalfatonovo\/entregador-por-aplicativo-tem-celular-roubado-apos-redeber-voadora-de-ladrao\/\",\"url\":\"https:\/\/tvnova.tv.br\/jornalfatonovo\/entregador-por-aplicativo-tem-celular-roubado-apos-redeber-voadora-de-ladrao\/\",\"name\":\"Entregador por aplicativo tem celular roubado ap\u00f3s redeber \\\"voadora\\\" de ladr\u00e3o - Jornal Fato Novo\",\"isPartOf\":{\"@id\":\"https:\/\/tvnova.tv.br\/jornalfatonovo\/#website\"},\"primaryImageOfPage\":{\"@id\":\"https:\/\/tvnova.tv.br\/jornalfatonovo\/entregador-por-aplicativo-tem-celular-roubado-apos-redeber-voadora-de-ladrao\/#primaryimage\"},\"image\":{\"@id\":\"https:\/\/tvnova.tv.br\/jornalfatonovo\/entregador-por-aplicativo-tem-celular-roubado-apos-redeber-voadora-de-ladrao\/#primaryimage\"},\"thumbnailUrl\":\"https:\/\/tvnova.tv.br\/jornalfatonovo\/wp-content\/uploads\/2024\/02\/WhatsApp-Image-2024-02-28-at-11.09.04.jpeg\",\"datePublished\":\"2024-02-28T13:19:40+00:00\",\"dateModified\":\"2024-02-28T14:10:00+00:00\",\"breadcrumb\":{\"@id\":\"https:\/\/tvnova.tv.br\/jornalfatonovo\/entregador-por-aplicativo-tem-celular-roubado-apos-redeber-voadora-de-ladrao\/#breadcrumb\"},\"inLanguage\":\"pt-BR\",\"potentialAction\":[{\"@type\":\"ReadAction\",\"target\":[\"https:\/\/tvnova.tv.br\/jornalfatonovo\/entregador-por-aplicativo-tem-celular-roubado-apos-redeber-voadora-de-ladrao\/\"]}]},{\"@type\":\"ImageObject\",\"inLanguage\":\"pt-BR\",\"@id\":\"https:\/\/tvnova.tv.br\/jornalfatonovo\/entregador-por-aplicativo-tem-celular-roubado-apos-redeber-voadora-de-ladrao\/#primaryimage\",\"url\":\"https:\/\/tvnova.tv.br\/jornalfatonovo\/wp-content\/uploads\/2024\/02\/WhatsApp-Image-2024-02-28-at-11.09.04.jpeg\",\"contentUrl\":\"https:\/\/tvnova.tv.br\/jornalfatonovo\/wp-content\/uploads\/2024\/02\/WhatsApp-Image-2024-02-28-at-11.09.04.jpeg\",\"width\":596,\"height\":364},{\"@type\":\"BreadcrumbList\",\"@id\":\"https:\/\/tvnova.tv.br\/jornalfatonovo\/entregador-por-aplicativo-tem-celular-roubado-apos-redeber-voadora-de-ladrao\/#breadcrumb\",\"itemListElement\":[{\"@type\":\"ListItem\",\"position\":1,\"name\":\"In\u00edcio\",\"item\":\"https:\/\/tvnova.tv.br\/jornalfatonovo\/\"},{\"@type\":\"ListItem\",\"position\":2,\"name\":\"Entregador por aplicativo tem celular roubado ap\u00f3s redeber &#8220;voadora&#8221; de ladr\u00e3o\"}]},{\"@type\":\"WebSite\",\"@id\":\"https:\/\/tvnova.tv.br\/jornalfatonovo\/#website\",\"url\":\"https:\/\/tvnova.tv.br\/jornalfatonovo\/\",\"name\":\"Jornal Fato Novo\",\"description\":\"Acompanhe as not\u00edcias de Pernambuco\",\"publisher\":{\"@id\":\"https:\/\/tvnova.tv.br\/jornalfatonovo\/#organization\"},\"potentialAction\":[{\"@type\":\"SearchAction\",\"target\":{\"@type\":\"EntryPoint\",\"urlTemplate\":\"https:\/\/tvnova.tv.br\/jornalfatonovo\/?s={search_term_string}\"},\"query-input\":{\"@type\":\"PropertyValueSpecification\",\"valueRequired\":true,\"valueName\":\"search_term_string\"}}],\"inLanguage\":\"pt-BR\"},{\"@type\":\"Organization\",\"@id\":\"https:\/\/tvnova.tv.br\/jornalfatonovo\/#organization\",\"name\":\"Jornal Fato Novo\",\"url\":\"https:\/\/tvnova.tv.br\/jornalfatonovo\/\",\"logo\":{\"@type\":\"ImageObject\",\"inLanguage\":\"pt-BR\",\"@id\":\"https:\/\/tvnova.tv.br\/jornalfatonovo\/#\/schema\/logo\/image\/\",\"url\":\"https:\/\/tvnova.tv.br\/jornalfatonovo1\/wp-content\/uploads\/2023\/04\/FATO-NOVO-1.png\",\"contentUrl\":\"https:\/\/tvnova.tv.br\/jornalfatonovo1\/wp-content\/uploads\/2023\/04\/FATO-NOVO-1.png\",\"width\":200,\"height\":60,\"caption\":\"Jornal Fato Novo\"},\"image\":{\"@id\":\"https:\/\/tvnova.tv.br\/jornalfatonovo\/#\/schema\/logo\/image\/\"},\"sameAs\":[\"https:\/\/www.facebook.com\/tvnovanordeste\/\",\"https:\/\/x.com\/tvnovanordeste\",\"https:\/\/www.instagram.com\/jornalfatonovope\/\"]},{\"@type\":\"Person\",\"@id\":\"https:\/\/tvnova.tv.br\/jornalfatonovo\/#\/schema\/person\/91ba9daadb7e96d3cbe5e1b84619be88\",\"name\":\"Victoria Campos\",\"url\":\"https:\/\/tvnova.tv.br\/jornalfatonovo\/author\/victoria\/\"}]}<\/script>\n<!-- \/ Yoast SEO plugin. -->","yoast_head_json":{"title":"Entregador por aplicativo tem celular roubado ap\u00f3s redeber \"voadora\" de ladr\u00e3o - Jornal Fato Novo","robots":{"index":"index","follow":"follow","max-snippet":"max-snippet:-1","max-image-preview":"max-image-preview:large","max-video-preview":"max-video-preview:-1"},"canonical":"https:\/\/tvnova.tv.br\/jornalfatonovo\/entregador-por-aplicativo-tem-celular-roubado-apos-redeber-voadora-de-ladrao\/","og_locale":"pt_BR","og_type":"article","og_title":"Entregador por aplicativo tem celular roubado ap\u00f3s redeber \"voadora\" de ladr\u00e3o - Jornal Fato Novo","og_description":"Homem tem celular roubado ap\u00f3s redeber &#8220;voadora&#8221; de ladr\u00e3o O caso aconteceu na noite do dia 19 de fevereiro, mas as imagens s\u00f3 foram divulgadas nesta ter\u00e7a-feira (27) &nbsp; Imagens de um circuito de c\u00e2meras de seguran\u00e7a registraram o momento em que um entregador por aplicativo recebe uma voadora de um assaltante, que rouba o [&hellip;]","og_url":"https:\/\/tvnova.tv.br\/jornalfatonovo\/entregador-por-aplicativo-tem-celular-roubado-apos-redeber-voadora-de-ladrao\/","og_site_name":"Jornal Fato Novo","article_publisher":"https:\/\/www.facebook.com\/tvnovanordeste\/","article_published_time":"2024-02-28T13:19:40+00:00","article_modified_time":"2024-02-28T14:10:00+00:00","author":"Victoria Campos","twitter_card":"summary_large_image","twitter_creator":"@tvnovanordeste","twitter_site":"@tvnovanordeste","twitter_misc":{"Escrito por":"Victoria Campos","Est. tempo de leitura":"1 minuto"},"schema":{"@context":"https:\/\/schema.org","@graph":[{"@type":"Article","@id":"https:\/\/tvnova.tv.br\/jornalfatonovo\/entregador-por-aplicativo-tem-celular-roubado-apos-redeber-voadora-de-ladrao\/#article","isPartOf":{"@id":"https:\/\/tvnova.tv.br\/jornalfatonovo\/entregador-por-aplicativo-tem-celular-roubado-apos-redeber-voadora-de-ladrao\/"},"author":{"name":"Victoria Campos","@id":"https:\/\/tvnova.tv.br\/jornalfatonovo\/#\/schema\/person\/91ba9daadb7e96d3cbe5e1b84619be88"},"headline":"Entregador por aplicativo tem celular roubado ap\u00f3s redeber &#8220;voadora&#8221; de ladr\u00e3o","datePublished":"2024-02-28T13:19:40+00:00","dateModified":"2024-02-28T14:10:00+00:00","mainEntityOfPage":{"@id":"https:\/\/tvnova.tv.br\/jornalfatonovo\/entregador-por-aplicativo-tem-celular-roubado-apos-redeber-voadora-de-ladrao\/"},"wordCount":190,"publisher":{"@id":"https:\/\/tvnova.tv.br\/jornalfatonovo\/#organization"},"image":{"@id":"https:\/\/tvnova.tv.br\/jornalfatonovo\/entregador-por-aplicativo-tem-celular-roubado-apos-redeber-voadora-de-ladrao\/#primaryimage"},"thumbnailUrl":"https:\/\/tvnova.tv.br\/jornalfatonovo\/wp-content\/uploads\/2024\/02\/WhatsApp-Image-2024-02-28-at-11.09.04.jpeg","articleSection":["Pol\u00edcia"],"inLanguage":"pt-BR"},{"@type":"WebPage","@id":"https:\/\/tvnova.tv.br\/jornalfatonovo\/entregador-por-aplicativo-tem-celular-roubado-apos-redeber-voadora-de-ladrao\/","url":"https:\/\/tvnova.tv.br\/jornalfatonovo\/entregador-por-aplicativo-tem-celular-roubado-apos-redeber-voadora-de-ladrao\/","name":"Entregador por aplicativo tem celular roubado ap\u00f3s redeber \"voadora\" de ladr\u00e3o - Jornal Fato Novo","isPartOf":{"@id":"https:\/\/tvnova.tv.br\/jornalfatonovo\/#website"},"primaryImageOfPage":{"@id":"https:\/\/tvnova.tv.br\/jornalfatonovo\/entregador-por-aplicativo-tem-celular-roubado-apos-redeber-voadora-de-ladrao\/#primaryimage"},"image":{"@id":"https:\/\/tvnova.tv.br\/jornalfatonovo\/entregador-por-aplicativo-tem-celular-roubado-apos-redeber-voadora-de-ladrao\/#primaryimage"},"thumbnailUrl":"https:\/\/tvnova.tv.br\/jornalfatonovo\/wp-content\/uploads\/2024\/02\/WhatsApp-Image-2024-02-28-at-11.09.04.jpeg","datePublished":"2024-02-28T13:19:40+00:00","dateModified":"2024-02-28T14:10:00+00:00","breadcrumb":{"@id":"https:\/\/tvnova.tv.br\/jornalfatonovo\/entregador-por-aplicativo-tem-celular-roubado-apos-redeber-voadora-de-ladrao\/#breadcrumb"},"inLanguage":"pt-BR","potentialAction":[{"@type":"ReadAction","target":["https:\/\/tvnova.tv.br\/jornalfatonovo\/entregador-por-aplicativo-tem-celular-roubado-apos-redeber-voadora-de-ladrao\/"]}]},{"@type":"ImageObject","inLanguage":"pt-BR","@id":"https:\/\/tvnova.tv.br\/jornalfatonovo\/entregador-por-aplicativo-tem-celular-roubado-apos-redeber-voadora-de-ladrao\/#primaryimage","url":"https:\/\/tvnova.tv.br\/jornalfatonovo\/wp-content\/uploads\/2024\/02\/WhatsApp-Image-2024-02-28-at-11.09.04.jpeg","contentUrl":"https:\/\/tvnova.tv.br\/jornalfatonovo\/wp-content\/uploads\/2024\/02\/WhatsApp-Image-2024-02-28-at-11.09.04.jpeg","width":596,"height":364},{"@type":"BreadcrumbList","@id":"https:\/\/tvnova.tv.br\/jornalfatonovo\/entregador-por-aplicativo-tem-celular-roubado-apos-redeber-voadora-de-ladrao\/#breadcrumb","itemListElement":[{"@type":"ListItem","position":1,"name":"In\u00edcio","item":"https:\/\/tvnova.tv.br\/jornalfatonovo\/"},{"@type":"ListItem","position":2,"name":"Entregador por aplicativo tem celular roubado ap\u00f3s redeber &#8220;voadora&#8221; de ladr\u00e3o"}]},{"@type":"WebSite","@id":"https:\/\/tvnova.tv.br\/jornalfatonovo\/#website","url":"https:\/\/tvnova.tv.br\/jornalfatonovo\/","name":"Jornal Fato Novo","description":"Acompanhe as not\u00edcias de Pernambuco","publisher":{"@id":"https:\/\/tvnova.tv.br\/jornalfatonovo\/#organization"},"potentialAction":[{"@type":"SearchAction","target":{"@type":"EntryPoint","urlTemplate":"https:\/\/tvnova.tv.br\/jornalfatonovo\/?s={search_term_string}"},"query-input":{"@type":"PropertyValueSpecification","valueRequired":true,"valueName":"search_term_string"}}],"inLanguage":"pt-BR"},{"@type":"Organization","@id":"https:\/\/tvnova.tv.br\/jornalfatonovo\/#organization","name":"Jornal Fato Novo","url":"https:\/\/tvnova.tv.br\/jornalfatonovo\/","logo":{"@type":"ImageObject","inLanguage":"pt-BR","@id":"https:\/\/tvnova.tv.br\/jornalfatonovo\/#\/schema\/logo\/image\/","url":"https:\/\/tvnova.tv.br\/jornalfatonovo1\/wp-content\/uploads\/2023\/04\/FATO-NOVO-1.png","contentUrl":"https:\/\/tvnova.tv.br\/jornalfatonovo1\/wp-content\/uploads\/2023\/04\/FATO-NOVO-1.png","width":200,"height":60,"caption":"Jornal Fato Novo"},"image":{"@id":"https:\/\/tvnova.tv.br\/jornalfatonovo\/#\/schema\/logo\/image\/"},"sameAs":["https:\/\/www.facebook.com\/tvnovanordeste\/","https:\/\/x.com\/tvnovanordeste","https:\/\/www.instagram.com\/jornalfatonovope\/"]},{"@type":"Person","@id":"https:\/\/tvnova.tv.br\/jornalfatonovo\/#\/schema\/person\/91ba9daadb7e96d3cbe5e1b84619be88","name":"Victoria Campos","url":"https:\/\/tvnova.tv.br\/jornalfatonovo\/author\/victoria\/"}]}},"_links":{"self":[{"href":"https:\/\/tvnova.tv.br\/jornalfatonovo\/wp-json\/wp\/v2\/posts\/16155","targetHints":{"allow":["GET"]}}],"collection":[{"href":"https:\/\/tvnova.tv.br\/jornalfatonovo\/wp-json\/wp\/v2\/posts"}],"about":[{"href":"https:\/\/tvnova.tv.br\/jornalfatonovo\/wp-json\/wp\/v2\/types\/post"}],"author":[{"embeddable":true,"href":"https:\/\/tvnova.tv.br\/jornalfatonovo\/wp-json\/wp\/v2\/users\/6"}],"replies":[{"embeddable":true,"href":"https:\/\/tvnova.tv.br\/jornalfatonovo\/wp-json\/wp\/v2\/comments?post=16155"}],"version-history":[{"count":26,"href":"https:\/\/tvnova.tv.br\/jornalfatonovo\/wp-json\/wp\/v2\/posts\/16155\/revisions"}],"predecessor-version":[{"id":16183,"href":"https:\/\/tvnova.tv.br\/jornalfatonovo\/wp-json\/wp\/v2\/posts\/16155\/revisions\/16183"}],"wp:featuredmedia":[{"embeddable":true,"href":"https:\/\/tvnova.tv.br\/jornalfatonovo\/wp-json\/wp\/v2\/media\/16182"}],"wp:attachment":[{"href":"https:\/\/tvnova.tv.br\/jornalfatonovo\/wp-json\/wp\/v2\/media?parent=16155"}],"wp:term":[{"taxonomy":"category","embeddable":true,"href":"https:\/\/tvnova.tv.br\/jornalfatonovo\/wp-json\/wp\/v2\/categories?post=16155"},{"taxonomy":"post_tag","embeddable":true,"href":"https:\/\/tvnova.tv.br\/jornalfatonovo\/wp-json\/wp\/v2\/tags?post=16155"},{"taxonomy":"cores-categorias","embeddable":true,"href":"https:\/\/tvnova.tv.br\/jornalfatonovo\/wp-json\/wp\/v2\/cores-categorias?post=16155"}],"curies":[{"name":"wp","href":"https:\/\/api.w.org\/{rel}","templated":true}]}}