{"id":16184,"date":"2024-02-28T11:11:18","date_gmt":"2024-02-28T14:11:18","guid":{"rendered":"https:\/\/tvnova.tv.br\/jornalfatonovo\/?p=16184"},"modified":"2024-02-28T11:12:20","modified_gmt":"2024-02-28T14:12:20","slug":"homem-e-adolescente-sao-detidos-apos-desafiarem-a-policia-mostrando-arma-e-drogas-em-live-no-instagram","status":"publish","type":"post","link":"https:\/\/tvnova.tv.br\/jornalfatonovo\/homem-e-adolescente-sao-detidos-apos-desafiarem-a-policia-mostrando-arma-e-drogas-em-live-no-instagram\/","title":{"rendered":"Homem e adolescente s\u00e3o detidos ap\u00f3s desafiarem a pol\u00edcia mostrando arma e drogas em &#8216;live&#8217; no Instagram"},"content":{"rendered":"<h4>Homem e adolescente s\u00e3o detidos ap\u00f3s desafiarem a pol\u00edcia mostrando arma e drogas em &#8216;live&#8217; no Instagram<\/h4>\n<h6><span style=\"font-weight: 400\">Na transmiss\u00e3o, a dupla ironiza dizendo que &#8220;Nem o Gati localiza&#8221;.<\/span><\/h6>\n<p><em><span style=\"font-weight: 400\">Por Vict\u00f3ria Campos<\/span><\/em><\/p>\n<p><span style=\"font-weight: 400\">Um homem e um adolescente, membros de uma fac\u00e7\u00e3o criminosa que atua em Itamarac\u00e1, no Grande Recife, foram detidos na noite de ter\u00e7a-feira (27), pelo Grupo de Opera\u00e7\u00f5es Especiais (GOE), ap\u00f3s eles aparecerem em uma live do Instagram debochando da pol\u00edcia. No v\u00eddeo, que viralizou nas redes sociais, a dupla ironiza dizendo que &#8220;Nem o Gati [Grupo de Apoio T\u00e1tico Itinerante; divis\u00e3o da Pol\u00edcia Civil] localiza&#8221;.<\/span><\/p>\n<p><span style=\"font-weight: 400\">Na transmiss\u00e3o, os dois aparecem desafiando as for\u00e7as de seguran\u00e7a, mostrando armas de fogo, muni\u00e7\u00f5es e drogas. Eles tamb\u00e9m falavam que estariam prontos para um poss\u00edvel confronto com a pol\u00edcia. A pris\u00e3o e a apreens\u00e3o, que aconteceram sob coordena\u00e7\u00e3o dos delegados Ten\u00f3rio Neto e Jorge Pinto, ocorreram no momento em que a dupla estava dentro de um carro de aplicativo.\u00a0<\/span><\/p>\n<p><span style=\"font-weight: 400\">Em um v\u00eddeo publicado nas redes sociais do delegado Eronides Meneses, \u00e9 poss\u00edvel ver quando os dois s\u00e3o detidos pela pol\u00edcia. &#8220;O GOE aceitou o desafio&#8221;, afirmou Eronides. Segundo a Pol\u00edcia Civil, no momento da pris\u00e3o, eles estavam com a pistola que aparece nas imagens da transmiss\u00e3o.\u00a0<\/span><\/p>\n<p>&nbsp;<\/p>\n<p><b>Casos recentes de viol\u00eancia na Ilha de Itamarac\u00e1<\/b><\/p>\n<p><span style=\"font-weight: 400\">Na segunda (26), um adolescente de 17 anos confessou ter matado um menino de 10 anos e atirado nos irm\u00e3os dele no dia 23 de fevereiro, no bairro da Biquinha, em Itamarac\u00e1. Segundo a Pol\u00edcia Militar, o jovem teria praticado o crime para vingar a morte de um beb\u00ea de 9 meses, assassinado no mesmo bairro, no \u00faltimo dia 17 de fevereiro.<\/span><\/p>\n","protected":false},"excerpt":{"rendered":"<p>Homem e adolescente s\u00e3o detidos ap\u00f3s desafiarem a pol\u00edcia mostrando arma e drogas em &#8216;live&#8217; no Instagram Na transmiss\u00e3o, a dupla ironiza dizendo que &#8220;Nem o Gati localiza&#8221;. Por Vict\u00f3ria Campos Um homem e um adolescente, membros de uma fac\u00e7\u00e3o criminosa que atua em Itamarac\u00e1, no Grande Recife, foram detidos na noite de ter\u00e7a-feira (27), [&hellip;]<\/p>\n","protected":false},"author":6,"featured_media":16186,"comment_status":"closed","ping_status":"","sticky":false,"template":"","format":"standard","meta":{"footnotes":""},"categories":[273],"tags":[1636,2503,1232,1002,556],"cores-categorias":[],"class_list":["post-16184","post","type-post","status-publish","format-standard","has-post-thumbnail","hentry","category-policia","tag-goe","tag-faccao","tag-itamaraca","tag-live","tag-prisao"],"yoast_head":"<!-- This site is optimized with the Yoast SEO plugin v27.2 - https:\/\/yoast.com\/product\/yoast-seo-wordpress\/ -->\n<title>Homem e adolescente s\u00e3o detidos ap\u00f3s desafiarem a pol\u00edcia mostrando arma e drogas em &#039;live&#039; no Instagram - Jornal Fato Novo<\/title>\n<meta name=\"robots\" content=\"index, follow, max-snippet:-1, max-image-preview:large, max-video-preview:-1\" \/>\n<link rel=\"canonical\" href=\"https:\/\/tvnova.tv.br\/jornalfatonovo\/homem-e-adolescente-sao-detidos-apos-desafiarem-a-policia-mostrando-arma-e-drogas-em-live-no-instagram\/\" \/>\n<meta property=\"og:locale\" content=\"pt_BR\" \/>\n<meta property=\"og:type\" content=\"article\" \/>\n<meta property=\"og:title\" content=\"Homem e adolescente s\u00e3o detidos ap\u00f3s desafiarem a pol\u00edcia mostrando arma e drogas em &#039;live&#039; no Instagram - Jornal Fato Novo\" \/>\n<meta property=\"og:description\" content=\"Homem e adolescente s\u00e3o detidos ap\u00f3s desafiarem a pol\u00edcia mostrando arma e drogas em &#8216;live&#8217; no Instagram Na transmiss\u00e3o, a dupla ironiza dizendo que &#8220;Nem o Gati localiza&#8221;. Por Vict\u00f3ria Campos Um homem e um adolescente, membros de uma fac\u00e7\u00e3o criminosa que atua em Itamarac\u00e1, no Grande Recife, foram detidos na noite de ter\u00e7a-feira (27), [&hellip;]\" \/>\n<meta property=\"og:url\" content=\"https:\/\/tvnova.tv.br\/jornalfatonovo\/homem-e-adolescente-sao-detidos-apos-desafiarem-a-policia-mostrando-arma-e-drogas-em-live-no-instagram\/\" \/>\n<meta property=\"og:site_name\" content=\"Jornal Fato Novo\" \/>\n<meta property=\"article:publisher\" content=\"https:\/\/www.facebook.com\/tvnovanordeste\/\" \/>\n<meta property=\"article:published_time\" content=\"2024-02-28T14:11:18+00:00\" \/>\n<meta property=\"article:modified_time\" content=\"2024-02-28T14:12:20+00:00\" \/>\n<meta name=\"author\" content=\"Victoria Campos\" \/>\n<meta name=\"twitter:card\" content=\"summary_large_image\" \/>\n<meta name=\"twitter:creator\" content=\"@tvnovanordeste\" \/>\n<meta name=\"twitter:site\" content=\"@tvnovanordeste\" \/>\n<meta name=\"twitter:label1\" content=\"Escrito por\" \/>\n\t<meta name=\"twitter:data1\" content=\"Victoria Campos\" \/>\n\t<meta name=\"twitter:label2\" content=\"Est. tempo de leitura\" \/>\n\t<meta name=\"twitter:data2\" content=\"2 minutos\" \/>\n<script type=\"application\/ld+json\" class=\"yoast-schema-graph\">{\"@context\":\"https:\/\/schema.org\",\"@graph\":[{\"@type\":\"Article\",\"@id\":\"https:\/\/tvnova.tv.br\/jornalfatonovo\/homem-e-adolescente-sao-detidos-apos-desafiarem-a-policia-mostrando-arma-e-drogas-em-live-no-instagram\/#article\",\"isPartOf\":{\"@id\":\"https:\/\/tvnova.tv.br\/jornalfatonovo\/homem-e-adolescente-sao-detidos-apos-desafiarem-a-policia-mostrando-arma-e-drogas-em-live-no-instagram\/\"},\"author\":{\"name\":\"Victoria Campos\",\"@id\":\"https:\/\/tvnova.tv.br\/jornalfatonovo\/#\/schema\/person\/91ba9daadb7e96d3cbe5e1b84619be88\"},\"headline\":\"Homem e adolescente s\u00e3o detidos ap\u00f3s desafiarem a pol\u00edcia mostrando arma e drogas em &#8216;live&#8217; no Instagram\",\"datePublished\":\"2024-02-28T14:11:18+00:00\",\"dateModified\":\"2024-02-28T14:12:20+00:00\",\"mainEntityOfPage\":{\"@id\":\"https:\/\/tvnova.tv.br\/jornalfatonovo\/homem-e-adolescente-sao-detidos-apos-desafiarem-a-policia-mostrando-arma-e-drogas-em-live-no-instagram\/\"},\"wordCount\":322,\"publisher\":{\"@id\":\"https:\/\/tvnova.tv.br\/jornalfatonovo\/#organization\"},\"image\":{\"@id\":\"https:\/\/tvnova.tv.br\/jornalfatonovo\/homem-e-adolescente-sao-detidos-apos-desafiarem-a-policia-mostrando-arma-e-drogas-em-live-no-instagram\/#primaryimage\"},\"thumbnailUrl\":\"https:\/\/tvnova.tv.br\/jornalfatonovo\/wp-content\/uploads\/2024\/02\/foto-1100x600-1_4.png\",\"keywords\":[\"#GOE\",\"Fac\u00e7\u00e3o\",\"Itamarac\u00e1\",\"Live\",\"pris\u00e3o\"],\"articleSection\":[\"Pol\u00edcia\"],\"inLanguage\":\"pt-BR\"},{\"@type\":\"WebPage\",\"@id\":\"https:\/\/tvnova.tv.br\/jornalfatonovo\/homem-e-adolescente-sao-detidos-apos-desafiarem-a-policia-mostrando-arma-e-drogas-em-live-no-instagram\/\",\"url\":\"https:\/\/tvnova.tv.br\/jornalfatonovo\/homem-e-adolescente-sao-detidos-apos-desafiarem-a-policia-mostrando-arma-e-drogas-em-live-no-instagram\/\",\"name\":\"Homem e adolescente s\u00e3o detidos ap\u00f3s desafiarem a pol\u00edcia mostrando arma e drogas em 'live' no Instagram - Jornal Fato Novo\",\"isPartOf\":{\"@id\":\"https:\/\/tvnova.tv.br\/jornalfatonovo\/#website\"},\"primaryImageOfPage\":{\"@id\":\"https:\/\/tvnova.tv.br\/jornalfatonovo\/homem-e-adolescente-sao-detidos-apos-desafiarem-a-policia-mostrando-arma-e-drogas-em-live-no-instagram\/#primaryimage\"},\"image\":{\"@id\":\"https:\/\/tvnova.tv.br\/jornalfatonovo\/homem-e-adolescente-sao-detidos-apos-desafiarem-a-policia-mostrando-arma-e-drogas-em-live-no-instagram\/#primaryimage\"},\"thumbnailUrl\":\"https:\/\/tvnova.tv.br\/jornalfatonovo\/wp-content\/uploads\/2024\/02\/foto-1100x600-1_4.png\",\"datePublished\":\"2024-02-28T14:11:18+00:00\",\"dateModified\":\"2024-02-28T14:12:20+00:00\",\"breadcrumb\":{\"@id\":\"https:\/\/tvnova.tv.br\/jornalfatonovo\/homem-e-adolescente-sao-detidos-apos-desafiarem-a-policia-mostrando-arma-e-drogas-em-live-no-instagram\/#breadcrumb\"},\"inLanguage\":\"pt-BR\",\"potentialAction\":[{\"@type\":\"ReadAction\",\"target\":[\"https:\/\/tvnova.tv.br\/jornalfatonovo\/homem-e-adolescente-sao-detidos-apos-desafiarem-a-policia-mostrando-arma-e-drogas-em-live-no-instagram\/\"]}]},{\"@type\":\"ImageObject\",\"inLanguage\":\"pt-BR\",\"@id\":\"https:\/\/tvnova.tv.br\/jornalfatonovo\/homem-e-adolescente-sao-detidos-apos-desafiarem-a-policia-mostrando-arma-e-drogas-em-live-no-instagram\/#primaryimage\",\"url\":\"https:\/\/tvnova.tv.br\/jornalfatonovo\/wp-content\/uploads\/2024\/02\/foto-1100x600-1_4.png\",\"contentUrl\":\"https:\/\/tvnova.tv.br\/jornalfatonovo\/wp-content\/uploads\/2024\/02\/foto-1100x600-1_4.png\",\"width\":1100,\"height\":600},{\"@type\":\"BreadcrumbList\",\"@id\":\"https:\/\/tvnova.tv.br\/jornalfatonovo\/homem-e-adolescente-sao-detidos-apos-desafiarem-a-policia-mostrando-arma-e-drogas-em-live-no-instagram\/#breadcrumb\",\"itemListElement\":[{\"@type\":\"ListItem\",\"position\":1,\"name\":\"In\u00edcio\",\"item\":\"https:\/\/tvnova.tv.br\/jornalfatonovo\/\"},{\"@type\":\"ListItem\",\"position\":2,\"name\":\"Homem e adolescente s\u00e3o detidos ap\u00f3s desafiarem a pol\u00edcia mostrando arma e drogas em &#8216;live&#8217; no Instagram\"}]},{\"@type\":\"WebSite\",\"@id\":\"https:\/\/tvnova.tv.br\/jornalfatonovo\/#website\",\"url\":\"https:\/\/tvnova.tv.br\/jornalfatonovo\/\",\"name\":\"Jornal Fato Novo\",\"description\":\"Acompanhe as not\u00edcias de Pernambuco\",\"publisher\":{\"@id\":\"https:\/\/tvnova.tv.br\/jornalfatonovo\/#organization\"},\"potentialAction\":[{\"@type\":\"SearchAction\",\"target\":{\"@type\":\"EntryPoint\",\"urlTemplate\":\"https:\/\/tvnova.tv.br\/jornalfatonovo\/?s={search_term_string}\"},\"query-input\":{\"@type\":\"PropertyValueSpecification\",\"valueRequired\":true,\"valueName\":\"search_term_string\"}}],\"inLanguage\":\"pt-BR\"},{\"@type\":\"Organization\",\"@id\":\"https:\/\/tvnova.tv.br\/jornalfatonovo\/#organization\",\"name\":\"Jornal Fato Novo\",\"url\":\"https:\/\/tvnova.tv.br\/jornalfatonovo\/\",\"logo\":{\"@type\":\"ImageObject\",\"inLanguage\":\"pt-BR\",\"@id\":\"https:\/\/tvnova.tv.br\/jornalfatonovo\/#\/schema\/logo\/image\/\",\"url\":\"https:\/\/tvnova.tv.br\/jornalfatonovo1\/wp-content\/uploads\/2023\/04\/FATO-NOVO-1.png\",\"contentUrl\":\"https:\/\/tvnova.tv.br\/jornalfatonovo1\/wp-content\/uploads\/2023\/04\/FATO-NOVO-1.png\",\"width\":200,\"height\":60,\"caption\":\"Jornal Fato Novo\"},\"image\":{\"@id\":\"https:\/\/tvnova.tv.br\/jornalfatonovo\/#\/schema\/logo\/image\/\"},\"sameAs\":[\"https:\/\/www.facebook.com\/tvnovanordeste\/\",\"https:\/\/x.com\/tvnovanordeste\",\"https:\/\/www.instagram.com\/jornalfatonovope\/\"]},{\"@type\":\"Person\",\"@id\":\"https:\/\/tvnova.tv.br\/jornalfatonovo\/#\/schema\/person\/91ba9daadb7e96d3cbe5e1b84619be88\",\"name\":\"Victoria Campos\",\"url\":\"https:\/\/tvnova.tv.br\/jornalfatonovo\/author\/victoria\/\"}]}<\/script>\n<!-- \/ Yoast SEO plugin. -->","yoast_head_json":{"title":"Homem e adolescente s\u00e3o detidos ap\u00f3s desafiarem a pol\u00edcia mostrando arma e drogas em 'live' no Instagram - Jornal Fato Novo","robots":{"index":"index","follow":"follow","max-snippet":"max-snippet:-1","max-image-preview":"max-image-preview:large","max-video-preview":"max-video-preview:-1"},"canonical":"https:\/\/tvnova.tv.br\/jornalfatonovo\/homem-e-adolescente-sao-detidos-apos-desafiarem-a-policia-mostrando-arma-e-drogas-em-live-no-instagram\/","og_locale":"pt_BR","og_type":"article","og_title":"Homem e adolescente s\u00e3o detidos ap\u00f3s desafiarem a pol\u00edcia mostrando arma e drogas em 'live' no Instagram - Jornal Fato Novo","og_description":"Homem e adolescente s\u00e3o detidos ap\u00f3s desafiarem a pol\u00edcia mostrando arma e drogas em &#8216;live&#8217; no Instagram Na transmiss\u00e3o, a dupla ironiza dizendo que &#8220;Nem o Gati localiza&#8221;. Por Vict\u00f3ria Campos Um homem e um adolescente, membros de uma fac\u00e7\u00e3o criminosa que atua em Itamarac\u00e1, no Grande Recife, foram detidos na noite de ter\u00e7a-feira (27), [&hellip;]","og_url":"https:\/\/tvnova.tv.br\/jornalfatonovo\/homem-e-adolescente-sao-detidos-apos-desafiarem-a-policia-mostrando-arma-e-drogas-em-live-no-instagram\/","og_site_name":"Jornal Fato Novo","article_publisher":"https:\/\/www.facebook.com\/tvnovanordeste\/","article_published_time":"2024-02-28T14:11:18+00:00","article_modified_time":"2024-02-28T14:12:20+00:00","author":"Victoria Campos","twitter_card":"summary_large_image","twitter_creator":"@tvnovanordeste","twitter_site":"@tvnovanordeste","twitter_misc":{"Escrito por":"Victoria Campos","Est. tempo de leitura":"2 minutos"},"schema":{"@context":"https:\/\/schema.org","@graph":[{"@type":"Article","@id":"https:\/\/tvnova.tv.br\/jornalfatonovo\/homem-e-adolescente-sao-detidos-apos-desafiarem-a-policia-mostrando-arma-e-drogas-em-live-no-instagram\/#article","isPartOf":{"@id":"https:\/\/tvnova.tv.br\/jornalfatonovo\/homem-e-adolescente-sao-detidos-apos-desafiarem-a-policia-mostrando-arma-e-drogas-em-live-no-instagram\/"},"author":{"name":"Victoria Campos","@id":"https:\/\/tvnova.tv.br\/jornalfatonovo\/#\/schema\/person\/91ba9daadb7e96d3cbe5e1b84619be88"},"headline":"Homem e adolescente s\u00e3o detidos ap\u00f3s desafiarem a pol\u00edcia mostrando arma e drogas em &#8216;live&#8217; no Instagram","datePublished":"2024-02-28T14:11:18+00:00","dateModified":"2024-02-28T14:12:20+00:00","mainEntityOfPage":{"@id":"https:\/\/tvnova.tv.br\/jornalfatonovo\/homem-e-adolescente-sao-detidos-apos-desafiarem-a-policia-mostrando-arma-e-drogas-em-live-no-instagram\/"},"wordCount":322,"publisher":{"@id":"https:\/\/tvnova.tv.br\/jornalfatonovo\/#organization"},"image":{"@id":"https:\/\/tvnova.tv.br\/jornalfatonovo\/homem-e-adolescente-sao-detidos-apos-desafiarem-a-policia-mostrando-arma-e-drogas-em-live-no-instagram\/#primaryimage"},"thumbnailUrl":"https:\/\/tvnova.tv.br\/jornalfatonovo\/wp-content\/uploads\/2024\/02\/foto-1100x600-1_4.png","keywords":["#GOE","Fac\u00e7\u00e3o","Itamarac\u00e1","Live","pris\u00e3o"],"articleSection":["Pol\u00edcia"],"inLanguage":"pt-BR"},{"@type":"WebPage","@id":"https:\/\/tvnova.tv.br\/jornalfatonovo\/homem-e-adolescente-sao-detidos-apos-desafiarem-a-policia-mostrando-arma-e-drogas-em-live-no-instagram\/","url":"https:\/\/tvnova.tv.br\/jornalfatonovo\/homem-e-adolescente-sao-detidos-apos-desafiarem-a-policia-mostrando-arma-e-drogas-em-live-no-instagram\/","name":"Homem e adolescente s\u00e3o detidos ap\u00f3s desafiarem a pol\u00edcia mostrando arma e drogas em 'live' no Instagram - Jornal Fato Novo","isPartOf":{"@id":"https:\/\/tvnova.tv.br\/jornalfatonovo\/#website"},"primaryImageOfPage":{"@id":"https:\/\/tvnova.tv.br\/jornalfatonovo\/homem-e-adolescente-sao-detidos-apos-desafiarem-a-policia-mostrando-arma-e-drogas-em-live-no-instagram\/#primaryimage"},"image":{"@id":"https:\/\/tvnova.tv.br\/jornalfatonovo\/homem-e-adolescente-sao-detidos-apos-desafiarem-a-policia-mostrando-arma-e-drogas-em-live-no-instagram\/#primaryimage"},"thumbnailUrl":"https:\/\/tvnova.tv.br\/jornalfatonovo\/wp-content\/uploads\/2024\/02\/foto-1100x600-1_4.png","datePublished":"2024-02-28T14:11:18+00:00","dateModified":"2024-02-28T14:12:20+00:00","breadcrumb":{"@id":"https:\/\/tvnova.tv.br\/jornalfatonovo\/homem-e-adolescente-sao-detidos-apos-desafiarem-a-policia-mostrando-arma-e-drogas-em-live-no-instagram\/#breadcrumb"},"inLanguage":"pt-BR","potentialAction":[{"@type":"ReadAction","target":["https:\/\/tvnova.tv.br\/jornalfatonovo\/homem-e-adolescente-sao-detidos-apos-desafiarem-a-policia-mostrando-arma-e-drogas-em-live-no-instagram\/"]}]},{"@type":"ImageObject","inLanguage":"pt-BR","@id":"https:\/\/tvnova.tv.br\/jornalfatonovo\/homem-e-adolescente-sao-detidos-apos-desafiarem-a-policia-mostrando-arma-e-drogas-em-live-no-instagram\/#primaryimage","url":"https:\/\/tvnova.tv.br\/jornalfatonovo\/wp-content\/uploads\/2024\/02\/foto-1100x600-1_4.png","contentUrl":"https:\/\/tvnova.tv.br\/jornalfatonovo\/wp-content\/uploads\/2024\/02\/foto-1100x600-1_4.png","width":1100,"height":600},{"@type":"BreadcrumbList","@id":"https:\/\/tvnova.tv.br\/jornalfatonovo\/homem-e-adolescente-sao-detidos-apos-desafiarem-a-policia-mostrando-arma-e-drogas-em-live-no-instagram\/#breadcrumb","itemListElement":[{"@type":"ListItem","position":1,"name":"In\u00edcio","item":"https:\/\/tvnova.tv.br\/jornalfatonovo\/"},{"@type":"ListItem","position":2,"name":"Homem e adolescente s\u00e3o detidos ap\u00f3s desafiarem a pol\u00edcia mostrando arma e drogas em &#8216;live&#8217; no Instagram"}]},{"@type":"WebSite","@id":"https:\/\/tvnova.tv.br\/jornalfatonovo\/#website","url":"https:\/\/tvnova.tv.br\/jornalfatonovo\/","name":"Jornal Fato Novo","description":"Acompanhe as not\u00edcias de Pernambuco","publisher":{"@id":"https:\/\/tvnova.tv.br\/jornalfatonovo\/#organization"},"potentialAction":[{"@type":"SearchAction","target":{"@type":"EntryPoint","urlTemplate":"https:\/\/tvnova.tv.br\/jornalfatonovo\/?s={search_term_string}"},"query-input":{"@type":"PropertyValueSpecification","valueRequired":true,"valueName":"search_term_string"}}],"inLanguage":"pt-BR"},{"@type":"Organization","@id":"https:\/\/tvnova.tv.br\/jornalfatonovo\/#organization","name":"Jornal Fato Novo","url":"https:\/\/tvnova.tv.br\/jornalfatonovo\/","logo":{"@type":"ImageObject","inLanguage":"pt-BR","@id":"https:\/\/tvnova.tv.br\/jornalfatonovo\/#\/schema\/logo\/image\/","url":"https:\/\/tvnova.tv.br\/jornalfatonovo1\/wp-content\/uploads\/2023\/04\/FATO-NOVO-1.png","contentUrl":"https:\/\/tvnova.tv.br\/jornalfatonovo1\/wp-content\/uploads\/2023\/04\/FATO-NOVO-1.png","width":200,"height":60,"caption":"Jornal Fato Novo"},"image":{"@id":"https:\/\/tvnova.tv.br\/jornalfatonovo\/#\/schema\/logo\/image\/"},"sameAs":["https:\/\/www.facebook.com\/tvnovanordeste\/","https:\/\/x.com\/tvnovanordeste","https:\/\/www.instagram.com\/jornalfatonovope\/"]},{"@type":"Person","@id":"https:\/\/tvnova.tv.br\/jornalfatonovo\/#\/schema\/person\/91ba9daadb7e96d3cbe5e1b84619be88","name":"Victoria Campos","url":"https:\/\/tvnova.tv.br\/jornalfatonovo\/author\/victoria\/"}]}},"_links":{"self":[{"href":"https:\/\/tvnova.tv.br\/jornalfatonovo\/wp-json\/wp\/v2\/posts\/16184","targetHints":{"allow":["GET"]}}],"collection":[{"href":"https:\/\/tvnova.tv.br\/jornalfatonovo\/wp-json\/wp\/v2\/posts"}],"about":[{"href":"https:\/\/tvnova.tv.br\/jornalfatonovo\/wp-json\/wp\/v2\/types\/post"}],"author":[{"embeddable":true,"href":"https:\/\/tvnova.tv.br\/jornalfatonovo\/wp-json\/wp\/v2\/users\/6"}],"replies":[{"embeddable":true,"href":"https:\/\/tvnova.tv.br\/jornalfatonovo\/wp-json\/wp\/v2\/comments?post=16184"}],"version-history":[{"count":1,"href":"https:\/\/tvnova.tv.br\/jornalfatonovo\/wp-json\/wp\/v2\/posts\/16184\/revisions"}],"predecessor-version":[{"id":16185,"href":"https:\/\/tvnova.tv.br\/jornalfatonovo\/wp-json\/wp\/v2\/posts\/16184\/revisions\/16185"}],"wp:featuredmedia":[{"embeddable":true,"href":"https:\/\/tvnova.tv.br\/jornalfatonovo\/wp-json\/wp\/v2\/media\/16186"}],"wp:attachment":[{"href":"https:\/\/tvnova.tv.br\/jornalfatonovo\/wp-json\/wp\/v2\/media?parent=16184"}],"wp:term":[{"taxonomy":"category","embeddable":true,"href":"https:\/\/tvnova.tv.br\/jornalfatonovo\/wp-json\/wp\/v2\/categories?post=16184"},{"taxonomy":"post_tag","embeddable":true,"href":"https:\/\/tvnova.tv.br\/jornalfatonovo\/wp-json\/wp\/v2\/tags?post=16184"},{"taxonomy":"cores-categorias","embeddable":true,"href":"https:\/\/tvnova.tv.br\/jornalfatonovo\/wp-json\/wp\/v2\/cores-categorias?post=16184"}],"curies":[{"name":"wp","href":"https:\/\/api.w.org\/{rel}","templated":true}]}}