{"id":20424,"date":"2024-09-25T12:59:19","date_gmt":"2024-09-25T15:59:19","guid":{"rendered":"https:\/\/tvnova.tv.br\/jornalfatonovo\/?p=20424"},"modified":"2024-09-25T13:02:44","modified_gmt":"2024-09-25T16:02:44","slug":"secretario-executivo-do-recife-recebe-premio-cio-2024-pela-inovacao-na-educacao","status":"publish","type":"post","link":"https:\/\/tvnova.tv.br\/jornalfatonovo\/secretario-executivo-do-recife-recebe-premio-cio-2024-pela-inovacao-na-educacao\/","title":{"rendered":"Secret\u00e1rio Executivo do Recife Recebe Pr\u00eamio CIO 2024 pela Inova\u00e7\u00e3o na Educa\u00e7\u00e3o"},"content":{"rendered":"<h4>Secret\u00e1rio Executivo do Recife Recebe Pr\u00eamio CIO 2024 pela Inova\u00e7\u00e3o na Educa\u00e7\u00e3o<\/h4>\n<p><em>O pr\u00eamio reconhece l\u00edderes de TI que se destacam pela inova\u00e7\u00e3o e excel\u00eancia no setor p\u00fablico.<\/em><\/p>\n<p>Eduardo Fonseca, Secret\u00e1rio Executivo do Recife foi eleito o CIO de maior destaque na categoria &#8220;administra\u00e7\u00e3o direta&#8221; pelos profissionais de Tecnologia da Informa\u00e7\u00e3o, durante o evento 4CIO Public Sectors 2024, realizado no Wish Hotel, em Foz do Igua\u00e7u (PR). O evento aconteceu no \u00faltimo s\u00e1bado (21).<\/p>\n<p>Eduardo, de 37 anos, ocupa o cargo de Secret\u00e1rio Executivo de Projetos, Tecnologia e Inova\u00e7\u00e3o na Secretaria de Educa\u00e7\u00e3o do Recife desde novembro de 2023 e \u00e9 p\u00f3s-graduado em Gest\u00e3o de Pessoas, Tecnologia e Inova\u00e7\u00e3o, al\u00e9m de ser certificado como ITIL 4 Master pela PeopleCert Internacional (AXELOS).<\/p>\n<p>CIO (Chief Information Officer) \u00e9 o t\u00edtulo dado ao executivo respons\u00e1vel pela gest\u00e3o da tecnologia da informa\u00e7\u00e3o (TI) de uma organiza\u00e7\u00e3o, que lidera estrat\u00e9gias tecnol\u00f3gicas e garante que os sistemas de TI estejam alinhados com os objetivos da institui\u00e7\u00e3o. O pr\u00eamio reconhece l\u00edderes de TI que se destacam pela inova\u00e7\u00e3o e excel\u00eancia no setor p\u00fablico, com o vencedor escolhido por vota\u00e7\u00e3o entre os pr\u00f3prios CIOs presentes.<\/p>\n<p>Com a presen\u00e7a de 160 CIOs de diversas institui\u00e7\u00f5es p\u00fablicas de todo o Brasil, o evento reconheceu Eduardo pela excel\u00eancia em solu\u00e7\u00f5es tecnol\u00f3gicas que t\u00eam impactado positivamente a educa\u00e7\u00e3o em Recife. Segundo a opini\u00e3o dos executivos que votaram, ele \u00e9 uma personalidade com a maior influ\u00eancia em seu setor de atua\u00e7\u00e3o, demonstra grande capacidade de lideran\u00e7a e \u00e9 uma refer\u00eancia em seu meio.<!--\/data\/user\/0\/com.samsung.android.app.notes\/files\/clipdata\/clipdata_bodytext_240925_125620_160.sdocx--><\/p>\n","protected":false},"excerpt":{"rendered":"<p>Secret\u00e1rio Executivo do Recife Recebe Pr\u00eamio CIO 2024 pela Inova\u00e7\u00e3o na Educa\u00e7\u00e3o O pr\u00eamio reconhece l\u00edderes de TI que se destacam pela inova\u00e7\u00e3o e excel\u00eancia no setor p\u00fablico. Eduardo Fonseca, Secret\u00e1rio Executivo do Recife foi eleito o CIO de maior destaque na categoria &#8220;administra\u00e7\u00e3o direta&#8221; pelos profissionais de Tecnologia da Informa\u00e7\u00e3o, durante o evento 4CIO [&hellip;]<\/p>\n","protected":false},"author":6,"featured_media":20429,"comment_status":"closed","ping_status":"","sticky":false,"template":"","format":"standard","meta":{"footnotes":""},"categories":[1],"tags":[1892,2888],"cores-categorias":[],"class_list":["post-20424","post","type-post","status-publish","format-standard","has-post-thumbnail","hentry","category-cidades","tag-premio","tag-secretario-executivo-do-recife"],"yoast_head":"<!-- This site is optimized with the Yoast SEO plugin v27.2 - https:\/\/yoast.com\/product\/yoast-seo-wordpress\/ -->\n<title>Secret\u00e1rio Executivo do Recife Recebe Pr\u00eamio CIO 2024 pela Inova\u00e7\u00e3o na Educa\u00e7\u00e3o - Jornal Fato Novo<\/title>\n<meta name=\"robots\" content=\"index, follow, max-snippet:-1, max-image-preview:large, max-video-preview:-1\" \/>\n<link rel=\"canonical\" href=\"https:\/\/tvnova.tv.br\/jornalfatonovo\/secretario-executivo-do-recife-recebe-premio-cio-2024-pela-inovacao-na-educacao\/\" \/>\n<meta property=\"og:locale\" content=\"pt_BR\" \/>\n<meta property=\"og:type\" content=\"article\" \/>\n<meta property=\"og:title\" content=\"Secret\u00e1rio Executivo do Recife Recebe Pr\u00eamio CIO 2024 pela Inova\u00e7\u00e3o na Educa\u00e7\u00e3o - Jornal Fato Novo\" \/>\n<meta property=\"og:description\" content=\"Secret\u00e1rio Executivo do Recife Recebe Pr\u00eamio CIO 2024 pela Inova\u00e7\u00e3o na Educa\u00e7\u00e3o O pr\u00eamio reconhece l\u00edderes de TI que se destacam pela inova\u00e7\u00e3o e excel\u00eancia no setor p\u00fablico. Eduardo Fonseca, Secret\u00e1rio Executivo do Recife foi eleito o CIO de maior destaque na categoria &#8220;administra\u00e7\u00e3o direta&#8221; pelos profissionais de Tecnologia da Informa\u00e7\u00e3o, durante o evento 4CIO [&hellip;]\" \/>\n<meta property=\"og:url\" content=\"https:\/\/tvnova.tv.br\/jornalfatonovo\/secretario-executivo-do-recife-recebe-premio-cio-2024-pela-inovacao-na-educacao\/\" \/>\n<meta property=\"og:site_name\" content=\"Jornal Fato Novo\" \/>\n<meta property=\"article:publisher\" content=\"https:\/\/www.facebook.com\/tvnovanordeste\/\" \/>\n<meta property=\"article:published_time\" content=\"2024-09-25T15:59:19+00:00\" \/>\n<meta property=\"article:modified_time\" content=\"2024-09-25T16:02:44+00:00\" \/>\n<meta property=\"og:image\" content=\"https:\/\/tvnova.tv.br\/jornalfatonovo\/wp-content\/uploads\/2024\/09\/IMG-20240924-WA0223.jpg\" \/>\n\t<meta property=\"og:image:width\" content=\"1280\" \/>\n\t<meta property=\"og:image:height\" content=\"960\" \/>\n\t<meta property=\"og:image:type\" content=\"image\/jpeg\" \/>\n<meta name=\"author\" content=\"Victoria Campos\" \/>\n<meta name=\"twitter:card\" content=\"summary_large_image\" \/>\n<meta name=\"twitter:creator\" content=\"@tvnovanordeste\" \/>\n<meta name=\"twitter:site\" content=\"@tvnovanordeste\" \/>\n<meta name=\"twitter:label1\" content=\"Escrito por\" \/>\n\t<meta name=\"twitter:data1\" content=\"Victoria Campos\" \/>\n\t<meta name=\"twitter:label2\" content=\"Est. tempo de leitura\" \/>\n\t<meta name=\"twitter:data2\" content=\"1 minuto\" \/>\n<script type=\"application\/ld+json\" class=\"yoast-schema-graph\">{\"@context\":\"https:\/\/schema.org\",\"@graph\":[{\"@type\":\"Article\",\"@id\":\"https:\/\/tvnova.tv.br\/jornalfatonovo\/secretario-executivo-do-recife-recebe-premio-cio-2024-pela-inovacao-na-educacao\/#article\",\"isPartOf\":{\"@id\":\"https:\/\/tvnova.tv.br\/jornalfatonovo\/secretario-executivo-do-recife-recebe-premio-cio-2024-pela-inovacao-na-educacao\/\"},\"author\":{\"name\":\"Victoria Campos\",\"@id\":\"https:\/\/tvnova.tv.br\/jornalfatonovo\/#\/schema\/person\/91ba9daadb7e96d3cbe5e1b84619be88\"},\"headline\":\"Secret\u00e1rio Executivo do Recife Recebe Pr\u00eamio CIO 2024 pela Inova\u00e7\u00e3o na Educa\u00e7\u00e3o\",\"datePublished\":\"2024-09-25T15:59:19+00:00\",\"dateModified\":\"2024-09-25T16:02:44+00:00\",\"mainEntityOfPage\":{\"@id\":\"https:\/\/tvnova.tv.br\/jornalfatonovo\/secretario-executivo-do-recife-recebe-premio-cio-2024-pela-inovacao-na-educacao\/\"},\"wordCount\":303,\"publisher\":{\"@id\":\"https:\/\/tvnova.tv.br\/jornalfatonovo\/#organization\"},\"image\":{\"@id\":\"https:\/\/tvnova.tv.br\/jornalfatonovo\/secretario-executivo-do-recife-recebe-premio-cio-2024-pela-inovacao-na-educacao\/#primaryimage\"},\"thumbnailUrl\":\"https:\/\/tvnova.tv.br\/jornalfatonovo\/wp-content\/uploads\/2024\/09\/IMG-20240924-WA0223.jpg\",\"keywords\":[\"pr\u00eamio\",\"Secret\u00e1rio Executivo do Recife\"],\"articleSection\":[\"Cidades\"],\"inLanguage\":\"pt-BR\"},{\"@type\":\"WebPage\",\"@id\":\"https:\/\/tvnova.tv.br\/jornalfatonovo\/secretario-executivo-do-recife-recebe-premio-cio-2024-pela-inovacao-na-educacao\/\",\"url\":\"https:\/\/tvnova.tv.br\/jornalfatonovo\/secretario-executivo-do-recife-recebe-premio-cio-2024-pela-inovacao-na-educacao\/\",\"name\":\"Secret\u00e1rio Executivo do Recife Recebe Pr\u00eamio CIO 2024 pela Inova\u00e7\u00e3o na Educa\u00e7\u00e3o - Jornal Fato Novo\",\"isPartOf\":{\"@id\":\"https:\/\/tvnova.tv.br\/jornalfatonovo\/#website\"},\"primaryImageOfPage\":{\"@id\":\"https:\/\/tvnova.tv.br\/jornalfatonovo\/secretario-executivo-do-recife-recebe-premio-cio-2024-pela-inovacao-na-educacao\/#primaryimage\"},\"image\":{\"@id\":\"https:\/\/tvnova.tv.br\/jornalfatonovo\/secretario-executivo-do-recife-recebe-premio-cio-2024-pela-inovacao-na-educacao\/#primaryimage\"},\"thumbnailUrl\":\"https:\/\/tvnova.tv.br\/jornalfatonovo\/wp-content\/uploads\/2024\/09\/IMG-20240924-WA0223.jpg\",\"datePublished\":\"2024-09-25T15:59:19+00:00\",\"dateModified\":\"2024-09-25T16:02:44+00:00\",\"breadcrumb\":{\"@id\":\"https:\/\/tvnova.tv.br\/jornalfatonovo\/secretario-executivo-do-recife-recebe-premio-cio-2024-pela-inovacao-na-educacao\/#breadcrumb\"},\"inLanguage\":\"pt-BR\",\"potentialAction\":[{\"@type\":\"ReadAction\",\"target\":[\"https:\/\/tvnova.tv.br\/jornalfatonovo\/secretario-executivo-do-recife-recebe-premio-cio-2024-pela-inovacao-na-educacao\/\"]}]},{\"@type\":\"ImageObject\",\"inLanguage\":\"pt-BR\",\"@id\":\"https:\/\/tvnova.tv.br\/jornalfatonovo\/secretario-executivo-do-recife-recebe-premio-cio-2024-pela-inovacao-na-educacao\/#primaryimage\",\"url\":\"https:\/\/tvnova.tv.br\/jornalfatonovo\/wp-content\/uploads\/2024\/09\/IMG-20240924-WA0223.jpg\",\"contentUrl\":\"https:\/\/tvnova.tv.br\/jornalfatonovo\/wp-content\/uploads\/2024\/09\/IMG-20240924-WA0223.jpg\",\"width\":1280,\"height\":960},{\"@type\":\"BreadcrumbList\",\"@id\":\"https:\/\/tvnova.tv.br\/jornalfatonovo\/secretario-executivo-do-recife-recebe-premio-cio-2024-pela-inovacao-na-educacao\/#breadcrumb\",\"itemListElement\":[{\"@type\":\"ListItem\",\"position\":1,\"name\":\"In\u00edcio\",\"item\":\"https:\/\/tvnova.tv.br\/jornalfatonovo\/\"},{\"@type\":\"ListItem\",\"position\":2,\"name\":\"Secret\u00e1rio Executivo do Recife Recebe Pr\u00eamio CIO 2024 pela Inova\u00e7\u00e3o na Educa\u00e7\u00e3o\"}]},{\"@type\":\"WebSite\",\"@id\":\"https:\/\/tvnova.tv.br\/jornalfatonovo\/#website\",\"url\":\"https:\/\/tvnova.tv.br\/jornalfatonovo\/\",\"name\":\"Jornal Fato Novo\",\"description\":\"Acompanhe as not\u00edcias de Pernambuco\",\"publisher\":{\"@id\":\"https:\/\/tvnova.tv.br\/jornalfatonovo\/#organization\"},\"potentialAction\":[{\"@type\":\"SearchAction\",\"target\":{\"@type\":\"EntryPoint\",\"urlTemplate\":\"https:\/\/tvnova.tv.br\/jornalfatonovo\/?s={search_term_string}\"},\"query-input\":{\"@type\":\"PropertyValueSpecification\",\"valueRequired\":true,\"valueName\":\"search_term_string\"}}],\"inLanguage\":\"pt-BR\"},{\"@type\":\"Organization\",\"@id\":\"https:\/\/tvnova.tv.br\/jornalfatonovo\/#organization\",\"name\":\"Jornal Fato Novo\",\"url\":\"https:\/\/tvnova.tv.br\/jornalfatonovo\/\",\"logo\":{\"@type\":\"ImageObject\",\"inLanguage\":\"pt-BR\",\"@id\":\"https:\/\/tvnova.tv.br\/jornalfatonovo\/#\/schema\/logo\/image\/\",\"url\":\"https:\/\/tvnova.tv.br\/jornalfatonovo1\/wp-content\/uploads\/2023\/04\/FATO-NOVO-1.png\",\"contentUrl\":\"https:\/\/tvnova.tv.br\/jornalfatonovo1\/wp-content\/uploads\/2023\/04\/FATO-NOVO-1.png\",\"width\":200,\"height\":60,\"caption\":\"Jornal Fato Novo\"},\"image\":{\"@id\":\"https:\/\/tvnova.tv.br\/jornalfatonovo\/#\/schema\/logo\/image\/\"},\"sameAs\":[\"https:\/\/www.facebook.com\/tvnovanordeste\/\",\"https:\/\/x.com\/tvnovanordeste\",\"https:\/\/www.instagram.com\/jornalfatonovope\/\"]},{\"@type\":\"Person\",\"@id\":\"https:\/\/tvnova.tv.br\/jornalfatonovo\/#\/schema\/person\/91ba9daadb7e96d3cbe5e1b84619be88\",\"name\":\"Victoria Campos\",\"url\":\"https:\/\/tvnova.tv.br\/jornalfatonovo\/author\/victoria\/\"}]}<\/script>\n<!-- \/ Yoast SEO plugin. -->","yoast_head_json":{"title":"Secret\u00e1rio Executivo do Recife Recebe Pr\u00eamio CIO 2024 pela Inova\u00e7\u00e3o na Educa\u00e7\u00e3o - Jornal Fato Novo","robots":{"index":"index","follow":"follow","max-snippet":"max-snippet:-1","max-image-preview":"max-image-preview:large","max-video-preview":"max-video-preview:-1"},"canonical":"https:\/\/tvnova.tv.br\/jornalfatonovo\/secretario-executivo-do-recife-recebe-premio-cio-2024-pela-inovacao-na-educacao\/","og_locale":"pt_BR","og_type":"article","og_title":"Secret\u00e1rio Executivo do Recife Recebe Pr\u00eamio CIO 2024 pela Inova\u00e7\u00e3o na Educa\u00e7\u00e3o - Jornal Fato Novo","og_description":"Secret\u00e1rio Executivo do Recife Recebe Pr\u00eamio CIO 2024 pela Inova\u00e7\u00e3o na Educa\u00e7\u00e3o O pr\u00eamio reconhece l\u00edderes de TI que se destacam pela inova\u00e7\u00e3o e excel\u00eancia no setor p\u00fablico. Eduardo Fonseca, Secret\u00e1rio Executivo do Recife foi eleito o CIO de maior destaque na categoria &#8220;administra\u00e7\u00e3o direta&#8221; pelos profissionais de Tecnologia da Informa\u00e7\u00e3o, durante o evento 4CIO [&hellip;]","og_url":"https:\/\/tvnova.tv.br\/jornalfatonovo\/secretario-executivo-do-recife-recebe-premio-cio-2024-pela-inovacao-na-educacao\/","og_site_name":"Jornal Fato Novo","article_publisher":"https:\/\/www.facebook.com\/tvnovanordeste\/","article_published_time":"2024-09-25T15:59:19+00:00","article_modified_time":"2024-09-25T16:02:44+00:00","og_image":[{"width":1280,"height":960,"url":"https:\/\/tvnova.tv.br\/jornalfatonovo\/wp-content\/uploads\/2024\/09\/IMG-20240924-WA0223.jpg","type":"image\/jpeg"}],"author":"Victoria Campos","twitter_card":"summary_large_image","twitter_creator":"@tvnovanordeste","twitter_site":"@tvnovanordeste","twitter_misc":{"Escrito por":"Victoria Campos","Est. tempo de leitura":"1 minuto"},"schema":{"@context":"https:\/\/schema.org","@graph":[{"@type":"Article","@id":"https:\/\/tvnova.tv.br\/jornalfatonovo\/secretario-executivo-do-recife-recebe-premio-cio-2024-pela-inovacao-na-educacao\/#article","isPartOf":{"@id":"https:\/\/tvnova.tv.br\/jornalfatonovo\/secretario-executivo-do-recife-recebe-premio-cio-2024-pela-inovacao-na-educacao\/"},"author":{"name":"Victoria Campos","@id":"https:\/\/tvnova.tv.br\/jornalfatonovo\/#\/schema\/person\/91ba9daadb7e96d3cbe5e1b84619be88"},"headline":"Secret\u00e1rio Executivo do Recife Recebe Pr\u00eamio CIO 2024 pela Inova\u00e7\u00e3o na Educa\u00e7\u00e3o","datePublished":"2024-09-25T15:59:19+00:00","dateModified":"2024-09-25T16:02:44+00:00","mainEntityOfPage":{"@id":"https:\/\/tvnova.tv.br\/jornalfatonovo\/secretario-executivo-do-recife-recebe-premio-cio-2024-pela-inovacao-na-educacao\/"},"wordCount":303,"publisher":{"@id":"https:\/\/tvnova.tv.br\/jornalfatonovo\/#organization"},"image":{"@id":"https:\/\/tvnova.tv.br\/jornalfatonovo\/secretario-executivo-do-recife-recebe-premio-cio-2024-pela-inovacao-na-educacao\/#primaryimage"},"thumbnailUrl":"https:\/\/tvnova.tv.br\/jornalfatonovo\/wp-content\/uploads\/2024\/09\/IMG-20240924-WA0223.jpg","keywords":["pr\u00eamio","Secret\u00e1rio Executivo do Recife"],"articleSection":["Cidades"],"inLanguage":"pt-BR"},{"@type":"WebPage","@id":"https:\/\/tvnova.tv.br\/jornalfatonovo\/secretario-executivo-do-recife-recebe-premio-cio-2024-pela-inovacao-na-educacao\/","url":"https:\/\/tvnova.tv.br\/jornalfatonovo\/secretario-executivo-do-recife-recebe-premio-cio-2024-pela-inovacao-na-educacao\/","name":"Secret\u00e1rio Executivo do Recife Recebe Pr\u00eamio CIO 2024 pela Inova\u00e7\u00e3o na Educa\u00e7\u00e3o - Jornal Fato Novo","isPartOf":{"@id":"https:\/\/tvnova.tv.br\/jornalfatonovo\/#website"},"primaryImageOfPage":{"@id":"https:\/\/tvnova.tv.br\/jornalfatonovo\/secretario-executivo-do-recife-recebe-premio-cio-2024-pela-inovacao-na-educacao\/#primaryimage"},"image":{"@id":"https:\/\/tvnova.tv.br\/jornalfatonovo\/secretario-executivo-do-recife-recebe-premio-cio-2024-pela-inovacao-na-educacao\/#primaryimage"},"thumbnailUrl":"https:\/\/tvnova.tv.br\/jornalfatonovo\/wp-content\/uploads\/2024\/09\/IMG-20240924-WA0223.jpg","datePublished":"2024-09-25T15:59:19+00:00","dateModified":"2024-09-25T16:02:44+00:00","breadcrumb":{"@id":"https:\/\/tvnova.tv.br\/jornalfatonovo\/secretario-executivo-do-recife-recebe-premio-cio-2024-pela-inovacao-na-educacao\/#breadcrumb"},"inLanguage":"pt-BR","potentialAction":[{"@type":"ReadAction","target":["https:\/\/tvnova.tv.br\/jornalfatonovo\/secretario-executivo-do-recife-recebe-premio-cio-2024-pela-inovacao-na-educacao\/"]}]},{"@type":"ImageObject","inLanguage":"pt-BR","@id":"https:\/\/tvnova.tv.br\/jornalfatonovo\/secretario-executivo-do-recife-recebe-premio-cio-2024-pela-inovacao-na-educacao\/#primaryimage","url":"https:\/\/tvnova.tv.br\/jornalfatonovo\/wp-content\/uploads\/2024\/09\/IMG-20240924-WA0223.jpg","contentUrl":"https:\/\/tvnova.tv.br\/jornalfatonovo\/wp-content\/uploads\/2024\/09\/IMG-20240924-WA0223.jpg","width":1280,"height":960},{"@type":"BreadcrumbList","@id":"https:\/\/tvnova.tv.br\/jornalfatonovo\/secretario-executivo-do-recife-recebe-premio-cio-2024-pela-inovacao-na-educacao\/#breadcrumb","itemListElement":[{"@type":"ListItem","position":1,"name":"In\u00edcio","item":"https:\/\/tvnova.tv.br\/jornalfatonovo\/"},{"@type":"ListItem","position":2,"name":"Secret\u00e1rio Executivo do Recife Recebe Pr\u00eamio CIO 2024 pela Inova\u00e7\u00e3o na Educa\u00e7\u00e3o"}]},{"@type":"WebSite","@id":"https:\/\/tvnova.tv.br\/jornalfatonovo\/#website","url":"https:\/\/tvnova.tv.br\/jornalfatonovo\/","name":"Jornal Fato Novo","description":"Acompanhe as not\u00edcias de Pernambuco","publisher":{"@id":"https:\/\/tvnova.tv.br\/jornalfatonovo\/#organization"},"potentialAction":[{"@type":"SearchAction","target":{"@type":"EntryPoint","urlTemplate":"https:\/\/tvnova.tv.br\/jornalfatonovo\/?s={search_term_string}"},"query-input":{"@type":"PropertyValueSpecification","valueRequired":true,"valueName":"search_term_string"}}],"inLanguage":"pt-BR"},{"@type":"Organization","@id":"https:\/\/tvnova.tv.br\/jornalfatonovo\/#organization","name":"Jornal Fato Novo","url":"https:\/\/tvnova.tv.br\/jornalfatonovo\/","logo":{"@type":"ImageObject","inLanguage":"pt-BR","@id":"https:\/\/tvnova.tv.br\/jornalfatonovo\/#\/schema\/logo\/image\/","url":"https:\/\/tvnova.tv.br\/jornalfatonovo1\/wp-content\/uploads\/2023\/04\/FATO-NOVO-1.png","contentUrl":"https:\/\/tvnova.tv.br\/jornalfatonovo1\/wp-content\/uploads\/2023\/04\/FATO-NOVO-1.png","width":200,"height":60,"caption":"Jornal Fato Novo"},"image":{"@id":"https:\/\/tvnova.tv.br\/jornalfatonovo\/#\/schema\/logo\/image\/"},"sameAs":["https:\/\/www.facebook.com\/tvnovanordeste\/","https:\/\/x.com\/tvnovanordeste","https:\/\/www.instagram.com\/jornalfatonovope\/"]},{"@type":"Person","@id":"https:\/\/tvnova.tv.br\/jornalfatonovo\/#\/schema\/person\/91ba9daadb7e96d3cbe5e1b84619be88","name":"Victoria Campos","url":"https:\/\/tvnova.tv.br\/jornalfatonovo\/author\/victoria\/"}]}},"_links":{"self":[{"href":"https:\/\/tvnova.tv.br\/jornalfatonovo\/wp-json\/wp\/v2\/posts\/20424","targetHints":{"allow":["GET"]}}],"collection":[{"href":"https:\/\/tvnova.tv.br\/jornalfatonovo\/wp-json\/wp\/v2\/posts"}],"about":[{"href":"https:\/\/tvnova.tv.br\/jornalfatonovo\/wp-json\/wp\/v2\/types\/post"}],"author":[{"embeddable":true,"href":"https:\/\/tvnova.tv.br\/jornalfatonovo\/wp-json\/wp\/v2\/users\/6"}],"replies":[{"embeddable":true,"href":"https:\/\/tvnova.tv.br\/jornalfatonovo\/wp-json\/wp\/v2\/comments?post=20424"}],"version-history":[{"count":5,"href":"https:\/\/tvnova.tv.br\/jornalfatonovo\/wp-json\/wp\/v2\/posts\/20424\/revisions"}],"predecessor-version":[{"id":20430,"href":"https:\/\/tvnova.tv.br\/jornalfatonovo\/wp-json\/wp\/v2\/posts\/20424\/revisions\/20430"}],"wp:featuredmedia":[{"embeddable":true,"href":"https:\/\/tvnova.tv.br\/jornalfatonovo\/wp-json\/wp\/v2\/media\/20429"}],"wp:attachment":[{"href":"https:\/\/tvnova.tv.br\/jornalfatonovo\/wp-json\/wp\/v2\/media?parent=20424"}],"wp:term":[{"taxonomy":"category","embeddable":true,"href":"https:\/\/tvnova.tv.br\/jornalfatonovo\/wp-json\/wp\/v2\/categories?post=20424"},{"taxonomy":"post_tag","embeddable":true,"href":"https:\/\/tvnova.tv.br\/jornalfatonovo\/wp-json\/wp\/v2\/tags?post=20424"},{"taxonomy":"cores-categorias","embeddable":true,"href":"https:\/\/tvnova.tv.br\/jornalfatonovo\/wp-json\/wp\/v2\/cores-categorias?post=20424"}],"curies":[{"name":"wp","href":"https:\/\/api.w.org\/{rel}","templated":true}]}}