{"id":20431,"date":"2024-09-25T19:00:57","date_gmt":"2024-09-25T22:00:57","guid":{"rendered":"https:\/\/tvnova.tv.br\/jornalfatonovo\/?p=20431"},"modified":"2024-09-26T15:05:28","modified_gmt":"2024-09-26T18:05:28","slug":"gilson-machado-apresenta-propostas-para-recife-em-entrevista-na-tv-nova","status":"publish","type":"post","link":"https:\/\/tvnova.tv.br\/jornalfatonovo\/gilson-machado-apresenta-propostas-para-recife-em-entrevista-na-tv-nova\/","title":{"rendered":"Gilson Machado Apresenta Propostas para Recife em Entrevista na TV Nova"},"content":{"rendered":"<p>O candidato Gilson Machado (PL) participou do programa &#8220;Di\u00e1logo&#8221;, apresentado por Pedro Paulo, onde discutiu suas propostas para a cidade do Recife e abordou quest\u00f5es relevantes, como a situa\u00e7\u00e3o das creches municipais e estrat\u00e9gias para enfrentar o engarrafamento e as mudan\u00e7as clim\u00e1ticas.<\/p>\n<p>Durante a entrevista, Machado n\u00e3o hesitou em comentar as den\u00fancias sobre supostas irregularidades em creches vinculadas \u00e0 gest\u00e3o municipal. Essas den\u00fancias, que resultaram na suspens\u00e3o de parte do tempo de TV e r\u00e1dio do candidato, foram uma oportunidade para que ele reafirmasse seu compromisso com a transpar\u00eancia e a melhoria dos servi\u00e7os p\u00fablicos. &#8220;\u00c9 fundamental que a popula\u00e7\u00e3o saiba que estamos aqui para fazer diferente e que qualquer irregularidade ser\u00e1 combatida com rigor&#8221;, afirmou.<\/p>\n<p>Um dos pontos centrais da proposta de Machado para o Recife \u00e9 a &#8220;verticaliza\u00e7\u00e3o da cidade&#8221;, que busca otimizar o uso do espa\u00e7o urbano. Segundo o candidato, essa estrat\u00e9gia \u00e9 essencial para reduzir o engarrafamento nas principais vias da capital pernambucana. &#8220;Precisamos criar solu\u00e7\u00f5es que respeitem o meio ambiente e ofere\u00e7am mais qualidade de vida aos cidad\u00e3os&#8221;, disse ele, enfatizando a import\u00e2ncia de um planejamento urbano mais eficiente.<\/p>\n<p>Al\u00e9m disso, o ex-ministro ressaltou a necessidade de ampliar a constru\u00e7\u00e3o de estacionamentos na cidade. Ele argumentou que ve\u00edculos estacionados de forma irregular, especialmente nas cal\u00e7adas, contribuem para a obstru\u00e7\u00e3o do tr\u00e1fego e afetam a mobilidade urbana. &#8220;Investir em estacionamentos \u00e9 uma forma de organizar o tr\u00e2nsito e facilitar a circula\u00e7\u00e3o das pessoas&#8221;, completou.<\/p>\n<p>A entrevista de Gilson Machado trouxe \u00e0 tona quest\u00f5es cruciais para o futuro do Recife e a import\u00e2ncia de um debate honesto e transparente sobre a gest\u00e3o municipal. \u00c0 medida que as elei\u00e7\u00f5es se aproximam, os cidad\u00e3os seguem atentos \u00e0s propostas e compromissos dos candidatos, buscando solu\u00e7\u00f5es que realmente fa\u00e7am a diferen\u00e7a na vida da popula\u00e7\u00e3o.<\/p>\n","protected":false},"excerpt":{"rendered":"<p>O candidato Gilson Machado (PL) participou do programa &#8220;Di\u00e1logo&#8221;, apresentado por Pedro Paulo, onde discutiu suas propostas para a cidade do Recife e abordou quest\u00f5es relevantes, como a situa\u00e7\u00e3o das creches municipais e estrat\u00e9gias para enfrentar o engarrafamento e as mudan\u00e7as clim\u00e1ticas. Durante a entrevista, Machado n\u00e3o hesitou em comentar as den\u00fancias sobre supostas irregularidades [&hellip;]<\/p>\n","protected":false},"author":15,"featured_media":20439,"comment_status":"closed","ping_status":"","sticky":false,"template":"","format":"standard","meta":{"footnotes":""},"categories":[271],"tags":[2865],"cores-categorias":[],"class_list":["post-20431","post","type-post","status-publish","format-standard","has-post-thumbnail","hentry","category-politica","tag-politica-tvnova-dialogo"],"yoast_head":"<!-- This site is optimized with the Yoast SEO plugin v27.2 - https:\/\/yoast.com\/product\/yoast-seo-wordpress\/ -->\n<title>Gilson Machado Apresenta Propostas para Recife em Entrevista na TV Nova - Jornal Fato Novo<\/title>\n<meta name=\"robots\" content=\"index, follow, max-snippet:-1, max-image-preview:large, max-video-preview:-1\" \/>\n<link rel=\"canonical\" href=\"https:\/\/tvnova.tv.br\/jornalfatonovo\/gilson-machado-apresenta-propostas-para-recife-em-entrevista-na-tv-nova\/\" \/>\n<meta property=\"og:locale\" content=\"pt_BR\" \/>\n<meta property=\"og:type\" content=\"article\" \/>\n<meta property=\"og:title\" content=\"Gilson Machado Apresenta Propostas para Recife em Entrevista na TV Nova - Jornal Fato Novo\" \/>\n<meta property=\"og:description\" content=\"O candidato Gilson Machado (PL) participou do programa &#8220;Di\u00e1logo&#8221;, apresentado por Pedro Paulo, onde discutiu suas propostas para a cidade do Recife e abordou quest\u00f5es relevantes, como a situa\u00e7\u00e3o das creches municipais e estrat\u00e9gias para enfrentar o engarrafamento e as mudan\u00e7as clim\u00e1ticas. Durante a entrevista, Machado n\u00e3o hesitou em comentar as den\u00fancias sobre supostas irregularidades [&hellip;]\" \/>\n<meta property=\"og:url\" content=\"https:\/\/tvnova.tv.br\/jornalfatonovo\/gilson-machado-apresenta-propostas-para-recife-em-entrevista-na-tv-nova\/\" \/>\n<meta property=\"og:site_name\" content=\"Jornal Fato Novo\" \/>\n<meta property=\"article:publisher\" content=\"https:\/\/www.facebook.com\/tvnovanordeste\/\" \/>\n<meta property=\"article:published_time\" content=\"2024-09-25T22:00:57+00:00\" \/>\n<meta property=\"article:modified_time\" content=\"2024-09-26T18:05:28+00:00\" \/>\n<meta property=\"og:image\" content=\"https:\/\/tvnova.tv.br\/jornalfatonovo\/wp-content\/uploads\/2024\/09\/WhatsApp-Image-2024-09-26-at-15.02.09.jpeg\" \/>\n\t<meta property=\"og:image:width\" content=\"960\" \/>\n\t<meta property=\"og:image:height\" content=\"1280\" \/>\n\t<meta property=\"og:image:type\" content=\"image\/jpeg\" \/>\n<meta name=\"author\" content=\"Andressa Viviane\" \/>\n<meta name=\"twitter:card\" content=\"summary_large_image\" \/>\n<meta name=\"twitter:creator\" content=\"@tvnovanordeste\" \/>\n<meta name=\"twitter:site\" content=\"@tvnovanordeste\" \/>\n<meta name=\"twitter:label1\" content=\"Escrito por\" \/>\n\t<meta name=\"twitter:data1\" content=\"Andressa Viviane\" \/>\n\t<meta name=\"twitter:label2\" content=\"Est. tempo de leitura\" \/>\n\t<meta name=\"twitter:data2\" content=\"2 minutos\" \/>\n<script type=\"application\/ld+json\" class=\"yoast-schema-graph\">{\"@context\":\"https:\/\/schema.org\",\"@graph\":[{\"@type\":\"Article\",\"@id\":\"https:\/\/tvnova.tv.br\/jornalfatonovo\/gilson-machado-apresenta-propostas-para-recife-em-entrevista-na-tv-nova\/#article\",\"isPartOf\":{\"@id\":\"https:\/\/tvnova.tv.br\/jornalfatonovo\/gilson-machado-apresenta-propostas-para-recife-em-entrevista-na-tv-nova\/\"},\"author\":{\"name\":\"Andressa Viviane\",\"@id\":\"https:\/\/tvnova.tv.br\/jornalfatonovo\/#\/schema\/person\/d3d8bee3c515a70f3db43cff2053d2c6\"},\"headline\":\"Gilson Machado Apresenta Propostas para Recife em Entrevista na TV Nova\",\"datePublished\":\"2024-09-25T22:00:57+00:00\",\"dateModified\":\"2024-09-26T18:05:28+00:00\",\"mainEntityOfPage\":{\"@id\":\"https:\/\/tvnova.tv.br\/jornalfatonovo\/gilson-machado-apresenta-propostas-para-recife-em-entrevista-na-tv-nova\/\"},\"wordCount\":338,\"publisher\":{\"@id\":\"https:\/\/tvnova.tv.br\/jornalfatonovo\/#organization\"},\"image\":{\"@id\":\"https:\/\/tvnova.tv.br\/jornalfatonovo\/gilson-machado-apresenta-propostas-para-recife-em-entrevista-na-tv-nova\/#primaryimage\"},\"thumbnailUrl\":\"https:\/\/tvnova.tv.br\/jornalfatonovo\/wp-content\/uploads\/2024\/09\/WhatsApp-Image-2024-09-26-at-15.02.09.jpeg\",\"keywords\":[\"#politica #tvnova #dialogo\"],\"articleSection\":[\"Pol\u00edtica\"],\"inLanguage\":\"pt-BR\"},{\"@type\":\"WebPage\",\"@id\":\"https:\/\/tvnova.tv.br\/jornalfatonovo\/gilson-machado-apresenta-propostas-para-recife-em-entrevista-na-tv-nova\/\",\"url\":\"https:\/\/tvnova.tv.br\/jornalfatonovo\/gilson-machado-apresenta-propostas-para-recife-em-entrevista-na-tv-nova\/\",\"name\":\"Gilson Machado Apresenta Propostas para Recife em Entrevista na TV Nova - Jornal Fato Novo\",\"isPartOf\":{\"@id\":\"https:\/\/tvnova.tv.br\/jornalfatonovo\/#website\"},\"primaryImageOfPage\":{\"@id\":\"https:\/\/tvnova.tv.br\/jornalfatonovo\/gilson-machado-apresenta-propostas-para-recife-em-entrevista-na-tv-nova\/#primaryimage\"},\"image\":{\"@id\":\"https:\/\/tvnova.tv.br\/jornalfatonovo\/gilson-machado-apresenta-propostas-para-recife-em-entrevista-na-tv-nova\/#primaryimage\"},\"thumbnailUrl\":\"https:\/\/tvnova.tv.br\/jornalfatonovo\/wp-content\/uploads\/2024\/09\/WhatsApp-Image-2024-09-26-at-15.02.09.jpeg\",\"datePublished\":\"2024-09-25T22:00:57+00:00\",\"dateModified\":\"2024-09-26T18:05:28+00:00\",\"breadcrumb\":{\"@id\":\"https:\/\/tvnova.tv.br\/jornalfatonovo\/gilson-machado-apresenta-propostas-para-recife-em-entrevista-na-tv-nova\/#breadcrumb\"},\"inLanguage\":\"pt-BR\",\"potentialAction\":[{\"@type\":\"ReadAction\",\"target\":[\"https:\/\/tvnova.tv.br\/jornalfatonovo\/gilson-machado-apresenta-propostas-para-recife-em-entrevista-na-tv-nova\/\"]}]},{\"@type\":\"ImageObject\",\"inLanguage\":\"pt-BR\",\"@id\":\"https:\/\/tvnova.tv.br\/jornalfatonovo\/gilson-machado-apresenta-propostas-para-recife-em-entrevista-na-tv-nova\/#primaryimage\",\"url\":\"https:\/\/tvnova.tv.br\/jornalfatonovo\/wp-content\/uploads\/2024\/09\/WhatsApp-Image-2024-09-26-at-15.02.09.jpeg\",\"contentUrl\":\"https:\/\/tvnova.tv.br\/jornalfatonovo\/wp-content\/uploads\/2024\/09\/WhatsApp-Image-2024-09-26-at-15.02.09.jpeg\",\"width\":960,\"height\":1280},{\"@type\":\"BreadcrumbList\",\"@id\":\"https:\/\/tvnova.tv.br\/jornalfatonovo\/gilson-machado-apresenta-propostas-para-recife-em-entrevista-na-tv-nova\/#breadcrumb\",\"itemListElement\":[{\"@type\":\"ListItem\",\"position\":1,\"name\":\"In\u00edcio\",\"item\":\"https:\/\/tvnova.tv.br\/jornalfatonovo\/\"},{\"@type\":\"ListItem\",\"position\":2,\"name\":\"Gilson Machado Apresenta Propostas para Recife em Entrevista na TV Nova\"}]},{\"@type\":\"WebSite\",\"@id\":\"https:\/\/tvnova.tv.br\/jornalfatonovo\/#website\",\"url\":\"https:\/\/tvnova.tv.br\/jornalfatonovo\/\",\"name\":\"Jornal Fato Novo\",\"description\":\"Acompanhe as not\u00edcias de Pernambuco\",\"publisher\":{\"@id\":\"https:\/\/tvnova.tv.br\/jornalfatonovo\/#organization\"},\"potentialAction\":[{\"@type\":\"SearchAction\",\"target\":{\"@type\":\"EntryPoint\",\"urlTemplate\":\"https:\/\/tvnova.tv.br\/jornalfatonovo\/?s={search_term_string}\"},\"query-input\":{\"@type\":\"PropertyValueSpecification\",\"valueRequired\":true,\"valueName\":\"search_term_string\"}}],\"inLanguage\":\"pt-BR\"},{\"@type\":\"Organization\",\"@id\":\"https:\/\/tvnova.tv.br\/jornalfatonovo\/#organization\",\"name\":\"Jornal Fato Novo\",\"url\":\"https:\/\/tvnova.tv.br\/jornalfatonovo\/\",\"logo\":{\"@type\":\"ImageObject\",\"inLanguage\":\"pt-BR\",\"@id\":\"https:\/\/tvnova.tv.br\/jornalfatonovo\/#\/schema\/logo\/image\/\",\"url\":\"https:\/\/tvnova.tv.br\/jornalfatonovo1\/wp-content\/uploads\/2023\/04\/FATO-NOVO-1.png\",\"contentUrl\":\"https:\/\/tvnova.tv.br\/jornalfatonovo1\/wp-content\/uploads\/2023\/04\/FATO-NOVO-1.png\",\"width\":200,\"height\":60,\"caption\":\"Jornal Fato Novo\"},\"image\":{\"@id\":\"https:\/\/tvnova.tv.br\/jornalfatonovo\/#\/schema\/logo\/image\/\"},\"sameAs\":[\"https:\/\/www.facebook.com\/tvnovanordeste\/\",\"https:\/\/x.com\/tvnovanordeste\",\"https:\/\/www.instagram.com\/jornalfatonovope\/\"]},{\"@type\":\"Person\",\"@id\":\"https:\/\/tvnova.tv.br\/jornalfatonovo\/#\/schema\/person\/d3d8bee3c515a70f3db43cff2053d2c6\",\"name\":\"Andressa Viviane\",\"url\":\"https:\/\/tvnova.tv.br\/jornalfatonovo\/author\/andressaviviane\/\"}]}<\/script>\n<!-- \/ Yoast SEO plugin. -->","yoast_head_json":{"title":"Gilson Machado Apresenta Propostas para Recife em Entrevista na TV Nova - Jornal Fato Novo","robots":{"index":"index","follow":"follow","max-snippet":"max-snippet:-1","max-image-preview":"max-image-preview:large","max-video-preview":"max-video-preview:-1"},"canonical":"https:\/\/tvnova.tv.br\/jornalfatonovo\/gilson-machado-apresenta-propostas-para-recife-em-entrevista-na-tv-nova\/","og_locale":"pt_BR","og_type":"article","og_title":"Gilson Machado Apresenta Propostas para Recife em Entrevista na TV Nova - Jornal Fato Novo","og_description":"O candidato Gilson Machado (PL) participou do programa &#8220;Di\u00e1logo&#8221;, apresentado por Pedro Paulo, onde discutiu suas propostas para a cidade do Recife e abordou quest\u00f5es relevantes, como a situa\u00e7\u00e3o das creches municipais e estrat\u00e9gias para enfrentar o engarrafamento e as mudan\u00e7as clim\u00e1ticas. Durante a entrevista, Machado n\u00e3o hesitou em comentar as den\u00fancias sobre supostas irregularidades [&hellip;]","og_url":"https:\/\/tvnova.tv.br\/jornalfatonovo\/gilson-machado-apresenta-propostas-para-recife-em-entrevista-na-tv-nova\/","og_site_name":"Jornal Fato Novo","article_publisher":"https:\/\/www.facebook.com\/tvnovanordeste\/","article_published_time":"2024-09-25T22:00:57+00:00","article_modified_time":"2024-09-26T18:05:28+00:00","og_image":[{"width":960,"height":1280,"url":"https:\/\/tvnova.tv.br\/jornalfatonovo\/wp-content\/uploads\/2024\/09\/WhatsApp-Image-2024-09-26-at-15.02.09.jpeg","type":"image\/jpeg"}],"author":"Andressa Viviane","twitter_card":"summary_large_image","twitter_creator":"@tvnovanordeste","twitter_site":"@tvnovanordeste","twitter_misc":{"Escrito por":"Andressa Viviane","Est. tempo de leitura":"2 minutos"},"schema":{"@context":"https:\/\/schema.org","@graph":[{"@type":"Article","@id":"https:\/\/tvnova.tv.br\/jornalfatonovo\/gilson-machado-apresenta-propostas-para-recife-em-entrevista-na-tv-nova\/#article","isPartOf":{"@id":"https:\/\/tvnova.tv.br\/jornalfatonovo\/gilson-machado-apresenta-propostas-para-recife-em-entrevista-na-tv-nova\/"},"author":{"name":"Andressa Viviane","@id":"https:\/\/tvnova.tv.br\/jornalfatonovo\/#\/schema\/person\/d3d8bee3c515a70f3db43cff2053d2c6"},"headline":"Gilson Machado Apresenta Propostas para Recife em Entrevista na TV Nova","datePublished":"2024-09-25T22:00:57+00:00","dateModified":"2024-09-26T18:05:28+00:00","mainEntityOfPage":{"@id":"https:\/\/tvnova.tv.br\/jornalfatonovo\/gilson-machado-apresenta-propostas-para-recife-em-entrevista-na-tv-nova\/"},"wordCount":338,"publisher":{"@id":"https:\/\/tvnova.tv.br\/jornalfatonovo\/#organization"},"image":{"@id":"https:\/\/tvnova.tv.br\/jornalfatonovo\/gilson-machado-apresenta-propostas-para-recife-em-entrevista-na-tv-nova\/#primaryimage"},"thumbnailUrl":"https:\/\/tvnova.tv.br\/jornalfatonovo\/wp-content\/uploads\/2024\/09\/WhatsApp-Image-2024-09-26-at-15.02.09.jpeg","keywords":["#politica #tvnova #dialogo"],"articleSection":["Pol\u00edtica"],"inLanguage":"pt-BR"},{"@type":"WebPage","@id":"https:\/\/tvnova.tv.br\/jornalfatonovo\/gilson-machado-apresenta-propostas-para-recife-em-entrevista-na-tv-nova\/","url":"https:\/\/tvnova.tv.br\/jornalfatonovo\/gilson-machado-apresenta-propostas-para-recife-em-entrevista-na-tv-nova\/","name":"Gilson Machado Apresenta Propostas para Recife em Entrevista na TV Nova - Jornal Fato Novo","isPartOf":{"@id":"https:\/\/tvnova.tv.br\/jornalfatonovo\/#website"},"primaryImageOfPage":{"@id":"https:\/\/tvnova.tv.br\/jornalfatonovo\/gilson-machado-apresenta-propostas-para-recife-em-entrevista-na-tv-nova\/#primaryimage"},"image":{"@id":"https:\/\/tvnova.tv.br\/jornalfatonovo\/gilson-machado-apresenta-propostas-para-recife-em-entrevista-na-tv-nova\/#primaryimage"},"thumbnailUrl":"https:\/\/tvnova.tv.br\/jornalfatonovo\/wp-content\/uploads\/2024\/09\/WhatsApp-Image-2024-09-26-at-15.02.09.jpeg","datePublished":"2024-09-25T22:00:57+00:00","dateModified":"2024-09-26T18:05:28+00:00","breadcrumb":{"@id":"https:\/\/tvnova.tv.br\/jornalfatonovo\/gilson-machado-apresenta-propostas-para-recife-em-entrevista-na-tv-nova\/#breadcrumb"},"inLanguage":"pt-BR","potentialAction":[{"@type":"ReadAction","target":["https:\/\/tvnova.tv.br\/jornalfatonovo\/gilson-machado-apresenta-propostas-para-recife-em-entrevista-na-tv-nova\/"]}]},{"@type":"ImageObject","inLanguage":"pt-BR","@id":"https:\/\/tvnova.tv.br\/jornalfatonovo\/gilson-machado-apresenta-propostas-para-recife-em-entrevista-na-tv-nova\/#primaryimage","url":"https:\/\/tvnova.tv.br\/jornalfatonovo\/wp-content\/uploads\/2024\/09\/WhatsApp-Image-2024-09-26-at-15.02.09.jpeg","contentUrl":"https:\/\/tvnova.tv.br\/jornalfatonovo\/wp-content\/uploads\/2024\/09\/WhatsApp-Image-2024-09-26-at-15.02.09.jpeg","width":960,"height":1280},{"@type":"BreadcrumbList","@id":"https:\/\/tvnova.tv.br\/jornalfatonovo\/gilson-machado-apresenta-propostas-para-recife-em-entrevista-na-tv-nova\/#breadcrumb","itemListElement":[{"@type":"ListItem","position":1,"name":"In\u00edcio","item":"https:\/\/tvnova.tv.br\/jornalfatonovo\/"},{"@type":"ListItem","position":2,"name":"Gilson Machado Apresenta Propostas para Recife em Entrevista na TV Nova"}]},{"@type":"WebSite","@id":"https:\/\/tvnova.tv.br\/jornalfatonovo\/#website","url":"https:\/\/tvnova.tv.br\/jornalfatonovo\/","name":"Jornal Fato Novo","description":"Acompanhe as not\u00edcias de Pernambuco","publisher":{"@id":"https:\/\/tvnova.tv.br\/jornalfatonovo\/#organization"},"potentialAction":[{"@type":"SearchAction","target":{"@type":"EntryPoint","urlTemplate":"https:\/\/tvnova.tv.br\/jornalfatonovo\/?s={search_term_string}"},"query-input":{"@type":"PropertyValueSpecification","valueRequired":true,"valueName":"search_term_string"}}],"inLanguage":"pt-BR"},{"@type":"Organization","@id":"https:\/\/tvnova.tv.br\/jornalfatonovo\/#organization","name":"Jornal Fato Novo","url":"https:\/\/tvnova.tv.br\/jornalfatonovo\/","logo":{"@type":"ImageObject","inLanguage":"pt-BR","@id":"https:\/\/tvnova.tv.br\/jornalfatonovo\/#\/schema\/logo\/image\/","url":"https:\/\/tvnova.tv.br\/jornalfatonovo1\/wp-content\/uploads\/2023\/04\/FATO-NOVO-1.png","contentUrl":"https:\/\/tvnova.tv.br\/jornalfatonovo1\/wp-content\/uploads\/2023\/04\/FATO-NOVO-1.png","width":200,"height":60,"caption":"Jornal Fato Novo"},"image":{"@id":"https:\/\/tvnova.tv.br\/jornalfatonovo\/#\/schema\/logo\/image\/"},"sameAs":["https:\/\/www.facebook.com\/tvnovanordeste\/","https:\/\/x.com\/tvnovanordeste","https:\/\/www.instagram.com\/jornalfatonovope\/"]},{"@type":"Person","@id":"https:\/\/tvnova.tv.br\/jornalfatonovo\/#\/schema\/person\/d3d8bee3c515a70f3db43cff2053d2c6","name":"Andressa Viviane","url":"https:\/\/tvnova.tv.br\/jornalfatonovo\/author\/andressaviviane\/"}]}},"_links":{"self":[{"href":"https:\/\/tvnova.tv.br\/jornalfatonovo\/wp-json\/wp\/v2\/posts\/20431","targetHints":{"allow":["GET"]}}],"collection":[{"href":"https:\/\/tvnova.tv.br\/jornalfatonovo\/wp-json\/wp\/v2\/posts"}],"about":[{"href":"https:\/\/tvnova.tv.br\/jornalfatonovo\/wp-json\/wp\/v2\/types\/post"}],"author":[{"embeddable":true,"href":"https:\/\/tvnova.tv.br\/jornalfatonovo\/wp-json\/wp\/v2\/users\/15"}],"replies":[{"embeddable":true,"href":"https:\/\/tvnova.tv.br\/jornalfatonovo\/wp-json\/wp\/v2\/comments?post=20431"}],"version-history":[{"count":1,"href":"https:\/\/tvnova.tv.br\/jornalfatonovo\/wp-json\/wp\/v2\/posts\/20431\/revisions"}],"predecessor-version":[{"id":20432,"href":"https:\/\/tvnova.tv.br\/jornalfatonovo\/wp-json\/wp\/v2\/posts\/20431\/revisions\/20432"}],"wp:featuredmedia":[{"embeddable":true,"href":"https:\/\/tvnova.tv.br\/jornalfatonovo\/wp-json\/wp\/v2\/media\/20439"}],"wp:attachment":[{"href":"https:\/\/tvnova.tv.br\/jornalfatonovo\/wp-json\/wp\/v2\/media?parent=20431"}],"wp:term":[{"taxonomy":"category","embeddable":true,"href":"https:\/\/tvnova.tv.br\/jornalfatonovo\/wp-json\/wp\/v2\/categories?post=20431"},{"taxonomy":"post_tag","embeddable":true,"href":"https:\/\/tvnova.tv.br\/jornalfatonovo\/wp-json\/wp\/v2\/tags?post=20431"},{"taxonomy":"cores-categorias","embeddable":true,"href":"https:\/\/tvnova.tv.br\/jornalfatonovo\/wp-json\/wp\/v2\/cores-categorias?post=20431"}],"curies":[{"name":"wp","href":"https:\/\/api.w.org\/{rel}","templated":true}]}}