{"id":21442,"date":"2024-11-28T11:04:01","date_gmt":"2024-11-28T14:04:01","guid":{"rendered":"https:\/\/tvnova.tv.br\/jornalfatonovo\/?p=21442"},"modified":"2024-11-28T11:18:12","modified_gmt":"2024-11-28T14:18:12","slug":"idoso-morre-apos-ser-atacado-por-vaca-em-araripina-no-sertao-de-pernambuco","status":"publish","type":"post","link":"https:\/\/tvnova.tv.br\/jornalfatonovo\/idoso-morre-apos-ser-atacado-por-vaca-em-araripina-no-sertao-de-pernambuco\/","title":{"rendered":"Idoso morre ap\u00f3s ser atacado por vaca em Araripina, no Sert\u00e3o de Pernambuco"},"content":{"rendered":"<h4>Idoso morre ap\u00f3s ser atacado por vaca em Araripina, no Sert\u00e3o de Pernambuco<\/h4>\n<h6>Jos\u00e9 Orlando, de 79 anos, foi atingido nas costas pela vaca, que defendia seu bezerro rec\u00e9m-nascido<\/h6>\n<p>&nbsp;<\/p>\n<p><em> da reda\u00e7\u00e3o<\/em><\/p>\n<p>Na manh\u00e3 desta quarta-feira (27), um idoso de 79 anos, identificado como Jos\u00e9 Orlando, morreu ap\u00f3s ser atacado por uma vaca no distrito de Morais, na zona rural de Araripina, no Sert\u00e3o de Pernambuco. O ataque ocorreu quando o animal, que pertencia \u00e0 v\u00edtima, reagiu de forma defensiva ao tentar proteger o bezerro, rec\u00e9m-nascido.<\/p>\n<p>Jos\u00e9 Orlando havia sa\u00eddo de sua resid\u00eancia para procurar o filhote, mas ao se aproximar, a vaca o derrubou e o atingiu nas costas. Ele n\u00e3o resistiu ao impacto e faleceu no local.<\/p>\n<p>A Pol\u00edcia Civil de Pernambuco est\u00e1 investigando as circunst\u00e2ncias da morte, e o caso est\u00e1 sendo conduzido pela Delegacia de Araripina.<\/p>\n","protected":false},"excerpt":{"rendered":"<p>Idoso morre ap\u00f3s ser atacado por vaca em Araripina, no Sert\u00e3o de Pernambuco Jos\u00e9 Orlando, de 79 anos, foi atingido nas costas pela vaca, que defendia seu bezerro rec\u00e9m-nascido &nbsp; da reda\u00e7\u00e3o Na manh\u00e3 desta quarta-feira (27), um idoso de 79 anos, identificado como Jos\u00e9 Orlando, morreu ap\u00f3s ser atacado por uma vaca no distrito [&hellip;]<\/p>\n","protected":false},"author":13,"featured_media":21443,"comment_status":"closed","ping_status":"","sticky":false,"template":"","format":"standard","meta":{"footnotes":""},"categories":[1],"tags":[],"cores-categorias":[],"class_list":["post-21442","post","type-post","status-publish","format-standard","has-post-thumbnail","hentry","category-cidades"],"yoast_head":"<!-- This site is optimized with the Yoast SEO plugin v27.2 - https:\/\/yoast.com\/product\/yoast-seo-wordpress\/ -->\n<title>Idoso morre ap\u00f3s ser atacado por vaca em Araripina, no Sert\u00e3o de Pernambuco - Jornal Fato Novo<\/title>\n<meta name=\"robots\" content=\"index, follow, max-snippet:-1, max-image-preview:large, max-video-preview:-1\" \/>\n<link rel=\"canonical\" href=\"https:\/\/tvnova.tv.br\/jornalfatonovo\/idoso-morre-apos-ser-atacado-por-vaca-em-araripina-no-sertao-de-pernambuco\/\" \/>\n<meta property=\"og:locale\" content=\"pt_BR\" \/>\n<meta property=\"og:type\" content=\"article\" \/>\n<meta property=\"og:title\" content=\"Idoso morre ap\u00f3s ser atacado por vaca em Araripina, no Sert\u00e3o de Pernambuco - Jornal Fato Novo\" \/>\n<meta property=\"og:description\" content=\"Idoso morre ap\u00f3s ser atacado por vaca em Araripina, no Sert\u00e3o de Pernambuco Jos\u00e9 Orlando, de 79 anos, foi atingido nas costas pela vaca, que defendia seu bezerro rec\u00e9m-nascido &nbsp; da reda\u00e7\u00e3o Na manh\u00e3 desta quarta-feira (27), um idoso de 79 anos, identificado como Jos\u00e9 Orlando, morreu ap\u00f3s ser atacado por uma vaca no distrito [&hellip;]\" \/>\n<meta property=\"og:url\" content=\"https:\/\/tvnova.tv.br\/jornalfatonovo\/idoso-morre-apos-ser-atacado-por-vaca-em-araripina-no-sertao-de-pernambuco\/\" \/>\n<meta property=\"og:site_name\" content=\"Jornal Fato Novo\" \/>\n<meta property=\"article:publisher\" content=\"https:\/\/www.facebook.com\/tvnovanordeste\/\" \/>\n<meta property=\"article:published_time\" content=\"2024-11-28T14:04:01+00:00\" \/>\n<meta property=\"article:modified_time\" content=\"2024-11-28T14:18:12+00:00\" \/>\n<meta property=\"og:image\" content=\"https:\/\/tvnova.tv.br\/jornalfatonovo\/wp-content\/uploads\/2024\/11\/WhatsApp-Image-2024-11-28-at-09.22.35.jpeg\" \/>\n\t<meta property=\"og:image:width\" content=\"930\" \/>\n\t<meta property=\"og:image:height\" content=\"560\" \/>\n\t<meta property=\"og:image:type\" content=\"image\/jpeg\" \/>\n<meta name=\"author\" content=\"Jornalismo\" \/>\n<meta name=\"twitter:card\" content=\"summary_large_image\" \/>\n<meta name=\"twitter:creator\" content=\"@tvnovanordeste\" \/>\n<meta name=\"twitter:site\" content=\"@tvnovanordeste\" \/>\n<meta name=\"twitter:label1\" content=\"Escrito por\" \/>\n\t<meta name=\"twitter:data1\" content=\"Jornalismo\" \/>\n\t<meta name=\"twitter:label2\" content=\"Est. tempo de leitura\" \/>\n\t<meta name=\"twitter:data2\" content=\"1 minuto\" \/>\n<script type=\"application\/ld+json\" class=\"yoast-schema-graph\">{\"@context\":\"https:\/\/schema.org\",\"@graph\":[{\"@type\":\"Article\",\"@id\":\"https:\/\/tvnova.tv.br\/jornalfatonovo\/idoso-morre-apos-ser-atacado-por-vaca-em-araripina-no-sertao-de-pernambuco\/#article\",\"isPartOf\":{\"@id\":\"https:\/\/tvnova.tv.br\/jornalfatonovo\/idoso-morre-apos-ser-atacado-por-vaca-em-araripina-no-sertao-de-pernambuco\/\"},\"author\":{\"name\":\"Jornalismo\",\"@id\":\"https:\/\/tvnova.tv.br\/jornalfatonovo\/#\/schema\/person\/8acb5c10a7535b12511b7eef3a46cf15\"},\"headline\":\"Idoso morre ap\u00f3s ser atacado por vaca em Araripina, no Sert\u00e3o de Pernambuco\",\"datePublished\":\"2024-11-28T14:04:01+00:00\",\"dateModified\":\"2024-11-28T14:18:12+00:00\",\"mainEntityOfPage\":{\"@id\":\"https:\/\/tvnova.tv.br\/jornalfatonovo\/idoso-morre-apos-ser-atacado-por-vaca-em-araripina-no-sertao-de-pernambuco\/\"},\"wordCount\":164,\"publisher\":{\"@id\":\"https:\/\/tvnova.tv.br\/jornalfatonovo\/#organization\"},\"image\":{\"@id\":\"https:\/\/tvnova.tv.br\/jornalfatonovo\/idoso-morre-apos-ser-atacado-por-vaca-em-araripina-no-sertao-de-pernambuco\/#primaryimage\"},\"thumbnailUrl\":\"https:\/\/tvnova.tv.br\/jornalfatonovo\/wp-content\/uploads\/2024\/11\/WhatsApp-Image-2024-11-28-at-09.22.35.jpeg\",\"articleSection\":[\"Cidades\"],\"inLanguage\":\"pt-BR\"},{\"@type\":\"WebPage\",\"@id\":\"https:\/\/tvnova.tv.br\/jornalfatonovo\/idoso-morre-apos-ser-atacado-por-vaca-em-araripina-no-sertao-de-pernambuco\/\",\"url\":\"https:\/\/tvnova.tv.br\/jornalfatonovo\/idoso-morre-apos-ser-atacado-por-vaca-em-araripina-no-sertao-de-pernambuco\/\",\"name\":\"Idoso morre ap\u00f3s ser atacado por vaca em Araripina, no Sert\u00e3o de Pernambuco - Jornal Fato Novo\",\"isPartOf\":{\"@id\":\"https:\/\/tvnova.tv.br\/jornalfatonovo\/#website\"},\"primaryImageOfPage\":{\"@id\":\"https:\/\/tvnova.tv.br\/jornalfatonovo\/idoso-morre-apos-ser-atacado-por-vaca-em-araripina-no-sertao-de-pernambuco\/#primaryimage\"},\"image\":{\"@id\":\"https:\/\/tvnova.tv.br\/jornalfatonovo\/idoso-morre-apos-ser-atacado-por-vaca-em-araripina-no-sertao-de-pernambuco\/#primaryimage\"},\"thumbnailUrl\":\"https:\/\/tvnova.tv.br\/jornalfatonovo\/wp-content\/uploads\/2024\/11\/WhatsApp-Image-2024-11-28-at-09.22.35.jpeg\",\"datePublished\":\"2024-11-28T14:04:01+00:00\",\"dateModified\":\"2024-11-28T14:18:12+00:00\",\"breadcrumb\":{\"@id\":\"https:\/\/tvnova.tv.br\/jornalfatonovo\/idoso-morre-apos-ser-atacado-por-vaca-em-araripina-no-sertao-de-pernambuco\/#breadcrumb\"},\"inLanguage\":\"pt-BR\",\"potentialAction\":[{\"@type\":\"ReadAction\",\"target\":[\"https:\/\/tvnova.tv.br\/jornalfatonovo\/idoso-morre-apos-ser-atacado-por-vaca-em-araripina-no-sertao-de-pernambuco\/\"]}]},{\"@type\":\"ImageObject\",\"inLanguage\":\"pt-BR\",\"@id\":\"https:\/\/tvnova.tv.br\/jornalfatonovo\/idoso-morre-apos-ser-atacado-por-vaca-em-araripina-no-sertao-de-pernambuco\/#primaryimage\",\"url\":\"https:\/\/tvnova.tv.br\/jornalfatonovo\/wp-content\/uploads\/2024\/11\/WhatsApp-Image-2024-11-28-at-09.22.35.jpeg\",\"contentUrl\":\"https:\/\/tvnova.tv.br\/jornalfatonovo\/wp-content\/uploads\/2024\/11\/WhatsApp-Image-2024-11-28-at-09.22.35.jpeg\",\"width\":930,\"height\":560},{\"@type\":\"BreadcrumbList\",\"@id\":\"https:\/\/tvnova.tv.br\/jornalfatonovo\/idoso-morre-apos-ser-atacado-por-vaca-em-araripina-no-sertao-de-pernambuco\/#breadcrumb\",\"itemListElement\":[{\"@type\":\"ListItem\",\"position\":1,\"name\":\"In\u00edcio\",\"item\":\"https:\/\/tvnova.tv.br\/jornalfatonovo\/\"},{\"@type\":\"ListItem\",\"position\":2,\"name\":\"Idoso morre ap\u00f3s ser atacado por vaca em Araripina, no Sert\u00e3o de Pernambuco\"}]},{\"@type\":\"WebSite\",\"@id\":\"https:\/\/tvnova.tv.br\/jornalfatonovo\/#website\",\"url\":\"https:\/\/tvnova.tv.br\/jornalfatonovo\/\",\"name\":\"Jornal Fato Novo\",\"description\":\"Acompanhe as not\u00edcias de Pernambuco\",\"publisher\":{\"@id\":\"https:\/\/tvnova.tv.br\/jornalfatonovo\/#organization\"},\"potentialAction\":[{\"@type\":\"SearchAction\",\"target\":{\"@type\":\"EntryPoint\",\"urlTemplate\":\"https:\/\/tvnova.tv.br\/jornalfatonovo\/?s={search_term_string}\"},\"query-input\":{\"@type\":\"PropertyValueSpecification\",\"valueRequired\":true,\"valueName\":\"search_term_string\"}}],\"inLanguage\":\"pt-BR\"},{\"@type\":\"Organization\",\"@id\":\"https:\/\/tvnova.tv.br\/jornalfatonovo\/#organization\",\"name\":\"Jornal Fato Novo\",\"url\":\"https:\/\/tvnova.tv.br\/jornalfatonovo\/\",\"logo\":{\"@type\":\"ImageObject\",\"inLanguage\":\"pt-BR\",\"@id\":\"https:\/\/tvnova.tv.br\/jornalfatonovo\/#\/schema\/logo\/image\/\",\"url\":\"https:\/\/tvnova.tv.br\/jornalfatonovo1\/wp-content\/uploads\/2023\/04\/FATO-NOVO-1.png\",\"contentUrl\":\"https:\/\/tvnova.tv.br\/jornalfatonovo1\/wp-content\/uploads\/2023\/04\/FATO-NOVO-1.png\",\"width\":200,\"height\":60,\"caption\":\"Jornal Fato Novo\"},\"image\":{\"@id\":\"https:\/\/tvnova.tv.br\/jornalfatonovo\/#\/schema\/logo\/image\/\"},\"sameAs\":[\"https:\/\/www.facebook.com\/tvnovanordeste\/\",\"https:\/\/x.com\/tvnovanordeste\",\"https:\/\/www.instagram.com\/jornalfatonovope\/\"]},{\"@type\":\"Person\",\"@id\":\"https:\/\/tvnova.tv.br\/jornalfatonovo\/#\/schema\/person\/8acb5c10a7535b12511b7eef3a46cf15\",\"name\":\"Jornalismo\",\"url\":\"https:\/\/tvnova.tv.br\/jornalfatonovo\/author\/jornalismo\/\"}]}<\/script>\n<!-- \/ Yoast SEO plugin. -->","yoast_head_json":{"title":"Idoso morre ap\u00f3s ser atacado por vaca em Araripina, no Sert\u00e3o de Pernambuco - Jornal Fato Novo","robots":{"index":"index","follow":"follow","max-snippet":"max-snippet:-1","max-image-preview":"max-image-preview:large","max-video-preview":"max-video-preview:-1"},"canonical":"https:\/\/tvnova.tv.br\/jornalfatonovo\/idoso-morre-apos-ser-atacado-por-vaca-em-araripina-no-sertao-de-pernambuco\/","og_locale":"pt_BR","og_type":"article","og_title":"Idoso morre ap\u00f3s ser atacado por vaca em Araripina, no Sert\u00e3o de Pernambuco - Jornal Fato Novo","og_description":"Idoso morre ap\u00f3s ser atacado por vaca em Araripina, no Sert\u00e3o de Pernambuco Jos\u00e9 Orlando, de 79 anos, foi atingido nas costas pela vaca, que defendia seu bezerro rec\u00e9m-nascido &nbsp; da reda\u00e7\u00e3o Na manh\u00e3 desta quarta-feira (27), um idoso de 79 anos, identificado como Jos\u00e9 Orlando, morreu ap\u00f3s ser atacado por uma vaca no distrito [&hellip;]","og_url":"https:\/\/tvnova.tv.br\/jornalfatonovo\/idoso-morre-apos-ser-atacado-por-vaca-em-araripina-no-sertao-de-pernambuco\/","og_site_name":"Jornal Fato Novo","article_publisher":"https:\/\/www.facebook.com\/tvnovanordeste\/","article_published_time":"2024-11-28T14:04:01+00:00","article_modified_time":"2024-11-28T14:18:12+00:00","og_image":[{"width":930,"height":560,"url":"https:\/\/tvnova.tv.br\/jornalfatonovo\/wp-content\/uploads\/2024\/11\/WhatsApp-Image-2024-11-28-at-09.22.35.jpeg","type":"image\/jpeg"}],"author":"Jornalismo","twitter_card":"summary_large_image","twitter_creator":"@tvnovanordeste","twitter_site":"@tvnovanordeste","twitter_misc":{"Escrito por":"Jornalismo","Est. tempo de leitura":"1 minuto"},"schema":{"@context":"https:\/\/schema.org","@graph":[{"@type":"Article","@id":"https:\/\/tvnova.tv.br\/jornalfatonovo\/idoso-morre-apos-ser-atacado-por-vaca-em-araripina-no-sertao-de-pernambuco\/#article","isPartOf":{"@id":"https:\/\/tvnova.tv.br\/jornalfatonovo\/idoso-morre-apos-ser-atacado-por-vaca-em-araripina-no-sertao-de-pernambuco\/"},"author":{"name":"Jornalismo","@id":"https:\/\/tvnova.tv.br\/jornalfatonovo\/#\/schema\/person\/8acb5c10a7535b12511b7eef3a46cf15"},"headline":"Idoso morre ap\u00f3s ser atacado por vaca em Araripina, no Sert\u00e3o de Pernambuco","datePublished":"2024-11-28T14:04:01+00:00","dateModified":"2024-11-28T14:18:12+00:00","mainEntityOfPage":{"@id":"https:\/\/tvnova.tv.br\/jornalfatonovo\/idoso-morre-apos-ser-atacado-por-vaca-em-araripina-no-sertao-de-pernambuco\/"},"wordCount":164,"publisher":{"@id":"https:\/\/tvnova.tv.br\/jornalfatonovo\/#organization"},"image":{"@id":"https:\/\/tvnova.tv.br\/jornalfatonovo\/idoso-morre-apos-ser-atacado-por-vaca-em-araripina-no-sertao-de-pernambuco\/#primaryimage"},"thumbnailUrl":"https:\/\/tvnova.tv.br\/jornalfatonovo\/wp-content\/uploads\/2024\/11\/WhatsApp-Image-2024-11-28-at-09.22.35.jpeg","articleSection":["Cidades"],"inLanguage":"pt-BR"},{"@type":"WebPage","@id":"https:\/\/tvnova.tv.br\/jornalfatonovo\/idoso-morre-apos-ser-atacado-por-vaca-em-araripina-no-sertao-de-pernambuco\/","url":"https:\/\/tvnova.tv.br\/jornalfatonovo\/idoso-morre-apos-ser-atacado-por-vaca-em-araripina-no-sertao-de-pernambuco\/","name":"Idoso morre ap\u00f3s ser atacado por vaca em Araripina, no Sert\u00e3o de Pernambuco - Jornal Fato Novo","isPartOf":{"@id":"https:\/\/tvnova.tv.br\/jornalfatonovo\/#website"},"primaryImageOfPage":{"@id":"https:\/\/tvnova.tv.br\/jornalfatonovo\/idoso-morre-apos-ser-atacado-por-vaca-em-araripina-no-sertao-de-pernambuco\/#primaryimage"},"image":{"@id":"https:\/\/tvnova.tv.br\/jornalfatonovo\/idoso-morre-apos-ser-atacado-por-vaca-em-araripina-no-sertao-de-pernambuco\/#primaryimage"},"thumbnailUrl":"https:\/\/tvnova.tv.br\/jornalfatonovo\/wp-content\/uploads\/2024\/11\/WhatsApp-Image-2024-11-28-at-09.22.35.jpeg","datePublished":"2024-11-28T14:04:01+00:00","dateModified":"2024-11-28T14:18:12+00:00","breadcrumb":{"@id":"https:\/\/tvnova.tv.br\/jornalfatonovo\/idoso-morre-apos-ser-atacado-por-vaca-em-araripina-no-sertao-de-pernambuco\/#breadcrumb"},"inLanguage":"pt-BR","potentialAction":[{"@type":"ReadAction","target":["https:\/\/tvnova.tv.br\/jornalfatonovo\/idoso-morre-apos-ser-atacado-por-vaca-em-araripina-no-sertao-de-pernambuco\/"]}]},{"@type":"ImageObject","inLanguage":"pt-BR","@id":"https:\/\/tvnova.tv.br\/jornalfatonovo\/idoso-morre-apos-ser-atacado-por-vaca-em-araripina-no-sertao-de-pernambuco\/#primaryimage","url":"https:\/\/tvnova.tv.br\/jornalfatonovo\/wp-content\/uploads\/2024\/11\/WhatsApp-Image-2024-11-28-at-09.22.35.jpeg","contentUrl":"https:\/\/tvnova.tv.br\/jornalfatonovo\/wp-content\/uploads\/2024\/11\/WhatsApp-Image-2024-11-28-at-09.22.35.jpeg","width":930,"height":560},{"@type":"BreadcrumbList","@id":"https:\/\/tvnova.tv.br\/jornalfatonovo\/idoso-morre-apos-ser-atacado-por-vaca-em-araripina-no-sertao-de-pernambuco\/#breadcrumb","itemListElement":[{"@type":"ListItem","position":1,"name":"In\u00edcio","item":"https:\/\/tvnova.tv.br\/jornalfatonovo\/"},{"@type":"ListItem","position":2,"name":"Idoso morre ap\u00f3s ser atacado por vaca em Araripina, no Sert\u00e3o de Pernambuco"}]},{"@type":"WebSite","@id":"https:\/\/tvnova.tv.br\/jornalfatonovo\/#website","url":"https:\/\/tvnova.tv.br\/jornalfatonovo\/","name":"Jornal Fato Novo","description":"Acompanhe as not\u00edcias de Pernambuco","publisher":{"@id":"https:\/\/tvnova.tv.br\/jornalfatonovo\/#organization"},"potentialAction":[{"@type":"SearchAction","target":{"@type":"EntryPoint","urlTemplate":"https:\/\/tvnova.tv.br\/jornalfatonovo\/?s={search_term_string}"},"query-input":{"@type":"PropertyValueSpecification","valueRequired":true,"valueName":"search_term_string"}}],"inLanguage":"pt-BR"},{"@type":"Organization","@id":"https:\/\/tvnova.tv.br\/jornalfatonovo\/#organization","name":"Jornal Fato Novo","url":"https:\/\/tvnova.tv.br\/jornalfatonovo\/","logo":{"@type":"ImageObject","inLanguage":"pt-BR","@id":"https:\/\/tvnova.tv.br\/jornalfatonovo\/#\/schema\/logo\/image\/","url":"https:\/\/tvnova.tv.br\/jornalfatonovo1\/wp-content\/uploads\/2023\/04\/FATO-NOVO-1.png","contentUrl":"https:\/\/tvnova.tv.br\/jornalfatonovo1\/wp-content\/uploads\/2023\/04\/FATO-NOVO-1.png","width":200,"height":60,"caption":"Jornal Fato Novo"},"image":{"@id":"https:\/\/tvnova.tv.br\/jornalfatonovo\/#\/schema\/logo\/image\/"},"sameAs":["https:\/\/www.facebook.com\/tvnovanordeste\/","https:\/\/x.com\/tvnovanordeste","https:\/\/www.instagram.com\/jornalfatonovope\/"]},{"@type":"Person","@id":"https:\/\/tvnova.tv.br\/jornalfatonovo\/#\/schema\/person\/8acb5c10a7535b12511b7eef3a46cf15","name":"Jornalismo","url":"https:\/\/tvnova.tv.br\/jornalfatonovo\/author\/jornalismo\/"}]}},"_links":{"self":[{"href":"https:\/\/tvnova.tv.br\/jornalfatonovo\/wp-json\/wp\/v2\/posts\/21442","targetHints":{"allow":["GET"]}}],"collection":[{"href":"https:\/\/tvnova.tv.br\/jornalfatonovo\/wp-json\/wp\/v2\/posts"}],"about":[{"href":"https:\/\/tvnova.tv.br\/jornalfatonovo\/wp-json\/wp\/v2\/types\/post"}],"author":[{"embeddable":true,"href":"https:\/\/tvnova.tv.br\/jornalfatonovo\/wp-json\/wp\/v2\/users\/13"}],"replies":[{"embeddable":true,"href":"https:\/\/tvnova.tv.br\/jornalfatonovo\/wp-json\/wp\/v2\/comments?post=21442"}],"version-history":[{"count":1,"href":"https:\/\/tvnova.tv.br\/jornalfatonovo\/wp-json\/wp\/v2\/posts\/21442\/revisions"}],"predecessor-version":[{"id":21444,"href":"https:\/\/tvnova.tv.br\/jornalfatonovo\/wp-json\/wp\/v2\/posts\/21442\/revisions\/21444"}],"wp:featuredmedia":[{"embeddable":true,"href":"https:\/\/tvnova.tv.br\/jornalfatonovo\/wp-json\/wp\/v2\/media\/21443"}],"wp:attachment":[{"href":"https:\/\/tvnova.tv.br\/jornalfatonovo\/wp-json\/wp\/v2\/media?parent=21442"}],"wp:term":[{"taxonomy":"category","embeddable":true,"href":"https:\/\/tvnova.tv.br\/jornalfatonovo\/wp-json\/wp\/v2\/categories?post=21442"},{"taxonomy":"post_tag","embeddable":true,"href":"https:\/\/tvnova.tv.br\/jornalfatonovo\/wp-json\/wp\/v2\/tags?post=21442"},{"taxonomy":"cores-categorias","embeddable":true,"href":"https:\/\/tvnova.tv.br\/jornalfatonovo\/wp-json\/wp\/v2\/cores-categorias?post=21442"}],"curies":[{"name":"wp","href":"https:\/\/api.w.org\/{rel}","templated":true}]}}