{"id":21450,"date":"2024-11-29T10:52:48","date_gmt":"2024-11-29T13:52:48","guid":{"rendered":"https:\/\/tvnova.tv.br\/jornalfatonovo\/?p=21450"},"modified":"2024-11-29T10:54:17","modified_gmt":"2024-11-29T13:54:17","slug":"homem-e-filmado-furtando-celular-em-instituto-da-policia-civil-de-pernambuco","status":"publish","type":"post","link":"https:\/\/tvnova.tv.br\/jornalfatonovo\/homem-e-filmado-furtando-celular-em-instituto-da-policia-civil-de-pernambuco\/","title":{"rendered":"Homem \u00e9 filmado furtando celular em instituto da Pol\u00edcia Civil de Pernambuco"},"content":{"rendered":"<h4>Homem \u00e9 filmado furtando celular em instituto da Pol\u00edcia Civil de Pernambuco<\/h4>\n<h6>O roubo ocorreu na sede do Instituto de Identifica\u00e7\u00e3o Tavares Buril, no Recife, e foi registrado por c\u00e2meras de seguran\u00e7a. A Pol\u00edcia Civil investiga o caso<\/h6>\n<p>&nbsp;<\/p>\n<p><em>da reda\u00e7\u00e3o<\/em><\/p>\n<p><strong>T\u00edtulo<\/strong>: Homem \u00e9 filmado furtando celular em instituto da Pol\u00edcia Civil de Pernambuco<\/p>\n<p><strong>Subt\u00edtulo<\/strong>: O roubo ocorreu na sede do Instituto de Identifica\u00e7\u00e3o Tavares Buril, no Recife, e foi registrado por c\u00e2meras de seguran\u00e7a. A Pol\u00edcia Civil investiga o caso.<\/p>\n<p>Na tarde da \u00faltima quinta-feira (29), um homem foi flagrado furtando um celular dentro do Instituto de Identifica\u00e7\u00e3o Tavares Buril (IITB), localizado no bairro de Santo Amaro, no Recife. As c\u00e2meras de seguran\u00e7a do local capturaram o momento exato em que o criminoso, usando uma camisa branca, se aproxima de uma mesa onde o aparelho estava carregando e o retira da tomada. Sem pressa, ele deixa o pr\u00e9dio levando o celular e o carregador.<\/p>\n<p>As imagens, que mostram o crime \u00e0s 12h07, ainda mostram o homem caminhando pela rua ao lado de outro indiv\u00edduo, com uma sacola na m\u00e3o. O caso est\u00e1 sendo investigado pela Pol\u00edcia Civil, que est\u00e1 analisando os v\u00eddeos para tentar identificar o autor do roubo.<\/p>\n","protected":false},"excerpt":{"rendered":"<p>Homem \u00e9 filmado furtando celular em instituto da Pol\u00edcia Civil de Pernambuco O roubo ocorreu na sede do Instituto de Identifica\u00e7\u00e3o Tavares Buril, no Recife, e foi registrado por c\u00e2meras de seguran\u00e7a. A Pol\u00edcia Civil investiga o caso &nbsp; da reda\u00e7\u00e3o T\u00edtulo: Homem \u00e9 filmado furtando celular em instituto da Pol\u00edcia Civil de Pernambuco Subt\u00edtulo: [&hellip;]<\/p>\n","protected":false},"author":13,"featured_media":21452,"comment_status":"closed","ping_status":"","sticky":false,"template":"","format":"standard","meta":{"footnotes":""},"categories":[273],"tags":[],"cores-categorias":[],"class_list":["post-21450","post","type-post","status-publish","format-standard","has-post-thumbnail","hentry","category-policia"],"yoast_head":"<!-- This site is optimized with the Yoast SEO plugin v27.2 - https:\/\/yoast.com\/product\/yoast-seo-wordpress\/ -->\n<title>Homem \u00e9 filmado furtando celular em instituto da Pol\u00edcia Civil de Pernambuco - Jornal Fato Novo<\/title>\n<meta name=\"robots\" content=\"index, follow, max-snippet:-1, max-image-preview:large, max-video-preview:-1\" \/>\n<link rel=\"canonical\" href=\"https:\/\/tvnova.tv.br\/jornalfatonovo\/homem-e-filmado-furtando-celular-em-instituto-da-policia-civil-de-pernambuco\/\" \/>\n<meta property=\"og:locale\" content=\"pt_BR\" \/>\n<meta property=\"og:type\" content=\"article\" \/>\n<meta property=\"og:title\" content=\"Homem \u00e9 filmado furtando celular em instituto da Pol\u00edcia Civil de Pernambuco - Jornal Fato Novo\" \/>\n<meta property=\"og:description\" content=\"Homem \u00e9 filmado furtando celular em instituto da Pol\u00edcia Civil de Pernambuco O roubo ocorreu na sede do Instituto de Identifica\u00e7\u00e3o Tavares Buril, no Recife, e foi registrado por c\u00e2meras de seguran\u00e7a. A Pol\u00edcia Civil investiga o caso &nbsp; da reda\u00e7\u00e3o T\u00edtulo: Homem \u00e9 filmado furtando celular em instituto da Pol\u00edcia Civil de Pernambuco Subt\u00edtulo: [&hellip;]\" \/>\n<meta property=\"og:url\" content=\"https:\/\/tvnova.tv.br\/jornalfatonovo\/homem-e-filmado-furtando-celular-em-instituto-da-policia-civil-de-pernambuco\/\" \/>\n<meta property=\"og:site_name\" content=\"Jornal Fato Novo\" \/>\n<meta property=\"article:publisher\" content=\"https:\/\/www.facebook.com\/tvnovanordeste\/\" \/>\n<meta property=\"article:published_time\" content=\"2024-11-29T13:52:48+00:00\" \/>\n<meta property=\"article:modified_time\" content=\"2024-11-29T13:54:17+00:00\" \/>\n<meta property=\"og:image\" content=\"https:\/\/tvnova.tv.br\/jornalfatonovo\/wp-content\/uploads\/2024\/11\/IITB_4K_28-12-2022_3.jpeg\" \/>\n\t<meta property=\"og:image:width\" content=\"438\" \/>\n\t<meta property=\"og:image:height\" content=\"330\" \/>\n\t<meta property=\"og:image:type\" content=\"image\/jpeg\" \/>\n<meta name=\"author\" content=\"Jornalismo\" \/>\n<meta name=\"twitter:card\" content=\"summary_large_image\" \/>\n<meta name=\"twitter:creator\" content=\"@tvnovanordeste\" \/>\n<meta name=\"twitter:site\" content=\"@tvnovanordeste\" \/>\n<meta name=\"twitter:label1\" content=\"Escrito por\" \/>\n\t<meta name=\"twitter:data1\" content=\"Jornalismo\" \/>\n\t<meta name=\"twitter:label2\" content=\"Est. tempo de leitura\" \/>\n\t<meta name=\"twitter:data2\" content=\"1 minuto\" \/>\n<script type=\"application\/ld+json\" class=\"yoast-schema-graph\">{\"@context\":\"https:\/\/schema.org\",\"@graph\":[{\"@type\":\"Article\",\"@id\":\"https:\/\/tvnova.tv.br\/jornalfatonovo\/homem-e-filmado-furtando-celular-em-instituto-da-policia-civil-de-pernambuco\/#article\",\"isPartOf\":{\"@id\":\"https:\/\/tvnova.tv.br\/jornalfatonovo\/homem-e-filmado-furtando-celular-em-instituto-da-policia-civil-de-pernambuco\/\"},\"author\":{\"name\":\"Jornalismo\",\"@id\":\"https:\/\/tvnova.tv.br\/jornalfatonovo\/#\/schema\/person\/8acb5c10a7535b12511b7eef3a46cf15\"},\"headline\":\"Homem \u00e9 filmado furtando celular em instituto da Pol\u00edcia Civil de Pernambuco\",\"datePublished\":\"2024-11-29T13:52:48+00:00\",\"dateModified\":\"2024-11-29T13:54:17+00:00\",\"mainEntityOfPage\":{\"@id\":\"https:\/\/tvnova.tv.br\/jornalfatonovo\/homem-e-filmado-furtando-celular-em-instituto-da-policia-civil-de-pernambuco\/\"},\"wordCount\":230,\"publisher\":{\"@id\":\"https:\/\/tvnova.tv.br\/jornalfatonovo\/#organization\"},\"image\":{\"@id\":\"https:\/\/tvnova.tv.br\/jornalfatonovo\/homem-e-filmado-furtando-celular-em-instituto-da-policia-civil-de-pernambuco\/#primaryimage\"},\"thumbnailUrl\":\"https:\/\/tvnova.tv.br\/jornalfatonovo\/wp-content\/uploads\/2024\/11\/IITB_4K_28-12-2022_3.jpeg\",\"articleSection\":[\"Pol\u00edcia\"],\"inLanguage\":\"pt-BR\"},{\"@type\":\"WebPage\",\"@id\":\"https:\/\/tvnova.tv.br\/jornalfatonovo\/homem-e-filmado-furtando-celular-em-instituto-da-policia-civil-de-pernambuco\/\",\"url\":\"https:\/\/tvnova.tv.br\/jornalfatonovo\/homem-e-filmado-furtando-celular-em-instituto-da-policia-civil-de-pernambuco\/\",\"name\":\"Homem \u00e9 filmado furtando celular em instituto da Pol\u00edcia Civil de Pernambuco - Jornal Fato Novo\",\"isPartOf\":{\"@id\":\"https:\/\/tvnova.tv.br\/jornalfatonovo\/#website\"},\"primaryImageOfPage\":{\"@id\":\"https:\/\/tvnova.tv.br\/jornalfatonovo\/homem-e-filmado-furtando-celular-em-instituto-da-policia-civil-de-pernambuco\/#primaryimage\"},\"image\":{\"@id\":\"https:\/\/tvnova.tv.br\/jornalfatonovo\/homem-e-filmado-furtando-celular-em-instituto-da-policia-civil-de-pernambuco\/#primaryimage\"},\"thumbnailUrl\":\"https:\/\/tvnova.tv.br\/jornalfatonovo\/wp-content\/uploads\/2024\/11\/IITB_4K_28-12-2022_3.jpeg\",\"datePublished\":\"2024-11-29T13:52:48+00:00\",\"dateModified\":\"2024-11-29T13:54:17+00:00\",\"breadcrumb\":{\"@id\":\"https:\/\/tvnova.tv.br\/jornalfatonovo\/homem-e-filmado-furtando-celular-em-instituto-da-policia-civil-de-pernambuco\/#breadcrumb\"},\"inLanguage\":\"pt-BR\",\"potentialAction\":[{\"@type\":\"ReadAction\",\"target\":[\"https:\/\/tvnova.tv.br\/jornalfatonovo\/homem-e-filmado-furtando-celular-em-instituto-da-policia-civil-de-pernambuco\/\"]}]},{\"@type\":\"ImageObject\",\"inLanguage\":\"pt-BR\",\"@id\":\"https:\/\/tvnova.tv.br\/jornalfatonovo\/homem-e-filmado-furtando-celular-em-instituto-da-policia-civil-de-pernambuco\/#primaryimage\",\"url\":\"https:\/\/tvnova.tv.br\/jornalfatonovo\/wp-content\/uploads\/2024\/11\/IITB_4K_28-12-2022_3.jpeg\",\"contentUrl\":\"https:\/\/tvnova.tv.br\/jornalfatonovo\/wp-content\/uploads\/2024\/11\/IITB_4K_28-12-2022_3.jpeg\",\"width\":438,\"height\":330},{\"@type\":\"BreadcrumbList\",\"@id\":\"https:\/\/tvnova.tv.br\/jornalfatonovo\/homem-e-filmado-furtando-celular-em-instituto-da-policia-civil-de-pernambuco\/#breadcrumb\",\"itemListElement\":[{\"@type\":\"ListItem\",\"position\":1,\"name\":\"In\u00edcio\",\"item\":\"https:\/\/tvnova.tv.br\/jornalfatonovo\/\"},{\"@type\":\"ListItem\",\"position\":2,\"name\":\"Homem \u00e9 filmado furtando celular em instituto da Pol\u00edcia Civil de Pernambuco\"}]},{\"@type\":\"WebSite\",\"@id\":\"https:\/\/tvnova.tv.br\/jornalfatonovo\/#website\",\"url\":\"https:\/\/tvnova.tv.br\/jornalfatonovo\/\",\"name\":\"Jornal Fato Novo\",\"description\":\"Acompanhe as not\u00edcias de Pernambuco\",\"publisher\":{\"@id\":\"https:\/\/tvnova.tv.br\/jornalfatonovo\/#organization\"},\"potentialAction\":[{\"@type\":\"SearchAction\",\"target\":{\"@type\":\"EntryPoint\",\"urlTemplate\":\"https:\/\/tvnova.tv.br\/jornalfatonovo\/?s={search_term_string}\"},\"query-input\":{\"@type\":\"PropertyValueSpecification\",\"valueRequired\":true,\"valueName\":\"search_term_string\"}}],\"inLanguage\":\"pt-BR\"},{\"@type\":\"Organization\",\"@id\":\"https:\/\/tvnova.tv.br\/jornalfatonovo\/#organization\",\"name\":\"Jornal Fato Novo\",\"url\":\"https:\/\/tvnova.tv.br\/jornalfatonovo\/\",\"logo\":{\"@type\":\"ImageObject\",\"inLanguage\":\"pt-BR\",\"@id\":\"https:\/\/tvnova.tv.br\/jornalfatonovo\/#\/schema\/logo\/image\/\",\"url\":\"https:\/\/tvnova.tv.br\/jornalfatonovo1\/wp-content\/uploads\/2023\/04\/FATO-NOVO-1.png\",\"contentUrl\":\"https:\/\/tvnova.tv.br\/jornalfatonovo1\/wp-content\/uploads\/2023\/04\/FATO-NOVO-1.png\",\"width\":200,\"height\":60,\"caption\":\"Jornal Fato Novo\"},\"image\":{\"@id\":\"https:\/\/tvnova.tv.br\/jornalfatonovo\/#\/schema\/logo\/image\/\"},\"sameAs\":[\"https:\/\/www.facebook.com\/tvnovanordeste\/\",\"https:\/\/x.com\/tvnovanordeste\",\"https:\/\/www.instagram.com\/jornalfatonovope\/\"]},{\"@type\":\"Person\",\"@id\":\"https:\/\/tvnova.tv.br\/jornalfatonovo\/#\/schema\/person\/8acb5c10a7535b12511b7eef3a46cf15\",\"name\":\"Jornalismo\",\"url\":\"https:\/\/tvnova.tv.br\/jornalfatonovo\/author\/jornalismo\/\"}]}<\/script>\n<!-- \/ Yoast SEO plugin. -->","yoast_head_json":{"title":"Homem \u00e9 filmado furtando celular em instituto da Pol\u00edcia Civil de Pernambuco - Jornal Fato Novo","robots":{"index":"index","follow":"follow","max-snippet":"max-snippet:-1","max-image-preview":"max-image-preview:large","max-video-preview":"max-video-preview:-1"},"canonical":"https:\/\/tvnova.tv.br\/jornalfatonovo\/homem-e-filmado-furtando-celular-em-instituto-da-policia-civil-de-pernambuco\/","og_locale":"pt_BR","og_type":"article","og_title":"Homem \u00e9 filmado furtando celular em instituto da Pol\u00edcia Civil de Pernambuco - Jornal Fato Novo","og_description":"Homem \u00e9 filmado furtando celular em instituto da Pol\u00edcia Civil de Pernambuco O roubo ocorreu na sede do Instituto de Identifica\u00e7\u00e3o Tavares Buril, no Recife, e foi registrado por c\u00e2meras de seguran\u00e7a. A Pol\u00edcia Civil investiga o caso &nbsp; da reda\u00e7\u00e3o T\u00edtulo: Homem \u00e9 filmado furtando celular em instituto da Pol\u00edcia Civil de Pernambuco Subt\u00edtulo: [&hellip;]","og_url":"https:\/\/tvnova.tv.br\/jornalfatonovo\/homem-e-filmado-furtando-celular-em-instituto-da-policia-civil-de-pernambuco\/","og_site_name":"Jornal Fato Novo","article_publisher":"https:\/\/www.facebook.com\/tvnovanordeste\/","article_published_time":"2024-11-29T13:52:48+00:00","article_modified_time":"2024-11-29T13:54:17+00:00","og_image":[{"width":438,"height":330,"url":"https:\/\/tvnova.tv.br\/jornalfatonovo\/wp-content\/uploads\/2024\/11\/IITB_4K_28-12-2022_3.jpeg","type":"image\/jpeg"}],"author":"Jornalismo","twitter_card":"summary_large_image","twitter_creator":"@tvnovanordeste","twitter_site":"@tvnovanordeste","twitter_misc":{"Escrito por":"Jornalismo","Est. tempo de leitura":"1 minuto"},"schema":{"@context":"https:\/\/schema.org","@graph":[{"@type":"Article","@id":"https:\/\/tvnova.tv.br\/jornalfatonovo\/homem-e-filmado-furtando-celular-em-instituto-da-policia-civil-de-pernambuco\/#article","isPartOf":{"@id":"https:\/\/tvnova.tv.br\/jornalfatonovo\/homem-e-filmado-furtando-celular-em-instituto-da-policia-civil-de-pernambuco\/"},"author":{"name":"Jornalismo","@id":"https:\/\/tvnova.tv.br\/jornalfatonovo\/#\/schema\/person\/8acb5c10a7535b12511b7eef3a46cf15"},"headline":"Homem \u00e9 filmado furtando celular em instituto da Pol\u00edcia Civil de Pernambuco","datePublished":"2024-11-29T13:52:48+00:00","dateModified":"2024-11-29T13:54:17+00:00","mainEntityOfPage":{"@id":"https:\/\/tvnova.tv.br\/jornalfatonovo\/homem-e-filmado-furtando-celular-em-instituto-da-policia-civil-de-pernambuco\/"},"wordCount":230,"publisher":{"@id":"https:\/\/tvnova.tv.br\/jornalfatonovo\/#organization"},"image":{"@id":"https:\/\/tvnova.tv.br\/jornalfatonovo\/homem-e-filmado-furtando-celular-em-instituto-da-policia-civil-de-pernambuco\/#primaryimage"},"thumbnailUrl":"https:\/\/tvnova.tv.br\/jornalfatonovo\/wp-content\/uploads\/2024\/11\/IITB_4K_28-12-2022_3.jpeg","articleSection":["Pol\u00edcia"],"inLanguage":"pt-BR"},{"@type":"WebPage","@id":"https:\/\/tvnova.tv.br\/jornalfatonovo\/homem-e-filmado-furtando-celular-em-instituto-da-policia-civil-de-pernambuco\/","url":"https:\/\/tvnova.tv.br\/jornalfatonovo\/homem-e-filmado-furtando-celular-em-instituto-da-policia-civil-de-pernambuco\/","name":"Homem \u00e9 filmado furtando celular em instituto da Pol\u00edcia Civil de Pernambuco - Jornal Fato Novo","isPartOf":{"@id":"https:\/\/tvnova.tv.br\/jornalfatonovo\/#website"},"primaryImageOfPage":{"@id":"https:\/\/tvnova.tv.br\/jornalfatonovo\/homem-e-filmado-furtando-celular-em-instituto-da-policia-civil-de-pernambuco\/#primaryimage"},"image":{"@id":"https:\/\/tvnova.tv.br\/jornalfatonovo\/homem-e-filmado-furtando-celular-em-instituto-da-policia-civil-de-pernambuco\/#primaryimage"},"thumbnailUrl":"https:\/\/tvnova.tv.br\/jornalfatonovo\/wp-content\/uploads\/2024\/11\/IITB_4K_28-12-2022_3.jpeg","datePublished":"2024-11-29T13:52:48+00:00","dateModified":"2024-11-29T13:54:17+00:00","breadcrumb":{"@id":"https:\/\/tvnova.tv.br\/jornalfatonovo\/homem-e-filmado-furtando-celular-em-instituto-da-policia-civil-de-pernambuco\/#breadcrumb"},"inLanguage":"pt-BR","potentialAction":[{"@type":"ReadAction","target":["https:\/\/tvnova.tv.br\/jornalfatonovo\/homem-e-filmado-furtando-celular-em-instituto-da-policia-civil-de-pernambuco\/"]}]},{"@type":"ImageObject","inLanguage":"pt-BR","@id":"https:\/\/tvnova.tv.br\/jornalfatonovo\/homem-e-filmado-furtando-celular-em-instituto-da-policia-civil-de-pernambuco\/#primaryimage","url":"https:\/\/tvnova.tv.br\/jornalfatonovo\/wp-content\/uploads\/2024\/11\/IITB_4K_28-12-2022_3.jpeg","contentUrl":"https:\/\/tvnova.tv.br\/jornalfatonovo\/wp-content\/uploads\/2024\/11\/IITB_4K_28-12-2022_3.jpeg","width":438,"height":330},{"@type":"BreadcrumbList","@id":"https:\/\/tvnova.tv.br\/jornalfatonovo\/homem-e-filmado-furtando-celular-em-instituto-da-policia-civil-de-pernambuco\/#breadcrumb","itemListElement":[{"@type":"ListItem","position":1,"name":"In\u00edcio","item":"https:\/\/tvnova.tv.br\/jornalfatonovo\/"},{"@type":"ListItem","position":2,"name":"Homem \u00e9 filmado furtando celular em instituto da Pol\u00edcia Civil de Pernambuco"}]},{"@type":"WebSite","@id":"https:\/\/tvnova.tv.br\/jornalfatonovo\/#website","url":"https:\/\/tvnova.tv.br\/jornalfatonovo\/","name":"Jornal Fato Novo","description":"Acompanhe as not\u00edcias de Pernambuco","publisher":{"@id":"https:\/\/tvnova.tv.br\/jornalfatonovo\/#organization"},"potentialAction":[{"@type":"SearchAction","target":{"@type":"EntryPoint","urlTemplate":"https:\/\/tvnova.tv.br\/jornalfatonovo\/?s={search_term_string}"},"query-input":{"@type":"PropertyValueSpecification","valueRequired":true,"valueName":"search_term_string"}}],"inLanguage":"pt-BR"},{"@type":"Organization","@id":"https:\/\/tvnova.tv.br\/jornalfatonovo\/#organization","name":"Jornal Fato Novo","url":"https:\/\/tvnova.tv.br\/jornalfatonovo\/","logo":{"@type":"ImageObject","inLanguage":"pt-BR","@id":"https:\/\/tvnova.tv.br\/jornalfatonovo\/#\/schema\/logo\/image\/","url":"https:\/\/tvnova.tv.br\/jornalfatonovo1\/wp-content\/uploads\/2023\/04\/FATO-NOVO-1.png","contentUrl":"https:\/\/tvnova.tv.br\/jornalfatonovo1\/wp-content\/uploads\/2023\/04\/FATO-NOVO-1.png","width":200,"height":60,"caption":"Jornal Fato Novo"},"image":{"@id":"https:\/\/tvnova.tv.br\/jornalfatonovo\/#\/schema\/logo\/image\/"},"sameAs":["https:\/\/www.facebook.com\/tvnovanordeste\/","https:\/\/x.com\/tvnovanordeste","https:\/\/www.instagram.com\/jornalfatonovope\/"]},{"@type":"Person","@id":"https:\/\/tvnova.tv.br\/jornalfatonovo\/#\/schema\/person\/8acb5c10a7535b12511b7eef3a46cf15","name":"Jornalismo","url":"https:\/\/tvnova.tv.br\/jornalfatonovo\/author\/jornalismo\/"}]}},"_links":{"self":[{"href":"https:\/\/tvnova.tv.br\/jornalfatonovo\/wp-json\/wp\/v2\/posts\/21450","targetHints":{"allow":["GET"]}}],"collection":[{"href":"https:\/\/tvnova.tv.br\/jornalfatonovo\/wp-json\/wp\/v2\/posts"}],"about":[{"href":"https:\/\/tvnova.tv.br\/jornalfatonovo\/wp-json\/wp\/v2\/types\/post"}],"author":[{"embeddable":true,"href":"https:\/\/tvnova.tv.br\/jornalfatonovo\/wp-json\/wp\/v2\/users\/13"}],"replies":[{"embeddable":true,"href":"https:\/\/tvnova.tv.br\/jornalfatonovo\/wp-json\/wp\/v2\/comments?post=21450"}],"version-history":[{"count":1,"href":"https:\/\/tvnova.tv.br\/jornalfatonovo\/wp-json\/wp\/v2\/posts\/21450\/revisions"}],"predecessor-version":[{"id":21451,"href":"https:\/\/tvnova.tv.br\/jornalfatonovo\/wp-json\/wp\/v2\/posts\/21450\/revisions\/21451"}],"wp:featuredmedia":[{"embeddable":true,"href":"https:\/\/tvnova.tv.br\/jornalfatonovo\/wp-json\/wp\/v2\/media\/21452"}],"wp:attachment":[{"href":"https:\/\/tvnova.tv.br\/jornalfatonovo\/wp-json\/wp\/v2\/media?parent=21450"}],"wp:term":[{"taxonomy":"category","embeddable":true,"href":"https:\/\/tvnova.tv.br\/jornalfatonovo\/wp-json\/wp\/v2\/categories?post=21450"},{"taxonomy":"post_tag","embeddable":true,"href":"https:\/\/tvnova.tv.br\/jornalfatonovo\/wp-json\/wp\/v2\/tags?post=21450"},{"taxonomy":"cores-categorias","embeddable":true,"href":"https:\/\/tvnova.tv.br\/jornalfatonovo\/wp-json\/wp\/v2\/cores-categorias?post=21450"}],"curies":[{"name":"wp","href":"https:\/\/api.w.org\/{rel}","templated":true}]}}