{"id":21460,"date":"2024-11-29T13:40:10","date_gmt":"2024-11-29T16:40:10","guid":{"rendered":"https:\/\/tvnova.tv.br\/jornalfatonovo\/?p=21460"},"modified":"2024-11-29T13:42:17","modified_gmt":"2024-11-29T16:42:17","slug":"antonio-coelho-se-afasta-da-secretaria-de-turismo-para-reassumir-mandato-na-alepe-e-fortalecer-candidatura","status":"publish","type":"post","link":"https:\/\/tvnova.tv.br\/jornalfatonovo\/antonio-coelho-se-afasta-da-secretaria-de-turismo-para-reassumir-mandato-na-alepe-e-fortalecer-candidatura\/","title":{"rendered":"Ant\u00f4nio Coelho se afasta da Secretaria de Turismo para reassumir mandato na Alepe e fortalecer candidatura"},"content":{"rendered":"<h4>Ant\u00f4nio Coelho se afasta da Secretaria de Turismo para reassumir mandato na Alepe e fortalecer candidatura<\/h4>\n<h6>Movimenta\u00e7\u00e3o ocorre em meio a articula\u00e7\u00f5es para a elei\u00e7\u00e3o da mesa diretora da Assembleia Legislativa de Pernambuco<\/h6>\n<p>&nbsp;<\/p>\n<p><em>da reda\u00e7\u00e3o<\/em><\/p>\n<p>O secret\u00e1rio de Turismo e Lazer do Recife, Ant\u00f4nio Coelho (Uni\u00e3o Brasil), decidiu se afastar temporariamente de seu cargo para reassumir sua vaga na Assembleia Legislativa de Pernambuco (Alepe). A medida ocorre em um momento crucial, com as articula\u00e7\u00f5es para a elei\u00e7\u00e3o da mesa diretora da Alepe, marcada para segunda-feira (2 de dezembro), e tem como objetivo refor\u00e7ar o apoio ao candidato \u00e0 primeira-secretaria, Francismar Pontes (PSB).<\/p>\n<p>A exonera\u00e7\u00e3o de Ant\u00f4nio Coelho foi oficializada em uma edi\u00e7\u00e3o extra do Di\u00e1rio Oficial do Recife, na quinta-feira (28). No documento, \u00e9 informado que o afastamento foi solicitado por Coelho para possibilitar sua participa\u00e7\u00e3o na vota\u00e7\u00e3o na Alepe. Durante sua aus\u00eancia, a Secretaria de Turismo e Lazer ser\u00e1 conduzida por Thiago Brand\u00e3o, atual secret\u00e1rio executivo da pasta.<\/p>\n<p>Com seu retorno \u00e0 Alepe, Ant\u00f4nio Coelho substitui Edson Vieira (Uni\u00e3o Brasil), que ocupava sua vaga desde sua ida \u00e0 Prefeitura do Recife. Esse movimento tamb\u00e9m implica em uma reorganiza\u00e7\u00e3o futura, j\u00e1 que Edson Vieira deve retornar \u00e0 Alepe em 2025, assumindo a cadeira de Chaparral (Uni\u00e3o Brasil), eleito prefeito de Surubim.<\/p>\n<p>A decis\u00e3o de Ant\u00f4nio Coelho faz parte de uma estrat\u00e9gia pol\u00edtica voltada para o enfraquecimento do advers\u00e1rio Gustavo Gouveia (Solidariedade). O rompimento entre os Coelhos e Gouveia ocorreu ap\u00f3s a aproxima\u00e7\u00e3o deste com Mar\u00edlia Arraes (Solidariedade) durante a elei\u00e7\u00e3o estadual de 2022. O apoio de Gouveia \u00e0 candidatura de Mar\u00edlia significou um distanciamento do grupo pol\u00edtico de Miguel Coelho, irm\u00e3o de Ant\u00f4nio, que tamb\u00e9m concorria ao governo de Pernambuco naquele ano.<\/p>\n","protected":false},"excerpt":{"rendered":"<p>Ant\u00f4nio Coelho se afasta da Secretaria de Turismo para reassumir mandato na Alepe e fortalecer candidatura Movimenta\u00e7\u00e3o ocorre em meio a articula\u00e7\u00f5es para a elei\u00e7\u00e3o da mesa diretora da Assembleia Legislativa de Pernambuco &nbsp; da reda\u00e7\u00e3o O secret\u00e1rio de Turismo e Lazer do Recife, Ant\u00f4nio Coelho (Uni\u00e3o Brasil), decidiu se afastar temporariamente de seu cargo [&hellip;]<\/p>\n","protected":false},"author":13,"featured_media":21463,"comment_status":"closed","ping_status":"","sticky":false,"template":"","format":"standard","meta":{"footnotes":""},"categories":[271],"tags":[],"cores-categorias":[],"class_list":["post-21460","post","type-post","status-publish","format-standard","has-post-thumbnail","hentry","category-politica"],"yoast_head":"<!-- This site is optimized with the Yoast SEO plugin v27.2 - https:\/\/yoast.com\/product\/yoast-seo-wordpress\/ -->\n<title>Ant\u00f4nio Coelho se afasta da Secretaria de Turismo para reassumir mandato na Alepe e fortalecer candidatura - Jornal Fato Novo<\/title>\n<meta name=\"robots\" content=\"index, follow, max-snippet:-1, max-image-preview:large, max-video-preview:-1\" \/>\n<link rel=\"canonical\" href=\"https:\/\/tvnova.tv.br\/jornalfatonovo\/antonio-coelho-se-afasta-da-secretaria-de-turismo-para-reassumir-mandato-na-alepe-e-fortalecer-candidatura\/\" \/>\n<meta property=\"og:locale\" content=\"pt_BR\" \/>\n<meta property=\"og:type\" content=\"article\" \/>\n<meta property=\"og:title\" content=\"Ant\u00f4nio Coelho se afasta da Secretaria de Turismo para reassumir mandato na Alepe e fortalecer candidatura - Jornal Fato Novo\" \/>\n<meta property=\"og:description\" content=\"Ant\u00f4nio Coelho se afasta da Secretaria de Turismo para reassumir mandato na Alepe e fortalecer candidatura Movimenta\u00e7\u00e3o ocorre em meio a articula\u00e7\u00f5es para a elei\u00e7\u00e3o da mesa diretora da Assembleia Legislativa de Pernambuco &nbsp; da reda\u00e7\u00e3o O secret\u00e1rio de Turismo e Lazer do Recife, Ant\u00f4nio Coelho (Uni\u00e3o Brasil), decidiu se afastar temporariamente de seu cargo [&hellip;]\" \/>\n<meta property=\"og:url\" content=\"https:\/\/tvnova.tv.br\/jornalfatonovo\/antonio-coelho-se-afasta-da-secretaria-de-turismo-para-reassumir-mandato-na-alepe-e-fortalecer-candidatura\/\" \/>\n<meta property=\"og:site_name\" content=\"Jornal Fato Novo\" \/>\n<meta property=\"article:publisher\" content=\"https:\/\/www.facebook.com\/tvnovanordeste\/\" \/>\n<meta property=\"article:published_time\" content=\"2024-11-29T16:40:10+00:00\" \/>\n<meta property=\"article:modified_time\" content=\"2024-11-29T16:42:17+00:00\" \/>\n<meta name=\"author\" content=\"Jornalismo\" \/>\n<meta name=\"twitter:card\" content=\"summary_large_image\" \/>\n<meta name=\"twitter:creator\" content=\"@tvnovanordeste\" \/>\n<meta name=\"twitter:site\" content=\"@tvnovanordeste\" \/>\n<meta name=\"twitter:label1\" content=\"Escrito por\" \/>\n\t<meta name=\"twitter:data1\" content=\"Jornalismo\" \/>\n\t<meta name=\"twitter:label2\" content=\"Est. tempo de leitura\" \/>\n\t<meta name=\"twitter:data2\" content=\"2 minutos\" \/>\n<script type=\"application\/ld+json\" class=\"yoast-schema-graph\">{\"@context\":\"https:\/\/schema.org\",\"@graph\":[{\"@type\":\"Article\",\"@id\":\"https:\/\/tvnova.tv.br\/jornalfatonovo\/antonio-coelho-se-afasta-da-secretaria-de-turismo-para-reassumir-mandato-na-alepe-e-fortalecer-candidatura\/#article\",\"isPartOf\":{\"@id\":\"https:\/\/tvnova.tv.br\/jornalfatonovo\/antonio-coelho-se-afasta-da-secretaria-de-turismo-para-reassumir-mandato-na-alepe-e-fortalecer-candidatura\/\"},\"author\":{\"name\":\"Jornalismo\",\"@id\":\"https:\/\/tvnova.tv.br\/jornalfatonovo\/#\/schema\/person\/8acb5c10a7535b12511b7eef3a46cf15\"},\"headline\":\"Ant\u00f4nio Coelho se afasta da Secretaria de Turismo para reassumir mandato na Alepe e fortalecer candidatura\",\"datePublished\":\"2024-11-29T16:40:10+00:00\",\"dateModified\":\"2024-11-29T16:42:17+00:00\",\"mainEntityOfPage\":{\"@id\":\"https:\/\/tvnova.tv.br\/jornalfatonovo\/antonio-coelho-se-afasta-da-secretaria-de-turismo-para-reassumir-mandato-na-alepe-e-fortalecer-candidatura\/\"},\"wordCount\":329,\"publisher\":{\"@id\":\"https:\/\/tvnova.tv.br\/jornalfatonovo\/#organization\"},\"image\":{\"@id\":\"https:\/\/tvnova.tv.br\/jornalfatonovo\/antonio-coelho-se-afasta-da-secretaria-de-turismo-para-reassumir-mandato-na-alepe-e-fortalecer-candidatura\/#primaryimage\"},\"thumbnailUrl\":\"https:\/\/tvnova.tv.br\/jornalfatonovo\/wp-content\/uploads\/2024\/11\/Capturar-3.jpg\",\"articleSection\":[\"Pol\u00edtica\"],\"inLanguage\":\"pt-BR\"},{\"@type\":\"WebPage\",\"@id\":\"https:\/\/tvnova.tv.br\/jornalfatonovo\/antonio-coelho-se-afasta-da-secretaria-de-turismo-para-reassumir-mandato-na-alepe-e-fortalecer-candidatura\/\",\"url\":\"https:\/\/tvnova.tv.br\/jornalfatonovo\/antonio-coelho-se-afasta-da-secretaria-de-turismo-para-reassumir-mandato-na-alepe-e-fortalecer-candidatura\/\",\"name\":\"Ant\u00f4nio Coelho se afasta da Secretaria de Turismo para reassumir mandato na Alepe e fortalecer candidatura - Jornal Fato Novo\",\"isPartOf\":{\"@id\":\"https:\/\/tvnova.tv.br\/jornalfatonovo\/#website\"},\"primaryImageOfPage\":{\"@id\":\"https:\/\/tvnova.tv.br\/jornalfatonovo\/antonio-coelho-se-afasta-da-secretaria-de-turismo-para-reassumir-mandato-na-alepe-e-fortalecer-candidatura\/#primaryimage\"},\"image\":{\"@id\":\"https:\/\/tvnova.tv.br\/jornalfatonovo\/antonio-coelho-se-afasta-da-secretaria-de-turismo-para-reassumir-mandato-na-alepe-e-fortalecer-candidatura\/#primaryimage\"},\"thumbnailUrl\":\"https:\/\/tvnova.tv.br\/jornalfatonovo\/wp-content\/uploads\/2024\/11\/Capturar-3.jpg\",\"datePublished\":\"2024-11-29T16:40:10+00:00\",\"dateModified\":\"2024-11-29T16:42:17+00:00\",\"breadcrumb\":{\"@id\":\"https:\/\/tvnova.tv.br\/jornalfatonovo\/antonio-coelho-se-afasta-da-secretaria-de-turismo-para-reassumir-mandato-na-alepe-e-fortalecer-candidatura\/#breadcrumb\"},\"inLanguage\":\"pt-BR\",\"potentialAction\":[{\"@type\":\"ReadAction\",\"target\":[\"https:\/\/tvnova.tv.br\/jornalfatonovo\/antonio-coelho-se-afasta-da-secretaria-de-turismo-para-reassumir-mandato-na-alepe-e-fortalecer-candidatura\/\"]}]},{\"@type\":\"ImageObject\",\"inLanguage\":\"pt-BR\",\"@id\":\"https:\/\/tvnova.tv.br\/jornalfatonovo\/antonio-coelho-se-afasta-da-secretaria-de-turismo-para-reassumir-mandato-na-alepe-e-fortalecer-candidatura\/#primaryimage\",\"url\":\"https:\/\/tvnova.tv.br\/jornalfatonovo\/wp-content\/uploads\/2024\/11\/Capturar-3.jpg\",\"contentUrl\":\"https:\/\/tvnova.tv.br\/jornalfatonovo\/wp-content\/uploads\/2024\/11\/Capturar-3.jpg\",\"width\":869,\"height\":563},{\"@type\":\"BreadcrumbList\",\"@id\":\"https:\/\/tvnova.tv.br\/jornalfatonovo\/antonio-coelho-se-afasta-da-secretaria-de-turismo-para-reassumir-mandato-na-alepe-e-fortalecer-candidatura\/#breadcrumb\",\"itemListElement\":[{\"@type\":\"ListItem\",\"position\":1,\"name\":\"In\u00edcio\",\"item\":\"https:\/\/tvnova.tv.br\/jornalfatonovo\/\"},{\"@type\":\"ListItem\",\"position\":2,\"name\":\"Ant\u00f4nio Coelho se afasta da Secretaria de Turismo para reassumir mandato na Alepe e fortalecer candidatura\"}]},{\"@type\":\"WebSite\",\"@id\":\"https:\/\/tvnova.tv.br\/jornalfatonovo\/#website\",\"url\":\"https:\/\/tvnova.tv.br\/jornalfatonovo\/\",\"name\":\"Jornal Fato Novo\",\"description\":\"Acompanhe as not\u00edcias de Pernambuco\",\"publisher\":{\"@id\":\"https:\/\/tvnova.tv.br\/jornalfatonovo\/#organization\"},\"potentialAction\":[{\"@type\":\"SearchAction\",\"target\":{\"@type\":\"EntryPoint\",\"urlTemplate\":\"https:\/\/tvnova.tv.br\/jornalfatonovo\/?s={search_term_string}\"},\"query-input\":{\"@type\":\"PropertyValueSpecification\",\"valueRequired\":true,\"valueName\":\"search_term_string\"}}],\"inLanguage\":\"pt-BR\"},{\"@type\":\"Organization\",\"@id\":\"https:\/\/tvnova.tv.br\/jornalfatonovo\/#organization\",\"name\":\"Jornal Fato Novo\",\"url\":\"https:\/\/tvnova.tv.br\/jornalfatonovo\/\",\"logo\":{\"@type\":\"ImageObject\",\"inLanguage\":\"pt-BR\",\"@id\":\"https:\/\/tvnova.tv.br\/jornalfatonovo\/#\/schema\/logo\/image\/\",\"url\":\"https:\/\/tvnova.tv.br\/jornalfatonovo1\/wp-content\/uploads\/2023\/04\/FATO-NOVO-1.png\",\"contentUrl\":\"https:\/\/tvnova.tv.br\/jornalfatonovo1\/wp-content\/uploads\/2023\/04\/FATO-NOVO-1.png\",\"width\":200,\"height\":60,\"caption\":\"Jornal Fato Novo\"},\"image\":{\"@id\":\"https:\/\/tvnova.tv.br\/jornalfatonovo\/#\/schema\/logo\/image\/\"},\"sameAs\":[\"https:\/\/www.facebook.com\/tvnovanordeste\/\",\"https:\/\/x.com\/tvnovanordeste\",\"https:\/\/www.instagram.com\/jornalfatonovope\/\"]},{\"@type\":\"Person\",\"@id\":\"https:\/\/tvnova.tv.br\/jornalfatonovo\/#\/schema\/person\/8acb5c10a7535b12511b7eef3a46cf15\",\"name\":\"Jornalismo\",\"url\":\"https:\/\/tvnova.tv.br\/jornalfatonovo\/author\/jornalismo\/\"}]}<\/script>\n<!-- \/ Yoast SEO plugin. -->","yoast_head_json":{"title":"Ant\u00f4nio Coelho se afasta da Secretaria de Turismo para reassumir mandato na Alepe e fortalecer candidatura - Jornal Fato Novo","robots":{"index":"index","follow":"follow","max-snippet":"max-snippet:-1","max-image-preview":"max-image-preview:large","max-video-preview":"max-video-preview:-1"},"canonical":"https:\/\/tvnova.tv.br\/jornalfatonovo\/antonio-coelho-se-afasta-da-secretaria-de-turismo-para-reassumir-mandato-na-alepe-e-fortalecer-candidatura\/","og_locale":"pt_BR","og_type":"article","og_title":"Ant\u00f4nio Coelho se afasta da Secretaria de Turismo para reassumir mandato na Alepe e fortalecer candidatura - Jornal Fato Novo","og_description":"Ant\u00f4nio Coelho se afasta da Secretaria de Turismo para reassumir mandato na Alepe e fortalecer candidatura Movimenta\u00e7\u00e3o ocorre em meio a articula\u00e7\u00f5es para a elei\u00e7\u00e3o da mesa diretora da Assembleia Legislativa de Pernambuco &nbsp; da reda\u00e7\u00e3o O secret\u00e1rio de Turismo e Lazer do Recife, Ant\u00f4nio Coelho (Uni\u00e3o Brasil), decidiu se afastar temporariamente de seu cargo [&hellip;]","og_url":"https:\/\/tvnova.tv.br\/jornalfatonovo\/antonio-coelho-se-afasta-da-secretaria-de-turismo-para-reassumir-mandato-na-alepe-e-fortalecer-candidatura\/","og_site_name":"Jornal Fato Novo","article_publisher":"https:\/\/www.facebook.com\/tvnovanordeste\/","article_published_time":"2024-11-29T16:40:10+00:00","article_modified_time":"2024-11-29T16:42:17+00:00","author":"Jornalismo","twitter_card":"summary_large_image","twitter_creator":"@tvnovanordeste","twitter_site":"@tvnovanordeste","twitter_misc":{"Escrito por":"Jornalismo","Est. tempo de leitura":"2 minutos"},"schema":{"@context":"https:\/\/schema.org","@graph":[{"@type":"Article","@id":"https:\/\/tvnova.tv.br\/jornalfatonovo\/antonio-coelho-se-afasta-da-secretaria-de-turismo-para-reassumir-mandato-na-alepe-e-fortalecer-candidatura\/#article","isPartOf":{"@id":"https:\/\/tvnova.tv.br\/jornalfatonovo\/antonio-coelho-se-afasta-da-secretaria-de-turismo-para-reassumir-mandato-na-alepe-e-fortalecer-candidatura\/"},"author":{"name":"Jornalismo","@id":"https:\/\/tvnova.tv.br\/jornalfatonovo\/#\/schema\/person\/8acb5c10a7535b12511b7eef3a46cf15"},"headline":"Ant\u00f4nio Coelho se afasta da Secretaria de Turismo para reassumir mandato na Alepe e fortalecer candidatura","datePublished":"2024-11-29T16:40:10+00:00","dateModified":"2024-11-29T16:42:17+00:00","mainEntityOfPage":{"@id":"https:\/\/tvnova.tv.br\/jornalfatonovo\/antonio-coelho-se-afasta-da-secretaria-de-turismo-para-reassumir-mandato-na-alepe-e-fortalecer-candidatura\/"},"wordCount":329,"publisher":{"@id":"https:\/\/tvnova.tv.br\/jornalfatonovo\/#organization"},"image":{"@id":"https:\/\/tvnova.tv.br\/jornalfatonovo\/antonio-coelho-se-afasta-da-secretaria-de-turismo-para-reassumir-mandato-na-alepe-e-fortalecer-candidatura\/#primaryimage"},"thumbnailUrl":"https:\/\/tvnova.tv.br\/jornalfatonovo\/wp-content\/uploads\/2024\/11\/Capturar-3.jpg","articleSection":["Pol\u00edtica"],"inLanguage":"pt-BR"},{"@type":"WebPage","@id":"https:\/\/tvnova.tv.br\/jornalfatonovo\/antonio-coelho-se-afasta-da-secretaria-de-turismo-para-reassumir-mandato-na-alepe-e-fortalecer-candidatura\/","url":"https:\/\/tvnova.tv.br\/jornalfatonovo\/antonio-coelho-se-afasta-da-secretaria-de-turismo-para-reassumir-mandato-na-alepe-e-fortalecer-candidatura\/","name":"Ant\u00f4nio Coelho se afasta da Secretaria de Turismo para reassumir mandato na Alepe e fortalecer candidatura - Jornal Fato Novo","isPartOf":{"@id":"https:\/\/tvnova.tv.br\/jornalfatonovo\/#website"},"primaryImageOfPage":{"@id":"https:\/\/tvnova.tv.br\/jornalfatonovo\/antonio-coelho-se-afasta-da-secretaria-de-turismo-para-reassumir-mandato-na-alepe-e-fortalecer-candidatura\/#primaryimage"},"image":{"@id":"https:\/\/tvnova.tv.br\/jornalfatonovo\/antonio-coelho-se-afasta-da-secretaria-de-turismo-para-reassumir-mandato-na-alepe-e-fortalecer-candidatura\/#primaryimage"},"thumbnailUrl":"https:\/\/tvnova.tv.br\/jornalfatonovo\/wp-content\/uploads\/2024\/11\/Capturar-3.jpg","datePublished":"2024-11-29T16:40:10+00:00","dateModified":"2024-11-29T16:42:17+00:00","breadcrumb":{"@id":"https:\/\/tvnova.tv.br\/jornalfatonovo\/antonio-coelho-se-afasta-da-secretaria-de-turismo-para-reassumir-mandato-na-alepe-e-fortalecer-candidatura\/#breadcrumb"},"inLanguage":"pt-BR","potentialAction":[{"@type":"ReadAction","target":["https:\/\/tvnova.tv.br\/jornalfatonovo\/antonio-coelho-se-afasta-da-secretaria-de-turismo-para-reassumir-mandato-na-alepe-e-fortalecer-candidatura\/"]}]},{"@type":"ImageObject","inLanguage":"pt-BR","@id":"https:\/\/tvnova.tv.br\/jornalfatonovo\/antonio-coelho-se-afasta-da-secretaria-de-turismo-para-reassumir-mandato-na-alepe-e-fortalecer-candidatura\/#primaryimage","url":"https:\/\/tvnova.tv.br\/jornalfatonovo\/wp-content\/uploads\/2024\/11\/Capturar-3.jpg","contentUrl":"https:\/\/tvnova.tv.br\/jornalfatonovo\/wp-content\/uploads\/2024\/11\/Capturar-3.jpg","width":869,"height":563},{"@type":"BreadcrumbList","@id":"https:\/\/tvnova.tv.br\/jornalfatonovo\/antonio-coelho-se-afasta-da-secretaria-de-turismo-para-reassumir-mandato-na-alepe-e-fortalecer-candidatura\/#breadcrumb","itemListElement":[{"@type":"ListItem","position":1,"name":"In\u00edcio","item":"https:\/\/tvnova.tv.br\/jornalfatonovo\/"},{"@type":"ListItem","position":2,"name":"Ant\u00f4nio Coelho se afasta da Secretaria de Turismo para reassumir mandato na Alepe e fortalecer candidatura"}]},{"@type":"WebSite","@id":"https:\/\/tvnova.tv.br\/jornalfatonovo\/#website","url":"https:\/\/tvnova.tv.br\/jornalfatonovo\/","name":"Jornal Fato Novo","description":"Acompanhe as not\u00edcias de Pernambuco","publisher":{"@id":"https:\/\/tvnova.tv.br\/jornalfatonovo\/#organization"},"potentialAction":[{"@type":"SearchAction","target":{"@type":"EntryPoint","urlTemplate":"https:\/\/tvnova.tv.br\/jornalfatonovo\/?s={search_term_string}"},"query-input":{"@type":"PropertyValueSpecification","valueRequired":true,"valueName":"search_term_string"}}],"inLanguage":"pt-BR"},{"@type":"Organization","@id":"https:\/\/tvnova.tv.br\/jornalfatonovo\/#organization","name":"Jornal Fato Novo","url":"https:\/\/tvnova.tv.br\/jornalfatonovo\/","logo":{"@type":"ImageObject","inLanguage":"pt-BR","@id":"https:\/\/tvnova.tv.br\/jornalfatonovo\/#\/schema\/logo\/image\/","url":"https:\/\/tvnova.tv.br\/jornalfatonovo1\/wp-content\/uploads\/2023\/04\/FATO-NOVO-1.png","contentUrl":"https:\/\/tvnova.tv.br\/jornalfatonovo1\/wp-content\/uploads\/2023\/04\/FATO-NOVO-1.png","width":200,"height":60,"caption":"Jornal Fato Novo"},"image":{"@id":"https:\/\/tvnova.tv.br\/jornalfatonovo\/#\/schema\/logo\/image\/"},"sameAs":["https:\/\/www.facebook.com\/tvnovanordeste\/","https:\/\/x.com\/tvnovanordeste","https:\/\/www.instagram.com\/jornalfatonovope\/"]},{"@type":"Person","@id":"https:\/\/tvnova.tv.br\/jornalfatonovo\/#\/schema\/person\/8acb5c10a7535b12511b7eef3a46cf15","name":"Jornalismo","url":"https:\/\/tvnova.tv.br\/jornalfatonovo\/author\/jornalismo\/"}]}},"_links":{"self":[{"href":"https:\/\/tvnova.tv.br\/jornalfatonovo\/wp-json\/wp\/v2\/posts\/21460","targetHints":{"allow":["GET"]}}],"collection":[{"href":"https:\/\/tvnova.tv.br\/jornalfatonovo\/wp-json\/wp\/v2\/posts"}],"about":[{"href":"https:\/\/tvnova.tv.br\/jornalfatonovo\/wp-json\/wp\/v2\/types\/post"}],"author":[{"embeddable":true,"href":"https:\/\/tvnova.tv.br\/jornalfatonovo\/wp-json\/wp\/v2\/users\/13"}],"replies":[{"embeddable":true,"href":"https:\/\/tvnova.tv.br\/jornalfatonovo\/wp-json\/wp\/v2\/comments?post=21460"}],"version-history":[{"count":2,"href":"https:\/\/tvnova.tv.br\/jornalfatonovo\/wp-json\/wp\/v2\/posts\/21460\/revisions"}],"predecessor-version":[{"id":21462,"href":"https:\/\/tvnova.tv.br\/jornalfatonovo\/wp-json\/wp\/v2\/posts\/21460\/revisions\/21462"}],"wp:featuredmedia":[{"embeddable":true,"href":"https:\/\/tvnova.tv.br\/jornalfatonovo\/wp-json\/wp\/v2\/media\/21463"}],"wp:attachment":[{"href":"https:\/\/tvnova.tv.br\/jornalfatonovo\/wp-json\/wp\/v2\/media?parent=21460"}],"wp:term":[{"taxonomy":"category","embeddable":true,"href":"https:\/\/tvnova.tv.br\/jornalfatonovo\/wp-json\/wp\/v2\/categories?post=21460"},{"taxonomy":"post_tag","embeddable":true,"href":"https:\/\/tvnova.tv.br\/jornalfatonovo\/wp-json\/wp\/v2\/tags?post=21460"},{"taxonomy":"cores-categorias","embeddable":true,"href":"https:\/\/tvnova.tv.br\/jornalfatonovo\/wp-json\/wp\/v2\/cores-categorias?post=21460"}],"curies":[{"name":"wp","href":"https:\/\/api.w.org\/{rel}","templated":true}]}}