{"id":21464,"date":"2024-11-29T13:50:33","date_gmt":"2024-11-29T16:50:33","guid":{"rendered":"https:\/\/tvnova.tv.br\/jornalfatonovo\/?p=21464"},"modified":"2024-11-29T13:51:42","modified_gmt":"2024-11-29T16:51:42","slug":"recife-assume-lideranca-na-rede-brasileira-de-urbanismo-para-areas-centrais","status":"publish","type":"post","link":"https:\/\/tvnova.tv.br\/jornalfatonovo\/recife-assume-lideranca-na-rede-brasileira-de-urbanismo-para-areas-centrais\/","title":{"rendered":"Recife assume lideran\u00e7a na Rede Brasileira de Urbanismo para \u00c1reas Centrais"},"content":{"rendered":"<h4>Recife assume lideran\u00e7a na Rede Brasileira de Urbanismo para \u00c1reas Centrais<\/h4>\n<h6>A cidade ser\u00e1 representada por Ana Paula Vila\u00e7a, que atuar\u00e1 para promover a reabilita\u00e7\u00e3o e o desenvolvimento sustent\u00e1vel dos centros urbanos no Brasil<\/h6>\n<p>&nbsp;<\/p>\n<p><em>da reda\u00e7\u00e3o<\/em><\/p>\n<p>Recife foi escolhida por unanimidade para liderar a Rede Brasileira de Urbanismo em \u00c1reas Centrais, consolidando-se como um dos principais destaques no cen\u00e1rio nacional. A prefeita do Gabinete do Centro, Ana Paula Vila\u00e7a, ocupar\u00e1 o cargo de presidente da rede, com mandato de um ano, pass\u00edvel de renova\u00e7\u00e3o. Ela ser\u00e1 respons\u00e1vel por coordenar esfor\u00e7os para a melhoria da qualidade de vida e a implementa\u00e7\u00e3o de pol\u00edticas urbanas, sociais e econ\u00f4micas nos centros urbanos de todo o Brasil.<\/p>\n<p>A posse de Vila\u00e7a aconteceu durante a Semana de Urbanismo, evento que vai at\u00e9 s\u00e1bado (30), e contou com o apoio da Frente Parlamentar pelos Centros Urbanos, Minist\u00e9rio das Cidades, ONU-Habitat, Universidade de Bras\u00edlia (UnB) e Comunitas. Al\u00e9m dela, o secret\u00e1rio-adjunto das Cidades e Desenvolvimento Social do Maranh\u00e3o, Janilson D\u2019Limma, foi escolhido como o segundo diretor da rede. O evento tamb\u00e9m marcou o lan\u00e7amento da Cartilha de Boas Pr\u00e1ticas da Rede Brasileira de Urbanismo em \u00c1reas Centrais, que cont\u00e9m diretrizes para impulsionar a reabilita\u00e7\u00e3o e preserva\u00e7\u00e3o das \u00e1reas centrais, com base em um trabalho colaborativo entre as cidades participantes.<\/p>\n<p>Entre os destaques da cartilha, o Programa Recentro da Prefeitura do Recife se sobressai como modelo de boas pr\u00e1ticas. A Lei do Recentro, que oferece incentivos fiscais para empresas e investidores nos bairros da \u00e1rea central do Recife, \u00e9 apontada como exemplo de sucesso. A legisla\u00e7\u00e3o prev\u00ea isen\u00e7\u00f5es parciais ou totais de impostos como IPTU, ITBI e ISS, com o objetivo de atrair novos empreendimentos para os bairros de Santo Ant\u00f4nio, S\u00e3o Jos\u00e9 e parte da Boa Vista, estimulando a reabilita\u00e7\u00e3o urbana e a cria\u00e7\u00e3o de moradias duradouras.<\/p>\n<p>Em sua fala, Ana Paula Vila\u00e7a destacou a import\u00e2ncia da Cartilha de Boas Pr\u00e1ticas, fruto da parceria com a Frente Parlamentar pelos Centros Urbanos, e afirmou que a publica\u00e7\u00e3o ser\u00e1 uma ferramenta valiosa para guiar outras cidades brasileiras no processo de revitaliza\u00e7\u00e3o de seus centros urbanos. &#8220;Esperamos que este documento inspire a\u00e7\u00f5es em v\u00e1rias partes do Brasil, contribuindo para a melhoria da qualidade de vida e a sustentabilidade nas \u00e1reas centrais das cidades&#8221;, afirmou.<\/p>\n<p><strong>Sobre a Rede:<\/strong><br \/>\nA Rede Brasileira de Urbanismo em \u00c1reas Centrais \u00e9 um espa\u00e7o de di\u00e1logo e colabora\u00e7\u00e3o entre nove capitais do Brasil: Belo Horizonte (MG), Campo Grande (MS), Manaus (AM), Porto Alegre (RS), Recife (PE), Rio de Janeiro (RJ), S\u00e3o Lu\u00eds (MA), S\u00e3o Paulo (SP) e Salvador (BA). Sua miss\u00e3o \u00e9 coordenar a reabilita\u00e7\u00e3o das \u00e1reas centrais dessas cidades por meio de troca de experi\u00eancias, programas bem-sucedidos e a constru\u00e7\u00e3o de diretrizes para o planejamento urbano. O foco principal \u00e9 combater a degrada\u00e7\u00e3o das \u00e1reas centrais e promover o desenvolvimento sustent\u00e1vel dessas regi\u00f5es.<\/p>\n","protected":false},"excerpt":{"rendered":"<p>Recife assume lideran\u00e7a na Rede Brasileira de Urbanismo para \u00c1reas Centrais A cidade ser\u00e1 representada por Ana Paula Vila\u00e7a, que atuar\u00e1 para promover a reabilita\u00e7\u00e3o e o desenvolvimento sustent\u00e1vel dos centros urbanos no Brasil &nbsp; da reda\u00e7\u00e3o Recife foi escolhida por unanimidade para liderar a Rede Brasileira de Urbanismo em \u00c1reas Centrais, consolidando-se como um [&hellip;]<\/p>\n","protected":false},"author":13,"featured_media":21466,"comment_status":"closed","ping_status":"","sticky":false,"template":"","format":"standard","meta":{"footnotes":""},"categories":[1],"tags":[],"cores-categorias":[],"class_list":["post-21464","post","type-post","status-publish","format-standard","has-post-thumbnail","hentry","category-cidades"],"yoast_head":"<!-- This site is optimized with the Yoast SEO plugin v27.2 - https:\/\/yoast.com\/product\/yoast-seo-wordpress\/ -->\n<title>Recife assume lideran\u00e7a na Rede Brasileira de Urbanismo para \u00c1reas Centrais - Jornal Fato Novo<\/title>\n<meta name=\"robots\" content=\"index, follow, max-snippet:-1, max-image-preview:large, max-video-preview:-1\" \/>\n<link rel=\"canonical\" href=\"https:\/\/tvnova.tv.br\/jornalfatonovo\/recife-assume-lideranca-na-rede-brasileira-de-urbanismo-para-areas-centrais\/\" \/>\n<meta property=\"og:locale\" content=\"pt_BR\" \/>\n<meta property=\"og:type\" content=\"article\" \/>\n<meta property=\"og:title\" content=\"Recife assume lideran\u00e7a na Rede Brasileira de Urbanismo para \u00c1reas Centrais - Jornal Fato Novo\" \/>\n<meta property=\"og:description\" content=\"Recife assume lideran\u00e7a na Rede Brasileira de Urbanismo para \u00c1reas Centrais A cidade ser\u00e1 representada por Ana Paula Vila\u00e7a, que atuar\u00e1 para promover a reabilita\u00e7\u00e3o e o desenvolvimento sustent\u00e1vel dos centros urbanos no Brasil &nbsp; da reda\u00e7\u00e3o Recife foi escolhida por unanimidade para liderar a Rede Brasileira de Urbanismo em \u00c1reas Centrais, consolidando-se como um [&hellip;]\" \/>\n<meta property=\"og:url\" content=\"https:\/\/tvnova.tv.br\/jornalfatonovo\/recife-assume-lideranca-na-rede-brasileira-de-urbanismo-para-areas-centrais\/\" \/>\n<meta property=\"og:site_name\" content=\"Jornal Fato Novo\" \/>\n<meta property=\"article:publisher\" content=\"https:\/\/www.facebook.com\/tvnovanordeste\/\" \/>\n<meta property=\"article:published_time\" content=\"2024-11-29T16:50:33+00:00\" \/>\n<meta property=\"article:modified_time\" content=\"2024-11-29T16:51:42+00:00\" \/>\n<meta name=\"author\" content=\"Jornalismo\" \/>\n<meta name=\"twitter:card\" content=\"summary_large_image\" \/>\n<meta name=\"twitter:creator\" content=\"@tvnovanordeste\" \/>\n<meta name=\"twitter:site\" content=\"@tvnovanordeste\" \/>\n<meta name=\"twitter:label1\" content=\"Escrito por\" \/>\n\t<meta name=\"twitter:data1\" content=\"Jornalismo\" \/>\n\t<meta name=\"twitter:label2\" content=\"Est. tempo de leitura\" \/>\n\t<meta name=\"twitter:data2\" content=\"3 minutos\" \/>\n<script type=\"application\/ld+json\" class=\"yoast-schema-graph\">{\"@context\":\"https:\/\/schema.org\",\"@graph\":[{\"@type\":\"Article\",\"@id\":\"https:\/\/tvnova.tv.br\/jornalfatonovo\/recife-assume-lideranca-na-rede-brasileira-de-urbanismo-para-areas-centrais\/#article\",\"isPartOf\":{\"@id\":\"https:\/\/tvnova.tv.br\/jornalfatonovo\/recife-assume-lideranca-na-rede-brasileira-de-urbanismo-para-areas-centrais\/\"},\"author\":{\"name\":\"Jornalismo\",\"@id\":\"https:\/\/tvnova.tv.br\/jornalfatonovo\/#\/schema\/person\/8acb5c10a7535b12511b7eef3a46cf15\"},\"headline\":\"Recife assume lideran\u00e7a na Rede Brasileira de Urbanismo para \u00c1reas Centrais\",\"datePublished\":\"2024-11-29T16:50:33+00:00\",\"dateModified\":\"2024-11-29T16:51:42+00:00\",\"mainEntityOfPage\":{\"@id\":\"https:\/\/tvnova.tv.br\/jornalfatonovo\/recife-assume-lideranca-na-rede-brasileira-de-urbanismo-para-areas-centrais\/\"},\"wordCount\":531,\"publisher\":{\"@id\":\"https:\/\/tvnova.tv.br\/jornalfatonovo\/#organization\"},\"image\":{\"@id\":\"https:\/\/tvnova.tv.br\/jornalfatonovo\/recife-assume-lideranca-na-rede-brasileira-de-urbanismo-para-areas-centrais\/#primaryimage\"},\"thumbnailUrl\":\"https:\/\/tvnova.tv.br\/jornalfatonovo\/wp-content\/uploads\/2024\/11\/WhatsApp-Image-2024-11-28-at-17.51.13.jpeg\",\"articleSection\":[\"Cidades\"],\"inLanguage\":\"pt-BR\"},{\"@type\":\"WebPage\",\"@id\":\"https:\/\/tvnova.tv.br\/jornalfatonovo\/recife-assume-lideranca-na-rede-brasileira-de-urbanismo-para-areas-centrais\/\",\"url\":\"https:\/\/tvnova.tv.br\/jornalfatonovo\/recife-assume-lideranca-na-rede-brasileira-de-urbanismo-para-areas-centrais\/\",\"name\":\"Recife assume lideran\u00e7a na Rede Brasileira de Urbanismo para \u00c1reas Centrais - Jornal Fato Novo\",\"isPartOf\":{\"@id\":\"https:\/\/tvnova.tv.br\/jornalfatonovo\/#website\"},\"primaryImageOfPage\":{\"@id\":\"https:\/\/tvnova.tv.br\/jornalfatonovo\/recife-assume-lideranca-na-rede-brasileira-de-urbanismo-para-areas-centrais\/#primaryimage\"},\"image\":{\"@id\":\"https:\/\/tvnova.tv.br\/jornalfatonovo\/recife-assume-lideranca-na-rede-brasileira-de-urbanismo-para-areas-centrais\/#primaryimage\"},\"thumbnailUrl\":\"https:\/\/tvnova.tv.br\/jornalfatonovo\/wp-content\/uploads\/2024\/11\/WhatsApp-Image-2024-11-28-at-17.51.13.jpeg\",\"datePublished\":\"2024-11-29T16:50:33+00:00\",\"dateModified\":\"2024-11-29T16:51:42+00:00\",\"breadcrumb\":{\"@id\":\"https:\/\/tvnova.tv.br\/jornalfatonovo\/recife-assume-lideranca-na-rede-brasileira-de-urbanismo-para-areas-centrais\/#breadcrumb\"},\"inLanguage\":\"pt-BR\",\"potentialAction\":[{\"@type\":\"ReadAction\",\"target\":[\"https:\/\/tvnova.tv.br\/jornalfatonovo\/recife-assume-lideranca-na-rede-brasileira-de-urbanismo-para-areas-centrais\/\"]}]},{\"@type\":\"ImageObject\",\"inLanguage\":\"pt-BR\",\"@id\":\"https:\/\/tvnova.tv.br\/jornalfatonovo\/recife-assume-lideranca-na-rede-brasileira-de-urbanismo-para-areas-centrais\/#primaryimage\",\"url\":\"https:\/\/tvnova.tv.br\/jornalfatonovo\/wp-content\/uploads\/2024\/11\/WhatsApp-Image-2024-11-28-at-17.51.13.jpeg\",\"contentUrl\":\"https:\/\/tvnova.tv.br\/jornalfatonovo\/wp-content\/uploads\/2024\/11\/WhatsApp-Image-2024-11-28-at-17.51.13.jpeg\",\"width\":1600,\"height\":1066},{\"@type\":\"BreadcrumbList\",\"@id\":\"https:\/\/tvnova.tv.br\/jornalfatonovo\/recife-assume-lideranca-na-rede-brasileira-de-urbanismo-para-areas-centrais\/#breadcrumb\",\"itemListElement\":[{\"@type\":\"ListItem\",\"position\":1,\"name\":\"In\u00edcio\",\"item\":\"https:\/\/tvnova.tv.br\/jornalfatonovo\/\"},{\"@type\":\"ListItem\",\"position\":2,\"name\":\"Recife assume lideran\u00e7a na Rede Brasileira de Urbanismo para \u00c1reas Centrais\"}]},{\"@type\":\"WebSite\",\"@id\":\"https:\/\/tvnova.tv.br\/jornalfatonovo\/#website\",\"url\":\"https:\/\/tvnova.tv.br\/jornalfatonovo\/\",\"name\":\"Jornal Fato Novo\",\"description\":\"Acompanhe as not\u00edcias de Pernambuco\",\"publisher\":{\"@id\":\"https:\/\/tvnova.tv.br\/jornalfatonovo\/#organization\"},\"potentialAction\":[{\"@type\":\"SearchAction\",\"target\":{\"@type\":\"EntryPoint\",\"urlTemplate\":\"https:\/\/tvnova.tv.br\/jornalfatonovo\/?s={search_term_string}\"},\"query-input\":{\"@type\":\"PropertyValueSpecification\",\"valueRequired\":true,\"valueName\":\"search_term_string\"}}],\"inLanguage\":\"pt-BR\"},{\"@type\":\"Organization\",\"@id\":\"https:\/\/tvnova.tv.br\/jornalfatonovo\/#organization\",\"name\":\"Jornal Fato Novo\",\"url\":\"https:\/\/tvnova.tv.br\/jornalfatonovo\/\",\"logo\":{\"@type\":\"ImageObject\",\"inLanguage\":\"pt-BR\",\"@id\":\"https:\/\/tvnova.tv.br\/jornalfatonovo\/#\/schema\/logo\/image\/\",\"url\":\"https:\/\/tvnova.tv.br\/jornalfatonovo1\/wp-content\/uploads\/2023\/04\/FATO-NOVO-1.png\",\"contentUrl\":\"https:\/\/tvnova.tv.br\/jornalfatonovo1\/wp-content\/uploads\/2023\/04\/FATO-NOVO-1.png\",\"width\":200,\"height\":60,\"caption\":\"Jornal Fato Novo\"},\"image\":{\"@id\":\"https:\/\/tvnova.tv.br\/jornalfatonovo\/#\/schema\/logo\/image\/\"},\"sameAs\":[\"https:\/\/www.facebook.com\/tvnovanordeste\/\",\"https:\/\/x.com\/tvnovanordeste\",\"https:\/\/www.instagram.com\/jornalfatonovope\/\"]},{\"@type\":\"Person\",\"@id\":\"https:\/\/tvnova.tv.br\/jornalfatonovo\/#\/schema\/person\/8acb5c10a7535b12511b7eef3a46cf15\",\"name\":\"Jornalismo\",\"url\":\"https:\/\/tvnova.tv.br\/jornalfatonovo\/author\/jornalismo\/\"}]}<\/script>\n<!-- \/ Yoast SEO plugin. -->","yoast_head_json":{"title":"Recife assume lideran\u00e7a na Rede Brasileira de Urbanismo para \u00c1reas Centrais - Jornal Fato Novo","robots":{"index":"index","follow":"follow","max-snippet":"max-snippet:-1","max-image-preview":"max-image-preview:large","max-video-preview":"max-video-preview:-1"},"canonical":"https:\/\/tvnova.tv.br\/jornalfatonovo\/recife-assume-lideranca-na-rede-brasileira-de-urbanismo-para-areas-centrais\/","og_locale":"pt_BR","og_type":"article","og_title":"Recife assume lideran\u00e7a na Rede Brasileira de Urbanismo para \u00c1reas Centrais - Jornal Fato Novo","og_description":"Recife assume lideran\u00e7a na Rede Brasileira de Urbanismo para \u00c1reas Centrais A cidade ser\u00e1 representada por Ana Paula Vila\u00e7a, que atuar\u00e1 para promover a reabilita\u00e7\u00e3o e o desenvolvimento sustent\u00e1vel dos centros urbanos no Brasil &nbsp; da reda\u00e7\u00e3o Recife foi escolhida por unanimidade para liderar a Rede Brasileira de Urbanismo em \u00c1reas Centrais, consolidando-se como um [&hellip;]","og_url":"https:\/\/tvnova.tv.br\/jornalfatonovo\/recife-assume-lideranca-na-rede-brasileira-de-urbanismo-para-areas-centrais\/","og_site_name":"Jornal Fato Novo","article_publisher":"https:\/\/www.facebook.com\/tvnovanordeste\/","article_published_time":"2024-11-29T16:50:33+00:00","article_modified_time":"2024-11-29T16:51:42+00:00","author":"Jornalismo","twitter_card":"summary_large_image","twitter_creator":"@tvnovanordeste","twitter_site":"@tvnovanordeste","twitter_misc":{"Escrito por":"Jornalismo","Est. tempo de leitura":"3 minutos"},"schema":{"@context":"https:\/\/schema.org","@graph":[{"@type":"Article","@id":"https:\/\/tvnova.tv.br\/jornalfatonovo\/recife-assume-lideranca-na-rede-brasileira-de-urbanismo-para-areas-centrais\/#article","isPartOf":{"@id":"https:\/\/tvnova.tv.br\/jornalfatonovo\/recife-assume-lideranca-na-rede-brasileira-de-urbanismo-para-areas-centrais\/"},"author":{"name":"Jornalismo","@id":"https:\/\/tvnova.tv.br\/jornalfatonovo\/#\/schema\/person\/8acb5c10a7535b12511b7eef3a46cf15"},"headline":"Recife assume lideran\u00e7a na Rede Brasileira de Urbanismo para \u00c1reas Centrais","datePublished":"2024-11-29T16:50:33+00:00","dateModified":"2024-11-29T16:51:42+00:00","mainEntityOfPage":{"@id":"https:\/\/tvnova.tv.br\/jornalfatonovo\/recife-assume-lideranca-na-rede-brasileira-de-urbanismo-para-areas-centrais\/"},"wordCount":531,"publisher":{"@id":"https:\/\/tvnova.tv.br\/jornalfatonovo\/#organization"},"image":{"@id":"https:\/\/tvnova.tv.br\/jornalfatonovo\/recife-assume-lideranca-na-rede-brasileira-de-urbanismo-para-areas-centrais\/#primaryimage"},"thumbnailUrl":"https:\/\/tvnova.tv.br\/jornalfatonovo\/wp-content\/uploads\/2024\/11\/WhatsApp-Image-2024-11-28-at-17.51.13.jpeg","articleSection":["Cidades"],"inLanguage":"pt-BR"},{"@type":"WebPage","@id":"https:\/\/tvnova.tv.br\/jornalfatonovo\/recife-assume-lideranca-na-rede-brasileira-de-urbanismo-para-areas-centrais\/","url":"https:\/\/tvnova.tv.br\/jornalfatonovo\/recife-assume-lideranca-na-rede-brasileira-de-urbanismo-para-areas-centrais\/","name":"Recife assume lideran\u00e7a na Rede Brasileira de Urbanismo para \u00c1reas Centrais - Jornal Fato Novo","isPartOf":{"@id":"https:\/\/tvnova.tv.br\/jornalfatonovo\/#website"},"primaryImageOfPage":{"@id":"https:\/\/tvnova.tv.br\/jornalfatonovo\/recife-assume-lideranca-na-rede-brasileira-de-urbanismo-para-areas-centrais\/#primaryimage"},"image":{"@id":"https:\/\/tvnova.tv.br\/jornalfatonovo\/recife-assume-lideranca-na-rede-brasileira-de-urbanismo-para-areas-centrais\/#primaryimage"},"thumbnailUrl":"https:\/\/tvnova.tv.br\/jornalfatonovo\/wp-content\/uploads\/2024\/11\/WhatsApp-Image-2024-11-28-at-17.51.13.jpeg","datePublished":"2024-11-29T16:50:33+00:00","dateModified":"2024-11-29T16:51:42+00:00","breadcrumb":{"@id":"https:\/\/tvnova.tv.br\/jornalfatonovo\/recife-assume-lideranca-na-rede-brasileira-de-urbanismo-para-areas-centrais\/#breadcrumb"},"inLanguage":"pt-BR","potentialAction":[{"@type":"ReadAction","target":["https:\/\/tvnova.tv.br\/jornalfatonovo\/recife-assume-lideranca-na-rede-brasileira-de-urbanismo-para-areas-centrais\/"]}]},{"@type":"ImageObject","inLanguage":"pt-BR","@id":"https:\/\/tvnova.tv.br\/jornalfatonovo\/recife-assume-lideranca-na-rede-brasileira-de-urbanismo-para-areas-centrais\/#primaryimage","url":"https:\/\/tvnova.tv.br\/jornalfatonovo\/wp-content\/uploads\/2024\/11\/WhatsApp-Image-2024-11-28-at-17.51.13.jpeg","contentUrl":"https:\/\/tvnova.tv.br\/jornalfatonovo\/wp-content\/uploads\/2024\/11\/WhatsApp-Image-2024-11-28-at-17.51.13.jpeg","width":1600,"height":1066},{"@type":"BreadcrumbList","@id":"https:\/\/tvnova.tv.br\/jornalfatonovo\/recife-assume-lideranca-na-rede-brasileira-de-urbanismo-para-areas-centrais\/#breadcrumb","itemListElement":[{"@type":"ListItem","position":1,"name":"In\u00edcio","item":"https:\/\/tvnova.tv.br\/jornalfatonovo\/"},{"@type":"ListItem","position":2,"name":"Recife assume lideran\u00e7a na Rede Brasileira de Urbanismo para \u00c1reas Centrais"}]},{"@type":"WebSite","@id":"https:\/\/tvnova.tv.br\/jornalfatonovo\/#website","url":"https:\/\/tvnova.tv.br\/jornalfatonovo\/","name":"Jornal Fato Novo","description":"Acompanhe as not\u00edcias de Pernambuco","publisher":{"@id":"https:\/\/tvnova.tv.br\/jornalfatonovo\/#organization"},"potentialAction":[{"@type":"SearchAction","target":{"@type":"EntryPoint","urlTemplate":"https:\/\/tvnova.tv.br\/jornalfatonovo\/?s={search_term_string}"},"query-input":{"@type":"PropertyValueSpecification","valueRequired":true,"valueName":"search_term_string"}}],"inLanguage":"pt-BR"},{"@type":"Organization","@id":"https:\/\/tvnova.tv.br\/jornalfatonovo\/#organization","name":"Jornal Fato Novo","url":"https:\/\/tvnova.tv.br\/jornalfatonovo\/","logo":{"@type":"ImageObject","inLanguage":"pt-BR","@id":"https:\/\/tvnova.tv.br\/jornalfatonovo\/#\/schema\/logo\/image\/","url":"https:\/\/tvnova.tv.br\/jornalfatonovo1\/wp-content\/uploads\/2023\/04\/FATO-NOVO-1.png","contentUrl":"https:\/\/tvnova.tv.br\/jornalfatonovo1\/wp-content\/uploads\/2023\/04\/FATO-NOVO-1.png","width":200,"height":60,"caption":"Jornal Fato Novo"},"image":{"@id":"https:\/\/tvnova.tv.br\/jornalfatonovo\/#\/schema\/logo\/image\/"},"sameAs":["https:\/\/www.facebook.com\/tvnovanordeste\/","https:\/\/x.com\/tvnovanordeste","https:\/\/www.instagram.com\/jornalfatonovope\/"]},{"@type":"Person","@id":"https:\/\/tvnova.tv.br\/jornalfatonovo\/#\/schema\/person\/8acb5c10a7535b12511b7eef3a46cf15","name":"Jornalismo","url":"https:\/\/tvnova.tv.br\/jornalfatonovo\/author\/jornalismo\/"}]}},"_links":{"self":[{"href":"https:\/\/tvnova.tv.br\/jornalfatonovo\/wp-json\/wp\/v2\/posts\/21464","targetHints":{"allow":["GET"]}}],"collection":[{"href":"https:\/\/tvnova.tv.br\/jornalfatonovo\/wp-json\/wp\/v2\/posts"}],"about":[{"href":"https:\/\/tvnova.tv.br\/jornalfatonovo\/wp-json\/wp\/v2\/types\/post"}],"author":[{"embeddable":true,"href":"https:\/\/tvnova.tv.br\/jornalfatonovo\/wp-json\/wp\/v2\/users\/13"}],"replies":[{"embeddable":true,"href":"https:\/\/tvnova.tv.br\/jornalfatonovo\/wp-json\/wp\/v2\/comments?post=21464"}],"version-history":[{"count":1,"href":"https:\/\/tvnova.tv.br\/jornalfatonovo\/wp-json\/wp\/v2\/posts\/21464\/revisions"}],"predecessor-version":[{"id":21465,"href":"https:\/\/tvnova.tv.br\/jornalfatonovo\/wp-json\/wp\/v2\/posts\/21464\/revisions\/21465"}],"wp:featuredmedia":[{"embeddable":true,"href":"https:\/\/tvnova.tv.br\/jornalfatonovo\/wp-json\/wp\/v2\/media\/21466"}],"wp:attachment":[{"href":"https:\/\/tvnova.tv.br\/jornalfatonovo\/wp-json\/wp\/v2\/media?parent=21464"}],"wp:term":[{"taxonomy":"category","embeddable":true,"href":"https:\/\/tvnova.tv.br\/jornalfatonovo\/wp-json\/wp\/v2\/categories?post=21464"},{"taxonomy":"post_tag","embeddable":true,"href":"https:\/\/tvnova.tv.br\/jornalfatonovo\/wp-json\/wp\/v2\/tags?post=21464"},{"taxonomy":"cores-categorias","embeddable":true,"href":"https:\/\/tvnova.tv.br\/jornalfatonovo\/wp-json\/wp\/v2\/cores-categorias?post=21464"}],"curies":[{"name":"wp","href":"https:\/\/api.w.org\/{rel}","templated":true}]}}