{"id":21477,"date":"2024-11-29T19:29:29","date_gmt":"2024-11-29T22:29:29","guid":{"rendered":"https:\/\/tvnova.tv.br\/jornalfatonovo\/?p=21477"},"modified":"2024-11-29T19:34:56","modified_gmt":"2024-11-29T22:34:56","slug":"linhas-de-onibus-entre-recife-e-porto-de-galinhas-terao-mudancas-a-partir-de-segunda-feira-2","status":"publish","type":"post","link":"https:\/\/tvnova.tv.br\/jornalfatonovo\/linhas-de-onibus-entre-recife-e-porto-de-galinhas-terao-mudancas-a-partir-de-segunda-feira-2\/","title":{"rendered":"Linhas de \u00f4nibus entre Recife e Porto de Galinhas ter\u00e3o mudan\u00e7as a partir de segunda-feira (2)"},"content":{"rendered":"<h4>Linhas de \u00f4nibus entre Recife e Porto de Galinhas ter\u00e3o mudan\u00e7as a partir de segunda-feira (2)<\/h4>\n<h6>Segundo o Cons\u00f3rcio, as modifica\u00e7\u00f5es acontecem em raz\u00e3o da chegada do ver\u00e3o e a intensifica\u00e7\u00e3o do fluxo de turistas e locais com destino \u00e0s praias do litoral pernambucano<\/h6>\n<p>&nbsp;<\/p>\n<p><em>por Isabela Montezuma*<\/em><\/p>\n<p>O Cons\u00f3rcio de Transporte Metropolitano (CTM) comunicou, nesta sexta-feira (29) que as linhas 191 &#8211; Recife\/ Porto de Galinhas (N.Sra. do \u00d3) e 195 &#8211; Recife\/ Porto de Galinhas (Opcional) sofrer\u00e3o altera\u00e7\u00f5es no itiner\u00e1rio, invers\u00e3o de terminal e mudan\u00e7a de garagem come\u00e7ando na pr\u00f3xima segunda-feira (2).<\/p>\n<p>A linha 191 far\u00e1 terminal e viagens iniciais partindo do Terminal Cais de Santa Rita, no Centro do Recife, com itiner\u00e1rio que atender\u00e1 \u00e0 Avenida Conde da Boa Vista, na ida e na volta. J\u00e1 na linha 195 n\u00e3o haver\u00e1 mudan\u00e7a de percurso e ter\u00e1 o acr\u00e9scimo de mais um \u00f4nibus para cumprir \u00e0s demandas das praias, que crescem vertiginosamente no ver\u00e3o, realizando tamb\u00e9m terminal e viagens iniciais com partida no Terminal Cais de Santa Rita.<\/p>\n<p>Segundo o CTM, a modifica\u00e7\u00e3o acontece por causa da chegada do ver\u00e3o e a intensifica\u00e7\u00e3o do fluxo em dire\u00e7\u00e3o \u00e0s praias do litoral de Pernambuco.<\/p>\n<p>Para entrar em contato com a Central de Atendimento ao Cliente do Cons\u00f3rcio para tirar d\u00favidas, dar sugest\u00f5es e fazer reclama\u00e7\u00f5es o usu\u00e1rio pode ligar para o n\u00famero 0800 081 0158, no hor\u00e1rio das 7h at\u00e9 \u00e0s 19h, ou deixar mensagens de texto ou \u00e1udio, fotos ou v\u00eddeos\u00a0 no WhatsApp (9 9488-3999), entre \u00e0s 5h30 e 21h, mas este canal \u00e9 apenas para reclama\u00e7\u00f5es. As demandas tamb\u00e9m podem ser enviadas \u00e0 Ouvidoria via e-mail, endere\u00e7ando <a href=\"mailto:ouvidoriapublica@granderecife.pe.gov.br\"><strong>ouvidoriapublica@granderecife.pe.gov.br<\/strong><\/a> ou pelos telefones \u00a03182.5511\/5518.<\/p>\n<p>&nbsp;<\/p>\n<p>*<em>estagi\u00e1ria sob supervis\u00e3o<\/em><\/p>\n","protected":false},"excerpt":{"rendered":"<p>Linhas de \u00f4nibus entre Recife e Porto de Galinhas ter\u00e3o mudan\u00e7as a partir de segunda-feira (2) Segundo o Cons\u00f3rcio, as modifica\u00e7\u00f5es acontecem em raz\u00e3o da chegada do ver\u00e3o e a intensifica\u00e7\u00e3o do fluxo de turistas e locais com destino \u00e0s praias do litoral pernambucano &nbsp; por Isabela Montezuma* O Cons\u00f3rcio de Transporte Metropolitano (CTM) comunicou, [&hellip;]<\/p>\n","protected":false},"author":13,"featured_media":21481,"comment_status":"closed","ping_status":"","sticky":false,"template":"","format":"standard","meta":{"footnotes":""},"categories":[1],"tags":[],"cores-categorias":[],"class_list":["post-21477","post","type-post","status-publish","format-standard","has-post-thumbnail","hentry","category-cidades"],"yoast_head":"<!-- This site is optimized with the Yoast SEO plugin v27.2 - https:\/\/yoast.com\/product\/yoast-seo-wordpress\/ -->\n<title>Linhas de \u00f4nibus entre Recife e Porto de Galinhas ter\u00e3o mudan\u00e7as a partir de segunda-feira (2) - Jornal Fato Novo<\/title>\n<meta name=\"robots\" content=\"index, follow, max-snippet:-1, max-image-preview:large, max-video-preview:-1\" \/>\n<link rel=\"canonical\" href=\"https:\/\/tvnova.tv.br\/jornalfatonovo\/linhas-de-onibus-entre-recife-e-porto-de-galinhas-terao-mudancas-a-partir-de-segunda-feira-2\/\" \/>\n<meta property=\"og:locale\" content=\"pt_BR\" \/>\n<meta property=\"og:type\" content=\"article\" \/>\n<meta property=\"og:title\" content=\"Linhas de \u00f4nibus entre Recife e Porto de Galinhas ter\u00e3o mudan\u00e7as a partir de segunda-feira (2) - Jornal Fato Novo\" \/>\n<meta property=\"og:description\" content=\"Linhas de \u00f4nibus entre Recife e Porto de Galinhas ter\u00e3o mudan\u00e7as a partir de segunda-feira (2) Segundo o Cons\u00f3rcio, as modifica\u00e7\u00f5es acontecem em raz\u00e3o da chegada do ver\u00e3o e a intensifica\u00e7\u00e3o do fluxo de turistas e locais com destino \u00e0s praias do litoral pernambucano &nbsp; por Isabela Montezuma* O Cons\u00f3rcio de Transporte Metropolitano (CTM) comunicou, [&hellip;]\" \/>\n<meta property=\"og:url\" content=\"https:\/\/tvnova.tv.br\/jornalfatonovo\/linhas-de-onibus-entre-recife-e-porto-de-galinhas-terao-mudancas-a-partir-de-segunda-feira-2\/\" \/>\n<meta property=\"og:site_name\" content=\"Jornal Fato Novo\" \/>\n<meta property=\"article:publisher\" content=\"https:\/\/www.facebook.com\/tvnovanordeste\/\" \/>\n<meta property=\"article:published_time\" content=\"2024-11-29T22:29:29+00:00\" \/>\n<meta property=\"article:modified_time\" content=\"2024-11-29T22:34:56+00:00\" \/>\n<meta property=\"og:image\" content=\"https:\/\/tvnova.tv.br\/jornalfatonovo\/wp-content\/uploads\/2024\/11\/recife-porto-onibus.jpg\" \/>\n\t<meta property=\"og:image:width\" content=\"634\" \/>\n\t<meta property=\"og:image:height\" content=\"452\" \/>\n\t<meta property=\"og:image:type\" content=\"image\/jpeg\" \/>\n<meta name=\"author\" content=\"Jornalismo\" \/>\n<meta name=\"twitter:card\" content=\"summary_large_image\" \/>\n<meta name=\"twitter:creator\" content=\"@tvnovanordeste\" \/>\n<meta name=\"twitter:site\" content=\"@tvnovanordeste\" \/>\n<meta name=\"twitter:label1\" content=\"Escrito por\" \/>\n\t<meta name=\"twitter:data1\" content=\"Jornalismo\" \/>\n\t<meta name=\"twitter:label2\" content=\"Est. tempo de leitura\" \/>\n\t<meta name=\"twitter:data2\" content=\"2 minutos\" \/>\n<script type=\"application\/ld+json\" class=\"yoast-schema-graph\">{\"@context\":\"https:\/\/schema.org\",\"@graph\":[{\"@type\":\"Article\",\"@id\":\"https:\/\/tvnova.tv.br\/jornalfatonovo\/linhas-de-onibus-entre-recife-e-porto-de-galinhas-terao-mudancas-a-partir-de-segunda-feira-2\/#article\",\"isPartOf\":{\"@id\":\"https:\/\/tvnova.tv.br\/jornalfatonovo\/linhas-de-onibus-entre-recife-e-porto-de-galinhas-terao-mudancas-a-partir-de-segunda-feira-2\/\"},\"author\":{\"name\":\"Jornalismo\",\"@id\":\"https:\/\/tvnova.tv.br\/jornalfatonovo\/#\/schema\/person\/8acb5c10a7535b12511b7eef3a46cf15\"},\"headline\":\"Linhas de \u00f4nibus entre Recife e Porto de Galinhas ter\u00e3o mudan\u00e7as a partir de segunda-feira (2)\",\"datePublished\":\"2024-11-29T22:29:29+00:00\",\"dateModified\":\"2024-11-29T22:34:56+00:00\",\"mainEntityOfPage\":{\"@id\":\"https:\/\/tvnova.tv.br\/jornalfatonovo\/linhas-de-onibus-entre-recife-e-porto-de-galinhas-terao-mudancas-a-partir-de-segunda-feira-2\/\"},\"wordCount\":323,\"publisher\":{\"@id\":\"https:\/\/tvnova.tv.br\/jornalfatonovo\/#organization\"},\"image\":{\"@id\":\"https:\/\/tvnova.tv.br\/jornalfatonovo\/linhas-de-onibus-entre-recife-e-porto-de-galinhas-terao-mudancas-a-partir-de-segunda-feira-2\/#primaryimage\"},\"thumbnailUrl\":\"https:\/\/tvnova.tv.br\/jornalfatonovo\/wp-content\/uploads\/2024\/11\/recife-porto-onibus.jpg\",\"articleSection\":[\"Cidades\"],\"inLanguage\":\"pt-BR\"},{\"@type\":\"WebPage\",\"@id\":\"https:\/\/tvnova.tv.br\/jornalfatonovo\/linhas-de-onibus-entre-recife-e-porto-de-galinhas-terao-mudancas-a-partir-de-segunda-feira-2\/\",\"url\":\"https:\/\/tvnova.tv.br\/jornalfatonovo\/linhas-de-onibus-entre-recife-e-porto-de-galinhas-terao-mudancas-a-partir-de-segunda-feira-2\/\",\"name\":\"Linhas de \u00f4nibus entre Recife e Porto de Galinhas ter\u00e3o mudan\u00e7as a partir de segunda-feira (2) - Jornal Fato Novo\",\"isPartOf\":{\"@id\":\"https:\/\/tvnova.tv.br\/jornalfatonovo\/#website\"},\"primaryImageOfPage\":{\"@id\":\"https:\/\/tvnova.tv.br\/jornalfatonovo\/linhas-de-onibus-entre-recife-e-porto-de-galinhas-terao-mudancas-a-partir-de-segunda-feira-2\/#primaryimage\"},\"image\":{\"@id\":\"https:\/\/tvnova.tv.br\/jornalfatonovo\/linhas-de-onibus-entre-recife-e-porto-de-galinhas-terao-mudancas-a-partir-de-segunda-feira-2\/#primaryimage\"},\"thumbnailUrl\":\"https:\/\/tvnova.tv.br\/jornalfatonovo\/wp-content\/uploads\/2024\/11\/recife-porto-onibus.jpg\",\"datePublished\":\"2024-11-29T22:29:29+00:00\",\"dateModified\":\"2024-11-29T22:34:56+00:00\",\"breadcrumb\":{\"@id\":\"https:\/\/tvnova.tv.br\/jornalfatonovo\/linhas-de-onibus-entre-recife-e-porto-de-galinhas-terao-mudancas-a-partir-de-segunda-feira-2\/#breadcrumb\"},\"inLanguage\":\"pt-BR\",\"potentialAction\":[{\"@type\":\"ReadAction\",\"target\":[\"https:\/\/tvnova.tv.br\/jornalfatonovo\/linhas-de-onibus-entre-recife-e-porto-de-galinhas-terao-mudancas-a-partir-de-segunda-feira-2\/\"]}]},{\"@type\":\"ImageObject\",\"inLanguage\":\"pt-BR\",\"@id\":\"https:\/\/tvnova.tv.br\/jornalfatonovo\/linhas-de-onibus-entre-recife-e-porto-de-galinhas-terao-mudancas-a-partir-de-segunda-feira-2\/#primaryimage\",\"url\":\"https:\/\/tvnova.tv.br\/jornalfatonovo\/wp-content\/uploads\/2024\/11\/recife-porto-onibus.jpg\",\"contentUrl\":\"https:\/\/tvnova.tv.br\/jornalfatonovo\/wp-content\/uploads\/2024\/11\/recife-porto-onibus.jpg\",\"width\":634,\"height\":452},{\"@type\":\"BreadcrumbList\",\"@id\":\"https:\/\/tvnova.tv.br\/jornalfatonovo\/linhas-de-onibus-entre-recife-e-porto-de-galinhas-terao-mudancas-a-partir-de-segunda-feira-2\/#breadcrumb\",\"itemListElement\":[{\"@type\":\"ListItem\",\"position\":1,\"name\":\"In\u00edcio\",\"item\":\"https:\/\/tvnova.tv.br\/jornalfatonovo\/\"},{\"@type\":\"ListItem\",\"position\":2,\"name\":\"Linhas de \u00f4nibus entre Recife e Porto de Galinhas ter\u00e3o mudan\u00e7as a partir de segunda-feira (2)\"}]},{\"@type\":\"WebSite\",\"@id\":\"https:\/\/tvnova.tv.br\/jornalfatonovo\/#website\",\"url\":\"https:\/\/tvnova.tv.br\/jornalfatonovo\/\",\"name\":\"Jornal Fato Novo\",\"description\":\"Acompanhe as not\u00edcias de Pernambuco\",\"publisher\":{\"@id\":\"https:\/\/tvnova.tv.br\/jornalfatonovo\/#organization\"},\"potentialAction\":[{\"@type\":\"SearchAction\",\"target\":{\"@type\":\"EntryPoint\",\"urlTemplate\":\"https:\/\/tvnova.tv.br\/jornalfatonovo\/?s={search_term_string}\"},\"query-input\":{\"@type\":\"PropertyValueSpecification\",\"valueRequired\":true,\"valueName\":\"search_term_string\"}}],\"inLanguage\":\"pt-BR\"},{\"@type\":\"Organization\",\"@id\":\"https:\/\/tvnova.tv.br\/jornalfatonovo\/#organization\",\"name\":\"Jornal Fato Novo\",\"url\":\"https:\/\/tvnova.tv.br\/jornalfatonovo\/\",\"logo\":{\"@type\":\"ImageObject\",\"inLanguage\":\"pt-BR\",\"@id\":\"https:\/\/tvnova.tv.br\/jornalfatonovo\/#\/schema\/logo\/image\/\",\"url\":\"https:\/\/tvnova.tv.br\/jornalfatonovo1\/wp-content\/uploads\/2023\/04\/FATO-NOVO-1.png\",\"contentUrl\":\"https:\/\/tvnova.tv.br\/jornalfatonovo1\/wp-content\/uploads\/2023\/04\/FATO-NOVO-1.png\",\"width\":200,\"height\":60,\"caption\":\"Jornal Fato Novo\"},\"image\":{\"@id\":\"https:\/\/tvnova.tv.br\/jornalfatonovo\/#\/schema\/logo\/image\/\"},\"sameAs\":[\"https:\/\/www.facebook.com\/tvnovanordeste\/\",\"https:\/\/x.com\/tvnovanordeste\",\"https:\/\/www.instagram.com\/jornalfatonovope\/\"]},{\"@type\":\"Person\",\"@id\":\"https:\/\/tvnova.tv.br\/jornalfatonovo\/#\/schema\/person\/8acb5c10a7535b12511b7eef3a46cf15\",\"name\":\"Jornalismo\",\"url\":\"https:\/\/tvnova.tv.br\/jornalfatonovo\/author\/jornalismo\/\"}]}<\/script>\n<!-- \/ Yoast SEO plugin. -->","yoast_head_json":{"title":"Linhas de \u00f4nibus entre Recife e Porto de Galinhas ter\u00e3o mudan\u00e7as a partir de segunda-feira (2) - Jornal Fato Novo","robots":{"index":"index","follow":"follow","max-snippet":"max-snippet:-1","max-image-preview":"max-image-preview:large","max-video-preview":"max-video-preview:-1"},"canonical":"https:\/\/tvnova.tv.br\/jornalfatonovo\/linhas-de-onibus-entre-recife-e-porto-de-galinhas-terao-mudancas-a-partir-de-segunda-feira-2\/","og_locale":"pt_BR","og_type":"article","og_title":"Linhas de \u00f4nibus entre Recife e Porto de Galinhas ter\u00e3o mudan\u00e7as a partir de segunda-feira (2) - Jornal Fato Novo","og_description":"Linhas de \u00f4nibus entre Recife e Porto de Galinhas ter\u00e3o mudan\u00e7as a partir de segunda-feira (2) Segundo o Cons\u00f3rcio, as modifica\u00e7\u00f5es acontecem em raz\u00e3o da chegada do ver\u00e3o e a intensifica\u00e7\u00e3o do fluxo de turistas e locais com destino \u00e0s praias do litoral pernambucano &nbsp; por Isabela Montezuma* O Cons\u00f3rcio de Transporte Metropolitano (CTM) comunicou, [&hellip;]","og_url":"https:\/\/tvnova.tv.br\/jornalfatonovo\/linhas-de-onibus-entre-recife-e-porto-de-galinhas-terao-mudancas-a-partir-de-segunda-feira-2\/","og_site_name":"Jornal Fato Novo","article_publisher":"https:\/\/www.facebook.com\/tvnovanordeste\/","article_published_time":"2024-11-29T22:29:29+00:00","article_modified_time":"2024-11-29T22:34:56+00:00","og_image":[{"width":634,"height":452,"url":"https:\/\/tvnova.tv.br\/jornalfatonovo\/wp-content\/uploads\/2024\/11\/recife-porto-onibus.jpg","type":"image\/jpeg"}],"author":"Jornalismo","twitter_card":"summary_large_image","twitter_creator":"@tvnovanordeste","twitter_site":"@tvnovanordeste","twitter_misc":{"Escrito por":"Jornalismo","Est. tempo de leitura":"2 minutos"},"schema":{"@context":"https:\/\/schema.org","@graph":[{"@type":"Article","@id":"https:\/\/tvnova.tv.br\/jornalfatonovo\/linhas-de-onibus-entre-recife-e-porto-de-galinhas-terao-mudancas-a-partir-de-segunda-feira-2\/#article","isPartOf":{"@id":"https:\/\/tvnova.tv.br\/jornalfatonovo\/linhas-de-onibus-entre-recife-e-porto-de-galinhas-terao-mudancas-a-partir-de-segunda-feira-2\/"},"author":{"name":"Jornalismo","@id":"https:\/\/tvnova.tv.br\/jornalfatonovo\/#\/schema\/person\/8acb5c10a7535b12511b7eef3a46cf15"},"headline":"Linhas de \u00f4nibus entre Recife e Porto de Galinhas ter\u00e3o mudan\u00e7as a partir de segunda-feira (2)","datePublished":"2024-11-29T22:29:29+00:00","dateModified":"2024-11-29T22:34:56+00:00","mainEntityOfPage":{"@id":"https:\/\/tvnova.tv.br\/jornalfatonovo\/linhas-de-onibus-entre-recife-e-porto-de-galinhas-terao-mudancas-a-partir-de-segunda-feira-2\/"},"wordCount":323,"publisher":{"@id":"https:\/\/tvnova.tv.br\/jornalfatonovo\/#organization"},"image":{"@id":"https:\/\/tvnova.tv.br\/jornalfatonovo\/linhas-de-onibus-entre-recife-e-porto-de-galinhas-terao-mudancas-a-partir-de-segunda-feira-2\/#primaryimage"},"thumbnailUrl":"https:\/\/tvnova.tv.br\/jornalfatonovo\/wp-content\/uploads\/2024\/11\/recife-porto-onibus.jpg","articleSection":["Cidades"],"inLanguage":"pt-BR"},{"@type":"WebPage","@id":"https:\/\/tvnova.tv.br\/jornalfatonovo\/linhas-de-onibus-entre-recife-e-porto-de-galinhas-terao-mudancas-a-partir-de-segunda-feira-2\/","url":"https:\/\/tvnova.tv.br\/jornalfatonovo\/linhas-de-onibus-entre-recife-e-porto-de-galinhas-terao-mudancas-a-partir-de-segunda-feira-2\/","name":"Linhas de \u00f4nibus entre Recife e Porto de Galinhas ter\u00e3o mudan\u00e7as a partir de segunda-feira (2) - Jornal Fato Novo","isPartOf":{"@id":"https:\/\/tvnova.tv.br\/jornalfatonovo\/#website"},"primaryImageOfPage":{"@id":"https:\/\/tvnova.tv.br\/jornalfatonovo\/linhas-de-onibus-entre-recife-e-porto-de-galinhas-terao-mudancas-a-partir-de-segunda-feira-2\/#primaryimage"},"image":{"@id":"https:\/\/tvnova.tv.br\/jornalfatonovo\/linhas-de-onibus-entre-recife-e-porto-de-galinhas-terao-mudancas-a-partir-de-segunda-feira-2\/#primaryimage"},"thumbnailUrl":"https:\/\/tvnova.tv.br\/jornalfatonovo\/wp-content\/uploads\/2024\/11\/recife-porto-onibus.jpg","datePublished":"2024-11-29T22:29:29+00:00","dateModified":"2024-11-29T22:34:56+00:00","breadcrumb":{"@id":"https:\/\/tvnova.tv.br\/jornalfatonovo\/linhas-de-onibus-entre-recife-e-porto-de-galinhas-terao-mudancas-a-partir-de-segunda-feira-2\/#breadcrumb"},"inLanguage":"pt-BR","potentialAction":[{"@type":"ReadAction","target":["https:\/\/tvnova.tv.br\/jornalfatonovo\/linhas-de-onibus-entre-recife-e-porto-de-galinhas-terao-mudancas-a-partir-de-segunda-feira-2\/"]}]},{"@type":"ImageObject","inLanguage":"pt-BR","@id":"https:\/\/tvnova.tv.br\/jornalfatonovo\/linhas-de-onibus-entre-recife-e-porto-de-galinhas-terao-mudancas-a-partir-de-segunda-feira-2\/#primaryimage","url":"https:\/\/tvnova.tv.br\/jornalfatonovo\/wp-content\/uploads\/2024\/11\/recife-porto-onibus.jpg","contentUrl":"https:\/\/tvnova.tv.br\/jornalfatonovo\/wp-content\/uploads\/2024\/11\/recife-porto-onibus.jpg","width":634,"height":452},{"@type":"BreadcrumbList","@id":"https:\/\/tvnova.tv.br\/jornalfatonovo\/linhas-de-onibus-entre-recife-e-porto-de-galinhas-terao-mudancas-a-partir-de-segunda-feira-2\/#breadcrumb","itemListElement":[{"@type":"ListItem","position":1,"name":"In\u00edcio","item":"https:\/\/tvnova.tv.br\/jornalfatonovo\/"},{"@type":"ListItem","position":2,"name":"Linhas de \u00f4nibus entre Recife e Porto de Galinhas ter\u00e3o mudan\u00e7as a partir de segunda-feira (2)"}]},{"@type":"WebSite","@id":"https:\/\/tvnova.tv.br\/jornalfatonovo\/#website","url":"https:\/\/tvnova.tv.br\/jornalfatonovo\/","name":"Jornal Fato Novo","description":"Acompanhe as not\u00edcias de Pernambuco","publisher":{"@id":"https:\/\/tvnova.tv.br\/jornalfatonovo\/#organization"},"potentialAction":[{"@type":"SearchAction","target":{"@type":"EntryPoint","urlTemplate":"https:\/\/tvnova.tv.br\/jornalfatonovo\/?s={search_term_string}"},"query-input":{"@type":"PropertyValueSpecification","valueRequired":true,"valueName":"search_term_string"}}],"inLanguage":"pt-BR"},{"@type":"Organization","@id":"https:\/\/tvnova.tv.br\/jornalfatonovo\/#organization","name":"Jornal Fato Novo","url":"https:\/\/tvnova.tv.br\/jornalfatonovo\/","logo":{"@type":"ImageObject","inLanguage":"pt-BR","@id":"https:\/\/tvnova.tv.br\/jornalfatonovo\/#\/schema\/logo\/image\/","url":"https:\/\/tvnova.tv.br\/jornalfatonovo1\/wp-content\/uploads\/2023\/04\/FATO-NOVO-1.png","contentUrl":"https:\/\/tvnova.tv.br\/jornalfatonovo1\/wp-content\/uploads\/2023\/04\/FATO-NOVO-1.png","width":200,"height":60,"caption":"Jornal Fato Novo"},"image":{"@id":"https:\/\/tvnova.tv.br\/jornalfatonovo\/#\/schema\/logo\/image\/"},"sameAs":["https:\/\/www.facebook.com\/tvnovanordeste\/","https:\/\/x.com\/tvnovanordeste","https:\/\/www.instagram.com\/jornalfatonovope\/"]},{"@type":"Person","@id":"https:\/\/tvnova.tv.br\/jornalfatonovo\/#\/schema\/person\/8acb5c10a7535b12511b7eef3a46cf15","name":"Jornalismo","url":"https:\/\/tvnova.tv.br\/jornalfatonovo\/author\/jornalismo\/"}]}},"_links":{"self":[{"href":"https:\/\/tvnova.tv.br\/jornalfatonovo\/wp-json\/wp\/v2\/posts\/21477","targetHints":{"allow":["GET"]}}],"collection":[{"href":"https:\/\/tvnova.tv.br\/jornalfatonovo\/wp-json\/wp\/v2\/posts"}],"about":[{"href":"https:\/\/tvnova.tv.br\/jornalfatonovo\/wp-json\/wp\/v2\/types\/post"}],"author":[{"embeddable":true,"href":"https:\/\/tvnova.tv.br\/jornalfatonovo\/wp-json\/wp\/v2\/users\/13"}],"replies":[{"embeddable":true,"href":"https:\/\/tvnova.tv.br\/jornalfatonovo\/wp-json\/wp\/v2\/comments?post=21477"}],"version-history":[{"count":5,"href":"https:\/\/tvnova.tv.br\/jornalfatonovo\/wp-json\/wp\/v2\/posts\/21477\/revisions"}],"predecessor-version":[{"id":21483,"href":"https:\/\/tvnova.tv.br\/jornalfatonovo\/wp-json\/wp\/v2\/posts\/21477\/revisions\/21483"}],"wp:featuredmedia":[{"embeddable":true,"href":"https:\/\/tvnova.tv.br\/jornalfatonovo\/wp-json\/wp\/v2\/media\/21481"}],"wp:attachment":[{"href":"https:\/\/tvnova.tv.br\/jornalfatonovo\/wp-json\/wp\/v2\/media?parent=21477"}],"wp:term":[{"taxonomy":"category","embeddable":true,"href":"https:\/\/tvnova.tv.br\/jornalfatonovo\/wp-json\/wp\/v2\/categories?post=21477"},{"taxonomy":"post_tag","embeddable":true,"href":"https:\/\/tvnova.tv.br\/jornalfatonovo\/wp-json\/wp\/v2\/tags?post=21477"},{"taxonomy":"cores-categorias","embeddable":true,"href":"https:\/\/tvnova.tv.br\/jornalfatonovo\/wp-json\/wp\/v2\/cores-categorias?post=21477"}],"curies":[{"name":"wp","href":"https:\/\/api.w.org\/{rel}","templated":true}]}}