{"id":21691,"date":"2024-12-23T11:38:37","date_gmt":"2024-12-23T14:38:37","guid":{"rendered":"https:\/\/tvnova.tv.br\/jornalfatonovo\/?p=21691"},"modified":"2024-12-23T11:39:32","modified_gmt":"2024-12-23T14:39:32","slug":"prefeitura-do-recife-anuncia-nomes-para-secretarias-da-gestao-2025","status":"publish","type":"post","link":"https:\/\/tvnova.tv.br\/jornalfatonovo\/prefeitura-do-recife-anuncia-nomes-para-secretarias-da-gestao-2025\/","title":{"rendered":"Prefeitura do Recife anuncia nomes para secretarias da gest\u00e3o 2025"},"content":{"rendered":"<h4>Prefeitura do Recife anuncia nomes para secretarias da gest\u00e3o 2025<\/h4>\n<h6>Fred Amancio, P\u00e2mela Alves e Gilberto Prazeres est\u00e3o confirmados para cargos importantes da administra\u00e7\u00e3o municipal<\/h6>\n<p>&nbsp;<\/p>\n<p><em>da reda\u00e7\u00e3o<\/em><\/p>\n<p>A partir de janeiro de 2025, a Prefeitura do Recife contar\u00e1 com novos refor\u00e7os em sua equipe de secret\u00e1rios. A gest\u00e3o municipal come\u00e7ou a divulgar, neste domingo (22), os primeiros nomes que ir\u00e3o compor o primeiro escal\u00e3o da administra\u00e7\u00e3o. Entre os destaques, Fred Amancio continuar\u00e1 \u00e0 frente da Secretaria de Educa\u00e7\u00e3o, P\u00e2mela Alves assumir\u00e1 a Secretaria de Assist\u00eancia Social e Combate \u00e0 Fome, e Gilberto Prazeres permanecer\u00e1 no comando do Gabinete de Imprensa.<\/p>\n<p>Fred Amancio, que j\u00e1 ocupou posi\u00e7\u00f5es de destaque na educa\u00e7\u00e3o da cidade, como a amplia\u00e7\u00e3o do n\u00famero de vagas em creches e a implementa\u00e7\u00e3o de programas como o &#8220;Embarque Digital&#8221;, \u00e9 formado em Administra\u00e7\u00e3o de Empresas pela Universidade de Pernambuco (UPE) e em Direito pela Universidade Federal de Pernambuco (UFPE), com p\u00f3s-gradua\u00e7\u00e3o em Economia Aplicada \u00e0 Gest\u00e3o Fiscal pela Funda\u00e7\u00e3o Get\u00falio Vargas (FGV). Amancio tamb\u00e9m possui MBA em Gest\u00e3o de Neg\u00f3cios em Petr\u00f3leo e G\u00e1s. Al\u00e9m de ser auditor fiscal e ter exercido fun\u00e7\u00f5es como secret\u00e1rio de Educa\u00e7\u00e3o e Sa\u00fade, ele tem ampla experi\u00eancia na gest\u00e3o p\u00fablica estadual.<\/p>\n<p>Por sua vez, P\u00e2mela Alves, que se formou em Administra\u00e7\u00e3o pela UFPE e \u00e9 p\u00f3s-graduada em Gest\u00e3o P\u00fablica pela UPE, continuar\u00e1 sua trajet\u00f3ria na Prefeitura do Recife. Atualmente, ocupa o cargo de secret\u00e1ria-executiva de Sa\u00fade, com destaque pela coordena\u00e7\u00e3o dos distritos sanit\u00e1rios. P\u00e2mela j\u00e1 foi respons\u00e1vel pela Secretaria de Turismo e Lazer, onde descentralizou diversas a\u00e7\u00f5es para os bairros, e tamb\u00e9m teve papel importante como coordenadora do Pacto Pela Vida no Governo de Pernambuco.<\/p>\n<p>Gilberto Prazeres, com forma\u00e7\u00e3o em Jornalismo pela Universidade Cat\u00f3lica de Pernambuco, mant\u00e9m sua posi\u00e7\u00e3o como respons\u00e1vel pela comunica\u00e7\u00e3o da prefeitura. Com experi\u00eancia na m\u00eddia e no Governo de Pernambuco, onde atuou como secret\u00e1rio-executivo de Imprensa, Prazeres contribuiu significativamente para a cria\u00e7\u00e3o de ferramentas como a TV Conecta Recife, promovendo a transpar\u00eancia e o acesso \u00e0 informa\u00e7\u00e3o para a popula\u00e7\u00e3o.<\/p>\n","protected":false},"excerpt":{"rendered":"<p>Prefeitura do Recife anuncia nomes para secretarias da gest\u00e3o 2025 Fred Amancio, P\u00e2mela Alves e Gilberto Prazeres est\u00e3o confirmados para cargos importantes da administra\u00e7\u00e3o municipal &nbsp; da reda\u00e7\u00e3o A partir de janeiro de 2025, a Prefeitura do Recife contar\u00e1 com novos refor\u00e7os em sua equipe de secret\u00e1rios. A gest\u00e3o municipal come\u00e7ou a divulgar, neste domingo [&hellip;]<\/p>\n","protected":false},"author":13,"featured_media":21693,"comment_status":"closed","ping_status":"","sticky":false,"template":"","format":"standard","meta":{"footnotes":""},"categories":[1],"tags":[],"cores-categorias":[],"class_list":["post-21691","post","type-post","status-publish","format-standard","has-post-thumbnail","hentry","category-cidades"],"yoast_head":"<!-- This site is optimized with the Yoast SEO plugin v27.2 - https:\/\/yoast.com\/product\/yoast-seo-wordpress\/ -->\n<title>Prefeitura do Recife anuncia nomes para secretarias da gest\u00e3o 2025 - Jornal Fato Novo<\/title>\n<meta name=\"robots\" content=\"index, follow, max-snippet:-1, max-image-preview:large, max-video-preview:-1\" \/>\n<link rel=\"canonical\" href=\"https:\/\/tvnova.tv.br\/jornalfatonovo\/prefeitura-do-recife-anuncia-nomes-para-secretarias-da-gestao-2025\/\" \/>\n<meta property=\"og:locale\" content=\"pt_BR\" \/>\n<meta property=\"og:type\" content=\"article\" \/>\n<meta property=\"og:title\" content=\"Prefeitura do Recife anuncia nomes para secretarias da gest\u00e3o 2025 - Jornal Fato Novo\" \/>\n<meta property=\"og:description\" content=\"Prefeitura do Recife anuncia nomes para secretarias da gest\u00e3o 2025 Fred Amancio, P\u00e2mela Alves e Gilberto Prazeres est\u00e3o confirmados para cargos importantes da administra\u00e7\u00e3o municipal &nbsp; da reda\u00e7\u00e3o A partir de janeiro de 2025, a Prefeitura do Recife contar\u00e1 com novos refor\u00e7os em sua equipe de secret\u00e1rios. A gest\u00e3o municipal come\u00e7ou a divulgar, neste domingo [&hellip;]\" \/>\n<meta property=\"og:url\" content=\"https:\/\/tvnova.tv.br\/jornalfatonovo\/prefeitura-do-recife-anuncia-nomes-para-secretarias-da-gestao-2025\/\" \/>\n<meta property=\"og:site_name\" content=\"Jornal Fato Novo\" \/>\n<meta property=\"article:publisher\" content=\"https:\/\/www.facebook.com\/tvnovanordeste\/\" \/>\n<meta property=\"article:published_time\" content=\"2024-12-23T14:38:37+00:00\" \/>\n<meta property=\"article:modified_time\" content=\"2024-12-23T14:39:32+00:00\" \/>\n<meta name=\"author\" content=\"Jornalismo\" \/>\n<meta name=\"twitter:card\" content=\"summary_large_image\" \/>\n<meta name=\"twitter:creator\" content=\"@tvnovanordeste\" \/>\n<meta name=\"twitter:site\" content=\"@tvnovanordeste\" \/>\n<meta name=\"twitter:label1\" content=\"Escrito por\" \/>\n\t<meta name=\"twitter:data1\" content=\"Jornalismo\" \/>\n\t<meta name=\"twitter:label2\" content=\"Est. tempo de leitura\" \/>\n\t<meta name=\"twitter:data2\" content=\"2 minutos\" \/>\n<script type=\"application\/ld+json\" class=\"yoast-schema-graph\">{\"@context\":\"https:\/\/schema.org\",\"@graph\":[{\"@type\":\"Article\",\"@id\":\"https:\/\/tvnova.tv.br\/jornalfatonovo\/prefeitura-do-recife-anuncia-nomes-para-secretarias-da-gestao-2025\/#article\",\"isPartOf\":{\"@id\":\"https:\/\/tvnova.tv.br\/jornalfatonovo\/prefeitura-do-recife-anuncia-nomes-para-secretarias-da-gestao-2025\/\"},\"author\":{\"name\":\"Jornalismo\",\"@id\":\"https:\/\/tvnova.tv.br\/jornalfatonovo\/#\/schema\/person\/8acb5c10a7535b12511b7eef3a46cf15\"},\"headline\":\"Prefeitura do Recife anuncia nomes para secretarias da gest\u00e3o 2025\",\"datePublished\":\"2024-12-23T14:38:37+00:00\",\"dateModified\":\"2024-12-23T14:39:32+00:00\",\"mainEntityOfPage\":{\"@id\":\"https:\/\/tvnova.tv.br\/jornalfatonovo\/prefeitura-do-recife-anuncia-nomes-para-secretarias-da-gestao-2025\/\"},\"wordCount\":399,\"publisher\":{\"@id\":\"https:\/\/tvnova.tv.br\/jornalfatonovo\/#organization\"},\"image\":{\"@id\":\"https:\/\/tvnova.tv.br\/jornalfatonovo\/prefeitura-do-recife-anuncia-nomes-para-secretarias-da-gestao-2025\/#primaryimage\"},\"thumbnailUrl\":\"https:\/\/tvnova.tv.br\/jornalfatonovo\/wp-content\/uploads\/2024\/12\/whatsapp-image-2020-11-04-at-123724_2.jpeg\",\"articleSection\":[\"Cidades\"],\"inLanguage\":\"pt-BR\"},{\"@type\":\"WebPage\",\"@id\":\"https:\/\/tvnova.tv.br\/jornalfatonovo\/prefeitura-do-recife-anuncia-nomes-para-secretarias-da-gestao-2025\/\",\"url\":\"https:\/\/tvnova.tv.br\/jornalfatonovo\/prefeitura-do-recife-anuncia-nomes-para-secretarias-da-gestao-2025\/\",\"name\":\"Prefeitura do Recife anuncia nomes para secretarias da gest\u00e3o 2025 - Jornal Fato Novo\",\"isPartOf\":{\"@id\":\"https:\/\/tvnova.tv.br\/jornalfatonovo\/#website\"},\"primaryImageOfPage\":{\"@id\":\"https:\/\/tvnova.tv.br\/jornalfatonovo\/prefeitura-do-recife-anuncia-nomes-para-secretarias-da-gestao-2025\/#primaryimage\"},\"image\":{\"@id\":\"https:\/\/tvnova.tv.br\/jornalfatonovo\/prefeitura-do-recife-anuncia-nomes-para-secretarias-da-gestao-2025\/#primaryimage\"},\"thumbnailUrl\":\"https:\/\/tvnova.tv.br\/jornalfatonovo\/wp-content\/uploads\/2024\/12\/whatsapp-image-2020-11-04-at-123724_2.jpeg\",\"datePublished\":\"2024-12-23T14:38:37+00:00\",\"dateModified\":\"2024-12-23T14:39:32+00:00\",\"breadcrumb\":{\"@id\":\"https:\/\/tvnova.tv.br\/jornalfatonovo\/prefeitura-do-recife-anuncia-nomes-para-secretarias-da-gestao-2025\/#breadcrumb\"},\"inLanguage\":\"pt-BR\",\"potentialAction\":[{\"@type\":\"ReadAction\",\"target\":[\"https:\/\/tvnova.tv.br\/jornalfatonovo\/prefeitura-do-recife-anuncia-nomes-para-secretarias-da-gestao-2025\/\"]}]},{\"@type\":\"ImageObject\",\"inLanguage\":\"pt-BR\",\"@id\":\"https:\/\/tvnova.tv.br\/jornalfatonovo\/prefeitura-do-recife-anuncia-nomes-para-secretarias-da-gestao-2025\/#primaryimage\",\"url\":\"https:\/\/tvnova.tv.br\/jornalfatonovo\/wp-content\/uploads\/2024\/12\/whatsapp-image-2020-11-04-at-123724_2.jpeg\",\"contentUrl\":\"https:\/\/tvnova.tv.br\/jornalfatonovo\/wp-content\/uploads\/2024\/12\/whatsapp-image-2020-11-04-at-123724_2.jpeg\",\"width\":1100,\"height\":734},{\"@type\":\"BreadcrumbList\",\"@id\":\"https:\/\/tvnova.tv.br\/jornalfatonovo\/prefeitura-do-recife-anuncia-nomes-para-secretarias-da-gestao-2025\/#breadcrumb\",\"itemListElement\":[{\"@type\":\"ListItem\",\"position\":1,\"name\":\"In\u00edcio\",\"item\":\"https:\/\/tvnova.tv.br\/jornalfatonovo\/\"},{\"@type\":\"ListItem\",\"position\":2,\"name\":\"Prefeitura do Recife anuncia nomes para secretarias da gest\u00e3o 2025\"}]},{\"@type\":\"WebSite\",\"@id\":\"https:\/\/tvnova.tv.br\/jornalfatonovo\/#website\",\"url\":\"https:\/\/tvnova.tv.br\/jornalfatonovo\/\",\"name\":\"Jornal Fato Novo\",\"description\":\"Acompanhe as not\u00edcias de Pernambuco\",\"publisher\":{\"@id\":\"https:\/\/tvnova.tv.br\/jornalfatonovo\/#organization\"},\"potentialAction\":[{\"@type\":\"SearchAction\",\"target\":{\"@type\":\"EntryPoint\",\"urlTemplate\":\"https:\/\/tvnova.tv.br\/jornalfatonovo\/?s={search_term_string}\"},\"query-input\":{\"@type\":\"PropertyValueSpecification\",\"valueRequired\":true,\"valueName\":\"search_term_string\"}}],\"inLanguage\":\"pt-BR\"},{\"@type\":\"Organization\",\"@id\":\"https:\/\/tvnova.tv.br\/jornalfatonovo\/#organization\",\"name\":\"Jornal Fato Novo\",\"url\":\"https:\/\/tvnova.tv.br\/jornalfatonovo\/\",\"logo\":{\"@type\":\"ImageObject\",\"inLanguage\":\"pt-BR\",\"@id\":\"https:\/\/tvnova.tv.br\/jornalfatonovo\/#\/schema\/logo\/image\/\",\"url\":\"https:\/\/tvnova.tv.br\/jornalfatonovo1\/wp-content\/uploads\/2023\/04\/FATO-NOVO-1.png\",\"contentUrl\":\"https:\/\/tvnova.tv.br\/jornalfatonovo1\/wp-content\/uploads\/2023\/04\/FATO-NOVO-1.png\",\"width\":200,\"height\":60,\"caption\":\"Jornal Fato Novo\"},\"image\":{\"@id\":\"https:\/\/tvnova.tv.br\/jornalfatonovo\/#\/schema\/logo\/image\/\"},\"sameAs\":[\"https:\/\/www.facebook.com\/tvnovanordeste\/\",\"https:\/\/x.com\/tvnovanordeste\",\"https:\/\/www.instagram.com\/jornalfatonovope\/\"]},{\"@type\":\"Person\",\"@id\":\"https:\/\/tvnova.tv.br\/jornalfatonovo\/#\/schema\/person\/8acb5c10a7535b12511b7eef3a46cf15\",\"name\":\"Jornalismo\",\"url\":\"https:\/\/tvnova.tv.br\/jornalfatonovo\/author\/jornalismo\/\"}]}<\/script>\n<!-- \/ Yoast SEO plugin. -->","yoast_head_json":{"title":"Prefeitura do Recife anuncia nomes para secretarias da gest\u00e3o 2025 - Jornal Fato Novo","robots":{"index":"index","follow":"follow","max-snippet":"max-snippet:-1","max-image-preview":"max-image-preview:large","max-video-preview":"max-video-preview:-1"},"canonical":"https:\/\/tvnova.tv.br\/jornalfatonovo\/prefeitura-do-recife-anuncia-nomes-para-secretarias-da-gestao-2025\/","og_locale":"pt_BR","og_type":"article","og_title":"Prefeitura do Recife anuncia nomes para secretarias da gest\u00e3o 2025 - Jornal Fato Novo","og_description":"Prefeitura do Recife anuncia nomes para secretarias da gest\u00e3o 2025 Fred Amancio, P\u00e2mela Alves e Gilberto Prazeres est\u00e3o confirmados para cargos importantes da administra\u00e7\u00e3o municipal &nbsp; da reda\u00e7\u00e3o A partir de janeiro de 2025, a Prefeitura do Recife contar\u00e1 com novos refor\u00e7os em sua equipe de secret\u00e1rios. A gest\u00e3o municipal come\u00e7ou a divulgar, neste domingo [&hellip;]","og_url":"https:\/\/tvnova.tv.br\/jornalfatonovo\/prefeitura-do-recife-anuncia-nomes-para-secretarias-da-gestao-2025\/","og_site_name":"Jornal Fato Novo","article_publisher":"https:\/\/www.facebook.com\/tvnovanordeste\/","article_published_time":"2024-12-23T14:38:37+00:00","article_modified_time":"2024-12-23T14:39:32+00:00","author":"Jornalismo","twitter_card":"summary_large_image","twitter_creator":"@tvnovanordeste","twitter_site":"@tvnovanordeste","twitter_misc":{"Escrito por":"Jornalismo","Est. tempo de leitura":"2 minutos"},"schema":{"@context":"https:\/\/schema.org","@graph":[{"@type":"Article","@id":"https:\/\/tvnova.tv.br\/jornalfatonovo\/prefeitura-do-recife-anuncia-nomes-para-secretarias-da-gestao-2025\/#article","isPartOf":{"@id":"https:\/\/tvnova.tv.br\/jornalfatonovo\/prefeitura-do-recife-anuncia-nomes-para-secretarias-da-gestao-2025\/"},"author":{"name":"Jornalismo","@id":"https:\/\/tvnova.tv.br\/jornalfatonovo\/#\/schema\/person\/8acb5c10a7535b12511b7eef3a46cf15"},"headline":"Prefeitura do Recife anuncia nomes para secretarias da gest\u00e3o 2025","datePublished":"2024-12-23T14:38:37+00:00","dateModified":"2024-12-23T14:39:32+00:00","mainEntityOfPage":{"@id":"https:\/\/tvnova.tv.br\/jornalfatonovo\/prefeitura-do-recife-anuncia-nomes-para-secretarias-da-gestao-2025\/"},"wordCount":399,"publisher":{"@id":"https:\/\/tvnova.tv.br\/jornalfatonovo\/#organization"},"image":{"@id":"https:\/\/tvnova.tv.br\/jornalfatonovo\/prefeitura-do-recife-anuncia-nomes-para-secretarias-da-gestao-2025\/#primaryimage"},"thumbnailUrl":"https:\/\/tvnova.tv.br\/jornalfatonovo\/wp-content\/uploads\/2024\/12\/whatsapp-image-2020-11-04-at-123724_2.jpeg","articleSection":["Cidades"],"inLanguage":"pt-BR"},{"@type":"WebPage","@id":"https:\/\/tvnova.tv.br\/jornalfatonovo\/prefeitura-do-recife-anuncia-nomes-para-secretarias-da-gestao-2025\/","url":"https:\/\/tvnova.tv.br\/jornalfatonovo\/prefeitura-do-recife-anuncia-nomes-para-secretarias-da-gestao-2025\/","name":"Prefeitura do Recife anuncia nomes para secretarias da gest\u00e3o 2025 - Jornal Fato Novo","isPartOf":{"@id":"https:\/\/tvnova.tv.br\/jornalfatonovo\/#website"},"primaryImageOfPage":{"@id":"https:\/\/tvnova.tv.br\/jornalfatonovo\/prefeitura-do-recife-anuncia-nomes-para-secretarias-da-gestao-2025\/#primaryimage"},"image":{"@id":"https:\/\/tvnova.tv.br\/jornalfatonovo\/prefeitura-do-recife-anuncia-nomes-para-secretarias-da-gestao-2025\/#primaryimage"},"thumbnailUrl":"https:\/\/tvnova.tv.br\/jornalfatonovo\/wp-content\/uploads\/2024\/12\/whatsapp-image-2020-11-04-at-123724_2.jpeg","datePublished":"2024-12-23T14:38:37+00:00","dateModified":"2024-12-23T14:39:32+00:00","breadcrumb":{"@id":"https:\/\/tvnova.tv.br\/jornalfatonovo\/prefeitura-do-recife-anuncia-nomes-para-secretarias-da-gestao-2025\/#breadcrumb"},"inLanguage":"pt-BR","potentialAction":[{"@type":"ReadAction","target":["https:\/\/tvnova.tv.br\/jornalfatonovo\/prefeitura-do-recife-anuncia-nomes-para-secretarias-da-gestao-2025\/"]}]},{"@type":"ImageObject","inLanguage":"pt-BR","@id":"https:\/\/tvnova.tv.br\/jornalfatonovo\/prefeitura-do-recife-anuncia-nomes-para-secretarias-da-gestao-2025\/#primaryimage","url":"https:\/\/tvnova.tv.br\/jornalfatonovo\/wp-content\/uploads\/2024\/12\/whatsapp-image-2020-11-04-at-123724_2.jpeg","contentUrl":"https:\/\/tvnova.tv.br\/jornalfatonovo\/wp-content\/uploads\/2024\/12\/whatsapp-image-2020-11-04-at-123724_2.jpeg","width":1100,"height":734},{"@type":"BreadcrumbList","@id":"https:\/\/tvnova.tv.br\/jornalfatonovo\/prefeitura-do-recife-anuncia-nomes-para-secretarias-da-gestao-2025\/#breadcrumb","itemListElement":[{"@type":"ListItem","position":1,"name":"In\u00edcio","item":"https:\/\/tvnova.tv.br\/jornalfatonovo\/"},{"@type":"ListItem","position":2,"name":"Prefeitura do Recife anuncia nomes para secretarias da gest\u00e3o 2025"}]},{"@type":"WebSite","@id":"https:\/\/tvnova.tv.br\/jornalfatonovo\/#website","url":"https:\/\/tvnova.tv.br\/jornalfatonovo\/","name":"Jornal Fato Novo","description":"Acompanhe as not\u00edcias de Pernambuco","publisher":{"@id":"https:\/\/tvnova.tv.br\/jornalfatonovo\/#organization"},"potentialAction":[{"@type":"SearchAction","target":{"@type":"EntryPoint","urlTemplate":"https:\/\/tvnova.tv.br\/jornalfatonovo\/?s={search_term_string}"},"query-input":{"@type":"PropertyValueSpecification","valueRequired":true,"valueName":"search_term_string"}}],"inLanguage":"pt-BR"},{"@type":"Organization","@id":"https:\/\/tvnova.tv.br\/jornalfatonovo\/#organization","name":"Jornal Fato Novo","url":"https:\/\/tvnova.tv.br\/jornalfatonovo\/","logo":{"@type":"ImageObject","inLanguage":"pt-BR","@id":"https:\/\/tvnova.tv.br\/jornalfatonovo\/#\/schema\/logo\/image\/","url":"https:\/\/tvnova.tv.br\/jornalfatonovo1\/wp-content\/uploads\/2023\/04\/FATO-NOVO-1.png","contentUrl":"https:\/\/tvnova.tv.br\/jornalfatonovo1\/wp-content\/uploads\/2023\/04\/FATO-NOVO-1.png","width":200,"height":60,"caption":"Jornal Fato Novo"},"image":{"@id":"https:\/\/tvnova.tv.br\/jornalfatonovo\/#\/schema\/logo\/image\/"},"sameAs":["https:\/\/www.facebook.com\/tvnovanordeste\/","https:\/\/x.com\/tvnovanordeste","https:\/\/www.instagram.com\/jornalfatonovope\/"]},{"@type":"Person","@id":"https:\/\/tvnova.tv.br\/jornalfatonovo\/#\/schema\/person\/8acb5c10a7535b12511b7eef3a46cf15","name":"Jornalismo","url":"https:\/\/tvnova.tv.br\/jornalfatonovo\/author\/jornalismo\/"}]}},"_links":{"self":[{"href":"https:\/\/tvnova.tv.br\/jornalfatonovo\/wp-json\/wp\/v2\/posts\/21691","targetHints":{"allow":["GET"]}}],"collection":[{"href":"https:\/\/tvnova.tv.br\/jornalfatonovo\/wp-json\/wp\/v2\/posts"}],"about":[{"href":"https:\/\/tvnova.tv.br\/jornalfatonovo\/wp-json\/wp\/v2\/types\/post"}],"author":[{"embeddable":true,"href":"https:\/\/tvnova.tv.br\/jornalfatonovo\/wp-json\/wp\/v2\/users\/13"}],"replies":[{"embeddable":true,"href":"https:\/\/tvnova.tv.br\/jornalfatonovo\/wp-json\/wp\/v2\/comments?post=21691"}],"version-history":[{"count":1,"href":"https:\/\/tvnova.tv.br\/jornalfatonovo\/wp-json\/wp\/v2\/posts\/21691\/revisions"}],"predecessor-version":[{"id":21692,"href":"https:\/\/tvnova.tv.br\/jornalfatonovo\/wp-json\/wp\/v2\/posts\/21691\/revisions\/21692"}],"wp:featuredmedia":[{"embeddable":true,"href":"https:\/\/tvnova.tv.br\/jornalfatonovo\/wp-json\/wp\/v2\/media\/21693"}],"wp:attachment":[{"href":"https:\/\/tvnova.tv.br\/jornalfatonovo\/wp-json\/wp\/v2\/media?parent=21691"}],"wp:term":[{"taxonomy":"category","embeddable":true,"href":"https:\/\/tvnova.tv.br\/jornalfatonovo\/wp-json\/wp\/v2\/categories?post=21691"},{"taxonomy":"post_tag","embeddable":true,"href":"https:\/\/tvnova.tv.br\/jornalfatonovo\/wp-json\/wp\/v2\/tags?post=21691"},{"taxonomy":"cores-categorias","embeddable":true,"href":"https:\/\/tvnova.tv.br\/jornalfatonovo\/wp-json\/wp\/v2\/cores-categorias?post=21691"}],"curies":[{"name":"wp","href":"https:\/\/api.w.org\/{rel}","templated":true}]}}