{"id":21699,"date":"2024-12-26T15:31:29","date_gmt":"2024-12-26T18:31:29","guid":{"rendered":"https:\/\/tvnova.tv.br\/jornalfatonovo\/?p=21699"},"modified":"2024-12-26T15:32:23","modified_gmt":"2024-12-26T18:32:23","slug":"prf-encerra-operacao-rodovida-natal-2024-e-reforca-cuidados-no-transito","status":"publish","type":"post","link":"https:\/\/tvnova.tv.br\/jornalfatonovo\/prf-encerra-operacao-rodovida-natal-2024-e-reforca-cuidados-no-transito\/","title":{"rendered":"PRF encerra Opera\u00e7\u00e3o Rodovida Natal 2024 e refor\u00e7a cuidados no tr\u00e2nsito"},"content":{"rendered":"<h4>PRF encerra Opera\u00e7\u00e3o Rodovida Natal 2024 e refor\u00e7a cuidados no tr\u00e2nsito<\/h4>\n<h6>Durante a opera\u00e7\u00e3o, foram registrados 54 acidentes e 6 mortes nas rodovias federais de Pernambuco<\/h6>\n<p>&nbsp;<\/p>\n<p><em>da reda\u00e7\u00e3o<\/em><\/p>\n<p>A chegada das festas de fim de ano provocou aumento no tr\u00e1fego de ve\u00edculos, especialmente em dire\u00e7\u00e3o ao Interior e ao Litoral de Pernambuco. Para garantir mais seguran\u00e7a nas rodovias federais, a Pol\u00edcia Rodovi\u00e1ria Federal (PRF) iniciou na sexta-feira (20) a Opera\u00e7\u00e3o &#8220;Rodovida&#8221; Natal 2024, que terminou na quarta-feira (25).<\/p>\n<p>Durante os cinco dias de opera\u00e7\u00e3o, a PRF registrou 54 acidentes de tr\u00e2nsito, que resultaram em 58 feridos e 6 mortes. Comparando com a Opera\u00e7\u00e3o Natal do ano anterior, a m\u00e9dia de acidentes foi ligeiramente menor, com 9 acidentes por dia este ano, contra 9,7 no ano passado. Em 2023, com dois dias a menos de opera\u00e7\u00e3o, ocorreram 39 acidentes, com 33 pessoas feridas e 4 mortes.<\/p>\n<p>A PRF destacou as ultrapassagens indevidas como uma das principais preocupa\u00e7\u00f5es. Durante a opera\u00e7\u00e3o, 192 motoristas foram flagrados realizando ultrapassagens perigosas, como em trechos de faixa dupla ou pelo acostamento. Outras infra\u00e7\u00f5es tamb\u00e9m foram registradas, como excesso de velocidade, com 1.069 motoristas autuados, e falhas no uso de equipamentos de seguran\u00e7a, como cinto de seguran\u00e7a, cadeirinha para crian\u00e7as e capacete.<\/p>\n<p>A fiscaliza\u00e7\u00e3o de alcoolemia tamb\u00e9m foi intensificada, com 23 motoristas autuados por dirigir sob efeito de \u00e1lcool. Foram realizados mais de 3,8 mil testes de baf\u00f4metro e duas pessoas foram detidas por embriaguez.<\/p>\n<p>A conduta de misturar bebida e dire\u00e7\u00e3o ser\u00e1 foco da pr\u00f3xima fase da Opera\u00e7\u00e3o Rodovida, que come\u00e7a \u00e0 0h desta sexta-feira (27). A PRF tamb\u00e9m intensificou a\u00e7\u00f5es educativas, alcan\u00e7ando mais de 900 pessoas para alertar sobre os riscos no tr\u00e2nsito.<\/p>\n","protected":false},"excerpt":{"rendered":"<p>PRF encerra Opera\u00e7\u00e3o Rodovida Natal 2024 e refor\u00e7a cuidados no tr\u00e2nsito Durante a opera\u00e7\u00e3o, foram registrados 54 acidentes e 6 mortes nas rodovias federais de Pernambuco &nbsp; da reda\u00e7\u00e3o A chegada das festas de fim de ano provocou aumento no tr\u00e1fego de ve\u00edculos, especialmente em dire\u00e7\u00e3o ao Interior e ao Litoral de Pernambuco. Para garantir [&hellip;]<\/p>\n","protected":false},"author":13,"featured_media":21701,"comment_status":"closed","ping_status":"","sticky":false,"template":"","format":"standard","meta":{"footnotes":""},"categories":[1],"tags":[],"cores-categorias":[],"class_list":["post-21699","post","type-post","status-publish","format-standard","has-post-thumbnail","hentry","category-cidades"],"yoast_head":"<!-- This site is optimized with the Yoast SEO plugin v27.2 - https:\/\/yoast.com\/product\/yoast-seo-wordpress\/ -->\n<title>PRF encerra Opera\u00e7\u00e3o Rodovida Natal 2024 e refor\u00e7a cuidados no tr\u00e2nsito - Jornal Fato Novo<\/title>\n<meta name=\"robots\" content=\"index, follow, max-snippet:-1, max-image-preview:large, max-video-preview:-1\" \/>\n<link rel=\"canonical\" href=\"https:\/\/tvnova.tv.br\/jornalfatonovo\/prf-encerra-operacao-rodovida-natal-2024-e-reforca-cuidados-no-transito\/\" \/>\n<meta property=\"og:locale\" content=\"pt_BR\" \/>\n<meta property=\"og:type\" content=\"article\" \/>\n<meta property=\"og:title\" content=\"PRF encerra Opera\u00e7\u00e3o Rodovida Natal 2024 e refor\u00e7a cuidados no tr\u00e2nsito - Jornal Fato Novo\" \/>\n<meta property=\"og:description\" content=\"PRF encerra Opera\u00e7\u00e3o Rodovida Natal 2024 e refor\u00e7a cuidados no tr\u00e2nsito Durante a opera\u00e7\u00e3o, foram registrados 54 acidentes e 6 mortes nas rodovias federais de Pernambuco &nbsp; da reda\u00e7\u00e3o A chegada das festas de fim de ano provocou aumento no tr\u00e1fego de ve\u00edculos, especialmente em dire\u00e7\u00e3o ao Interior e ao Litoral de Pernambuco. Para garantir [&hellip;]\" \/>\n<meta property=\"og:url\" content=\"https:\/\/tvnova.tv.br\/jornalfatonovo\/prf-encerra-operacao-rodovida-natal-2024-e-reforca-cuidados-no-transito\/\" \/>\n<meta property=\"og:site_name\" content=\"Jornal Fato Novo\" \/>\n<meta property=\"article:publisher\" content=\"https:\/\/www.facebook.com\/tvnovanordeste\/\" \/>\n<meta property=\"article:published_time\" content=\"2024-12-26T18:31:29+00:00\" \/>\n<meta property=\"article:modified_time\" content=\"2024-12-26T18:32:23+00:00\" \/>\n<meta name=\"author\" content=\"Jornalismo\" \/>\n<meta name=\"twitter:card\" content=\"summary_large_image\" \/>\n<meta name=\"twitter:creator\" content=\"@tvnovanordeste\" \/>\n<meta name=\"twitter:site\" content=\"@tvnovanordeste\" \/>\n<meta name=\"twitter:label1\" content=\"Escrito por\" \/>\n\t<meta name=\"twitter:data1\" content=\"Jornalismo\" \/>\n\t<meta name=\"twitter:label2\" content=\"Est. tempo de leitura\" \/>\n\t<meta name=\"twitter:data2\" content=\"1 minuto\" \/>\n<script type=\"application\/ld+json\" class=\"yoast-schema-graph\">{\"@context\":\"https:\/\/schema.org\",\"@graph\":[{\"@type\":\"Article\",\"@id\":\"https:\/\/tvnova.tv.br\/jornalfatonovo\/prf-encerra-operacao-rodovida-natal-2024-e-reforca-cuidados-no-transito\/#article\",\"isPartOf\":{\"@id\":\"https:\/\/tvnova.tv.br\/jornalfatonovo\/prf-encerra-operacao-rodovida-natal-2024-e-reforca-cuidados-no-transito\/\"},\"author\":{\"name\":\"Jornalismo\",\"@id\":\"https:\/\/tvnova.tv.br\/jornalfatonovo\/#\/schema\/person\/8acb5c10a7535b12511b7eef3a46cf15\"},\"headline\":\"PRF encerra Opera\u00e7\u00e3o Rodovida Natal 2024 e refor\u00e7a cuidados no tr\u00e2nsito\",\"datePublished\":\"2024-12-26T18:31:29+00:00\",\"dateModified\":\"2024-12-26T18:32:23+00:00\",\"mainEntityOfPage\":{\"@id\":\"https:\/\/tvnova.tv.br\/jornalfatonovo\/prf-encerra-operacao-rodovida-natal-2024-e-reforca-cuidados-no-transito\/\"},\"wordCount\":305,\"publisher\":{\"@id\":\"https:\/\/tvnova.tv.br\/jornalfatonovo\/#organization\"},\"image\":{\"@id\":\"https:\/\/tvnova.tv.br\/jornalfatonovo\/prf-encerra-operacao-rodovida-natal-2024-e-reforca-cuidados-no-transito\/#primaryimage\"},\"thumbnailUrl\":\"https:\/\/tvnova.tv.br\/jornalfatonovo\/wp-content\/uploads\/2024\/12\/whatsapp-image-2022-04-13-at-084153.jpeg\",\"articleSection\":[\"Cidades\"],\"inLanguage\":\"pt-BR\"},{\"@type\":\"WebPage\",\"@id\":\"https:\/\/tvnova.tv.br\/jornalfatonovo\/prf-encerra-operacao-rodovida-natal-2024-e-reforca-cuidados-no-transito\/\",\"url\":\"https:\/\/tvnova.tv.br\/jornalfatonovo\/prf-encerra-operacao-rodovida-natal-2024-e-reforca-cuidados-no-transito\/\",\"name\":\"PRF encerra Opera\u00e7\u00e3o Rodovida Natal 2024 e refor\u00e7a cuidados no tr\u00e2nsito - Jornal Fato Novo\",\"isPartOf\":{\"@id\":\"https:\/\/tvnova.tv.br\/jornalfatonovo\/#website\"},\"primaryImageOfPage\":{\"@id\":\"https:\/\/tvnova.tv.br\/jornalfatonovo\/prf-encerra-operacao-rodovida-natal-2024-e-reforca-cuidados-no-transito\/#primaryimage\"},\"image\":{\"@id\":\"https:\/\/tvnova.tv.br\/jornalfatonovo\/prf-encerra-operacao-rodovida-natal-2024-e-reforca-cuidados-no-transito\/#primaryimage\"},\"thumbnailUrl\":\"https:\/\/tvnova.tv.br\/jornalfatonovo\/wp-content\/uploads\/2024\/12\/whatsapp-image-2022-04-13-at-084153.jpeg\",\"datePublished\":\"2024-12-26T18:31:29+00:00\",\"dateModified\":\"2024-12-26T18:32:23+00:00\",\"breadcrumb\":{\"@id\":\"https:\/\/tvnova.tv.br\/jornalfatonovo\/prf-encerra-operacao-rodovida-natal-2024-e-reforca-cuidados-no-transito\/#breadcrumb\"},\"inLanguage\":\"pt-BR\",\"potentialAction\":[{\"@type\":\"ReadAction\",\"target\":[\"https:\/\/tvnova.tv.br\/jornalfatonovo\/prf-encerra-operacao-rodovida-natal-2024-e-reforca-cuidados-no-transito\/\"]}]},{\"@type\":\"ImageObject\",\"inLanguage\":\"pt-BR\",\"@id\":\"https:\/\/tvnova.tv.br\/jornalfatonovo\/prf-encerra-operacao-rodovida-natal-2024-e-reforca-cuidados-no-transito\/#primaryimage\",\"url\":\"https:\/\/tvnova.tv.br\/jornalfatonovo\/wp-content\/uploads\/2024\/12\/whatsapp-image-2022-04-13-at-084153.jpeg\",\"contentUrl\":\"https:\/\/tvnova.tv.br\/jornalfatonovo\/wp-content\/uploads\/2024\/12\/whatsapp-image-2022-04-13-at-084153.jpeg\",\"width\":1100,\"height\":825},{\"@type\":\"BreadcrumbList\",\"@id\":\"https:\/\/tvnova.tv.br\/jornalfatonovo\/prf-encerra-operacao-rodovida-natal-2024-e-reforca-cuidados-no-transito\/#breadcrumb\",\"itemListElement\":[{\"@type\":\"ListItem\",\"position\":1,\"name\":\"In\u00edcio\",\"item\":\"https:\/\/tvnova.tv.br\/jornalfatonovo\/\"},{\"@type\":\"ListItem\",\"position\":2,\"name\":\"PRF encerra Opera\u00e7\u00e3o Rodovida Natal 2024 e refor\u00e7a cuidados no tr\u00e2nsito\"}]},{\"@type\":\"WebSite\",\"@id\":\"https:\/\/tvnova.tv.br\/jornalfatonovo\/#website\",\"url\":\"https:\/\/tvnova.tv.br\/jornalfatonovo\/\",\"name\":\"Jornal Fato Novo\",\"description\":\"Acompanhe as not\u00edcias de Pernambuco\",\"publisher\":{\"@id\":\"https:\/\/tvnova.tv.br\/jornalfatonovo\/#organization\"},\"potentialAction\":[{\"@type\":\"SearchAction\",\"target\":{\"@type\":\"EntryPoint\",\"urlTemplate\":\"https:\/\/tvnova.tv.br\/jornalfatonovo\/?s={search_term_string}\"},\"query-input\":{\"@type\":\"PropertyValueSpecification\",\"valueRequired\":true,\"valueName\":\"search_term_string\"}}],\"inLanguage\":\"pt-BR\"},{\"@type\":\"Organization\",\"@id\":\"https:\/\/tvnova.tv.br\/jornalfatonovo\/#organization\",\"name\":\"Jornal Fato Novo\",\"url\":\"https:\/\/tvnova.tv.br\/jornalfatonovo\/\",\"logo\":{\"@type\":\"ImageObject\",\"inLanguage\":\"pt-BR\",\"@id\":\"https:\/\/tvnova.tv.br\/jornalfatonovo\/#\/schema\/logo\/image\/\",\"url\":\"https:\/\/tvnova.tv.br\/jornalfatonovo1\/wp-content\/uploads\/2023\/04\/FATO-NOVO-1.png\",\"contentUrl\":\"https:\/\/tvnova.tv.br\/jornalfatonovo1\/wp-content\/uploads\/2023\/04\/FATO-NOVO-1.png\",\"width\":200,\"height\":60,\"caption\":\"Jornal Fato Novo\"},\"image\":{\"@id\":\"https:\/\/tvnova.tv.br\/jornalfatonovo\/#\/schema\/logo\/image\/\"},\"sameAs\":[\"https:\/\/www.facebook.com\/tvnovanordeste\/\",\"https:\/\/x.com\/tvnovanordeste\",\"https:\/\/www.instagram.com\/jornalfatonovope\/\"]},{\"@type\":\"Person\",\"@id\":\"https:\/\/tvnova.tv.br\/jornalfatonovo\/#\/schema\/person\/8acb5c10a7535b12511b7eef3a46cf15\",\"name\":\"Jornalismo\",\"url\":\"https:\/\/tvnova.tv.br\/jornalfatonovo\/author\/jornalismo\/\"}]}<\/script>\n<!-- \/ Yoast SEO plugin. -->","yoast_head_json":{"title":"PRF encerra Opera\u00e7\u00e3o Rodovida Natal 2024 e refor\u00e7a cuidados no tr\u00e2nsito - Jornal Fato Novo","robots":{"index":"index","follow":"follow","max-snippet":"max-snippet:-1","max-image-preview":"max-image-preview:large","max-video-preview":"max-video-preview:-1"},"canonical":"https:\/\/tvnova.tv.br\/jornalfatonovo\/prf-encerra-operacao-rodovida-natal-2024-e-reforca-cuidados-no-transito\/","og_locale":"pt_BR","og_type":"article","og_title":"PRF encerra Opera\u00e7\u00e3o Rodovida Natal 2024 e refor\u00e7a cuidados no tr\u00e2nsito - Jornal Fato Novo","og_description":"PRF encerra Opera\u00e7\u00e3o Rodovida Natal 2024 e refor\u00e7a cuidados no tr\u00e2nsito Durante a opera\u00e7\u00e3o, foram registrados 54 acidentes e 6 mortes nas rodovias federais de Pernambuco &nbsp; da reda\u00e7\u00e3o A chegada das festas de fim de ano provocou aumento no tr\u00e1fego de ve\u00edculos, especialmente em dire\u00e7\u00e3o ao Interior e ao Litoral de Pernambuco. Para garantir [&hellip;]","og_url":"https:\/\/tvnova.tv.br\/jornalfatonovo\/prf-encerra-operacao-rodovida-natal-2024-e-reforca-cuidados-no-transito\/","og_site_name":"Jornal Fato Novo","article_publisher":"https:\/\/www.facebook.com\/tvnovanordeste\/","article_published_time":"2024-12-26T18:31:29+00:00","article_modified_time":"2024-12-26T18:32:23+00:00","author":"Jornalismo","twitter_card":"summary_large_image","twitter_creator":"@tvnovanordeste","twitter_site":"@tvnovanordeste","twitter_misc":{"Escrito por":"Jornalismo","Est. tempo de leitura":"1 minuto"},"schema":{"@context":"https:\/\/schema.org","@graph":[{"@type":"Article","@id":"https:\/\/tvnova.tv.br\/jornalfatonovo\/prf-encerra-operacao-rodovida-natal-2024-e-reforca-cuidados-no-transito\/#article","isPartOf":{"@id":"https:\/\/tvnova.tv.br\/jornalfatonovo\/prf-encerra-operacao-rodovida-natal-2024-e-reforca-cuidados-no-transito\/"},"author":{"name":"Jornalismo","@id":"https:\/\/tvnova.tv.br\/jornalfatonovo\/#\/schema\/person\/8acb5c10a7535b12511b7eef3a46cf15"},"headline":"PRF encerra Opera\u00e7\u00e3o Rodovida Natal 2024 e refor\u00e7a cuidados no tr\u00e2nsito","datePublished":"2024-12-26T18:31:29+00:00","dateModified":"2024-12-26T18:32:23+00:00","mainEntityOfPage":{"@id":"https:\/\/tvnova.tv.br\/jornalfatonovo\/prf-encerra-operacao-rodovida-natal-2024-e-reforca-cuidados-no-transito\/"},"wordCount":305,"publisher":{"@id":"https:\/\/tvnova.tv.br\/jornalfatonovo\/#organization"},"image":{"@id":"https:\/\/tvnova.tv.br\/jornalfatonovo\/prf-encerra-operacao-rodovida-natal-2024-e-reforca-cuidados-no-transito\/#primaryimage"},"thumbnailUrl":"https:\/\/tvnova.tv.br\/jornalfatonovo\/wp-content\/uploads\/2024\/12\/whatsapp-image-2022-04-13-at-084153.jpeg","articleSection":["Cidades"],"inLanguage":"pt-BR"},{"@type":"WebPage","@id":"https:\/\/tvnova.tv.br\/jornalfatonovo\/prf-encerra-operacao-rodovida-natal-2024-e-reforca-cuidados-no-transito\/","url":"https:\/\/tvnova.tv.br\/jornalfatonovo\/prf-encerra-operacao-rodovida-natal-2024-e-reforca-cuidados-no-transito\/","name":"PRF encerra Opera\u00e7\u00e3o Rodovida Natal 2024 e refor\u00e7a cuidados no tr\u00e2nsito - Jornal Fato Novo","isPartOf":{"@id":"https:\/\/tvnova.tv.br\/jornalfatonovo\/#website"},"primaryImageOfPage":{"@id":"https:\/\/tvnova.tv.br\/jornalfatonovo\/prf-encerra-operacao-rodovida-natal-2024-e-reforca-cuidados-no-transito\/#primaryimage"},"image":{"@id":"https:\/\/tvnova.tv.br\/jornalfatonovo\/prf-encerra-operacao-rodovida-natal-2024-e-reforca-cuidados-no-transito\/#primaryimage"},"thumbnailUrl":"https:\/\/tvnova.tv.br\/jornalfatonovo\/wp-content\/uploads\/2024\/12\/whatsapp-image-2022-04-13-at-084153.jpeg","datePublished":"2024-12-26T18:31:29+00:00","dateModified":"2024-12-26T18:32:23+00:00","breadcrumb":{"@id":"https:\/\/tvnova.tv.br\/jornalfatonovo\/prf-encerra-operacao-rodovida-natal-2024-e-reforca-cuidados-no-transito\/#breadcrumb"},"inLanguage":"pt-BR","potentialAction":[{"@type":"ReadAction","target":["https:\/\/tvnova.tv.br\/jornalfatonovo\/prf-encerra-operacao-rodovida-natal-2024-e-reforca-cuidados-no-transito\/"]}]},{"@type":"ImageObject","inLanguage":"pt-BR","@id":"https:\/\/tvnova.tv.br\/jornalfatonovo\/prf-encerra-operacao-rodovida-natal-2024-e-reforca-cuidados-no-transito\/#primaryimage","url":"https:\/\/tvnova.tv.br\/jornalfatonovo\/wp-content\/uploads\/2024\/12\/whatsapp-image-2022-04-13-at-084153.jpeg","contentUrl":"https:\/\/tvnova.tv.br\/jornalfatonovo\/wp-content\/uploads\/2024\/12\/whatsapp-image-2022-04-13-at-084153.jpeg","width":1100,"height":825},{"@type":"BreadcrumbList","@id":"https:\/\/tvnova.tv.br\/jornalfatonovo\/prf-encerra-operacao-rodovida-natal-2024-e-reforca-cuidados-no-transito\/#breadcrumb","itemListElement":[{"@type":"ListItem","position":1,"name":"In\u00edcio","item":"https:\/\/tvnova.tv.br\/jornalfatonovo\/"},{"@type":"ListItem","position":2,"name":"PRF encerra Opera\u00e7\u00e3o Rodovida Natal 2024 e refor\u00e7a cuidados no tr\u00e2nsito"}]},{"@type":"WebSite","@id":"https:\/\/tvnova.tv.br\/jornalfatonovo\/#website","url":"https:\/\/tvnova.tv.br\/jornalfatonovo\/","name":"Jornal Fato Novo","description":"Acompanhe as not\u00edcias de Pernambuco","publisher":{"@id":"https:\/\/tvnova.tv.br\/jornalfatonovo\/#organization"},"potentialAction":[{"@type":"SearchAction","target":{"@type":"EntryPoint","urlTemplate":"https:\/\/tvnova.tv.br\/jornalfatonovo\/?s={search_term_string}"},"query-input":{"@type":"PropertyValueSpecification","valueRequired":true,"valueName":"search_term_string"}}],"inLanguage":"pt-BR"},{"@type":"Organization","@id":"https:\/\/tvnova.tv.br\/jornalfatonovo\/#organization","name":"Jornal Fato Novo","url":"https:\/\/tvnova.tv.br\/jornalfatonovo\/","logo":{"@type":"ImageObject","inLanguage":"pt-BR","@id":"https:\/\/tvnova.tv.br\/jornalfatonovo\/#\/schema\/logo\/image\/","url":"https:\/\/tvnova.tv.br\/jornalfatonovo1\/wp-content\/uploads\/2023\/04\/FATO-NOVO-1.png","contentUrl":"https:\/\/tvnova.tv.br\/jornalfatonovo1\/wp-content\/uploads\/2023\/04\/FATO-NOVO-1.png","width":200,"height":60,"caption":"Jornal Fato Novo"},"image":{"@id":"https:\/\/tvnova.tv.br\/jornalfatonovo\/#\/schema\/logo\/image\/"},"sameAs":["https:\/\/www.facebook.com\/tvnovanordeste\/","https:\/\/x.com\/tvnovanordeste","https:\/\/www.instagram.com\/jornalfatonovope\/"]},{"@type":"Person","@id":"https:\/\/tvnova.tv.br\/jornalfatonovo\/#\/schema\/person\/8acb5c10a7535b12511b7eef3a46cf15","name":"Jornalismo","url":"https:\/\/tvnova.tv.br\/jornalfatonovo\/author\/jornalismo\/"}]}},"_links":{"self":[{"href":"https:\/\/tvnova.tv.br\/jornalfatonovo\/wp-json\/wp\/v2\/posts\/21699","targetHints":{"allow":["GET"]}}],"collection":[{"href":"https:\/\/tvnova.tv.br\/jornalfatonovo\/wp-json\/wp\/v2\/posts"}],"about":[{"href":"https:\/\/tvnova.tv.br\/jornalfatonovo\/wp-json\/wp\/v2\/types\/post"}],"author":[{"embeddable":true,"href":"https:\/\/tvnova.tv.br\/jornalfatonovo\/wp-json\/wp\/v2\/users\/13"}],"replies":[{"embeddable":true,"href":"https:\/\/tvnova.tv.br\/jornalfatonovo\/wp-json\/wp\/v2\/comments?post=21699"}],"version-history":[{"count":1,"href":"https:\/\/tvnova.tv.br\/jornalfatonovo\/wp-json\/wp\/v2\/posts\/21699\/revisions"}],"predecessor-version":[{"id":21700,"href":"https:\/\/tvnova.tv.br\/jornalfatonovo\/wp-json\/wp\/v2\/posts\/21699\/revisions\/21700"}],"wp:featuredmedia":[{"embeddable":true,"href":"https:\/\/tvnova.tv.br\/jornalfatonovo\/wp-json\/wp\/v2\/media\/21701"}],"wp:attachment":[{"href":"https:\/\/tvnova.tv.br\/jornalfatonovo\/wp-json\/wp\/v2\/media?parent=21699"}],"wp:term":[{"taxonomy":"category","embeddable":true,"href":"https:\/\/tvnova.tv.br\/jornalfatonovo\/wp-json\/wp\/v2\/categories?post=21699"},{"taxonomy":"post_tag","embeddable":true,"href":"https:\/\/tvnova.tv.br\/jornalfatonovo\/wp-json\/wp\/v2\/tags?post=21699"},{"taxonomy":"cores-categorias","embeddable":true,"href":"https:\/\/tvnova.tv.br\/jornalfatonovo\/wp-json\/wp\/v2\/cores-categorias?post=21699"}],"curies":[{"name":"wp","href":"https:\/\/api.w.org\/{rel}","templated":true}]}}