{"id":21703,"date":"2024-12-26T15:32:50","date_gmt":"2024-12-26T18:32:50","guid":{"rendered":"https:\/\/tvnova.tv.br\/jornalfatonovo\/metro-do-recife-volta-a-suspender-operacoes-aos-domingos\/"},"modified":"2024-12-26T15:32:50","modified_gmt":"2024-12-26T18:32:50","slug":"metro-do-recife-volta-a-suspender-operacoes-aos-domingos","status":"publish","type":"post","link":"https:\/\/tvnova.tv.br\/jornalfatonovo\/metro-do-recife-volta-a-suspender-operacoes-aos-domingos\/","title":{"rendered":"Metr\u00f4 do Recife volta a suspender opera\u00e7\u00f5es aos domingos"},"content":{"rendered":"<h4>Metr\u00f4 do Recife volta a suspender opera\u00e7\u00f5es aos domingos<\/h4>\n<h6>A medida, que come\u00e7a neste fim de semana, \u00e9 necess\u00e1ria para a retomada das obras de manuten\u00e7\u00e3o nas linhas Centro e Sul<\/h6>\n<p>&nbsp;<\/p>\n<p><em>da reda\u00e7\u00e3o<\/em><\/p>\n<p>A partir do pr\u00f3ximo domingo, 29 de dezembro, o Metr\u00f4 do Recife voltar\u00e1 a suspender seu funcionamento aos domingos, por tempo indeterminado. A decis\u00e3o foi anunciada pela Companhia Brasileira de Trens Urbanos (CBTU) nesta quinta-feira (26), devido \u00e0 retomada das obras de manuten\u00e7\u00e3o nas linhas Centro e Sul. O servi\u00e7o havia sido suspenso at\u00e9 o final de novembro, mas foi reaberto em dezembro a pedido da C\u00e2mara de Dirigentes Lojistas (CDL), para atender ao com\u00e9rcio no per\u00edodo de compras de Natal.<\/p>\n<p>A CBTU informou que a interrup\u00e7\u00e3o das opera\u00e7\u00f5es ser\u00e1 necess\u00e1ria para a recupera\u00e7\u00e3o das vias e dos trens eletrificados das linhas afetadas. Al\u00e9m disso, a companhia ressaltou que a popula\u00e7\u00e3o ser\u00e1 sempre informada sobre qualquer mudan\u00e7a nas opera\u00e7\u00f5es aos domingos.<\/p>\n<p>O Metr\u00f4 do Recife possui 36 esta\u00e7\u00f5es e liga\u00e7\u00f5es com terminais de \u00f4nibus. O sistema enfrenta problemas frequentes, como falhas na rede el\u00e9trica, explos\u00f5es de geradores e rompimento de fios. Recentemente, a Linha Centro ficou funcionando parcialmente por sete dias, ap\u00f3s um inc\u00eandio nos cabos da Esta\u00e7\u00e3o Rodovi\u00e1ria, que comprometeu a opera\u00e7\u00e3o da linha Camaragibe.<\/p>\n","protected":false},"excerpt":{"rendered":"<p>Metr\u00f4 do Recife volta a suspender opera\u00e7\u00f5es aos domingos A medida, que come\u00e7a neste fim de semana, \u00e9 necess\u00e1ria para a retomada das obras de manuten\u00e7\u00e3o nas linhas Centro e Sul &nbsp; da reda\u00e7\u00e3o A partir do pr\u00f3ximo domingo, 29 de dezembro, o Metr\u00f4 do Recife voltar\u00e1 a suspender seu funcionamento aos domingos, por tempo [&hellip;]<\/p>\n","protected":false},"author":13,"featured_media":21702,"comment_status":"","ping_status":"","sticky":false,"template":"","format":"standard","meta":{"footnotes":""},"categories":[1],"tags":[],"cores-categorias":[],"class_list":["post-21703","post","type-post","status-publish","format-standard","has-post-thumbnail","hentry","category-cidades"],"yoast_head":"<!-- This site is optimized with the Yoast SEO plugin v27.2 - https:\/\/yoast.com\/product\/yoast-seo-wordpress\/ -->\n<title>Metr\u00f4 do Recife volta a suspender opera\u00e7\u00f5es aos domingos - Jornal Fato Novo<\/title>\n<meta name=\"robots\" content=\"index, follow, max-snippet:-1, max-image-preview:large, max-video-preview:-1\" \/>\n<link rel=\"canonical\" href=\"https:\/\/tvnova.tv.br\/jornalfatonovo\/metro-do-recife-volta-a-suspender-operacoes-aos-domingos\/\" \/>\n<meta property=\"og:locale\" content=\"pt_BR\" \/>\n<meta property=\"og:type\" content=\"article\" \/>\n<meta property=\"og:title\" content=\"Metr\u00f4 do Recife volta a suspender opera\u00e7\u00f5es aos domingos - Jornal Fato Novo\" \/>\n<meta property=\"og:description\" content=\"Metr\u00f4 do Recife volta a suspender opera\u00e7\u00f5es aos domingos A medida, que come\u00e7a neste fim de semana, \u00e9 necess\u00e1ria para a retomada das obras de manuten\u00e7\u00e3o nas linhas Centro e Sul &nbsp; da reda\u00e7\u00e3o A partir do pr\u00f3ximo domingo, 29 de dezembro, o Metr\u00f4 do Recife voltar\u00e1 a suspender seu funcionamento aos domingos, por tempo [&hellip;]\" \/>\n<meta property=\"og:url\" content=\"https:\/\/tvnova.tv.br\/jornalfatonovo\/metro-do-recife-volta-a-suspender-operacoes-aos-domingos\/\" \/>\n<meta property=\"og:site_name\" content=\"Jornal Fato Novo\" \/>\n<meta property=\"article:publisher\" content=\"https:\/\/www.facebook.com\/tvnovanordeste\/\" \/>\n<meta property=\"article:published_time\" content=\"2024-12-26T18:32:50+00:00\" \/>\n<meta name=\"author\" content=\"Jornalismo\" \/>\n<meta name=\"twitter:card\" content=\"summary_large_image\" \/>\n<meta name=\"twitter:creator\" content=\"@tvnovanordeste\" \/>\n<meta name=\"twitter:site\" content=\"@tvnovanordeste\" \/>\n<meta name=\"twitter:label1\" content=\"Escrito por\" \/>\n\t<meta name=\"twitter:data1\" content=\"Jornalismo\" \/>\n\t<meta name=\"twitter:label2\" content=\"Est. tempo de leitura\" \/>\n\t<meta name=\"twitter:data2\" content=\"1 minuto\" \/>\n<script type=\"application\/ld+json\" class=\"yoast-schema-graph\">{\"@context\":\"https:\/\/schema.org\",\"@graph\":[{\"@type\":\"Article\",\"@id\":\"https:\/\/tvnova.tv.br\/jornalfatonovo\/metro-do-recife-volta-a-suspender-operacoes-aos-domingos\/#article\",\"isPartOf\":{\"@id\":\"https:\/\/tvnova.tv.br\/jornalfatonovo\/metro-do-recife-volta-a-suspender-operacoes-aos-domingos\/\"},\"author\":{\"name\":\"Jornalismo\",\"@id\":\"https:\/\/tvnova.tv.br\/jornalfatonovo\/#\/schema\/person\/8acb5c10a7535b12511b7eef3a46cf15\"},\"headline\":\"Metr\u00f4 do Recife volta a suspender opera\u00e7\u00f5es aos domingos\",\"datePublished\":\"2024-12-26T18:32:50+00:00\",\"mainEntityOfPage\":{\"@id\":\"https:\/\/tvnova.tv.br\/jornalfatonovo\/metro-do-recife-volta-a-suspender-operacoes-aos-domingos\/\"},\"wordCount\":244,\"publisher\":{\"@id\":\"https:\/\/tvnova.tv.br\/jornalfatonovo\/#organization\"},\"image\":{\"@id\":\"https:\/\/tvnova.tv.br\/jornalfatonovo\/metro-do-recife-volta-a-suspender-operacoes-aos-domingos\/#primaryimage\"},\"thumbnailUrl\":\"https:\/\/tvnova.tv.br\/jornalfatonovo\/wp-content\/uploads\/2024\/12\/whatsapp-image-2022-05-05-at-142936.jpeg\",\"articleSection\":[\"Cidades\"],\"inLanguage\":\"pt-BR\"},{\"@type\":\"WebPage\",\"@id\":\"https:\/\/tvnova.tv.br\/jornalfatonovo\/metro-do-recife-volta-a-suspender-operacoes-aos-domingos\/\",\"url\":\"https:\/\/tvnova.tv.br\/jornalfatonovo\/metro-do-recife-volta-a-suspender-operacoes-aos-domingos\/\",\"name\":\"Metr\u00f4 do Recife volta a suspender opera\u00e7\u00f5es aos domingos - Jornal Fato Novo\",\"isPartOf\":{\"@id\":\"https:\/\/tvnova.tv.br\/jornalfatonovo\/#website\"},\"primaryImageOfPage\":{\"@id\":\"https:\/\/tvnova.tv.br\/jornalfatonovo\/metro-do-recife-volta-a-suspender-operacoes-aos-domingos\/#primaryimage\"},\"image\":{\"@id\":\"https:\/\/tvnova.tv.br\/jornalfatonovo\/metro-do-recife-volta-a-suspender-operacoes-aos-domingos\/#primaryimage\"},\"thumbnailUrl\":\"https:\/\/tvnova.tv.br\/jornalfatonovo\/wp-content\/uploads\/2024\/12\/whatsapp-image-2022-05-05-at-142936.jpeg\",\"datePublished\":\"2024-12-26T18:32:50+00:00\",\"breadcrumb\":{\"@id\":\"https:\/\/tvnova.tv.br\/jornalfatonovo\/metro-do-recife-volta-a-suspender-operacoes-aos-domingos\/#breadcrumb\"},\"inLanguage\":\"pt-BR\",\"potentialAction\":[{\"@type\":\"ReadAction\",\"target\":[\"https:\/\/tvnova.tv.br\/jornalfatonovo\/metro-do-recife-volta-a-suspender-operacoes-aos-domingos\/\"]}]},{\"@type\":\"ImageObject\",\"inLanguage\":\"pt-BR\",\"@id\":\"https:\/\/tvnova.tv.br\/jornalfatonovo\/metro-do-recife-volta-a-suspender-operacoes-aos-domingos\/#primaryimage\",\"url\":\"https:\/\/tvnova.tv.br\/jornalfatonovo\/wp-content\/uploads\/2024\/12\/whatsapp-image-2022-05-05-at-142936.jpeg\",\"contentUrl\":\"https:\/\/tvnova.tv.br\/jornalfatonovo\/wp-content\/uploads\/2024\/12\/whatsapp-image-2022-05-05-at-142936.jpeg\",\"width\":1100,\"height\":734},{\"@type\":\"BreadcrumbList\",\"@id\":\"https:\/\/tvnova.tv.br\/jornalfatonovo\/metro-do-recife-volta-a-suspender-operacoes-aos-domingos\/#breadcrumb\",\"itemListElement\":[{\"@type\":\"ListItem\",\"position\":1,\"name\":\"In\u00edcio\",\"item\":\"https:\/\/tvnova.tv.br\/jornalfatonovo\/\"},{\"@type\":\"ListItem\",\"position\":2,\"name\":\"Metr\u00f4 do Recife volta a suspender opera\u00e7\u00f5es aos domingos\"}]},{\"@type\":\"WebSite\",\"@id\":\"https:\/\/tvnova.tv.br\/jornalfatonovo\/#website\",\"url\":\"https:\/\/tvnova.tv.br\/jornalfatonovo\/\",\"name\":\"Jornal Fato Novo\",\"description\":\"Acompanhe as not\u00edcias de Pernambuco\",\"publisher\":{\"@id\":\"https:\/\/tvnova.tv.br\/jornalfatonovo\/#organization\"},\"potentialAction\":[{\"@type\":\"SearchAction\",\"target\":{\"@type\":\"EntryPoint\",\"urlTemplate\":\"https:\/\/tvnova.tv.br\/jornalfatonovo\/?s={search_term_string}\"},\"query-input\":{\"@type\":\"PropertyValueSpecification\",\"valueRequired\":true,\"valueName\":\"search_term_string\"}}],\"inLanguage\":\"pt-BR\"},{\"@type\":\"Organization\",\"@id\":\"https:\/\/tvnova.tv.br\/jornalfatonovo\/#organization\",\"name\":\"Jornal Fato Novo\",\"url\":\"https:\/\/tvnova.tv.br\/jornalfatonovo\/\",\"logo\":{\"@type\":\"ImageObject\",\"inLanguage\":\"pt-BR\",\"@id\":\"https:\/\/tvnova.tv.br\/jornalfatonovo\/#\/schema\/logo\/image\/\",\"url\":\"https:\/\/tvnova.tv.br\/jornalfatonovo1\/wp-content\/uploads\/2023\/04\/FATO-NOVO-1.png\",\"contentUrl\":\"https:\/\/tvnova.tv.br\/jornalfatonovo1\/wp-content\/uploads\/2023\/04\/FATO-NOVO-1.png\",\"width\":200,\"height\":60,\"caption\":\"Jornal Fato Novo\"},\"image\":{\"@id\":\"https:\/\/tvnova.tv.br\/jornalfatonovo\/#\/schema\/logo\/image\/\"},\"sameAs\":[\"https:\/\/www.facebook.com\/tvnovanordeste\/\",\"https:\/\/x.com\/tvnovanordeste\",\"https:\/\/www.instagram.com\/jornalfatonovope\/\"]},{\"@type\":\"Person\",\"@id\":\"https:\/\/tvnova.tv.br\/jornalfatonovo\/#\/schema\/person\/8acb5c10a7535b12511b7eef3a46cf15\",\"name\":\"Jornalismo\",\"url\":\"https:\/\/tvnova.tv.br\/jornalfatonovo\/author\/jornalismo\/\"}]}<\/script>\n<!-- \/ Yoast SEO plugin. -->","yoast_head_json":{"title":"Metr\u00f4 do Recife volta a suspender opera\u00e7\u00f5es aos domingos - Jornal Fato Novo","robots":{"index":"index","follow":"follow","max-snippet":"max-snippet:-1","max-image-preview":"max-image-preview:large","max-video-preview":"max-video-preview:-1"},"canonical":"https:\/\/tvnova.tv.br\/jornalfatonovo\/metro-do-recife-volta-a-suspender-operacoes-aos-domingos\/","og_locale":"pt_BR","og_type":"article","og_title":"Metr\u00f4 do Recife volta a suspender opera\u00e7\u00f5es aos domingos - Jornal Fato Novo","og_description":"Metr\u00f4 do Recife volta a suspender opera\u00e7\u00f5es aos domingos A medida, que come\u00e7a neste fim de semana, \u00e9 necess\u00e1ria para a retomada das obras de manuten\u00e7\u00e3o nas linhas Centro e Sul &nbsp; da reda\u00e7\u00e3o A partir do pr\u00f3ximo domingo, 29 de dezembro, o Metr\u00f4 do Recife voltar\u00e1 a suspender seu funcionamento aos domingos, por tempo [&hellip;]","og_url":"https:\/\/tvnova.tv.br\/jornalfatonovo\/metro-do-recife-volta-a-suspender-operacoes-aos-domingos\/","og_site_name":"Jornal Fato Novo","article_publisher":"https:\/\/www.facebook.com\/tvnovanordeste\/","article_published_time":"2024-12-26T18:32:50+00:00","author":"Jornalismo","twitter_card":"summary_large_image","twitter_creator":"@tvnovanordeste","twitter_site":"@tvnovanordeste","twitter_misc":{"Escrito por":"Jornalismo","Est. tempo de leitura":"1 minuto"},"schema":{"@context":"https:\/\/schema.org","@graph":[{"@type":"Article","@id":"https:\/\/tvnova.tv.br\/jornalfatonovo\/metro-do-recife-volta-a-suspender-operacoes-aos-domingos\/#article","isPartOf":{"@id":"https:\/\/tvnova.tv.br\/jornalfatonovo\/metro-do-recife-volta-a-suspender-operacoes-aos-domingos\/"},"author":{"name":"Jornalismo","@id":"https:\/\/tvnova.tv.br\/jornalfatonovo\/#\/schema\/person\/8acb5c10a7535b12511b7eef3a46cf15"},"headline":"Metr\u00f4 do Recife volta a suspender opera\u00e7\u00f5es aos domingos","datePublished":"2024-12-26T18:32:50+00:00","mainEntityOfPage":{"@id":"https:\/\/tvnova.tv.br\/jornalfatonovo\/metro-do-recife-volta-a-suspender-operacoes-aos-domingos\/"},"wordCount":244,"publisher":{"@id":"https:\/\/tvnova.tv.br\/jornalfatonovo\/#organization"},"image":{"@id":"https:\/\/tvnova.tv.br\/jornalfatonovo\/metro-do-recife-volta-a-suspender-operacoes-aos-domingos\/#primaryimage"},"thumbnailUrl":"https:\/\/tvnova.tv.br\/jornalfatonovo\/wp-content\/uploads\/2024\/12\/whatsapp-image-2022-05-05-at-142936.jpeg","articleSection":["Cidades"],"inLanguage":"pt-BR"},{"@type":"WebPage","@id":"https:\/\/tvnova.tv.br\/jornalfatonovo\/metro-do-recife-volta-a-suspender-operacoes-aos-domingos\/","url":"https:\/\/tvnova.tv.br\/jornalfatonovo\/metro-do-recife-volta-a-suspender-operacoes-aos-domingos\/","name":"Metr\u00f4 do Recife volta a suspender opera\u00e7\u00f5es aos domingos - Jornal Fato Novo","isPartOf":{"@id":"https:\/\/tvnova.tv.br\/jornalfatonovo\/#website"},"primaryImageOfPage":{"@id":"https:\/\/tvnova.tv.br\/jornalfatonovo\/metro-do-recife-volta-a-suspender-operacoes-aos-domingos\/#primaryimage"},"image":{"@id":"https:\/\/tvnova.tv.br\/jornalfatonovo\/metro-do-recife-volta-a-suspender-operacoes-aos-domingos\/#primaryimage"},"thumbnailUrl":"https:\/\/tvnova.tv.br\/jornalfatonovo\/wp-content\/uploads\/2024\/12\/whatsapp-image-2022-05-05-at-142936.jpeg","datePublished":"2024-12-26T18:32:50+00:00","breadcrumb":{"@id":"https:\/\/tvnova.tv.br\/jornalfatonovo\/metro-do-recife-volta-a-suspender-operacoes-aos-domingos\/#breadcrumb"},"inLanguage":"pt-BR","potentialAction":[{"@type":"ReadAction","target":["https:\/\/tvnova.tv.br\/jornalfatonovo\/metro-do-recife-volta-a-suspender-operacoes-aos-domingos\/"]}]},{"@type":"ImageObject","inLanguage":"pt-BR","@id":"https:\/\/tvnova.tv.br\/jornalfatonovo\/metro-do-recife-volta-a-suspender-operacoes-aos-domingos\/#primaryimage","url":"https:\/\/tvnova.tv.br\/jornalfatonovo\/wp-content\/uploads\/2024\/12\/whatsapp-image-2022-05-05-at-142936.jpeg","contentUrl":"https:\/\/tvnova.tv.br\/jornalfatonovo\/wp-content\/uploads\/2024\/12\/whatsapp-image-2022-05-05-at-142936.jpeg","width":1100,"height":734},{"@type":"BreadcrumbList","@id":"https:\/\/tvnova.tv.br\/jornalfatonovo\/metro-do-recife-volta-a-suspender-operacoes-aos-domingos\/#breadcrumb","itemListElement":[{"@type":"ListItem","position":1,"name":"In\u00edcio","item":"https:\/\/tvnova.tv.br\/jornalfatonovo\/"},{"@type":"ListItem","position":2,"name":"Metr\u00f4 do Recife volta a suspender opera\u00e7\u00f5es aos domingos"}]},{"@type":"WebSite","@id":"https:\/\/tvnova.tv.br\/jornalfatonovo\/#website","url":"https:\/\/tvnova.tv.br\/jornalfatonovo\/","name":"Jornal Fato Novo","description":"Acompanhe as not\u00edcias de Pernambuco","publisher":{"@id":"https:\/\/tvnova.tv.br\/jornalfatonovo\/#organization"},"potentialAction":[{"@type":"SearchAction","target":{"@type":"EntryPoint","urlTemplate":"https:\/\/tvnova.tv.br\/jornalfatonovo\/?s={search_term_string}"},"query-input":{"@type":"PropertyValueSpecification","valueRequired":true,"valueName":"search_term_string"}}],"inLanguage":"pt-BR"},{"@type":"Organization","@id":"https:\/\/tvnova.tv.br\/jornalfatonovo\/#organization","name":"Jornal Fato Novo","url":"https:\/\/tvnova.tv.br\/jornalfatonovo\/","logo":{"@type":"ImageObject","inLanguage":"pt-BR","@id":"https:\/\/tvnova.tv.br\/jornalfatonovo\/#\/schema\/logo\/image\/","url":"https:\/\/tvnova.tv.br\/jornalfatonovo1\/wp-content\/uploads\/2023\/04\/FATO-NOVO-1.png","contentUrl":"https:\/\/tvnova.tv.br\/jornalfatonovo1\/wp-content\/uploads\/2023\/04\/FATO-NOVO-1.png","width":200,"height":60,"caption":"Jornal Fato Novo"},"image":{"@id":"https:\/\/tvnova.tv.br\/jornalfatonovo\/#\/schema\/logo\/image\/"},"sameAs":["https:\/\/www.facebook.com\/tvnovanordeste\/","https:\/\/x.com\/tvnovanordeste","https:\/\/www.instagram.com\/jornalfatonovope\/"]},{"@type":"Person","@id":"https:\/\/tvnova.tv.br\/jornalfatonovo\/#\/schema\/person\/8acb5c10a7535b12511b7eef3a46cf15","name":"Jornalismo","url":"https:\/\/tvnova.tv.br\/jornalfatonovo\/author\/jornalismo\/"}]}},"_links":{"self":[{"href":"https:\/\/tvnova.tv.br\/jornalfatonovo\/wp-json\/wp\/v2\/posts\/21703","targetHints":{"allow":["GET"]}}],"collection":[{"href":"https:\/\/tvnova.tv.br\/jornalfatonovo\/wp-json\/wp\/v2\/posts"}],"about":[{"href":"https:\/\/tvnova.tv.br\/jornalfatonovo\/wp-json\/wp\/v2\/types\/post"}],"author":[{"embeddable":true,"href":"https:\/\/tvnova.tv.br\/jornalfatonovo\/wp-json\/wp\/v2\/users\/13"}],"replies":[{"embeddable":true,"href":"https:\/\/tvnova.tv.br\/jornalfatonovo\/wp-json\/wp\/v2\/comments?post=21703"}],"version-history":[{"count":0,"href":"https:\/\/tvnova.tv.br\/jornalfatonovo\/wp-json\/wp\/v2\/posts\/21703\/revisions"}],"wp:featuredmedia":[{"embeddable":true,"href":"https:\/\/tvnova.tv.br\/jornalfatonovo\/wp-json\/wp\/v2\/media\/21702"}],"wp:attachment":[{"href":"https:\/\/tvnova.tv.br\/jornalfatonovo\/wp-json\/wp\/v2\/media?parent=21703"}],"wp:term":[{"taxonomy":"category","embeddable":true,"href":"https:\/\/tvnova.tv.br\/jornalfatonovo\/wp-json\/wp\/v2\/categories?post=21703"},{"taxonomy":"post_tag","embeddable":true,"href":"https:\/\/tvnova.tv.br\/jornalfatonovo\/wp-json\/wp\/v2\/tags?post=21703"},{"taxonomy":"cores-categorias","embeddable":true,"href":"https:\/\/tvnova.tv.br\/jornalfatonovo\/wp-json\/wp\/v2\/cores-categorias?post=21703"}],"curies":[{"name":"wp","href":"https:\/\/api.w.org\/{rel}","templated":true}]}}