{"id":21707,"date":"2024-12-26T15:37:14","date_gmt":"2024-12-26T18:37:14","guid":{"rendered":"https:\/\/tvnova.tv.br\/jornalfatonovo\/?p=21707"},"modified":"2024-12-26T15:39:07","modified_gmt":"2024-12-26T18:39:07","slug":"camara-do-recife-aprova-reestruturacao-do-executivo-municipal","status":"publish","type":"post","link":"https:\/\/tvnova.tv.br\/jornalfatonovo\/camara-do-recife-aprova-reestruturacao-do-executivo-municipal\/","title":{"rendered":"C\u00e2mara do Recife aprova reestrutura\u00e7\u00e3o do Executivo municipal"},"content":{"rendered":"<h4>C\u00e2mara do Recife aprova reestrutura\u00e7\u00e3o do Executivo municipal<\/h4>\n<h6>Projeto de Lei cria novas secretarias e gera divis\u00e3o entre a base e a oposi\u00e7\u00e3o<\/h6>\n<p>&nbsp;<\/p>\n<p><em>da reda\u00e7\u00e3o<\/em><\/p>\n<p>A C\u00e2mara de Vereadores do Recife aprovou em primeira vota\u00e7\u00e3o o Projeto de Lei (PL) que reestrutura o Executivo municipal para o novo mandato do prefeito Jo\u00e3o Campos (PSB). O projeto obteve 27 votos a favor e 5 contr\u00e1rios.<\/p>\n<p>A vota\u00e7\u00e3o aconteceu em uma reuni\u00e3o extraordin\u00e1ria, com a presen\u00e7a de 35 dos 38 vereadores da Casa Jos\u00e9 Mariano. Entre as mudan\u00e7as propostas, est\u00e1 a cria\u00e7\u00e3o de novas secretarias, como a de Rela\u00e7\u00f5es Institucionais, que ser\u00e1 comandada pelo ex-vice-governador Raul Henry (MDB), conforme anunciado pelo prefeito nas redes sociais.<\/p>\n<p>A divulga\u00e7\u00e3o antecipada dos nomes para as novas secretarias gerou insatisfa\u00e7\u00e3o entre os vereadores da oposi\u00e7\u00e3o, que criticaram o aumento no n\u00famero de pastas e questionaram a escolha dos nomes. Como resultado, cinco vereadores votaram contra a proposta: Michele Collins (PP), Davi Muniz (PSD), Doduel Varela (PSD), Fred Ferreira (PL) e Felipe Alecrim (Novo). Na leitura do projeto, realizada dias antes, a oposi\u00e7\u00e3o havia concordado com a dispensa dos prazos para emendas, agilizando a tramita\u00e7\u00e3o da mat\u00e9ria.<\/p>\n<p>O l\u00edder do governo, Samuel Salazar (MDB), afirmou que, apesar da oposi\u00e7\u00e3o ter se manifestado favor\u00e1vel \u00e0 reforma, \u00e9 natural que nem todos concordassem com a antecipa\u00e7\u00e3o dos nomes. Ele ressaltou que o prefeito n\u00e3o nomeou oficialmente ningu\u00e9m, apenas indicou, publicamente, as pessoas com quem pretende trabalhar.<\/p>\n<p>O projeto ser\u00e1 novamente discutido em plen\u00e1rio nesta sexta-feira (27) e, se aprovado, ser\u00e1 enviado para a san\u00e7\u00e3o do prefeito Jo\u00e3o Campos.<\/p>\n","protected":false},"excerpt":{"rendered":"<p>C\u00e2mara do Recife aprova reestrutura\u00e7\u00e3o do Executivo municipal Projeto de Lei cria novas secretarias e gera divis\u00e3o entre a base e a oposi\u00e7\u00e3o &nbsp; da reda\u00e7\u00e3o A C\u00e2mara de Vereadores do Recife aprovou em primeira vota\u00e7\u00e3o o Projeto de Lei (PL) que reestrutura o Executivo municipal para o novo mandato do prefeito Jo\u00e3o Campos (PSB). [&hellip;]<\/p>\n","protected":false},"author":13,"featured_media":21708,"comment_status":"closed","ping_status":"","sticky":false,"template":"","format":"standard","meta":{"footnotes":""},"categories":[271],"tags":[],"cores-categorias":[],"class_list":["post-21707","post","type-post","status-publish","format-standard","has-post-thumbnail","hentry","category-politica"],"yoast_head":"<!-- This site is optimized with the Yoast SEO plugin v27.2 - https:\/\/yoast.com\/product\/yoast-seo-wordpress\/ -->\n<title>C\u00e2mara do Recife aprova reestrutura\u00e7\u00e3o do Executivo municipal - Jornal Fato Novo<\/title>\n<meta name=\"robots\" content=\"index, follow, max-snippet:-1, max-image-preview:large, max-video-preview:-1\" \/>\n<link rel=\"canonical\" href=\"https:\/\/tvnova.tv.br\/jornalfatonovo\/camara-do-recife-aprova-reestruturacao-do-executivo-municipal\/\" \/>\n<meta property=\"og:locale\" content=\"pt_BR\" \/>\n<meta property=\"og:type\" content=\"article\" \/>\n<meta property=\"og:title\" content=\"C\u00e2mara do Recife aprova reestrutura\u00e7\u00e3o do Executivo municipal - Jornal Fato Novo\" \/>\n<meta property=\"og:description\" content=\"C\u00e2mara do Recife aprova reestrutura\u00e7\u00e3o do Executivo municipal Projeto de Lei cria novas secretarias e gera divis\u00e3o entre a base e a oposi\u00e7\u00e3o &nbsp; da reda\u00e7\u00e3o A C\u00e2mara de Vereadores do Recife aprovou em primeira vota\u00e7\u00e3o o Projeto de Lei (PL) que reestrutura o Executivo municipal para o novo mandato do prefeito Jo\u00e3o Campos (PSB). [&hellip;]\" \/>\n<meta property=\"og:url\" content=\"https:\/\/tvnova.tv.br\/jornalfatonovo\/camara-do-recife-aprova-reestruturacao-do-executivo-municipal\/\" \/>\n<meta property=\"og:site_name\" content=\"Jornal Fato Novo\" \/>\n<meta property=\"article:publisher\" content=\"https:\/\/www.facebook.com\/tvnovanordeste\/\" \/>\n<meta property=\"article:published_time\" content=\"2024-12-26T18:37:14+00:00\" \/>\n<meta property=\"article:modified_time\" content=\"2024-12-26T18:39:07+00:00\" \/>\n<meta property=\"og:image\" content=\"https:\/\/tvnova.tv.br\/jornalfatonovo\/wp-content\/uploads\/2024\/12\/camaraplenario.jpg\" \/>\n\t<meta property=\"og:image:width\" content=\"1088\" \/>\n\t<meta property=\"og:image:height\" content=\"615\" \/>\n\t<meta property=\"og:image:type\" content=\"image\/jpeg\" \/>\n<meta name=\"author\" content=\"Jornalismo\" \/>\n<meta name=\"twitter:card\" content=\"summary_large_image\" \/>\n<meta name=\"twitter:creator\" content=\"@tvnovanordeste\" \/>\n<meta name=\"twitter:site\" content=\"@tvnovanordeste\" \/>\n<meta name=\"twitter:label1\" content=\"Escrito por\" \/>\n\t<meta name=\"twitter:data1\" content=\"Jornalismo\" \/>\n\t<meta name=\"twitter:label2\" content=\"Est. tempo de leitura\" \/>\n\t<meta name=\"twitter:data2\" content=\"1 minuto\" \/>\n<script type=\"application\/ld+json\" class=\"yoast-schema-graph\">{\"@context\":\"https:\/\/schema.org\",\"@graph\":[{\"@type\":\"Article\",\"@id\":\"https:\/\/tvnova.tv.br\/jornalfatonovo\/camara-do-recife-aprova-reestruturacao-do-executivo-municipal\/#article\",\"isPartOf\":{\"@id\":\"https:\/\/tvnova.tv.br\/jornalfatonovo\/camara-do-recife-aprova-reestruturacao-do-executivo-municipal\/\"},\"author\":{\"name\":\"Jornalismo\",\"@id\":\"https:\/\/tvnova.tv.br\/jornalfatonovo\/#\/schema\/person\/8acb5c10a7535b12511b7eef3a46cf15\"},\"headline\":\"C\u00e2mara do Recife aprova reestrutura\u00e7\u00e3o do Executivo municipal\",\"datePublished\":\"2024-12-26T18:37:14+00:00\",\"dateModified\":\"2024-12-26T18:39:07+00:00\",\"mainEntityOfPage\":{\"@id\":\"https:\/\/tvnova.tv.br\/jornalfatonovo\/camara-do-recife-aprova-reestruturacao-do-executivo-municipal\/\"},\"wordCount\":295,\"publisher\":{\"@id\":\"https:\/\/tvnova.tv.br\/jornalfatonovo\/#organization\"},\"image\":{\"@id\":\"https:\/\/tvnova.tv.br\/jornalfatonovo\/camara-do-recife-aprova-reestruturacao-do-executivo-municipal\/#primaryimage\"},\"thumbnailUrl\":\"https:\/\/tvnova.tv.br\/jornalfatonovo\/wp-content\/uploads\/2024\/12\/camaraplenario.jpg\",\"articleSection\":[\"Pol\u00edtica\"],\"inLanguage\":\"pt-BR\"},{\"@type\":\"WebPage\",\"@id\":\"https:\/\/tvnova.tv.br\/jornalfatonovo\/camara-do-recife-aprova-reestruturacao-do-executivo-municipal\/\",\"url\":\"https:\/\/tvnova.tv.br\/jornalfatonovo\/camara-do-recife-aprova-reestruturacao-do-executivo-municipal\/\",\"name\":\"C\u00e2mara do Recife aprova reestrutura\u00e7\u00e3o do Executivo municipal - Jornal Fato Novo\",\"isPartOf\":{\"@id\":\"https:\/\/tvnova.tv.br\/jornalfatonovo\/#website\"},\"primaryImageOfPage\":{\"@id\":\"https:\/\/tvnova.tv.br\/jornalfatonovo\/camara-do-recife-aprova-reestruturacao-do-executivo-municipal\/#primaryimage\"},\"image\":{\"@id\":\"https:\/\/tvnova.tv.br\/jornalfatonovo\/camara-do-recife-aprova-reestruturacao-do-executivo-municipal\/#primaryimage\"},\"thumbnailUrl\":\"https:\/\/tvnova.tv.br\/jornalfatonovo\/wp-content\/uploads\/2024\/12\/camaraplenario.jpg\",\"datePublished\":\"2024-12-26T18:37:14+00:00\",\"dateModified\":\"2024-12-26T18:39:07+00:00\",\"breadcrumb\":{\"@id\":\"https:\/\/tvnova.tv.br\/jornalfatonovo\/camara-do-recife-aprova-reestruturacao-do-executivo-municipal\/#breadcrumb\"},\"inLanguage\":\"pt-BR\",\"potentialAction\":[{\"@type\":\"ReadAction\",\"target\":[\"https:\/\/tvnova.tv.br\/jornalfatonovo\/camara-do-recife-aprova-reestruturacao-do-executivo-municipal\/\"]}]},{\"@type\":\"ImageObject\",\"inLanguage\":\"pt-BR\",\"@id\":\"https:\/\/tvnova.tv.br\/jornalfatonovo\/camara-do-recife-aprova-reestruturacao-do-executivo-municipal\/#primaryimage\",\"url\":\"https:\/\/tvnova.tv.br\/jornalfatonovo\/wp-content\/uploads\/2024\/12\/camaraplenario.jpg\",\"contentUrl\":\"https:\/\/tvnova.tv.br\/jornalfatonovo\/wp-content\/uploads\/2024\/12\/camaraplenario.jpg\",\"width\":1088,\"height\":615},{\"@type\":\"BreadcrumbList\",\"@id\":\"https:\/\/tvnova.tv.br\/jornalfatonovo\/camara-do-recife-aprova-reestruturacao-do-executivo-municipal\/#breadcrumb\",\"itemListElement\":[{\"@type\":\"ListItem\",\"position\":1,\"name\":\"In\u00edcio\",\"item\":\"https:\/\/tvnova.tv.br\/jornalfatonovo\/\"},{\"@type\":\"ListItem\",\"position\":2,\"name\":\"C\u00e2mara do Recife aprova reestrutura\u00e7\u00e3o do Executivo municipal\"}]},{\"@type\":\"WebSite\",\"@id\":\"https:\/\/tvnova.tv.br\/jornalfatonovo\/#website\",\"url\":\"https:\/\/tvnova.tv.br\/jornalfatonovo\/\",\"name\":\"Jornal Fato Novo\",\"description\":\"Acompanhe as not\u00edcias de Pernambuco\",\"publisher\":{\"@id\":\"https:\/\/tvnova.tv.br\/jornalfatonovo\/#organization\"},\"potentialAction\":[{\"@type\":\"SearchAction\",\"target\":{\"@type\":\"EntryPoint\",\"urlTemplate\":\"https:\/\/tvnova.tv.br\/jornalfatonovo\/?s={search_term_string}\"},\"query-input\":{\"@type\":\"PropertyValueSpecification\",\"valueRequired\":true,\"valueName\":\"search_term_string\"}}],\"inLanguage\":\"pt-BR\"},{\"@type\":\"Organization\",\"@id\":\"https:\/\/tvnova.tv.br\/jornalfatonovo\/#organization\",\"name\":\"Jornal Fato Novo\",\"url\":\"https:\/\/tvnova.tv.br\/jornalfatonovo\/\",\"logo\":{\"@type\":\"ImageObject\",\"inLanguage\":\"pt-BR\",\"@id\":\"https:\/\/tvnova.tv.br\/jornalfatonovo\/#\/schema\/logo\/image\/\",\"url\":\"https:\/\/tvnova.tv.br\/jornalfatonovo1\/wp-content\/uploads\/2023\/04\/FATO-NOVO-1.png\",\"contentUrl\":\"https:\/\/tvnova.tv.br\/jornalfatonovo1\/wp-content\/uploads\/2023\/04\/FATO-NOVO-1.png\",\"width\":200,\"height\":60,\"caption\":\"Jornal Fato Novo\"},\"image\":{\"@id\":\"https:\/\/tvnova.tv.br\/jornalfatonovo\/#\/schema\/logo\/image\/\"},\"sameAs\":[\"https:\/\/www.facebook.com\/tvnovanordeste\/\",\"https:\/\/x.com\/tvnovanordeste\",\"https:\/\/www.instagram.com\/jornalfatonovope\/\"]},{\"@type\":\"Person\",\"@id\":\"https:\/\/tvnova.tv.br\/jornalfatonovo\/#\/schema\/person\/8acb5c10a7535b12511b7eef3a46cf15\",\"name\":\"Jornalismo\",\"url\":\"https:\/\/tvnova.tv.br\/jornalfatonovo\/author\/jornalismo\/\"}]}<\/script>\n<!-- \/ Yoast SEO plugin. -->","yoast_head_json":{"title":"C\u00e2mara do Recife aprova reestrutura\u00e7\u00e3o do Executivo municipal - Jornal Fato Novo","robots":{"index":"index","follow":"follow","max-snippet":"max-snippet:-1","max-image-preview":"max-image-preview:large","max-video-preview":"max-video-preview:-1"},"canonical":"https:\/\/tvnova.tv.br\/jornalfatonovo\/camara-do-recife-aprova-reestruturacao-do-executivo-municipal\/","og_locale":"pt_BR","og_type":"article","og_title":"C\u00e2mara do Recife aprova reestrutura\u00e7\u00e3o do Executivo municipal - Jornal Fato Novo","og_description":"C\u00e2mara do Recife aprova reestrutura\u00e7\u00e3o do Executivo municipal Projeto de Lei cria novas secretarias e gera divis\u00e3o entre a base e a oposi\u00e7\u00e3o &nbsp; da reda\u00e7\u00e3o A C\u00e2mara de Vereadores do Recife aprovou em primeira vota\u00e7\u00e3o o Projeto de Lei (PL) que reestrutura o Executivo municipal para o novo mandato do prefeito Jo\u00e3o Campos (PSB). [&hellip;]","og_url":"https:\/\/tvnova.tv.br\/jornalfatonovo\/camara-do-recife-aprova-reestruturacao-do-executivo-municipal\/","og_site_name":"Jornal Fato Novo","article_publisher":"https:\/\/www.facebook.com\/tvnovanordeste\/","article_published_time":"2024-12-26T18:37:14+00:00","article_modified_time":"2024-12-26T18:39:07+00:00","og_image":[{"width":1088,"height":615,"url":"https:\/\/tvnova.tv.br\/jornalfatonovo\/wp-content\/uploads\/2024\/12\/camaraplenario.jpg","type":"image\/jpeg"}],"author":"Jornalismo","twitter_card":"summary_large_image","twitter_creator":"@tvnovanordeste","twitter_site":"@tvnovanordeste","twitter_misc":{"Escrito por":"Jornalismo","Est. tempo de leitura":"1 minuto"},"schema":{"@context":"https:\/\/schema.org","@graph":[{"@type":"Article","@id":"https:\/\/tvnova.tv.br\/jornalfatonovo\/camara-do-recife-aprova-reestruturacao-do-executivo-municipal\/#article","isPartOf":{"@id":"https:\/\/tvnova.tv.br\/jornalfatonovo\/camara-do-recife-aprova-reestruturacao-do-executivo-municipal\/"},"author":{"name":"Jornalismo","@id":"https:\/\/tvnova.tv.br\/jornalfatonovo\/#\/schema\/person\/8acb5c10a7535b12511b7eef3a46cf15"},"headline":"C\u00e2mara do Recife aprova reestrutura\u00e7\u00e3o do Executivo municipal","datePublished":"2024-12-26T18:37:14+00:00","dateModified":"2024-12-26T18:39:07+00:00","mainEntityOfPage":{"@id":"https:\/\/tvnova.tv.br\/jornalfatonovo\/camara-do-recife-aprova-reestruturacao-do-executivo-municipal\/"},"wordCount":295,"publisher":{"@id":"https:\/\/tvnova.tv.br\/jornalfatonovo\/#organization"},"image":{"@id":"https:\/\/tvnova.tv.br\/jornalfatonovo\/camara-do-recife-aprova-reestruturacao-do-executivo-municipal\/#primaryimage"},"thumbnailUrl":"https:\/\/tvnova.tv.br\/jornalfatonovo\/wp-content\/uploads\/2024\/12\/camaraplenario.jpg","articleSection":["Pol\u00edtica"],"inLanguage":"pt-BR"},{"@type":"WebPage","@id":"https:\/\/tvnova.tv.br\/jornalfatonovo\/camara-do-recife-aprova-reestruturacao-do-executivo-municipal\/","url":"https:\/\/tvnova.tv.br\/jornalfatonovo\/camara-do-recife-aprova-reestruturacao-do-executivo-municipal\/","name":"C\u00e2mara do Recife aprova reestrutura\u00e7\u00e3o do Executivo municipal - Jornal Fato Novo","isPartOf":{"@id":"https:\/\/tvnova.tv.br\/jornalfatonovo\/#website"},"primaryImageOfPage":{"@id":"https:\/\/tvnova.tv.br\/jornalfatonovo\/camara-do-recife-aprova-reestruturacao-do-executivo-municipal\/#primaryimage"},"image":{"@id":"https:\/\/tvnova.tv.br\/jornalfatonovo\/camara-do-recife-aprova-reestruturacao-do-executivo-municipal\/#primaryimage"},"thumbnailUrl":"https:\/\/tvnova.tv.br\/jornalfatonovo\/wp-content\/uploads\/2024\/12\/camaraplenario.jpg","datePublished":"2024-12-26T18:37:14+00:00","dateModified":"2024-12-26T18:39:07+00:00","breadcrumb":{"@id":"https:\/\/tvnova.tv.br\/jornalfatonovo\/camara-do-recife-aprova-reestruturacao-do-executivo-municipal\/#breadcrumb"},"inLanguage":"pt-BR","potentialAction":[{"@type":"ReadAction","target":["https:\/\/tvnova.tv.br\/jornalfatonovo\/camara-do-recife-aprova-reestruturacao-do-executivo-municipal\/"]}]},{"@type":"ImageObject","inLanguage":"pt-BR","@id":"https:\/\/tvnova.tv.br\/jornalfatonovo\/camara-do-recife-aprova-reestruturacao-do-executivo-municipal\/#primaryimage","url":"https:\/\/tvnova.tv.br\/jornalfatonovo\/wp-content\/uploads\/2024\/12\/camaraplenario.jpg","contentUrl":"https:\/\/tvnova.tv.br\/jornalfatonovo\/wp-content\/uploads\/2024\/12\/camaraplenario.jpg","width":1088,"height":615},{"@type":"BreadcrumbList","@id":"https:\/\/tvnova.tv.br\/jornalfatonovo\/camara-do-recife-aprova-reestruturacao-do-executivo-municipal\/#breadcrumb","itemListElement":[{"@type":"ListItem","position":1,"name":"In\u00edcio","item":"https:\/\/tvnova.tv.br\/jornalfatonovo\/"},{"@type":"ListItem","position":2,"name":"C\u00e2mara do Recife aprova reestrutura\u00e7\u00e3o do Executivo municipal"}]},{"@type":"WebSite","@id":"https:\/\/tvnova.tv.br\/jornalfatonovo\/#website","url":"https:\/\/tvnova.tv.br\/jornalfatonovo\/","name":"Jornal Fato Novo","description":"Acompanhe as not\u00edcias de Pernambuco","publisher":{"@id":"https:\/\/tvnova.tv.br\/jornalfatonovo\/#organization"},"potentialAction":[{"@type":"SearchAction","target":{"@type":"EntryPoint","urlTemplate":"https:\/\/tvnova.tv.br\/jornalfatonovo\/?s={search_term_string}"},"query-input":{"@type":"PropertyValueSpecification","valueRequired":true,"valueName":"search_term_string"}}],"inLanguage":"pt-BR"},{"@type":"Organization","@id":"https:\/\/tvnova.tv.br\/jornalfatonovo\/#organization","name":"Jornal Fato Novo","url":"https:\/\/tvnova.tv.br\/jornalfatonovo\/","logo":{"@type":"ImageObject","inLanguage":"pt-BR","@id":"https:\/\/tvnova.tv.br\/jornalfatonovo\/#\/schema\/logo\/image\/","url":"https:\/\/tvnova.tv.br\/jornalfatonovo1\/wp-content\/uploads\/2023\/04\/FATO-NOVO-1.png","contentUrl":"https:\/\/tvnova.tv.br\/jornalfatonovo1\/wp-content\/uploads\/2023\/04\/FATO-NOVO-1.png","width":200,"height":60,"caption":"Jornal Fato Novo"},"image":{"@id":"https:\/\/tvnova.tv.br\/jornalfatonovo\/#\/schema\/logo\/image\/"},"sameAs":["https:\/\/www.facebook.com\/tvnovanordeste\/","https:\/\/x.com\/tvnovanordeste","https:\/\/www.instagram.com\/jornalfatonovope\/"]},{"@type":"Person","@id":"https:\/\/tvnova.tv.br\/jornalfatonovo\/#\/schema\/person\/8acb5c10a7535b12511b7eef3a46cf15","name":"Jornalismo","url":"https:\/\/tvnova.tv.br\/jornalfatonovo\/author\/jornalismo\/"}]}},"_links":{"self":[{"href":"https:\/\/tvnova.tv.br\/jornalfatonovo\/wp-json\/wp\/v2\/posts\/21707","targetHints":{"allow":["GET"]}}],"collection":[{"href":"https:\/\/tvnova.tv.br\/jornalfatonovo\/wp-json\/wp\/v2\/posts"}],"about":[{"href":"https:\/\/tvnova.tv.br\/jornalfatonovo\/wp-json\/wp\/v2\/types\/post"}],"author":[{"embeddable":true,"href":"https:\/\/tvnova.tv.br\/jornalfatonovo\/wp-json\/wp\/v2\/users\/13"}],"replies":[{"embeddable":true,"href":"https:\/\/tvnova.tv.br\/jornalfatonovo\/wp-json\/wp\/v2\/comments?post=21707"}],"version-history":[{"count":1,"href":"https:\/\/tvnova.tv.br\/jornalfatonovo\/wp-json\/wp\/v2\/posts\/21707\/revisions"}],"predecessor-version":[{"id":21709,"href":"https:\/\/tvnova.tv.br\/jornalfatonovo\/wp-json\/wp\/v2\/posts\/21707\/revisions\/21709"}],"wp:featuredmedia":[{"embeddable":true,"href":"https:\/\/tvnova.tv.br\/jornalfatonovo\/wp-json\/wp\/v2\/media\/21708"}],"wp:attachment":[{"href":"https:\/\/tvnova.tv.br\/jornalfatonovo\/wp-json\/wp\/v2\/media?parent=21707"}],"wp:term":[{"taxonomy":"category","embeddable":true,"href":"https:\/\/tvnova.tv.br\/jornalfatonovo\/wp-json\/wp\/v2\/categories?post=21707"},{"taxonomy":"post_tag","embeddable":true,"href":"https:\/\/tvnova.tv.br\/jornalfatonovo\/wp-json\/wp\/v2\/tags?post=21707"},{"taxonomy":"cores-categorias","embeddable":true,"href":"https:\/\/tvnova.tv.br\/jornalfatonovo\/wp-json\/wp\/v2\/cores-categorias?post=21707"}],"curies":[{"name":"wp","href":"https:\/\/api.w.org\/{rel}","templated":true}]}}