{"id":21716,"date":"2024-12-27T14:43:19","date_gmt":"2024-12-27T17:43:19","guid":{"rendered":"https:\/\/tvnova.tv.br\/jornalfatonovo\/?p=21716"},"modified":"2024-12-27T14:44:05","modified_gmt":"2024-12-27T17:44:05","slug":"porto-do-recife-registra-crescimento-de-50-na-movimentacao-de-cargas-entre-2023-e-2024","status":"publish","type":"post","link":"https:\/\/tvnova.tv.br\/jornalfatonovo\/porto-do-recife-registra-crescimento-de-50-na-movimentacao-de-cargas-entre-2023-e-2024\/","title":{"rendered":"Porto do Recife registra crescimento de 50% na movimenta\u00e7\u00e3o de cargas entre 2023 e 2024"},"content":{"rendered":"<h4>Porto do Recife registra crescimento de 50% na movimenta\u00e7\u00e3o de cargas entre 2023 e 2024<\/h4>\n<h6>Com investimentos em infraestrutura e expans\u00e3o prevista para 2025, terminal portu\u00e1rio segue em crescimento constante<\/h6>\n<p>&nbsp;<\/p>\n<p><em>da reda\u00e7\u00e3o<\/em><\/p>\n<p>Entre janeiro de 2023 e dezembro de 2024, o Porto do Recife teve um aumento de 50% na movimenta\u00e7\u00e3o de cargas. Durante esse per\u00edodo, o terminal tamb\u00e9m iniciou a moderniza\u00e7\u00e3o de suas instala\u00e7\u00f5es, com aportes financeiros p\u00fablicos, incluindo o arrendamento de dois grandes galp\u00f5es e um p\u00e1tio de cerca de 7 mil metros quadrados para expans\u00e3o prevista para 2025. Na \u00faltima quinta-feira, 26 de dezembro, Delmiro Gouveia, presidente do Porto, e Guilherme Cavalcanti, secret\u00e1rio de Desenvolvimento Econ\u00f4mico do Estado, apresentaram os resultados do terminal para o bi\u00eanio 2023\/2024.<\/p>\n<p>De acordo com o balan\u00e7o, somente em 2024, o Porto movimentou 1.785.538 toneladas de carga, um crescimento de 25,12% comparado ao ano anterior. Vale destacar que, em 2023, o Porto j\u00e1 havia experimentado uma alta de 21,61% em rela\u00e7\u00e3o a 2022, ano em que houve uma queda de -9,37%. Os principais respons\u00e1veis por esse crescimento foram os fertilizantes, o a\u00e7\u00facar-granel e o malte de cevada. Os fertilizantes tiveram uma alta de 43%, enquanto o a\u00e7\u00facar e o malte cresceram 38% e 21%, respectivamente.<\/p>\n<p>Al\u00e9m do aumento na movimenta\u00e7\u00e3o de cargas, o Porto tamb\u00e9m obteve sucesso em seu faturamento, superando o d\u00e9ficit tribut\u00e1rio. Entre 2023 e 2024, o terminal arrecadou mais de R$ 88 milh\u00f5es, representando uma alta de 48,27% em suas receitas.<\/p>\n","protected":false},"excerpt":{"rendered":"<p>Porto do Recife registra crescimento de 50% na movimenta\u00e7\u00e3o de cargas entre 2023 e 2024 Com investimentos em infraestrutura e expans\u00e3o prevista para 2025, terminal portu\u00e1rio segue em crescimento constante &nbsp; da reda\u00e7\u00e3o Entre janeiro de 2023 e dezembro de 2024, o Porto do Recife teve um aumento de 50% na movimenta\u00e7\u00e3o de cargas. Durante [&hellip;]<\/p>\n","protected":false},"author":13,"featured_media":21718,"comment_status":"closed","ping_status":"","sticky":false,"template":"","format":"standard","meta":{"footnotes":""},"categories":[1],"tags":[],"cores-categorias":[],"class_list":["post-21716","post","type-post","status-publish","format-standard","has-post-thumbnail","hentry","category-cidades"],"yoast_head":"<!-- This site is optimized with the Yoast SEO plugin v27.2 - https:\/\/yoast.com\/product\/yoast-seo-wordpress\/ -->\n<title>Porto do Recife registra crescimento de 50% na movimenta\u00e7\u00e3o de cargas entre 2023 e 2024 - Jornal Fato Novo<\/title>\n<meta name=\"robots\" content=\"index, follow, max-snippet:-1, max-image-preview:large, max-video-preview:-1\" \/>\n<link rel=\"canonical\" href=\"https:\/\/tvnova.tv.br\/jornalfatonovo\/porto-do-recife-registra-crescimento-de-50-na-movimentacao-de-cargas-entre-2023-e-2024\/\" \/>\n<meta property=\"og:locale\" content=\"pt_BR\" \/>\n<meta property=\"og:type\" content=\"article\" \/>\n<meta property=\"og:title\" content=\"Porto do Recife registra crescimento de 50% na movimenta\u00e7\u00e3o de cargas entre 2023 e 2024 - Jornal Fato Novo\" \/>\n<meta property=\"og:description\" content=\"Porto do Recife registra crescimento de 50% na movimenta\u00e7\u00e3o de cargas entre 2023 e 2024 Com investimentos em infraestrutura e expans\u00e3o prevista para 2025, terminal portu\u00e1rio segue em crescimento constante &nbsp; da reda\u00e7\u00e3o Entre janeiro de 2023 e dezembro de 2024, o Porto do Recife teve um aumento de 50% na movimenta\u00e7\u00e3o de cargas. Durante [&hellip;]\" \/>\n<meta property=\"og:url\" content=\"https:\/\/tvnova.tv.br\/jornalfatonovo\/porto-do-recife-registra-crescimento-de-50-na-movimentacao-de-cargas-entre-2023-e-2024\/\" \/>\n<meta property=\"og:site_name\" content=\"Jornal Fato Novo\" \/>\n<meta property=\"article:publisher\" content=\"https:\/\/www.facebook.com\/tvnovanordeste\/\" \/>\n<meta property=\"article:published_time\" content=\"2024-12-27T17:43:19+00:00\" \/>\n<meta property=\"article:modified_time\" content=\"2024-12-27T17:44:05+00:00\" \/>\n<meta name=\"author\" content=\"Jornalismo\" \/>\n<meta name=\"twitter:card\" content=\"summary_large_image\" \/>\n<meta name=\"twitter:creator\" content=\"@tvnovanordeste\" \/>\n<meta name=\"twitter:site\" content=\"@tvnovanordeste\" \/>\n<meta name=\"twitter:label1\" content=\"Escrito por\" \/>\n\t<meta name=\"twitter:data1\" content=\"Jornalismo\" \/>\n\t<meta name=\"twitter:label2\" content=\"Est. tempo de leitura\" \/>\n\t<meta name=\"twitter:data2\" content=\"1 minuto\" \/>\n<script type=\"application\/ld+json\" class=\"yoast-schema-graph\">{\"@context\":\"https:\/\/schema.org\",\"@graph\":[{\"@type\":\"Article\",\"@id\":\"https:\/\/tvnova.tv.br\/jornalfatonovo\/porto-do-recife-registra-crescimento-de-50-na-movimentacao-de-cargas-entre-2023-e-2024\/#article\",\"isPartOf\":{\"@id\":\"https:\/\/tvnova.tv.br\/jornalfatonovo\/porto-do-recife-registra-crescimento-de-50-na-movimentacao-de-cargas-entre-2023-e-2024\/\"},\"author\":{\"name\":\"Jornalismo\",\"@id\":\"https:\/\/tvnova.tv.br\/jornalfatonovo\/#\/schema\/person\/8acb5c10a7535b12511b7eef3a46cf15\"},\"headline\":\"Porto do Recife registra crescimento de 50% na movimenta\u00e7\u00e3o de cargas entre 2023 e 2024\",\"datePublished\":\"2024-12-27T17:43:19+00:00\",\"dateModified\":\"2024-12-27T17:44:05+00:00\",\"mainEntityOfPage\":{\"@id\":\"https:\/\/tvnova.tv.br\/jornalfatonovo\/porto-do-recife-registra-crescimento-de-50-na-movimentacao-de-cargas-entre-2023-e-2024\/\"},\"wordCount\":259,\"publisher\":{\"@id\":\"https:\/\/tvnova.tv.br\/jornalfatonovo\/#organization\"},\"image\":{\"@id\":\"https:\/\/tvnova.tv.br\/jornalfatonovo\/porto-do-recife-registra-crescimento-de-50-na-movimentacao-de-cargas-entre-2023-e-2024\/#primaryimage\"},\"thumbnailUrl\":\"https:\/\/tvnova.tv.br\/jornalfatonovo\/wp-content\/uploads\/2024\/12\/porto-de-recife.jpeg\",\"articleSection\":[\"Cidades\"],\"inLanguage\":\"pt-BR\"},{\"@type\":\"WebPage\",\"@id\":\"https:\/\/tvnova.tv.br\/jornalfatonovo\/porto-do-recife-registra-crescimento-de-50-na-movimentacao-de-cargas-entre-2023-e-2024\/\",\"url\":\"https:\/\/tvnova.tv.br\/jornalfatonovo\/porto-do-recife-registra-crescimento-de-50-na-movimentacao-de-cargas-entre-2023-e-2024\/\",\"name\":\"Porto do Recife registra crescimento de 50% na movimenta\u00e7\u00e3o de cargas entre 2023 e 2024 - Jornal Fato Novo\",\"isPartOf\":{\"@id\":\"https:\/\/tvnova.tv.br\/jornalfatonovo\/#website\"},\"primaryImageOfPage\":{\"@id\":\"https:\/\/tvnova.tv.br\/jornalfatonovo\/porto-do-recife-registra-crescimento-de-50-na-movimentacao-de-cargas-entre-2023-e-2024\/#primaryimage\"},\"image\":{\"@id\":\"https:\/\/tvnova.tv.br\/jornalfatonovo\/porto-do-recife-registra-crescimento-de-50-na-movimentacao-de-cargas-entre-2023-e-2024\/#primaryimage\"},\"thumbnailUrl\":\"https:\/\/tvnova.tv.br\/jornalfatonovo\/wp-content\/uploads\/2024\/12\/porto-de-recife.jpeg\",\"datePublished\":\"2024-12-27T17:43:19+00:00\",\"dateModified\":\"2024-12-27T17:44:05+00:00\",\"breadcrumb\":{\"@id\":\"https:\/\/tvnova.tv.br\/jornalfatonovo\/porto-do-recife-registra-crescimento-de-50-na-movimentacao-de-cargas-entre-2023-e-2024\/#breadcrumb\"},\"inLanguage\":\"pt-BR\",\"potentialAction\":[{\"@type\":\"ReadAction\",\"target\":[\"https:\/\/tvnova.tv.br\/jornalfatonovo\/porto-do-recife-registra-crescimento-de-50-na-movimentacao-de-cargas-entre-2023-e-2024\/\"]}]},{\"@type\":\"ImageObject\",\"inLanguage\":\"pt-BR\",\"@id\":\"https:\/\/tvnova.tv.br\/jornalfatonovo\/porto-do-recife-registra-crescimento-de-50-na-movimentacao-de-cargas-entre-2023-e-2024\/#primaryimage\",\"url\":\"https:\/\/tvnova.tv.br\/jornalfatonovo\/wp-content\/uploads\/2024\/12\/porto-de-recife.jpeg\",\"contentUrl\":\"https:\/\/tvnova.tv.br\/jornalfatonovo\/wp-content\/uploads\/2024\/12\/porto-de-recife.jpeg\",\"width\":748,\"height\":410},{\"@type\":\"BreadcrumbList\",\"@id\":\"https:\/\/tvnova.tv.br\/jornalfatonovo\/porto-do-recife-registra-crescimento-de-50-na-movimentacao-de-cargas-entre-2023-e-2024\/#breadcrumb\",\"itemListElement\":[{\"@type\":\"ListItem\",\"position\":1,\"name\":\"In\u00edcio\",\"item\":\"https:\/\/tvnova.tv.br\/jornalfatonovo\/\"},{\"@type\":\"ListItem\",\"position\":2,\"name\":\"Porto do Recife registra crescimento de 50% na movimenta\u00e7\u00e3o de cargas entre 2023 e 2024\"}]},{\"@type\":\"WebSite\",\"@id\":\"https:\/\/tvnova.tv.br\/jornalfatonovo\/#website\",\"url\":\"https:\/\/tvnova.tv.br\/jornalfatonovo\/\",\"name\":\"Jornal Fato Novo\",\"description\":\"Acompanhe as not\u00edcias de Pernambuco\",\"publisher\":{\"@id\":\"https:\/\/tvnova.tv.br\/jornalfatonovo\/#organization\"},\"potentialAction\":[{\"@type\":\"SearchAction\",\"target\":{\"@type\":\"EntryPoint\",\"urlTemplate\":\"https:\/\/tvnova.tv.br\/jornalfatonovo\/?s={search_term_string}\"},\"query-input\":{\"@type\":\"PropertyValueSpecification\",\"valueRequired\":true,\"valueName\":\"search_term_string\"}}],\"inLanguage\":\"pt-BR\"},{\"@type\":\"Organization\",\"@id\":\"https:\/\/tvnova.tv.br\/jornalfatonovo\/#organization\",\"name\":\"Jornal Fato Novo\",\"url\":\"https:\/\/tvnova.tv.br\/jornalfatonovo\/\",\"logo\":{\"@type\":\"ImageObject\",\"inLanguage\":\"pt-BR\",\"@id\":\"https:\/\/tvnova.tv.br\/jornalfatonovo\/#\/schema\/logo\/image\/\",\"url\":\"https:\/\/tvnova.tv.br\/jornalfatonovo1\/wp-content\/uploads\/2023\/04\/FATO-NOVO-1.png\",\"contentUrl\":\"https:\/\/tvnova.tv.br\/jornalfatonovo1\/wp-content\/uploads\/2023\/04\/FATO-NOVO-1.png\",\"width\":200,\"height\":60,\"caption\":\"Jornal Fato Novo\"},\"image\":{\"@id\":\"https:\/\/tvnova.tv.br\/jornalfatonovo\/#\/schema\/logo\/image\/\"},\"sameAs\":[\"https:\/\/www.facebook.com\/tvnovanordeste\/\",\"https:\/\/x.com\/tvnovanordeste\",\"https:\/\/www.instagram.com\/jornalfatonovope\/\"]},{\"@type\":\"Person\",\"@id\":\"https:\/\/tvnova.tv.br\/jornalfatonovo\/#\/schema\/person\/8acb5c10a7535b12511b7eef3a46cf15\",\"name\":\"Jornalismo\",\"url\":\"https:\/\/tvnova.tv.br\/jornalfatonovo\/author\/jornalismo\/\"}]}<\/script>\n<!-- \/ Yoast SEO plugin. -->","yoast_head_json":{"title":"Porto do Recife registra crescimento de 50% na movimenta\u00e7\u00e3o de cargas entre 2023 e 2024 - Jornal Fato Novo","robots":{"index":"index","follow":"follow","max-snippet":"max-snippet:-1","max-image-preview":"max-image-preview:large","max-video-preview":"max-video-preview:-1"},"canonical":"https:\/\/tvnova.tv.br\/jornalfatonovo\/porto-do-recife-registra-crescimento-de-50-na-movimentacao-de-cargas-entre-2023-e-2024\/","og_locale":"pt_BR","og_type":"article","og_title":"Porto do Recife registra crescimento de 50% na movimenta\u00e7\u00e3o de cargas entre 2023 e 2024 - Jornal Fato Novo","og_description":"Porto do Recife registra crescimento de 50% na movimenta\u00e7\u00e3o de cargas entre 2023 e 2024 Com investimentos em infraestrutura e expans\u00e3o prevista para 2025, terminal portu\u00e1rio segue em crescimento constante &nbsp; da reda\u00e7\u00e3o Entre janeiro de 2023 e dezembro de 2024, o Porto do Recife teve um aumento de 50% na movimenta\u00e7\u00e3o de cargas. Durante [&hellip;]","og_url":"https:\/\/tvnova.tv.br\/jornalfatonovo\/porto-do-recife-registra-crescimento-de-50-na-movimentacao-de-cargas-entre-2023-e-2024\/","og_site_name":"Jornal Fato Novo","article_publisher":"https:\/\/www.facebook.com\/tvnovanordeste\/","article_published_time":"2024-12-27T17:43:19+00:00","article_modified_time":"2024-12-27T17:44:05+00:00","author":"Jornalismo","twitter_card":"summary_large_image","twitter_creator":"@tvnovanordeste","twitter_site":"@tvnovanordeste","twitter_misc":{"Escrito por":"Jornalismo","Est. tempo de leitura":"1 minuto"},"schema":{"@context":"https:\/\/schema.org","@graph":[{"@type":"Article","@id":"https:\/\/tvnova.tv.br\/jornalfatonovo\/porto-do-recife-registra-crescimento-de-50-na-movimentacao-de-cargas-entre-2023-e-2024\/#article","isPartOf":{"@id":"https:\/\/tvnova.tv.br\/jornalfatonovo\/porto-do-recife-registra-crescimento-de-50-na-movimentacao-de-cargas-entre-2023-e-2024\/"},"author":{"name":"Jornalismo","@id":"https:\/\/tvnova.tv.br\/jornalfatonovo\/#\/schema\/person\/8acb5c10a7535b12511b7eef3a46cf15"},"headline":"Porto do Recife registra crescimento de 50% na movimenta\u00e7\u00e3o de cargas entre 2023 e 2024","datePublished":"2024-12-27T17:43:19+00:00","dateModified":"2024-12-27T17:44:05+00:00","mainEntityOfPage":{"@id":"https:\/\/tvnova.tv.br\/jornalfatonovo\/porto-do-recife-registra-crescimento-de-50-na-movimentacao-de-cargas-entre-2023-e-2024\/"},"wordCount":259,"publisher":{"@id":"https:\/\/tvnova.tv.br\/jornalfatonovo\/#organization"},"image":{"@id":"https:\/\/tvnova.tv.br\/jornalfatonovo\/porto-do-recife-registra-crescimento-de-50-na-movimentacao-de-cargas-entre-2023-e-2024\/#primaryimage"},"thumbnailUrl":"https:\/\/tvnova.tv.br\/jornalfatonovo\/wp-content\/uploads\/2024\/12\/porto-de-recife.jpeg","articleSection":["Cidades"],"inLanguage":"pt-BR"},{"@type":"WebPage","@id":"https:\/\/tvnova.tv.br\/jornalfatonovo\/porto-do-recife-registra-crescimento-de-50-na-movimentacao-de-cargas-entre-2023-e-2024\/","url":"https:\/\/tvnova.tv.br\/jornalfatonovo\/porto-do-recife-registra-crescimento-de-50-na-movimentacao-de-cargas-entre-2023-e-2024\/","name":"Porto do Recife registra crescimento de 50% na movimenta\u00e7\u00e3o de cargas entre 2023 e 2024 - Jornal Fato Novo","isPartOf":{"@id":"https:\/\/tvnova.tv.br\/jornalfatonovo\/#website"},"primaryImageOfPage":{"@id":"https:\/\/tvnova.tv.br\/jornalfatonovo\/porto-do-recife-registra-crescimento-de-50-na-movimentacao-de-cargas-entre-2023-e-2024\/#primaryimage"},"image":{"@id":"https:\/\/tvnova.tv.br\/jornalfatonovo\/porto-do-recife-registra-crescimento-de-50-na-movimentacao-de-cargas-entre-2023-e-2024\/#primaryimage"},"thumbnailUrl":"https:\/\/tvnova.tv.br\/jornalfatonovo\/wp-content\/uploads\/2024\/12\/porto-de-recife.jpeg","datePublished":"2024-12-27T17:43:19+00:00","dateModified":"2024-12-27T17:44:05+00:00","breadcrumb":{"@id":"https:\/\/tvnova.tv.br\/jornalfatonovo\/porto-do-recife-registra-crescimento-de-50-na-movimentacao-de-cargas-entre-2023-e-2024\/#breadcrumb"},"inLanguage":"pt-BR","potentialAction":[{"@type":"ReadAction","target":["https:\/\/tvnova.tv.br\/jornalfatonovo\/porto-do-recife-registra-crescimento-de-50-na-movimentacao-de-cargas-entre-2023-e-2024\/"]}]},{"@type":"ImageObject","inLanguage":"pt-BR","@id":"https:\/\/tvnova.tv.br\/jornalfatonovo\/porto-do-recife-registra-crescimento-de-50-na-movimentacao-de-cargas-entre-2023-e-2024\/#primaryimage","url":"https:\/\/tvnova.tv.br\/jornalfatonovo\/wp-content\/uploads\/2024\/12\/porto-de-recife.jpeg","contentUrl":"https:\/\/tvnova.tv.br\/jornalfatonovo\/wp-content\/uploads\/2024\/12\/porto-de-recife.jpeg","width":748,"height":410},{"@type":"BreadcrumbList","@id":"https:\/\/tvnova.tv.br\/jornalfatonovo\/porto-do-recife-registra-crescimento-de-50-na-movimentacao-de-cargas-entre-2023-e-2024\/#breadcrumb","itemListElement":[{"@type":"ListItem","position":1,"name":"In\u00edcio","item":"https:\/\/tvnova.tv.br\/jornalfatonovo\/"},{"@type":"ListItem","position":2,"name":"Porto do Recife registra crescimento de 50% na movimenta\u00e7\u00e3o de cargas entre 2023 e 2024"}]},{"@type":"WebSite","@id":"https:\/\/tvnova.tv.br\/jornalfatonovo\/#website","url":"https:\/\/tvnova.tv.br\/jornalfatonovo\/","name":"Jornal Fato Novo","description":"Acompanhe as not\u00edcias de Pernambuco","publisher":{"@id":"https:\/\/tvnova.tv.br\/jornalfatonovo\/#organization"},"potentialAction":[{"@type":"SearchAction","target":{"@type":"EntryPoint","urlTemplate":"https:\/\/tvnova.tv.br\/jornalfatonovo\/?s={search_term_string}"},"query-input":{"@type":"PropertyValueSpecification","valueRequired":true,"valueName":"search_term_string"}}],"inLanguage":"pt-BR"},{"@type":"Organization","@id":"https:\/\/tvnova.tv.br\/jornalfatonovo\/#organization","name":"Jornal Fato Novo","url":"https:\/\/tvnova.tv.br\/jornalfatonovo\/","logo":{"@type":"ImageObject","inLanguage":"pt-BR","@id":"https:\/\/tvnova.tv.br\/jornalfatonovo\/#\/schema\/logo\/image\/","url":"https:\/\/tvnova.tv.br\/jornalfatonovo1\/wp-content\/uploads\/2023\/04\/FATO-NOVO-1.png","contentUrl":"https:\/\/tvnova.tv.br\/jornalfatonovo1\/wp-content\/uploads\/2023\/04\/FATO-NOVO-1.png","width":200,"height":60,"caption":"Jornal Fato Novo"},"image":{"@id":"https:\/\/tvnova.tv.br\/jornalfatonovo\/#\/schema\/logo\/image\/"},"sameAs":["https:\/\/www.facebook.com\/tvnovanordeste\/","https:\/\/x.com\/tvnovanordeste","https:\/\/www.instagram.com\/jornalfatonovope\/"]},{"@type":"Person","@id":"https:\/\/tvnova.tv.br\/jornalfatonovo\/#\/schema\/person\/8acb5c10a7535b12511b7eef3a46cf15","name":"Jornalismo","url":"https:\/\/tvnova.tv.br\/jornalfatonovo\/author\/jornalismo\/"}]}},"_links":{"self":[{"href":"https:\/\/tvnova.tv.br\/jornalfatonovo\/wp-json\/wp\/v2\/posts\/21716","targetHints":{"allow":["GET"]}}],"collection":[{"href":"https:\/\/tvnova.tv.br\/jornalfatonovo\/wp-json\/wp\/v2\/posts"}],"about":[{"href":"https:\/\/tvnova.tv.br\/jornalfatonovo\/wp-json\/wp\/v2\/types\/post"}],"author":[{"embeddable":true,"href":"https:\/\/tvnova.tv.br\/jornalfatonovo\/wp-json\/wp\/v2\/users\/13"}],"replies":[{"embeddable":true,"href":"https:\/\/tvnova.tv.br\/jornalfatonovo\/wp-json\/wp\/v2\/comments?post=21716"}],"version-history":[{"count":1,"href":"https:\/\/tvnova.tv.br\/jornalfatonovo\/wp-json\/wp\/v2\/posts\/21716\/revisions"}],"predecessor-version":[{"id":21717,"href":"https:\/\/tvnova.tv.br\/jornalfatonovo\/wp-json\/wp\/v2\/posts\/21716\/revisions\/21717"}],"wp:featuredmedia":[{"embeddable":true,"href":"https:\/\/tvnova.tv.br\/jornalfatonovo\/wp-json\/wp\/v2\/media\/21718"}],"wp:attachment":[{"href":"https:\/\/tvnova.tv.br\/jornalfatonovo\/wp-json\/wp\/v2\/media?parent=21716"}],"wp:term":[{"taxonomy":"category","embeddable":true,"href":"https:\/\/tvnova.tv.br\/jornalfatonovo\/wp-json\/wp\/v2\/categories?post=21716"},{"taxonomy":"post_tag","embeddable":true,"href":"https:\/\/tvnova.tv.br\/jornalfatonovo\/wp-json\/wp\/v2\/tags?post=21716"},{"taxonomy":"cores-categorias","embeddable":true,"href":"https:\/\/tvnova.tv.br\/jornalfatonovo\/wp-json\/wp\/v2\/cores-categorias?post=21716"}],"curies":[{"name":"wp","href":"https:\/\/api.w.org\/{rel}","templated":true}]}}