{"id":22100,"date":"2025-03-11T11:39:12","date_gmt":"2025-03-11T14:39:12","guid":{"rendered":"https:\/\/tvnova.tv.br\/jornalfatonovo\/?p=22100"},"modified":"2025-03-11T11:39:56","modified_gmt":"2025-03-11T14:39:56","slug":"homem-furta-ambulancia-do-samu-no-recife-mas-veiculo-quebra-e-ele-e-preso","status":"publish","type":"post","link":"https:\/\/tvnova.tv.br\/jornalfatonovo\/homem-furta-ambulancia-do-samu-no-recife-mas-veiculo-quebra-e-ele-e-preso\/","title":{"rendered":"Homem furta ambul\u00e2ncia do Samu no Recife, mas ve\u00edculo quebra e ele \u00e9 preso"},"content":{"rendered":"<h4>Homem furta ambul\u00e2ncia do Samu no Recife, mas ve\u00edculo quebra e ele \u00e9 preso<\/h4>\n<h6>Suspeito disse que roubou o carro devido \u00e0 demora em sua transfer\u00eancia para um hospital<\/h6>\n<p>&nbsp;<\/p>\n<p><em>da reda\u00e7\u00e3o<\/em><\/p>\n<p data-start=\"177\" data-end=\"567\">Na madrugada de hoje (10), um homem de 50 anos furtou uma ambul\u00e2ncia do Servi\u00e7o de Atendimento M\u00f3vel de Urg\u00eancia (Samu) na Policl\u00ednica Amauri Coutinho, localizada no bairro da Campina do Barreto, na Zona Norte do Recife. O ve\u00edculo, no entanto, quebrou poucos metros depois, resultando na pris\u00e3o do suspeito em flagrante. Ele foi detido pelos crimes de dano, depreda\u00e7\u00e3o e dire\u00e7\u00e3o perigosa.<\/p>\n<p data-start=\"569\" data-end=\"844\">A ambul\u00e2ncia, pertencente ao Samu de Olinda, havia acabado de deixar um paciente socorrido no bairro de Peixinhos por intoxica\u00e7\u00e3o alco\u00f3lica. No momento em que os socorristas desceram do ve\u00edculo, o homem aproveitou para entrar e arrancar com a ambul\u00e2ncia, que estava ligada.<\/p>\n<p data-start=\"846\" data-end=\"1108\">A Pol\u00edcia Militar conduziu o suspeito \u00e0 Central de Plant\u00f5es da Pol\u00edcia Civil, no bairro de Campo Grande, tamb\u00e9m na Zona Norte. Profissionais do Samu que presenciaram o ocorrido relataram que ele aparentava estar desorientado, mas n\u00e3o demonstrava agressividade.<\/p>\n<p data-start=\"1110\" data-end=\"1411\" data-is-last-node=\"\" data-is-only-node=\"\">Em depoimento, o homem afirmou que furtou o ve\u00edculo devido \u00e0 demora na sua transfer\u00eancia para o Hospital das Cl\u00ednicas da Universidade Federal de Pernambuco (HC-UFPE), onde passaria por uma cirurgia na cabe\u00e7a. Segundo ele, o procedimento seria realizado pelo pr\u00f3prio irm\u00e3o, que seria m\u00e9dico da unidade.<\/p>\n","protected":false},"excerpt":{"rendered":"<p>Homem furta ambul\u00e2ncia do Samu no Recife, mas ve\u00edculo quebra e ele \u00e9 preso Suspeito disse que roubou o carro devido \u00e0 demora em sua transfer\u00eancia para um hospital &nbsp; da reda\u00e7\u00e3o Na madrugada de hoje (10), um homem de 50 anos furtou uma ambul\u00e2ncia do Servi\u00e7o de Atendimento M\u00f3vel de Urg\u00eancia (Samu) na Policl\u00ednica [&hellip;]<\/p>\n","protected":false},"author":13,"featured_media":22101,"comment_status":"closed","ping_status":"","sticky":false,"template":"","format":"standard","meta":{"footnotes":""},"categories":[273],"tags":[],"cores-categorias":[],"class_list":["post-22100","post","type-post","status-publish","format-standard","has-post-thumbnail","hentry","category-policia"],"yoast_head":"<!-- This site is optimized with the Yoast SEO plugin v27.2 - https:\/\/yoast.com\/product\/yoast-seo-wordpress\/ -->\n<title>Homem furta ambul\u00e2ncia do Samu no Recife, mas ve\u00edculo quebra e ele \u00e9 preso - Jornal Fato Novo<\/title>\n<meta name=\"robots\" content=\"index, follow, max-snippet:-1, max-image-preview:large, max-video-preview:-1\" \/>\n<link rel=\"canonical\" href=\"https:\/\/tvnova.tv.br\/jornalfatonovo\/homem-furta-ambulancia-do-samu-no-recife-mas-veiculo-quebra-e-ele-e-preso\/\" \/>\n<meta property=\"og:locale\" content=\"pt_BR\" \/>\n<meta property=\"og:type\" content=\"article\" \/>\n<meta property=\"og:title\" content=\"Homem furta ambul\u00e2ncia do Samu no Recife, mas ve\u00edculo quebra e ele \u00e9 preso - Jornal Fato Novo\" \/>\n<meta property=\"og:description\" content=\"Homem furta ambul\u00e2ncia do Samu no Recife, mas ve\u00edculo quebra e ele \u00e9 preso Suspeito disse que roubou o carro devido \u00e0 demora em sua transfer\u00eancia para um hospital &nbsp; da reda\u00e7\u00e3o Na madrugada de hoje (10), um homem de 50 anos furtou uma ambul\u00e2ncia do Servi\u00e7o de Atendimento M\u00f3vel de Urg\u00eancia (Samu) na Policl\u00ednica [&hellip;]\" \/>\n<meta property=\"og:url\" content=\"https:\/\/tvnova.tv.br\/jornalfatonovo\/homem-furta-ambulancia-do-samu-no-recife-mas-veiculo-quebra-e-ele-e-preso\/\" \/>\n<meta property=\"og:site_name\" content=\"Jornal Fato Novo\" \/>\n<meta property=\"article:publisher\" content=\"https:\/\/www.facebook.com\/tvnovanordeste\/\" \/>\n<meta property=\"article:published_time\" content=\"2025-03-11T14:39:12+00:00\" \/>\n<meta property=\"article:modified_time\" content=\"2025-03-11T14:39:56+00:00\" \/>\n<meta property=\"og:image\" content=\"https:\/\/tvnova.tv.br\/jornalfatonovo\/wp-content\/uploads\/2025\/03\/20250310085009756046a.jpg\" \/>\n\t<meta property=\"og:image:width\" content=\"960\" \/>\n\t<meta property=\"og:image:height\" content=\"640\" \/>\n\t<meta property=\"og:image:type\" content=\"image\/jpeg\" \/>\n<meta name=\"author\" content=\"Jornalismo\" \/>\n<meta name=\"twitter:card\" content=\"summary_large_image\" \/>\n<meta name=\"twitter:creator\" content=\"@tvnovanordeste\" \/>\n<meta name=\"twitter:site\" content=\"@tvnovanordeste\" \/>\n<meta name=\"twitter:label1\" content=\"Escrito por\" \/>\n\t<meta name=\"twitter:data1\" content=\"Jornalismo\" \/>\n\t<meta name=\"twitter:label2\" content=\"Est. tempo de leitura\" \/>\n\t<meta name=\"twitter:data2\" content=\"1 minuto\" \/>\n<script type=\"application\/ld+json\" class=\"yoast-schema-graph\">{\"@context\":\"https:\/\/schema.org\",\"@graph\":[{\"@type\":\"Article\",\"@id\":\"https:\/\/tvnova.tv.br\/jornalfatonovo\/homem-furta-ambulancia-do-samu-no-recife-mas-veiculo-quebra-e-ele-e-preso\/#article\",\"isPartOf\":{\"@id\":\"https:\/\/tvnova.tv.br\/jornalfatonovo\/homem-furta-ambulancia-do-samu-no-recife-mas-veiculo-quebra-e-ele-e-preso\/\"},\"author\":{\"name\":\"Jornalismo\",\"@id\":\"https:\/\/tvnova.tv.br\/jornalfatonovo\/#\/schema\/person\/8acb5c10a7535b12511b7eef3a46cf15\"},\"headline\":\"Homem furta ambul\u00e2ncia do Samu no Recife, mas ve\u00edculo quebra e ele \u00e9 preso\",\"datePublished\":\"2025-03-11T14:39:12+00:00\",\"dateModified\":\"2025-03-11T14:39:56+00:00\",\"mainEntityOfPage\":{\"@id\":\"https:\/\/tvnova.tv.br\/jornalfatonovo\/homem-furta-ambulancia-do-samu-no-recife-mas-veiculo-quebra-e-ele-e-preso\/\"},\"wordCount\":263,\"publisher\":{\"@id\":\"https:\/\/tvnova.tv.br\/jornalfatonovo\/#organization\"},\"image\":{\"@id\":\"https:\/\/tvnova.tv.br\/jornalfatonovo\/homem-furta-ambulancia-do-samu-no-recife-mas-veiculo-quebra-e-ele-e-preso\/#primaryimage\"},\"thumbnailUrl\":\"https:\/\/tvnova.tv.br\/jornalfatonovo\/wp-content\/uploads\/2025\/03\/20250310085009756046a.jpg\",\"articleSection\":[\"Pol\u00edcia\"],\"inLanguage\":\"pt-BR\"},{\"@type\":\"WebPage\",\"@id\":\"https:\/\/tvnova.tv.br\/jornalfatonovo\/homem-furta-ambulancia-do-samu-no-recife-mas-veiculo-quebra-e-ele-e-preso\/\",\"url\":\"https:\/\/tvnova.tv.br\/jornalfatonovo\/homem-furta-ambulancia-do-samu-no-recife-mas-veiculo-quebra-e-ele-e-preso\/\",\"name\":\"Homem furta ambul\u00e2ncia do Samu no Recife, mas ve\u00edculo quebra e ele \u00e9 preso - Jornal Fato Novo\",\"isPartOf\":{\"@id\":\"https:\/\/tvnova.tv.br\/jornalfatonovo\/#website\"},\"primaryImageOfPage\":{\"@id\":\"https:\/\/tvnova.tv.br\/jornalfatonovo\/homem-furta-ambulancia-do-samu-no-recife-mas-veiculo-quebra-e-ele-e-preso\/#primaryimage\"},\"image\":{\"@id\":\"https:\/\/tvnova.tv.br\/jornalfatonovo\/homem-furta-ambulancia-do-samu-no-recife-mas-veiculo-quebra-e-ele-e-preso\/#primaryimage\"},\"thumbnailUrl\":\"https:\/\/tvnova.tv.br\/jornalfatonovo\/wp-content\/uploads\/2025\/03\/20250310085009756046a.jpg\",\"datePublished\":\"2025-03-11T14:39:12+00:00\",\"dateModified\":\"2025-03-11T14:39:56+00:00\",\"breadcrumb\":{\"@id\":\"https:\/\/tvnova.tv.br\/jornalfatonovo\/homem-furta-ambulancia-do-samu-no-recife-mas-veiculo-quebra-e-ele-e-preso\/#breadcrumb\"},\"inLanguage\":\"pt-BR\",\"potentialAction\":[{\"@type\":\"ReadAction\",\"target\":[\"https:\/\/tvnova.tv.br\/jornalfatonovo\/homem-furta-ambulancia-do-samu-no-recife-mas-veiculo-quebra-e-ele-e-preso\/\"]}]},{\"@type\":\"ImageObject\",\"inLanguage\":\"pt-BR\",\"@id\":\"https:\/\/tvnova.tv.br\/jornalfatonovo\/homem-furta-ambulancia-do-samu-no-recife-mas-veiculo-quebra-e-ele-e-preso\/#primaryimage\",\"url\":\"https:\/\/tvnova.tv.br\/jornalfatonovo\/wp-content\/uploads\/2025\/03\/20250310085009756046a.jpg\",\"contentUrl\":\"https:\/\/tvnova.tv.br\/jornalfatonovo\/wp-content\/uploads\/2025\/03\/20250310085009756046a.jpg\",\"width\":960,\"height\":640},{\"@type\":\"BreadcrumbList\",\"@id\":\"https:\/\/tvnova.tv.br\/jornalfatonovo\/homem-furta-ambulancia-do-samu-no-recife-mas-veiculo-quebra-e-ele-e-preso\/#breadcrumb\",\"itemListElement\":[{\"@type\":\"ListItem\",\"position\":1,\"name\":\"In\u00edcio\",\"item\":\"https:\/\/tvnova.tv.br\/jornalfatonovo\/\"},{\"@type\":\"ListItem\",\"position\":2,\"name\":\"Homem furta ambul\u00e2ncia do Samu no Recife, mas ve\u00edculo quebra e ele \u00e9 preso\"}]},{\"@type\":\"WebSite\",\"@id\":\"https:\/\/tvnova.tv.br\/jornalfatonovo\/#website\",\"url\":\"https:\/\/tvnova.tv.br\/jornalfatonovo\/\",\"name\":\"Jornal Fato Novo\",\"description\":\"Acompanhe as not\u00edcias de Pernambuco\",\"publisher\":{\"@id\":\"https:\/\/tvnova.tv.br\/jornalfatonovo\/#organization\"},\"potentialAction\":[{\"@type\":\"SearchAction\",\"target\":{\"@type\":\"EntryPoint\",\"urlTemplate\":\"https:\/\/tvnova.tv.br\/jornalfatonovo\/?s={search_term_string}\"},\"query-input\":{\"@type\":\"PropertyValueSpecification\",\"valueRequired\":true,\"valueName\":\"search_term_string\"}}],\"inLanguage\":\"pt-BR\"},{\"@type\":\"Organization\",\"@id\":\"https:\/\/tvnova.tv.br\/jornalfatonovo\/#organization\",\"name\":\"Jornal Fato Novo\",\"url\":\"https:\/\/tvnova.tv.br\/jornalfatonovo\/\",\"logo\":{\"@type\":\"ImageObject\",\"inLanguage\":\"pt-BR\",\"@id\":\"https:\/\/tvnova.tv.br\/jornalfatonovo\/#\/schema\/logo\/image\/\",\"url\":\"https:\/\/tvnova.tv.br\/jornalfatonovo1\/wp-content\/uploads\/2023\/04\/FATO-NOVO-1.png\",\"contentUrl\":\"https:\/\/tvnova.tv.br\/jornalfatonovo1\/wp-content\/uploads\/2023\/04\/FATO-NOVO-1.png\",\"width\":200,\"height\":60,\"caption\":\"Jornal Fato Novo\"},\"image\":{\"@id\":\"https:\/\/tvnova.tv.br\/jornalfatonovo\/#\/schema\/logo\/image\/\"},\"sameAs\":[\"https:\/\/www.facebook.com\/tvnovanordeste\/\",\"https:\/\/x.com\/tvnovanordeste\",\"https:\/\/www.instagram.com\/jornalfatonovope\/\"]},{\"@type\":\"Person\",\"@id\":\"https:\/\/tvnova.tv.br\/jornalfatonovo\/#\/schema\/person\/8acb5c10a7535b12511b7eef3a46cf15\",\"name\":\"Jornalismo\",\"url\":\"https:\/\/tvnova.tv.br\/jornalfatonovo\/author\/jornalismo\/\"}]}<\/script>\n<!-- \/ Yoast SEO plugin. -->","yoast_head_json":{"title":"Homem furta ambul\u00e2ncia do Samu no Recife, mas ve\u00edculo quebra e ele \u00e9 preso - Jornal Fato Novo","robots":{"index":"index","follow":"follow","max-snippet":"max-snippet:-1","max-image-preview":"max-image-preview:large","max-video-preview":"max-video-preview:-1"},"canonical":"https:\/\/tvnova.tv.br\/jornalfatonovo\/homem-furta-ambulancia-do-samu-no-recife-mas-veiculo-quebra-e-ele-e-preso\/","og_locale":"pt_BR","og_type":"article","og_title":"Homem furta ambul\u00e2ncia do Samu no Recife, mas ve\u00edculo quebra e ele \u00e9 preso - Jornal Fato Novo","og_description":"Homem furta ambul\u00e2ncia do Samu no Recife, mas ve\u00edculo quebra e ele \u00e9 preso Suspeito disse que roubou o carro devido \u00e0 demora em sua transfer\u00eancia para um hospital &nbsp; da reda\u00e7\u00e3o Na madrugada de hoje (10), um homem de 50 anos furtou uma ambul\u00e2ncia do Servi\u00e7o de Atendimento M\u00f3vel de Urg\u00eancia (Samu) na Policl\u00ednica [&hellip;]","og_url":"https:\/\/tvnova.tv.br\/jornalfatonovo\/homem-furta-ambulancia-do-samu-no-recife-mas-veiculo-quebra-e-ele-e-preso\/","og_site_name":"Jornal Fato Novo","article_publisher":"https:\/\/www.facebook.com\/tvnovanordeste\/","article_published_time":"2025-03-11T14:39:12+00:00","article_modified_time":"2025-03-11T14:39:56+00:00","og_image":[{"width":960,"height":640,"url":"https:\/\/tvnova.tv.br\/jornalfatonovo\/wp-content\/uploads\/2025\/03\/20250310085009756046a.jpg","type":"image\/jpeg"}],"author":"Jornalismo","twitter_card":"summary_large_image","twitter_creator":"@tvnovanordeste","twitter_site":"@tvnovanordeste","twitter_misc":{"Escrito por":"Jornalismo","Est. tempo de leitura":"1 minuto"},"schema":{"@context":"https:\/\/schema.org","@graph":[{"@type":"Article","@id":"https:\/\/tvnova.tv.br\/jornalfatonovo\/homem-furta-ambulancia-do-samu-no-recife-mas-veiculo-quebra-e-ele-e-preso\/#article","isPartOf":{"@id":"https:\/\/tvnova.tv.br\/jornalfatonovo\/homem-furta-ambulancia-do-samu-no-recife-mas-veiculo-quebra-e-ele-e-preso\/"},"author":{"name":"Jornalismo","@id":"https:\/\/tvnova.tv.br\/jornalfatonovo\/#\/schema\/person\/8acb5c10a7535b12511b7eef3a46cf15"},"headline":"Homem furta ambul\u00e2ncia do Samu no Recife, mas ve\u00edculo quebra e ele \u00e9 preso","datePublished":"2025-03-11T14:39:12+00:00","dateModified":"2025-03-11T14:39:56+00:00","mainEntityOfPage":{"@id":"https:\/\/tvnova.tv.br\/jornalfatonovo\/homem-furta-ambulancia-do-samu-no-recife-mas-veiculo-quebra-e-ele-e-preso\/"},"wordCount":263,"publisher":{"@id":"https:\/\/tvnova.tv.br\/jornalfatonovo\/#organization"},"image":{"@id":"https:\/\/tvnova.tv.br\/jornalfatonovo\/homem-furta-ambulancia-do-samu-no-recife-mas-veiculo-quebra-e-ele-e-preso\/#primaryimage"},"thumbnailUrl":"https:\/\/tvnova.tv.br\/jornalfatonovo\/wp-content\/uploads\/2025\/03\/20250310085009756046a.jpg","articleSection":["Pol\u00edcia"],"inLanguage":"pt-BR"},{"@type":"WebPage","@id":"https:\/\/tvnova.tv.br\/jornalfatonovo\/homem-furta-ambulancia-do-samu-no-recife-mas-veiculo-quebra-e-ele-e-preso\/","url":"https:\/\/tvnova.tv.br\/jornalfatonovo\/homem-furta-ambulancia-do-samu-no-recife-mas-veiculo-quebra-e-ele-e-preso\/","name":"Homem furta ambul\u00e2ncia do Samu no Recife, mas ve\u00edculo quebra e ele \u00e9 preso - Jornal Fato Novo","isPartOf":{"@id":"https:\/\/tvnova.tv.br\/jornalfatonovo\/#website"},"primaryImageOfPage":{"@id":"https:\/\/tvnova.tv.br\/jornalfatonovo\/homem-furta-ambulancia-do-samu-no-recife-mas-veiculo-quebra-e-ele-e-preso\/#primaryimage"},"image":{"@id":"https:\/\/tvnova.tv.br\/jornalfatonovo\/homem-furta-ambulancia-do-samu-no-recife-mas-veiculo-quebra-e-ele-e-preso\/#primaryimage"},"thumbnailUrl":"https:\/\/tvnova.tv.br\/jornalfatonovo\/wp-content\/uploads\/2025\/03\/20250310085009756046a.jpg","datePublished":"2025-03-11T14:39:12+00:00","dateModified":"2025-03-11T14:39:56+00:00","breadcrumb":{"@id":"https:\/\/tvnova.tv.br\/jornalfatonovo\/homem-furta-ambulancia-do-samu-no-recife-mas-veiculo-quebra-e-ele-e-preso\/#breadcrumb"},"inLanguage":"pt-BR","potentialAction":[{"@type":"ReadAction","target":["https:\/\/tvnova.tv.br\/jornalfatonovo\/homem-furta-ambulancia-do-samu-no-recife-mas-veiculo-quebra-e-ele-e-preso\/"]}]},{"@type":"ImageObject","inLanguage":"pt-BR","@id":"https:\/\/tvnova.tv.br\/jornalfatonovo\/homem-furta-ambulancia-do-samu-no-recife-mas-veiculo-quebra-e-ele-e-preso\/#primaryimage","url":"https:\/\/tvnova.tv.br\/jornalfatonovo\/wp-content\/uploads\/2025\/03\/20250310085009756046a.jpg","contentUrl":"https:\/\/tvnova.tv.br\/jornalfatonovo\/wp-content\/uploads\/2025\/03\/20250310085009756046a.jpg","width":960,"height":640},{"@type":"BreadcrumbList","@id":"https:\/\/tvnova.tv.br\/jornalfatonovo\/homem-furta-ambulancia-do-samu-no-recife-mas-veiculo-quebra-e-ele-e-preso\/#breadcrumb","itemListElement":[{"@type":"ListItem","position":1,"name":"In\u00edcio","item":"https:\/\/tvnova.tv.br\/jornalfatonovo\/"},{"@type":"ListItem","position":2,"name":"Homem furta ambul\u00e2ncia do Samu no Recife, mas ve\u00edculo quebra e ele \u00e9 preso"}]},{"@type":"WebSite","@id":"https:\/\/tvnova.tv.br\/jornalfatonovo\/#website","url":"https:\/\/tvnova.tv.br\/jornalfatonovo\/","name":"Jornal Fato Novo","description":"Acompanhe as not\u00edcias de Pernambuco","publisher":{"@id":"https:\/\/tvnova.tv.br\/jornalfatonovo\/#organization"},"potentialAction":[{"@type":"SearchAction","target":{"@type":"EntryPoint","urlTemplate":"https:\/\/tvnova.tv.br\/jornalfatonovo\/?s={search_term_string}"},"query-input":{"@type":"PropertyValueSpecification","valueRequired":true,"valueName":"search_term_string"}}],"inLanguage":"pt-BR"},{"@type":"Organization","@id":"https:\/\/tvnova.tv.br\/jornalfatonovo\/#organization","name":"Jornal Fato Novo","url":"https:\/\/tvnova.tv.br\/jornalfatonovo\/","logo":{"@type":"ImageObject","inLanguage":"pt-BR","@id":"https:\/\/tvnova.tv.br\/jornalfatonovo\/#\/schema\/logo\/image\/","url":"https:\/\/tvnova.tv.br\/jornalfatonovo1\/wp-content\/uploads\/2023\/04\/FATO-NOVO-1.png","contentUrl":"https:\/\/tvnova.tv.br\/jornalfatonovo1\/wp-content\/uploads\/2023\/04\/FATO-NOVO-1.png","width":200,"height":60,"caption":"Jornal Fato Novo"},"image":{"@id":"https:\/\/tvnova.tv.br\/jornalfatonovo\/#\/schema\/logo\/image\/"},"sameAs":["https:\/\/www.facebook.com\/tvnovanordeste\/","https:\/\/x.com\/tvnovanordeste","https:\/\/www.instagram.com\/jornalfatonovope\/"]},{"@type":"Person","@id":"https:\/\/tvnova.tv.br\/jornalfatonovo\/#\/schema\/person\/8acb5c10a7535b12511b7eef3a46cf15","name":"Jornalismo","url":"https:\/\/tvnova.tv.br\/jornalfatonovo\/author\/jornalismo\/"}]}},"_links":{"self":[{"href":"https:\/\/tvnova.tv.br\/jornalfatonovo\/wp-json\/wp\/v2\/posts\/22100","targetHints":{"allow":["GET"]}}],"collection":[{"href":"https:\/\/tvnova.tv.br\/jornalfatonovo\/wp-json\/wp\/v2\/posts"}],"about":[{"href":"https:\/\/tvnova.tv.br\/jornalfatonovo\/wp-json\/wp\/v2\/types\/post"}],"author":[{"embeddable":true,"href":"https:\/\/tvnova.tv.br\/jornalfatonovo\/wp-json\/wp\/v2\/users\/13"}],"replies":[{"embeddable":true,"href":"https:\/\/tvnova.tv.br\/jornalfatonovo\/wp-json\/wp\/v2\/comments?post=22100"}],"version-history":[{"count":1,"href":"https:\/\/tvnova.tv.br\/jornalfatonovo\/wp-json\/wp\/v2\/posts\/22100\/revisions"}],"predecessor-version":[{"id":22102,"href":"https:\/\/tvnova.tv.br\/jornalfatonovo\/wp-json\/wp\/v2\/posts\/22100\/revisions\/22102"}],"wp:featuredmedia":[{"embeddable":true,"href":"https:\/\/tvnova.tv.br\/jornalfatonovo\/wp-json\/wp\/v2\/media\/22101"}],"wp:attachment":[{"href":"https:\/\/tvnova.tv.br\/jornalfatonovo\/wp-json\/wp\/v2\/media?parent=22100"}],"wp:term":[{"taxonomy":"category","embeddable":true,"href":"https:\/\/tvnova.tv.br\/jornalfatonovo\/wp-json\/wp\/v2\/categories?post=22100"},{"taxonomy":"post_tag","embeddable":true,"href":"https:\/\/tvnova.tv.br\/jornalfatonovo\/wp-json\/wp\/v2\/tags?post=22100"},{"taxonomy":"cores-categorias","embeddable":true,"href":"https:\/\/tvnova.tv.br\/jornalfatonovo\/wp-json\/wp\/v2\/cores-categorias?post=22100"}],"curies":[{"name":"wp","href":"https:\/\/api.w.org\/{rel}","templated":true}]}}