{"id":22103,"date":"2025-03-11T11:41:58","date_gmt":"2025-03-11T14:41:58","guid":{"rendered":"https:\/\/tvnova.tv.br\/jornalfatonovo\/?p=22103"},"modified":"2025-03-11T11:43:20","modified_gmt":"2025-03-11T14:43:20","slug":"anac-suspende-operacoes-aereas-da-voepass","status":"publish","type":"post","link":"https:\/\/tvnova.tv.br\/jornalfatonovo\/anac-suspende-operacoes-aereas-da-voepass\/","title":{"rendered":"Anac suspende opera\u00e7\u00f5es a\u00e9reas da Voepass"},"content":{"rendered":"<h4>Anac suspende opera\u00e7\u00f5es a\u00e9reas da Voepass<\/h4>\n<h6>Decis\u00e3o foi tomada em car\u00e1ter cautelar<\/h6>\n<p>&nbsp;<\/p>\n<p><em>por Paula Laboissei\u00e8re &#8211; Ag\u00eancia Brasil<\/em><\/p>\n<p>A Ag\u00eancia Nacional de Avia\u00e7\u00e3o Civil (Anac) suspendeu, a partir desta ter\u00e7a-feira (11), as opera\u00e7\u00f5es a\u00e9reas da Voepass, formada pela Passaredo Transportes A\u00e9reos e pela Map Linhas A\u00e9reas.<img decoding=\"async\" src=\"https:\/\/agenciabrasil.ebc.com.br\/ebc.png?id=1634054&amp;o=node\" \/><img decoding=\"async\" src=\"https:\/\/agenciabrasil.ebc.com.br\/ebc.gif?id=1634054&amp;o=node\" \/><\/p>\n<p>A decis\u00e3o, segundo a ag\u00eancia, foi tomada em car\u00e1ter cautelar. \u201cA suspens\u00e3o vigorar\u00e1 at\u00e9 que se comprove a corre\u00e7\u00e3o de n\u00e3o conformidades relacionadas aos sistemas de gest\u00e3o da empresa previstos em regulamentos\u201d.<\/p>\n<p>Em nota, a Anac informou que passageiros atingidos pelo cancelamento de voos da Voepass devem procurar a empresa ou a ag\u00eancia de viagem respons\u00e1vel pela venda do bilhete para reembolso ou reacomoda\u00e7\u00e3o em outras companhias.<\/p>\n<p>De acordo com o comunicado, a Voepass conta atualmente com seis aeronaves e as opera\u00e7\u00f5es da companhia incluem 15 localidades com voos comerciais e duas com contratos de fretamento.<\/p>\n<p>\u201cA decis\u00e3o da Anac decorre da incapacidade da Voepass em solucionar irregularidades identificadas no curso da supervis\u00e3o realizada pela ag\u00eancia, bem como da viola\u00e7\u00e3o das condicionantes estabelecidas anteriormente para a continuidade da opera\u00e7\u00e3o dentro dos padr\u00f5es de seguran\u00e7a exigidos.\u201d<\/p>\n<h2>Entenda<\/h2>\n<p>No dia 9 de agosto de 2024, um\u00a0<a href=\"https:\/\/agenciabrasil.ebc.com.br\/geral\/noticia\/2024-08\/aviao-da-voepass-com-58-passageiros-e-4-tripulantes-cai-em-vinhedo-sp\" target=\"_blank\" rel=\"noopener\">avi\u00e3o da Voepass caiu na cidade de Vinhedo<\/a>\u00a0(SP), matando 62 pessoas. Desde o acidente, segundo a Anac, foi implantada uma opera\u00e7\u00e3o assistida de fiscaliza\u00e7\u00e3o nas instala\u00e7\u00f5es da companhia.<\/p>\n<p>\u201cServidores da ag\u00eancia estiveram presentes nas bases de opera\u00e7\u00e3o e manuten\u00e7\u00e3o da empresa para verificar as condi\u00e7\u00f5es necess\u00e1rias \u00e0\u00a0garantia do n\u00edvel adequado de seguran\u00e7a das opera\u00e7\u00f5es.\u201d<\/p>\n<p>Em outubro de 2024, a Anac passou a cobrar da Voepass medidas como redu\u00e7\u00e3o da malha, aumento do tempo em\u00a0solo das aeronaves para manuten\u00e7\u00e3o, troca de administradores e execu\u00e7\u00e3o do plano de a\u00e7\u00e3o\u00a0para\u00a0corre\u00e7\u00f5es das irregularidades.<\/p>\n<p>\u201cNo final de fevereiro de 2025, ap\u00f3s nova rodada de auditorias, foi identificada a degrada\u00e7\u00e3o da efici\u00eancia do sistema de gest\u00e3o da empresa em rela\u00e7\u00e3o \u00e0s atividades monitoradas e o descumprimento sistem\u00e1tico das exig\u00eancias feitas pela ag\u00eancia.\u201d<\/p>\n<p>Foi constatada ainda, segundo a Anac, a reincid\u00eancia de irregularidades apontadas e consideradas sanadas pela ag\u00eancia em a\u00e7\u00f5es de vigil\u00e2ncia e fiscaliza\u00e7\u00e3o anteriores, al\u00e9m da falta de efetividade do plano de a\u00e7\u00f5es corretivas.<\/p>\n<p>\u201cOcorreu, assim, uma quebra de confian\u00e7a em rela\u00e7\u00e3o aos processos internos da empresa devido a evid\u00eancias de que os sistemas da Voepass perderam a capacidade de dar respostas \u00e0 identifica\u00e7\u00e3o e corre\u00e7\u00e3o de riscos da opera\u00e7\u00e3o a\u00e9rea.\u201d<\/p>\n<p>\u201cDessa forma, a Anac determinou a suspens\u00e3o das opera\u00e7\u00f5es da empresa at\u00e9 que seja evidenciada a retomada de sua capacidade de garantir o n\u00edvel de seguran\u00e7a previsto nos regulamentos vigentes\u201d, concluiu a ag\u00eancia.<\/p>\n<h2>Repercuss\u00e3o<\/h2>\n<p>O Minist\u00e9rio de Portos e Aeroportos classificou como acertada a decis\u00e3o da Anac de suspender as opera\u00e7\u00f5es a\u00e9reas da Voepass. Em nota, a pasta informou que vinha acompanhando o processo h\u00e1 alguns meses.<\/p>\n<p>\u201cA medida cautelar visa, de forma tempor\u00e1ria, solicitar que a empresa a\u00e9rea melhore sua governan\u00e7a e fortale\u00e7a ainda mais a seguran\u00e7a dos voos no pa\u00eds\u201d, destacou o minist\u00e9rio no comunicado.<\/p>\n","protected":false},"excerpt":{"rendered":"<p>Anac suspende opera\u00e7\u00f5es a\u00e9reas da Voepass Decis\u00e3o foi tomada em car\u00e1ter cautelar &nbsp; por Paula Laboissei\u00e8re &#8211; Ag\u00eancia Brasil A Ag\u00eancia Nacional de Avia\u00e7\u00e3o Civil (Anac) suspendeu, a partir desta ter\u00e7a-feira (11), as opera\u00e7\u00f5es a\u00e9reas da Voepass, formada pela Passaredo Transportes A\u00e9reos e pela Map Linhas A\u00e9reas. A decis\u00e3o, segundo a ag\u00eancia, foi tomada em [&hellip;]<\/p>\n","protected":false},"author":13,"featured_media":22105,"comment_status":"closed","ping_status":"","sticky":false,"template":"","format":"standard","meta":{"footnotes":""},"categories":[1],"tags":[],"cores-categorias":[],"class_list":["post-22103","post","type-post","status-publish","format-standard","has-post-thumbnail","hentry","category-cidades"],"yoast_head":"<!-- This site is optimized with the Yoast SEO plugin v27.2 - https:\/\/yoast.com\/product\/yoast-seo-wordpress\/ -->\n<title>Anac suspende opera\u00e7\u00f5es a\u00e9reas da Voepass - Jornal Fato Novo<\/title>\n<meta name=\"robots\" content=\"index, follow, max-snippet:-1, max-image-preview:large, max-video-preview:-1\" \/>\n<link rel=\"canonical\" href=\"https:\/\/tvnova.tv.br\/jornalfatonovo\/anac-suspende-operacoes-aereas-da-voepass\/\" \/>\n<meta property=\"og:locale\" content=\"pt_BR\" \/>\n<meta property=\"og:type\" content=\"article\" \/>\n<meta property=\"og:title\" content=\"Anac suspende opera\u00e7\u00f5es a\u00e9reas da Voepass - Jornal Fato Novo\" \/>\n<meta property=\"og:description\" content=\"Anac suspende opera\u00e7\u00f5es a\u00e9reas da Voepass Decis\u00e3o foi tomada em car\u00e1ter cautelar &nbsp; por Paula Laboissei\u00e8re &#8211; Ag\u00eancia Brasil A Ag\u00eancia Nacional de Avia\u00e7\u00e3o Civil (Anac) suspendeu, a partir desta ter\u00e7a-feira (11), as opera\u00e7\u00f5es a\u00e9reas da Voepass, formada pela Passaredo Transportes A\u00e9reos e pela Map Linhas A\u00e9reas. A decis\u00e3o, segundo a ag\u00eancia, foi tomada em [&hellip;]\" \/>\n<meta property=\"og:url\" content=\"https:\/\/tvnova.tv.br\/jornalfatonovo\/anac-suspende-operacoes-aereas-da-voepass\/\" \/>\n<meta property=\"og:site_name\" content=\"Jornal Fato Novo\" \/>\n<meta property=\"article:publisher\" content=\"https:\/\/www.facebook.com\/tvnovanordeste\/\" \/>\n<meta property=\"article:published_time\" content=\"2025-03-11T14:41:58+00:00\" \/>\n<meta property=\"article:modified_time\" content=\"2025-03-11T14:43:20+00:00\" \/>\n<meta property=\"og:image\" content=\"https:\/\/tvnova.tv.br\/jornalfatonovo\/wp-content\/uploads\/2025\/03\/VoePass-ATR-72-500-24073001-1024x683-1.jpg\" \/>\n\t<meta property=\"og:image:width\" content=\"1024\" \/>\n\t<meta property=\"og:image:height\" content=\"683\" \/>\n\t<meta property=\"og:image:type\" content=\"image\/jpeg\" \/>\n<meta name=\"author\" content=\"Jornalismo\" \/>\n<meta name=\"twitter:card\" content=\"summary_large_image\" \/>\n<meta name=\"twitter:creator\" content=\"@tvnovanordeste\" \/>\n<meta name=\"twitter:site\" content=\"@tvnovanordeste\" \/>\n<meta name=\"twitter:label1\" content=\"Escrito por\" \/>\n\t<meta name=\"twitter:data1\" content=\"Jornalismo\" \/>\n\t<meta name=\"twitter:label2\" content=\"Est. tempo de leitura\" \/>\n\t<meta name=\"twitter:data2\" content=\"3 minutos\" \/>\n<script type=\"application\/ld+json\" class=\"yoast-schema-graph\">{\"@context\":\"https:\/\/schema.org\",\"@graph\":[{\"@type\":\"Article\",\"@id\":\"https:\/\/tvnova.tv.br\/jornalfatonovo\/anac-suspende-operacoes-aereas-da-voepass\/#article\",\"isPartOf\":{\"@id\":\"https:\/\/tvnova.tv.br\/jornalfatonovo\/anac-suspende-operacoes-aereas-da-voepass\/\"},\"author\":{\"name\":\"Jornalismo\",\"@id\":\"https:\/\/tvnova.tv.br\/jornalfatonovo\/#\/schema\/person\/8acb5c10a7535b12511b7eef3a46cf15\"},\"headline\":\"Anac suspende opera\u00e7\u00f5es a\u00e9reas da Voepass\",\"datePublished\":\"2025-03-11T14:41:58+00:00\",\"dateModified\":\"2025-03-11T14:43:20+00:00\",\"mainEntityOfPage\":{\"@id\":\"https:\/\/tvnova.tv.br\/jornalfatonovo\/anac-suspende-operacoes-aereas-da-voepass\/\"},\"wordCount\":575,\"publisher\":{\"@id\":\"https:\/\/tvnova.tv.br\/jornalfatonovo\/#organization\"},\"image\":{\"@id\":\"https:\/\/tvnova.tv.br\/jornalfatonovo\/anac-suspende-operacoes-aereas-da-voepass\/#primaryimage\"},\"thumbnailUrl\":\"https:\/\/tvnova.tv.br\/jornalfatonovo\/wp-content\/uploads\/2025\/03\/VoePass-ATR-72-500-24073001-1024x683-1.jpg\",\"articleSection\":[\"Cidades\"],\"inLanguage\":\"pt-BR\"},{\"@type\":\"WebPage\",\"@id\":\"https:\/\/tvnova.tv.br\/jornalfatonovo\/anac-suspende-operacoes-aereas-da-voepass\/\",\"url\":\"https:\/\/tvnova.tv.br\/jornalfatonovo\/anac-suspende-operacoes-aereas-da-voepass\/\",\"name\":\"Anac suspende opera\u00e7\u00f5es a\u00e9reas da Voepass - Jornal Fato Novo\",\"isPartOf\":{\"@id\":\"https:\/\/tvnova.tv.br\/jornalfatonovo\/#website\"},\"primaryImageOfPage\":{\"@id\":\"https:\/\/tvnova.tv.br\/jornalfatonovo\/anac-suspende-operacoes-aereas-da-voepass\/#primaryimage\"},\"image\":{\"@id\":\"https:\/\/tvnova.tv.br\/jornalfatonovo\/anac-suspende-operacoes-aereas-da-voepass\/#primaryimage\"},\"thumbnailUrl\":\"https:\/\/tvnova.tv.br\/jornalfatonovo\/wp-content\/uploads\/2025\/03\/VoePass-ATR-72-500-24073001-1024x683-1.jpg\",\"datePublished\":\"2025-03-11T14:41:58+00:00\",\"dateModified\":\"2025-03-11T14:43:20+00:00\",\"breadcrumb\":{\"@id\":\"https:\/\/tvnova.tv.br\/jornalfatonovo\/anac-suspende-operacoes-aereas-da-voepass\/#breadcrumb\"},\"inLanguage\":\"pt-BR\",\"potentialAction\":[{\"@type\":\"ReadAction\",\"target\":[\"https:\/\/tvnova.tv.br\/jornalfatonovo\/anac-suspende-operacoes-aereas-da-voepass\/\"]}]},{\"@type\":\"ImageObject\",\"inLanguage\":\"pt-BR\",\"@id\":\"https:\/\/tvnova.tv.br\/jornalfatonovo\/anac-suspende-operacoes-aereas-da-voepass\/#primaryimage\",\"url\":\"https:\/\/tvnova.tv.br\/jornalfatonovo\/wp-content\/uploads\/2025\/03\/VoePass-ATR-72-500-24073001-1024x683-1.jpg\",\"contentUrl\":\"https:\/\/tvnova.tv.br\/jornalfatonovo\/wp-content\/uploads\/2025\/03\/VoePass-ATR-72-500-24073001-1024x683-1.jpg\",\"width\":1024,\"height\":683},{\"@type\":\"BreadcrumbList\",\"@id\":\"https:\/\/tvnova.tv.br\/jornalfatonovo\/anac-suspende-operacoes-aereas-da-voepass\/#breadcrumb\",\"itemListElement\":[{\"@type\":\"ListItem\",\"position\":1,\"name\":\"In\u00edcio\",\"item\":\"https:\/\/tvnova.tv.br\/jornalfatonovo\/\"},{\"@type\":\"ListItem\",\"position\":2,\"name\":\"Anac suspende opera\u00e7\u00f5es a\u00e9reas da Voepass\"}]},{\"@type\":\"WebSite\",\"@id\":\"https:\/\/tvnova.tv.br\/jornalfatonovo\/#website\",\"url\":\"https:\/\/tvnova.tv.br\/jornalfatonovo\/\",\"name\":\"Jornal Fato Novo\",\"description\":\"Acompanhe as not\u00edcias de Pernambuco\",\"publisher\":{\"@id\":\"https:\/\/tvnova.tv.br\/jornalfatonovo\/#organization\"},\"potentialAction\":[{\"@type\":\"SearchAction\",\"target\":{\"@type\":\"EntryPoint\",\"urlTemplate\":\"https:\/\/tvnova.tv.br\/jornalfatonovo\/?s={search_term_string}\"},\"query-input\":{\"@type\":\"PropertyValueSpecification\",\"valueRequired\":true,\"valueName\":\"search_term_string\"}}],\"inLanguage\":\"pt-BR\"},{\"@type\":\"Organization\",\"@id\":\"https:\/\/tvnova.tv.br\/jornalfatonovo\/#organization\",\"name\":\"Jornal Fato Novo\",\"url\":\"https:\/\/tvnova.tv.br\/jornalfatonovo\/\",\"logo\":{\"@type\":\"ImageObject\",\"inLanguage\":\"pt-BR\",\"@id\":\"https:\/\/tvnova.tv.br\/jornalfatonovo\/#\/schema\/logo\/image\/\",\"url\":\"https:\/\/tvnova.tv.br\/jornalfatonovo1\/wp-content\/uploads\/2023\/04\/FATO-NOVO-1.png\",\"contentUrl\":\"https:\/\/tvnova.tv.br\/jornalfatonovo1\/wp-content\/uploads\/2023\/04\/FATO-NOVO-1.png\",\"width\":200,\"height\":60,\"caption\":\"Jornal Fato Novo\"},\"image\":{\"@id\":\"https:\/\/tvnova.tv.br\/jornalfatonovo\/#\/schema\/logo\/image\/\"},\"sameAs\":[\"https:\/\/www.facebook.com\/tvnovanordeste\/\",\"https:\/\/x.com\/tvnovanordeste\",\"https:\/\/www.instagram.com\/jornalfatonovope\/\"]},{\"@type\":\"Person\",\"@id\":\"https:\/\/tvnova.tv.br\/jornalfatonovo\/#\/schema\/person\/8acb5c10a7535b12511b7eef3a46cf15\",\"name\":\"Jornalismo\",\"url\":\"https:\/\/tvnova.tv.br\/jornalfatonovo\/author\/jornalismo\/\"}]}<\/script>\n<!-- \/ Yoast SEO plugin. -->","yoast_head_json":{"title":"Anac suspende opera\u00e7\u00f5es a\u00e9reas da Voepass - Jornal Fato Novo","robots":{"index":"index","follow":"follow","max-snippet":"max-snippet:-1","max-image-preview":"max-image-preview:large","max-video-preview":"max-video-preview:-1"},"canonical":"https:\/\/tvnova.tv.br\/jornalfatonovo\/anac-suspende-operacoes-aereas-da-voepass\/","og_locale":"pt_BR","og_type":"article","og_title":"Anac suspende opera\u00e7\u00f5es a\u00e9reas da Voepass - Jornal Fato Novo","og_description":"Anac suspende opera\u00e7\u00f5es a\u00e9reas da Voepass Decis\u00e3o foi tomada em car\u00e1ter cautelar &nbsp; por Paula Laboissei\u00e8re &#8211; Ag\u00eancia Brasil A Ag\u00eancia Nacional de Avia\u00e7\u00e3o Civil (Anac) suspendeu, a partir desta ter\u00e7a-feira (11), as opera\u00e7\u00f5es a\u00e9reas da Voepass, formada pela Passaredo Transportes A\u00e9reos e pela Map Linhas A\u00e9reas. A decis\u00e3o, segundo a ag\u00eancia, foi tomada em [&hellip;]","og_url":"https:\/\/tvnova.tv.br\/jornalfatonovo\/anac-suspende-operacoes-aereas-da-voepass\/","og_site_name":"Jornal Fato Novo","article_publisher":"https:\/\/www.facebook.com\/tvnovanordeste\/","article_published_time":"2025-03-11T14:41:58+00:00","article_modified_time":"2025-03-11T14:43:20+00:00","og_image":[{"width":1024,"height":683,"url":"https:\/\/tvnova.tv.br\/jornalfatonovo\/wp-content\/uploads\/2025\/03\/VoePass-ATR-72-500-24073001-1024x683-1.jpg","type":"image\/jpeg"}],"author":"Jornalismo","twitter_card":"summary_large_image","twitter_creator":"@tvnovanordeste","twitter_site":"@tvnovanordeste","twitter_misc":{"Escrito por":"Jornalismo","Est. tempo de leitura":"3 minutos"},"schema":{"@context":"https:\/\/schema.org","@graph":[{"@type":"Article","@id":"https:\/\/tvnova.tv.br\/jornalfatonovo\/anac-suspende-operacoes-aereas-da-voepass\/#article","isPartOf":{"@id":"https:\/\/tvnova.tv.br\/jornalfatonovo\/anac-suspende-operacoes-aereas-da-voepass\/"},"author":{"name":"Jornalismo","@id":"https:\/\/tvnova.tv.br\/jornalfatonovo\/#\/schema\/person\/8acb5c10a7535b12511b7eef3a46cf15"},"headline":"Anac suspende opera\u00e7\u00f5es a\u00e9reas da Voepass","datePublished":"2025-03-11T14:41:58+00:00","dateModified":"2025-03-11T14:43:20+00:00","mainEntityOfPage":{"@id":"https:\/\/tvnova.tv.br\/jornalfatonovo\/anac-suspende-operacoes-aereas-da-voepass\/"},"wordCount":575,"publisher":{"@id":"https:\/\/tvnova.tv.br\/jornalfatonovo\/#organization"},"image":{"@id":"https:\/\/tvnova.tv.br\/jornalfatonovo\/anac-suspende-operacoes-aereas-da-voepass\/#primaryimage"},"thumbnailUrl":"https:\/\/tvnova.tv.br\/jornalfatonovo\/wp-content\/uploads\/2025\/03\/VoePass-ATR-72-500-24073001-1024x683-1.jpg","articleSection":["Cidades"],"inLanguage":"pt-BR"},{"@type":"WebPage","@id":"https:\/\/tvnova.tv.br\/jornalfatonovo\/anac-suspende-operacoes-aereas-da-voepass\/","url":"https:\/\/tvnova.tv.br\/jornalfatonovo\/anac-suspende-operacoes-aereas-da-voepass\/","name":"Anac suspende opera\u00e7\u00f5es a\u00e9reas da Voepass - Jornal Fato Novo","isPartOf":{"@id":"https:\/\/tvnova.tv.br\/jornalfatonovo\/#website"},"primaryImageOfPage":{"@id":"https:\/\/tvnova.tv.br\/jornalfatonovo\/anac-suspende-operacoes-aereas-da-voepass\/#primaryimage"},"image":{"@id":"https:\/\/tvnova.tv.br\/jornalfatonovo\/anac-suspende-operacoes-aereas-da-voepass\/#primaryimage"},"thumbnailUrl":"https:\/\/tvnova.tv.br\/jornalfatonovo\/wp-content\/uploads\/2025\/03\/VoePass-ATR-72-500-24073001-1024x683-1.jpg","datePublished":"2025-03-11T14:41:58+00:00","dateModified":"2025-03-11T14:43:20+00:00","breadcrumb":{"@id":"https:\/\/tvnova.tv.br\/jornalfatonovo\/anac-suspende-operacoes-aereas-da-voepass\/#breadcrumb"},"inLanguage":"pt-BR","potentialAction":[{"@type":"ReadAction","target":["https:\/\/tvnova.tv.br\/jornalfatonovo\/anac-suspende-operacoes-aereas-da-voepass\/"]}]},{"@type":"ImageObject","inLanguage":"pt-BR","@id":"https:\/\/tvnova.tv.br\/jornalfatonovo\/anac-suspende-operacoes-aereas-da-voepass\/#primaryimage","url":"https:\/\/tvnova.tv.br\/jornalfatonovo\/wp-content\/uploads\/2025\/03\/VoePass-ATR-72-500-24073001-1024x683-1.jpg","contentUrl":"https:\/\/tvnova.tv.br\/jornalfatonovo\/wp-content\/uploads\/2025\/03\/VoePass-ATR-72-500-24073001-1024x683-1.jpg","width":1024,"height":683},{"@type":"BreadcrumbList","@id":"https:\/\/tvnova.tv.br\/jornalfatonovo\/anac-suspende-operacoes-aereas-da-voepass\/#breadcrumb","itemListElement":[{"@type":"ListItem","position":1,"name":"In\u00edcio","item":"https:\/\/tvnova.tv.br\/jornalfatonovo\/"},{"@type":"ListItem","position":2,"name":"Anac suspende opera\u00e7\u00f5es a\u00e9reas da Voepass"}]},{"@type":"WebSite","@id":"https:\/\/tvnova.tv.br\/jornalfatonovo\/#website","url":"https:\/\/tvnova.tv.br\/jornalfatonovo\/","name":"Jornal Fato Novo","description":"Acompanhe as not\u00edcias de Pernambuco","publisher":{"@id":"https:\/\/tvnova.tv.br\/jornalfatonovo\/#organization"},"potentialAction":[{"@type":"SearchAction","target":{"@type":"EntryPoint","urlTemplate":"https:\/\/tvnova.tv.br\/jornalfatonovo\/?s={search_term_string}"},"query-input":{"@type":"PropertyValueSpecification","valueRequired":true,"valueName":"search_term_string"}}],"inLanguage":"pt-BR"},{"@type":"Organization","@id":"https:\/\/tvnova.tv.br\/jornalfatonovo\/#organization","name":"Jornal Fato Novo","url":"https:\/\/tvnova.tv.br\/jornalfatonovo\/","logo":{"@type":"ImageObject","inLanguage":"pt-BR","@id":"https:\/\/tvnova.tv.br\/jornalfatonovo\/#\/schema\/logo\/image\/","url":"https:\/\/tvnova.tv.br\/jornalfatonovo1\/wp-content\/uploads\/2023\/04\/FATO-NOVO-1.png","contentUrl":"https:\/\/tvnova.tv.br\/jornalfatonovo1\/wp-content\/uploads\/2023\/04\/FATO-NOVO-1.png","width":200,"height":60,"caption":"Jornal Fato Novo"},"image":{"@id":"https:\/\/tvnova.tv.br\/jornalfatonovo\/#\/schema\/logo\/image\/"},"sameAs":["https:\/\/www.facebook.com\/tvnovanordeste\/","https:\/\/x.com\/tvnovanordeste","https:\/\/www.instagram.com\/jornalfatonovope\/"]},{"@type":"Person","@id":"https:\/\/tvnova.tv.br\/jornalfatonovo\/#\/schema\/person\/8acb5c10a7535b12511b7eef3a46cf15","name":"Jornalismo","url":"https:\/\/tvnova.tv.br\/jornalfatonovo\/author\/jornalismo\/"}]}},"_links":{"self":[{"href":"https:\/\/tvnova.tv.br\/jornalfatonovo\/wp-json\/wp\/v2\/posts\/22103","targetHints":{"allow":["GET"]}}],"collection":[{"href":"https:\/\/tvnova.tv.br\/jornalfatonovo\/wp-json\/wp\/v2\/posts"}],"about":[{"href":"https:\/\/tvnova.tv.br\/jornalfatonovo\/wp-json\/wp\/v2\/types\/post"}],"author":[{"embeddable":true,"href":"https:\/\/tvnova.tv.br\/jornalfatonovo\/wp-json\/wp\/v2\/users\/13"}],"replies":[{"embeddable":true,"href":"https:\/\/tvnova.tv.br\/jornalfatonovo\/wp-json\/wp\/v2\/comments?post=22103"}],"version-history":[{"count":1,"href":"https:\/\/tvnova.tv.br\/jornalfatonovo\/wp-json\/wp\/v2\/posts\/22103\/revisions"}],"predecessor-version":[{"id":22104,"href":"https:\/\/tvnova.tv.br\/jornalfatonovo\/wp-json\/wp\/v2\/posts\/22103\/revisions\/22104"}],"wp:featuredmedia":[{"embeddable":true,"href":"https:\/\/tvnova.tv.br\/jornalfatonovo\/wp-json\/wp\/v2\/media\/22105"}],"wp:attachment":[{"href":"https:\/\/tvnova.tv.br\/jornalfatonovo\/wp-json\/wp\/v2\/media?parent=22103"}],"wp:term":[{"taxonomy":"category","embeddable":true,"href":"https:\/\/tvnova.tv.br\/jornalfatonovo\/wp-json\/wp\/v2\/categories?post=22103"},{"taxonomy":"post_tag","embeddable":true,"href":"https:\/\/tvnova.tv.br\/jornalfatonovo\/wp-json\/wp\/v2\/tags?post=22103"},{"taxonomy":"cores-categorias","embeddable":true,"href":"https:\/\/tvnova.tv.br\/jornalfatonovo\/wp-json\/wp\/v2\/cores-categorias?post=22103"}],"curies":[{"name":"wp","href":"https:\/\/api.w.org\/{rel}","templated":true}]}}