{"id":22109,"date":"2025-03-11T11:56:51","date_gmt":"2025-03-11T14:56:51","guid":{"rendered":"https:\/\/tvnova.tv.br\/jornalfatonovo\/?p=22109"},"modified":"2025-03-11T12:11:38","modified_gmt":"2025-03-11T15:11:38","slug":"raquel-lyra-mira-reeleicao-e-pode-disputar-presidencia-em-2030-diz-kassab","status":"publish","type":"post","link":"https:\/\/tvnova.tv.br\/jornalfatonovo\/raquel-lyra-mira-reeleicao-e-pode-disputar-presidencia-em-2030-diz-kassab\/","title":{"rendered":"Raquel Lyra mira reelei\u00e7\u00e3o e pode disputar presid\u00eancia em 2030, diz Kassab"},"content":{"rendered":"<h4>Raquel Lyra mira reelei\u00e7\u00e3o e pode disputar presid\u00eancia em 2030, diz Kassab<\/h4>\n<h6>Governadora de Pernambuco troca PSDB pelo PSD para fortalecer campanha de 2026<\/h6>\n<p><em>da reda\u00e7\u00e3o<\/em><\/p>\n<hr \/>\n<p data-pm-slice=\"1 1 []\">\n<p data-pm-slice=\"1 1 []\">O presidente nacional do PSD, Gilberto Kassab, declarou nesta segunda-feira (10) que a governadora Raquel Lyra tem potencial para concorrer \u00e0 Presid\u00eancia da Rep\u00fablica nas elei\u00e7\u00f5es de 2030. A declara\u00e7\u00e3o foi feita durante o evento em que Raquel oficializou sua sa\u00edda do PSDB e filia\u00e7\u00e3o ao PSD, visando refor\u00e7ar sua candidatura \u00e0 reelei\u00e7\u00e3o em 2026, quando deve enfrentar o atual prefeito de Recife, Jo\u00e3o Campos (PSB).<\/p>\n<p>Kassab ressaltou que, caso Raquel Lyra mantenha o ritmo de crescimento pol\u00edtico que tem apresentado, sua reelei\u00e7\u00e3o ao governo estadual ser\u00e1 prov\u00e1vel. &#8220;Se isso acontecer, Pernambuco vai se orgulhar e passar a sonhar com Raquel como futura presidente do Brasil&#8221;, afirmou.<\/p>\n<p>Durante o evento, que aconteceu no Recife Expo Center, no bairro e S\u00e3o Jos\u00e9, a governadora agradeceu ao PSDB pelos anos de filia\u00e7\u00e3o e destacou que a mudan\u00e7a de partido representa um novo cap\u00edtulo em sua trajet\u00f3ria pol\u00edtica.<\/p>\n<blockquote><p><em>&#8220;Estou muito feliz por fazer parte dessa nova casa. Agrade\u00e7o ao partido que me acolheu por quase uma d\u00e9cada, mas agora \u00e9 um novo recome\u00e7o<\/em>&#8220;, declarou.<\/p><\/blockquote>\n<p>Ela tamb\u00e9m enfatizou que sua escolha pelo PSD n\u00e3o se baseia em interesses moment\u00e2neos, mas sim em alinhamento ideol\u00f3gico. &#8220;\u00c9 uma alian\u00e7a de prop\u00f3sito, ao lado de pessoas que acreditam no trabalho para construir um pa\u00eds melhor, com valores inegoci\u00e1veis e comprometimento com a democracia, com as institui\u00e7\u00f5es e com a redu\u00e7\u00e3o das desigualdades&#8221;, refor\u00e7ou.<\/p>\n<p>O ex-governador de Pernambuco, Jo\u00e3o Lyra Neto (PSDB), pai de Raquel, tamb\u00e9m deve migrar para o PSD. A governadora assumiu ainda a lideran\u00e7a do diret\u00f3rio estadual da legenda, cargo anteriormente ocupado pelo ministro da Pesca e Aquicultura, Andr\u00e9 de Paula.<\/p>\n<blockquote><p>&#8220;<em>Raquel, voc\u00ea sabe que eu queria muito estar ao seu lado. Agora, esta \u00e9 a sua casa, e juntos vamos vencer a pr\u00f3xima elei\u00e7\u00e3o<\/em>&#8220;, declarou Andr\u00e9 de Paula.<\/p><\/blockquote>\n<p>Os ministros Alexandre Silveira (Minas e Energia) e Carlos F\u00e1varo (Agricultura), tamb\u00e9m integrantes do PSD, estiveram presentes na cerim\u00f4nia. &#8220;N\u00f3s, tr\u00eas ministros do partido, trabalharemos juntos para defender os interesses de Pernambuco com Raquel&#8221;, garantiu Silveira.<\/p>\n","protected":false},"excerpt":{"rendered":"<p>Raquel Lyra mira reelei\u00e7\u00e3o e pode disputar presid\u00eancia em 2030, diz Kassab Governadora de Pernambuco troca PSDB pelo PSD para fortalecer campanha de 2026 da reda\u00e7\u00e3o O presidente nacional do PSD, Gilberto Kassab, declarou nesta segunda-feira (10) que a governadora Raquel Lyra tem potencial para concorrer \u00e0 Presid\u00eancia da Rep\u00fablica nas elei\u00e7\u00f5es de 2030. A [&hellip;]<\/p>\n","protected":false},"author":13,"featured_media":22111,"comment_status":"closed","ping_status":"","sticky":false,"template":"","format":"standard","meta":{"footnotes":""},"categories":[271],"tags":[],"cores-categorias":[],"class_list":["post-22109","post","type-post","status-publish","format-standard","has-post-thumbnail","hentry","category-politica"],"yoast_head":"<!-- This site is optimized with the Yoast SEO plugin v27.2 - https:\/\/yoast.com\/product\/yoast-seo-wordpress\/ -->\n<title>Raquel Lyra mira reelei\u00e7\u00e3o e pode disputar presid\u00eancia em 2030, diz Kassab - Jornal Fato Novo<\/title>\n<meta name=\"robots\" content=\"index, follow, max-snippet:-1, max-image-preview:large, max-video-preview:-1\" \/>\n<link rel=\"canonical\" href=\"https:\/\/tvnova.tv.br\/jornalfatonovo\/raquel-lyra-mira-reeleicao-e-pode-disputar-presidencia-em-2030-diz-kassab\/\" \/>\n<meta property=\"og:locale\" content=\"pt_BR\" \/>\n<meta property=\"og:type\" content=\"article\" \/>\n<meta property=\"og:title\" content=\"Raquel Lyra mira reelei\u00e7\u00e3o e pode disputar presid\u00eancia em 2030, diz Kassab - Jornal Fato Novo\" \/>\n<meta property=\"og:description\" content=\"Raquel Lyra mira reelei\u00e7\u00e3o e pode disputar presid\u00eancia em 2030, diz Kassab Governadora de Pernambuco troca PSDB pelo PSD para fortalecer campanha de 2026 da reda\u00e7\u00e3o O presidente nacional do PSD, Gilberto Kassab, declarou nesta segunda-feira (10) que a governadora Raquel Lyra tem potencial para concorrer \u00e0 Presid\u00eancia da Rep\u00fablica nas elei\u00e7\u00f5es de 2030. A [&hellip;]\" \/>\n<meta property=\"og:url\" content=\"https:\/\/tvnova.tv.br\/jornalfatonovo\/raquel-lyra-mira-reeleicao-e-pode-disputar-presidencia-em-2030-diz-kassab\/\" \/>\n<meta property=\"og:site_name\" content=\"Jornal Fato Novo\" \/>\n<meta property=\"article:publisher\" content=\"https:\/\/www.facebook.com\/tvnovanordeste\/\" \/>\n<meta property=\"article:published_time\" content=\"2025-03-11T14:56:51+00:00\" \/>\n<meta property=\"article:modified_time\" content=\"2025-03-11T15:11:38+00:00\" \/>\n<meta property=\"og:image\" content=\"https:\/\/tvnova.tv.br\/jornalfatonovo\/wp-content\/uploads\/2025\/03\/WhatsApp-Image-2025-03-11-at-12.03.14.jpeg\" \/>\n\t<meta property=\"og:image:width\" content=\"1251\" \/>\n\t<meta property=\"og:image:height\" content=\"902\" \/>\n\t<meta property=\"og:image:type\" content=\"image\/jpeg\" \/>\n<meta name=\"author\" content=\"Jornalismo\" \/>\n<meta name=\"twitter:card\" content=\"summary_large_image\" \/>\n<meta name=\"twitter:creator\" content=\"@tvnovanordeste\" \/>\n<meta name=\"twitter:site\" content=\"@tvnovanordeste\" \/>\n<meta name=\"twitter:label1\" content=\"Escrito por\" \/>\n\t<meta name=\"twitter:data1\" content=\"Jornalismo\" \/>\n\t<meta name=\"twitter:label2\" content=\"Est. tempo de leitura\" \/>\n\t<meta name=\"twitter:data2\" content=\"2 minutos\" \/>\n<script type=\"application\/ld+json\" class=\"yoast-schema-graph\">{\"@context\":\"https:\/\/schema.org\",\"@graph\":[{\"@type\":\"Article\",\"@id\":\"https:\/\/tvnova.tv.br\/jornalfatonovo\/raquel-lyra-mira-reeleicao-e-pode-disputar-presidencia-em-2030-diz-kassab\/#article\",\"isPartOf\":{\"@id\":\"https:\/\/tvnova.tv.br\/jornalfatonovo\/raquel-lyra-mira-reeleicao-e-pode-disputar-presidencia-em-2030-diz-kassab\/\"},\"author\":{\"name\":\"Jornalismo\",\"@id\":\"https:\/\/tvnova.tv.br\/jornalfatonovo\/#\/schema\/person\/8acb5c10a7535b12511b7eef3a46cf15\"},\"headline\":\"Raquel Lyra mira reelei\u00e7\u00e3o e pode disputar presid\u00eancia em 2030, diz Kassab\",\"datePublished\":\"2025-03-11T14:56:51+00:00\",\"dateModified\":\"2025-03-11T15:11:38+00:00\",\"mainEntityOfPage\":{\"@id\":\"https:\/\/tvnova.tv.br\/jornalfatonovo\/raquel-lyra-mira-reeleicao-e-pode-disputar-presidencia-em-2030-diz-kassab\/\"},\"wordCount\":405,\"publisher\":{\"@id\":\"https:\/\/tvnova.tv.br\/jornalfatonovo\/#organization\"},\"image\":{\"@id\":\"https:\/\/tvnova.tv.br\/jornalfatonovo\/raquel-lyra-mira-reeleicao-e-pode-disputar-presidencia-em-2030-diz-kassab\/#primaryimage\"},\"thumbnailUrl\":\"https:\/\/tvnova.tv.br\/jornalfatonovo\/wp-content\/uploads\/2025\/03\/WhatsApp-Image-2025-03-11-at-12.03.14.jpeg\",\"articleSection\":[\"Pol\u00edtica\"],\"inLanguage\":\"pt-BR\"},{\"@type\":\"WebPage\",\"@id\":\"https:\/\/tvnova.tv.br\/jornalfatonovo\/raquel-lyra-mira-reeleicao-e-pode-disputar-presidencia-em-2030-diz-kassab\/\",\"url\":\"https:\/\/tvnova.tv.br\/jornalfatonovo\/raquel-lyra-mira-reeleicao-e-pode-disputar-presidencia-em-2030-diz-kassab\/\",\"name\":\"Raquel Lyra mira reelei\u00e7\u00e3o e pode disputar presid\u00eancia em 2030, diz Kassab - Jornal Fato Novo\",\"isPartOf\":{\"@id\":\"https:\/\/tvnova.tv.br\/jornalfatonovo\/#website\"},\"primaryImageOfPage\":{\"@id\":\"https:\/\/tvnova.tv.br\/jornalfatonovo\/raquel-lyra-mira-reeleicao-e-pode-disputar-presidencia-em-2030-diz-kassab\/#primaryimage\"},\"image\":{\"@id\":\"https:\/\/tvnova.tv.br\/jornalfatonovo\/raquel-lyra-mira-reeleicao-e-pode-disputar-presidencia-em-2030-diz-kassab\/#primaryimage\"},\"thumbnailUrl\":\"https:\/\/tvnova.tv.br\/jornalfatonovo\/wp-content\/uploads\/2025\/03\/WhatsApp-Image-2025-03-11-at-12.03.14.jpeg\",\"datePublished\":\"2025-03-11T14:56:51+00:00\",\"dateModified\":\"2025-03-11T15:11:38+00:00\",\"breadcrumb\":{\"@id\":\"https:\/\/tvnova.tv.br\/jornalfatonovo\/raquel-lyra-mira-reeleicao-e-pode-disputar-presidencia-em-2030-diz-kassab\/#breadcrumb\"},\"inLanguage\":\"pt-BR\",\"potentialAction\":[{\"@type\":\"ReadAction\",\"target\":[\"https:\/\/tvnova.tv.br\/jornalfatonovo\/raquel-lyra-mira-reeleicao-e-pode-disputar-presidencia-em-2030-diz-kassab\/\"]}]},{\"@type\":\"ImageObject\",\"inLanguage\":\"pt-BR\",\"@id\":\"https:\/\/tvnova.tv.br\/jornalfatonovo\/raquel-lyra-mira-reeleicao-e-pode-disputar-presidencia-em-2030-diz-kassab\/#primaryimage\",\"url\":\"https:\/\/tvnova.tv.br\/jornalfatonovo\/wp-content\/uploads\/2025\/03\/WhatsApp-Image-2025-03-11-at-12.03.14.jpeg\",\"contentUrl\":\"https:\/\/tvnova.tv.br\/jornalfatonovo\/wp-content\/uploads\/2025\/03\/WhatsApp-Image-2025-03-11-at-12.03.14.jpeg\",\"width\":1251,\"height\":902},{\"@type\":\"BreadcrumbList\",\"@id\":\"https:\/\/tvnova.tv.br\/jornalfatonovo\/raquel-lyra-mira-reeleicao-e-pode-disputar-presidencia-em-2030-diz-kassab\/#breadcrumb\",\"itemListElement\":[{\"@type\":\"ListItem\",\"position\":1,\"name\":\"In\u00edcio\",\"item\":\"https:\/\/tvnova.tv.br\/jornalfatonovo\/\"},{\"@type\":\"ListItem\",\"position\":2,\"name\":\"Raquel Lyra mira reelei\u00e7\u00e3o e pode disputar presid\u00eancia em 2030, diz Kassab\"}]},{\"@type\":\"WebSite\",\"@id\":\"https:\/\/tvnova.tv.br\/jornalfatonovo\/#website\",\"url\":\"https:\/\/tvnova.tv.br\/jornalfatonovo\/\",\"name\":\"Jornal Fato Novo\",\"description\":\"Acompanhe as not\u00edcias de Pernambuco\",\"publisher\":{\"@id\":\"https:\/\/tvnova.tv.br\/jornalfatonovo\/#organization\"},\"potentialAction\":[{\"@type\":\"SearchAction\",\"target\":{\"@type\":\"EntryPoint\",\"urlTemplate\":\"https:\/\/tvnova.tv.br\/jornalfatonovo\/?s={search_term_string}\"},\"query-input\":{\"@type\":\"PropertyValueSpecification\",\"valueRequired\":true,\"valueName\":\"search_term_string\"}}],\"inLanguage\":\"pt-BR\"},{\"@type\":\"Organization\",\"@id\":\"https:\/\/tvnova.tv.br\/jornalfatonovo\/#organization\",\"name\":\"Jornal Fato Novo\",\"url\":\"https:\/\/tvnova.tv.br\/jornalfatonovo\/\",\"logo\":{\"@type\":\"ImageObject\",\"inLanguage\":\"pt-BR\",\"@id\":\"https:\/\/tvnova.tv.br\/jornalfatonovo\/#\/schema\/logo\/image\/\",\"url\":\"https:\/\/tvnova.tv.br\/jornalfatonovo1\/wp-content\/uploads\/2023\/04\/FATO-NOVO-1.png\",\"contentUrl\":\"https:\/\/tvnova.tv.br\/jornalfatonovo1\/wp-content\/uploads\/2023\/04\/FATO-NOVO-1.png\",\"width\":200,\"height\":60,\"caption\":\"Jornal Fato Novo\"},\"image\":{\"@id\":\"https:\/\/tvnova.tv.br\/jornalfatonovo\/#\/schema\/logo\/image\/\"},\"sameAs\":[\"https:\/\/www.facebook.com\/tvnovanordeste\/\",\"https:\/\/x.com\/tvnovanordeste\",\"https:\/\/www.instagram.com\/jornalfatonovope\/\"]},{\"@type\":\"Person\",\"@id\":\"https:\/\/tvnova.tv.br\/jornalfatonovo\/#\/schema\/person\/8acb5c10a7535b12511b7eef3a46cf15\",\"name\":\"Jornalismo\",\"url\":\"https:\/\/tvnova.tv.br\/jornalfatonovo\/author\/jornalismo\/\"}]}<\/script>\n<!-- \/ Yoast SEO plugin. -->","yoast_head_json":{"title":"Raquel Lyra mira reelei\u00e7\u00e3o e pode disputar presid\u00eancia em 2030, diz Kassab - Jornal Fato Novo","robots":{"index":"index","follow":"follow","max-snippet":"max-snippet:-1","max-image-preview":"max-image-preview:large","max-video-preview":"max-video-preview:-1"},"canonical":"https:\/\/tvnova.tv.br\/jornalfatonovo\/raquel-lyra-mira-reeleicao-e-pode-disputar-presidencia-em-2030-diz-kassab\/","og_locale":"pt_BR","og_type":"article","og_title":"Raquel Lyra mira reelei\u00e7\u00e3o e pode disputar presid\u00eancia em 2030, diz Kassab - Jornal Fato Novo","og_description":"Raquel Lyra mira reelei\u00e7\u00e3o e pode disputar presid\u00eancia em 2030, diz Kassab Governadora de Pernambuco troca PSDB pelo PSD para fortalecer campanha de 2026 da reda\u00e7\u00e3o O presidente nacional do PSD, Gilberto Kassab, declarou nesta segunda-feira (10) que a governadora Raquel Lyra tem potencial para concorrer \u00e0 Presid\u00eancia da Rep\u00fablica nas elei\u00e7\u00f5es de 2030. A [&hellip;]","og_url":"https:\/\/tvnova.tv.br\/jornalfatonovo\/raquel-lyra-mira-reeleicao-e-pode-disputar-presidencia-em-2030-diz-kassab\/","og_site_name":"Jornal Fato Novo","article_publisher":"https:\/\/www.facebook.com\/tvnovanordeste\/","article_published_time":"2025-03-11T14:56:51+00:00","article_modified_time":"2025-03-11T15:11:38+00:00","og_image":[{"width":1251,"height":902,"url":"https:\/\/tvnova.tv.br\/jornalfatonovo\/wp-content\/uploads\/2025\/03\/WhatsApp-Image-2025-03-11-at-12.03.14.jpeg","type":"image\/jpeg"}],"author":"Jornalismo","twitter_card":"summary_large_image","twitter_creator":"@tvnovanordeste","twitter_site":"@tvnovanordeste","twitter_misc":{"Escrito por":"Jornalismo","Est. tempo de leitura":"2 minutos"},"schema":{"@context":"https:\/\/schema.org","@graph":[{"@type":"Article","@id":"https:\/\/tvnova.tv.br\/jornalfatonovo\/raquel-lyra-mira-reeleicao-e-pode-disputar-presidencia-em-2030-diz-kassab\/#article","isPartOf":{"@id":"https:\/\/tvnova.tv.br\/jornalfatonovo\/raquel-lyra-mira-reeleicao-e-pode-disputar-presidencia-em-2030-diz-kassab\/"},"author":{"name":"Jornalismo","@id":"https:\/\/tvnova.tv.br\/jornalfatonovo\/#\/schema\/person\/8acb5c10a7535b12511b7eef3a46cf15"},"headline":"Raquel Lyra mira reelei\u00e7\u00e3o e pode disputar presid\u00eancia em 2030, diz Kassab","datePublished":"2025-03-11T14:56:51+00:00","dateModified":"2025-03-11T15:11:38+00:00","mainEntityOfPage":{"@id":"https:\/\/tvnova.tv.br\/jornalfatonovo\/raquel-lyra-mira-reeleicao-e-pode-disputar-presidencia-em-2030-diz-kassab\/"},"wordCount":405,"publisher":{"@id":"https:\/\/tvnova.tv.br\/jornalfatonovo\/#organization"},"image":{"@id":"https:\/\/tvnova.tv.br\/jornalfatonovo\/raquel-lyra-mira-reeleicao-e-pode-disputar-presidencia-em-2030-diz-kassab\/#primaryimage"},"thumbnailUrl":"https:\/\/tvnova.tv.br\/jornalfatonovo\/wp-content\/uploads\/2025\/03\/WhatsApp-Image-2025-03-11-at-12.03.14.jpeg","articleSection":["Pol\u00edtica"],"inLanguage":"pt-BR"},{"@type":"WebPage","@id":"https:\/\/tvnova.tv.br\/jornalfatonovo\/raquel-lyra-mira-reeleicao-e-pode-disputar-presidencia-em-2030-diz-kassab\/","url":"https:\/\/tvnova.tv.br\/jornalfatonovo\/raquel-lyra-mira-reeleicao-e-pode-disputar-presidencia-em-2030-diz-kassab\/","name":"Raquel Lyra mira reelei\u00e7\u00e3o e pode disputar presid\u00eancia em 2030, diz Kassab - Jornal Fato Novo","isPartOf":{"@id":"https:\/\/tvnova.tv.br\/jornalfatonovo\/#website"},"primaryImageOfPage":{"@id":"https:\/\/tvnova.tv.br\/jornalfatonovo\/raquel-lyra-mira-reeleicao-e-pode-disputar-presidencia-em-2030-diz-kassab\/#primaryimage"},"image":{"@id":"https:\/\/tvnova.tv.br\/jornalfatonovo\/raquel-lyra-mira-reeleicao-e-pode-disputar-presidencia-em-2030-diz-kassab\/#primaryimage"},"thumbnailUrl":"https:\/\/tvnova.tv.br\/jornalfatonovo\/wp-content\/uploads\/2025\/03\/WhatsApp-Image-2025-03-11-at-12.03.14.jpeg","datePublished":"2025-03-11T14:56:51+00:00","dateModified":"2025-03-11T15:11:38+00:00","breadcrumb":{"@id":"https:\/\/tvnova.tv.br\/jornalfatonovo\/raquel-lyra-mira-reeleicao-e-pode-disputar-presidencia-em-2030-diz-kassab\/#breadcrumb"},"inLanguage":"pt-BR","potentialAction":[{"@type":"ReadAction","target":["https:\/\/tvnova.tv.br\/jornalfatonovo\/raquel-lyra-mira-reeleicao-e-pode-disputar-presidencia-em-2030-diz-kassab\/"]}]},{"@type":"ImageObject","inLanguage":"pt-BR","@id":"https:\/\/tvnova.tv.br\/jornalfatonovo\/raquel-lyra-mira-reeleicao-e-pode-disputar-presidencia-em-2030-diz-kassab\/#primaryimage","url":"https:\/\/tvnova.tv.br\/jornalfatonovo\/wp-content\/uploads\/2025\/03\/WhatsApp-Image-2025-03-11-at-12.03.14.jpeg","contentUrl":"https:\/\/tvnova.tv.br\/jornalfatonovo\/wp-content\/uploads\/2025\/03\/WhatsApp-Image-2025-03-11-at-12.03.14.jpeg","width":1251,"height":902},{"@type":"BreadcrumbList","@id":"https:\/\/tvnova.tv.br\/jornalfatonovo\/raquel-lyra-mira-reeleicao-e-pode-disputar-presidencia-em-2030-diz-kassab\/#breadcrumb","itemListElement":[{"@type":"ListItem","position":1,"name":"In\u00edcio","item":"https:\/\/tvnova.tv.br\/jornalfatonovo\/"},{"@type":"ListItem","position":2,"name":"Raquel Lyra mira reelei\u00e7\u00e3o e pode disputar presid\u00eancia em 2030, diz Kassab"}]},{"@type":"WebSite","@id":"https:\/\/tvnova.tv.br\/jornalfatonovo\/#website","url":"https:\/\/tvnova.tv.br\/jornalfatonovo\/","name":"Jornal Fato Novo","description":"Acompanhe as not\u00edcias de Pernambuco","publisher":{"@id":"https:\/\/tvnova.tv.br\/jornalfatonovo\/#organization"},"potentialAction":[{"@type":"SearchAction","target":{"@type":"EntryPoint","urlTemplate":"https:\/\/tvnova.tv.br\/jornalfatonovo\/?s={search_term_string}"},"query-input":{"@type":"PropertyValueSpecification","valueRequired":true,"valueName":"search_term_string"}}],"inLanguage":"pt-BR"},{"@type":"Organization","@id":"https:\/\/tvnova.tv.br\/jornalfatonovo\/#organization","name":"Jornal Fato Novo","url":"https:\/\/tvnova.tv.br\/jornalfatonovo\/","logo":{"@type":"ImageObject","inLanguage":"pt-BR","@id":"https:\/\/tvnova.tv.br\/jornalfatonovo\/#\/schema\/logo\/image\/","url":"https:\/\/tvnova.tv.br\/jornalfatonovo1\/wp-content\/uploads\/2023\/04\/FATO-NOVO-1.png","contentUrl":"https:\/\/tvnova.tv.br\/jornalfatonovo1\/wp-content\/uploads\/2023\/04\/FATO-NOVO-1.png","width":200,"height":60,"caption":"Jornal Fato Novo"},"image":{"@id":"https:\/\/tvnova.tv.br\/jornalfatonovo\/#\/schema\/logo\/image\/"},"sameAs":["https:\/\/www.facebook.com\/tvnovanordeste\/","https:\/\/x.com\/tvnovanordeste","https:\/\/www.instagram.com\/jornalfatonovope\/"]},{"@type":"Person","@id":"https:\/\/tvnova.tv.br\/jornalfatonovo\/#\/schema\/person\/8acb5c10a7535b12511b7eef3a46cf15","name":"Jornalismo","url":"https:\/\/tvnova.tv.br\/jornalfatonovo\/author\/jornalismo\/"}]}},"_links":{"self":[{"href":"https:\/\/tvnova.tv.br\/jornalfatonovo\/wp-json\/wp\/v2\/posts\/22109","targetHints":{"allow":["GET"]}}],"collection":[{"href":"https:\/\/tvnova.tv.br\/jornalfatonovo\/wp-json\/wp\/v2\/posts"}],"about":[{"href":"https:\/\/tvnova.tv.br\/jornalfatonovo\/wp-json\/wp\/v2\/types\/post"}],"author":[{"embeddable":true,"href":"https:\/\/tvnova.tv.br\/jornalfatonovo\/wp-json\/wp\/v2\/users\/13"}],"replies":[{"embeddable":true,"href":"https:\/\/tvnova.tv.br\/jornalfatonovo\/wp-json\/wp\/v2\/comments?post=22109"}],"version-history":[{"count":3,"href":"https:\/\/tvnova.tv.br\/jornalfatonovo\/wp-json\/wp\/v2\/posts\/22109\/revisions"}],"predecessor-version":[{"id":22113,"href":"https:\/\/tvnova.tv.br\/jornalfatonovo\/wp-json\/wp\/v2\/posts\/22109\/revisions\/22113"}],"wp:featuredmedia":[{"embeddable":true,"href":"https:\/\/tvnova.tv.br\/jornalfatonovo\/wp-json\/wp\/v2\/media\/22111"}],"wp:attachment":[{"href":"https:\/\/tvnova.tv.br\/jornalfatonovo\/wp-json\/wp\/v2\/media?parent=22109"}],"wp:term":[{"taxonomy":"category","embeddable":true,"href":"https:\/\/tvnova.tv.br\/jornalfatonovo\/wp-json\/wp\/v2\/categories?post=22109"},{"taxonomy":"post_tag","embeddable":true,"href":"https:\/\/tvnova.tv.br\/jornalfatonovo\/wp-json\/wp\/v2\/tags?post=22109"},{"taxonomy":"cores-categorias","embeddable":true,"href":"https:\/\/tvnova.tv.br\/jornalfatonovo\/wp-json\/wp\/v2\/cores-categorias?post=22109"}],"curies":[{"name":"wp","href":"https:\/\/api.w.org\/{rel}","templated":true}]}}