{"id":22120,"date":"2025-03-12T08:37:07","date_gmt":"2025-03-12T11:37:07","guid":{"rendered":"https:\/\/tvnova.tv.br\/jornalfatonovo\/?p=22120"},"modified":"2025-03-12T08:38:19","modified_gmt":"2025-03-12T11:38:19","slug":"490-anos-a-programacao-completa-do-aniversario-de-olinda","status":"publish","type":"post","link":"https:\/\/tvnova.tv.br\/jornalfatonovo\/490-anos-a-programacao-completa-do-aniversario-de-olinda\/","title":{"rendered":"490 anos: A programa\u00e7\u00e3o completa do anivers\u00e1rio de Olinda"},"content":{"rendered":"<p data-pm-slice=\"1 3 []\">Olinda tamb\u00e9m est\u00e1 em festa nesta quarta-feira, celebrando 490 anos com uma programa\u00e7\u00e3o recheada de eventos culturais. A cidade hist\u00f3rica ter\u00e1 missas, apresenta\u00e7\u00f5es de blocos carnavalescos e um bolo de 15 kg, cujo corte est\u00e1 previsto para as 18h30, seguido de shows e uma queima de fogos em frente ao Pal\u00e1cio dos Governadores.<\/p>\n<p>A programa\u00e7\u00e3o inclui uma missa pela manh\u00e3 na Catedral da S\u00e9 e diversas atividades culturais que refor\u00e7am a identidade da cidade. Entre elas, sess\u00f5es de fotos com o ic\u00f4nico Homem da Meia-Noite, desfiles de agremia\u00e7\u00f5es tradicionais como a Pitombeira dos Quatro Cantos e a Fam\u00edlia Salustiano, al\u00e9m de um cortejo itinerante com bois, ursos e brincantes da cultura pernambucana.<\/p>\n<p>Os festejos seguem at\u00e9 a noite com shows no Largo da Prefeitura, onde o p\u00fablico poder\u00e1 conferir apresenta\u00e7\u00f5es de artistas locais como Zuza Miranda e Tha\u00eds, Mestra Ana L\u00facia do Coco, Gangga Barreto, Orquestra de Bolso e Sambadeiras.<\/p>\n<p><strong>Programa\u00e7\u00e3o Completa:<\/strong><\/p>\n<p><strong>Manh\u00e3:<\/strong><\/p>\n<ul data-spread=\"false\">\n<li>9h \u2013 Missa em homenagem ao anivers\u00e1rio de Olinda, na Catedral da S\u00e9<\/li>\n<li>9h \u00e0s 16h \u2013 Sess\u00e3o de fotos com o Homem da Meia-Noite, na Estrada do Bonsucesso<\/li>\n<\/ul>\n<p><strong>Tarde:<\/strong><\/p>\n<ul data-spread=\"false\">\n<li>15h \u2013 Desfile do Menino da Tarde (Largo da Igreja de Guadalupe at\u00e9 a sede da Prefeitura)<\/li>\n<li>16h \u2013 Desfile da Pitombeira dos Quatro Cantos (da sede da agremia\u00e7\u00e3o ao Largo da Prefeitura)<\/li>\n<li>17h \u2013 Cortejo da Fam\u00edlia Salustiano (Estrada do Bonsucesso at\u00e9 a sede da Prefeitura)<\/li>\n<li>17h30 \u2013 Cortejo Cultural Itinerante (com bois, ursos, palha\u00e7os e brincantes da Cultura Pernambucana, do Largo do Bonsucesso \u00e0 Prefeitura)<\/li>\n<li>18h \u2013 Lan\u00e7amento do Document\u00e1rio <em>Olinda Sacra<\/em> (Largo do Mosteiro de S\u00e3o Bento)<\/li>\n<li>18h30 \u2013 Queima de fogos e corte do bolo<\/li>\n<\/ul>\n<p><strong>Noite:<\/strong><\/p>\n<ul data-spread=\"false\">\n<li>17h \u2013 Zuza Miranda e Tha\u00eds<\/li>\n<li>18h \u2013 Mestra Ana L\u00facia do Coco<\/li>\n<li>19h \u2013 Gangga Barreto<\/li>\n<li>20h \u2013 Orquestra de Bolso<\/li>\n<li>21h \u2013 Sambadeiras<\/li>\n<\/ul>\n","protected":false},"excerpt":{"rendered":"<p>Olinda tamb\u00e9m est\u00e1 em festa nesta quarta-feira, celebrando 490 anos com uma programa\u00e7\u00e3o recheada de eventos culturais. A cidade hist\u00f3rica ter\u00e1 missas, apresenta\u00e7\u00f5es de blocos carnavalescos e um bolo de 15 kg, cujo corte est\u00e1 previsto para as 18h30, seguido de shows e uma queima de fogos em frente ao Pal\u00e1cio dos Governadores. A programa\u00e7\u00e3o [&hellip;]<\/p>\n","protected":false},"author":13,"featured_media":22122,"comment_status":"closed","ping_status":"","sticky":false,"template":"","format":"standard","meta":{"footnotes":""},"categories":[1],"tags":[],"cores-categorias":[],"class_list":["post-22120","post","type-post","status-publish","format-standard","has-post-thumbnail","hentry","category-cidades"],"yoast_head":"<!-- This site is optimized with the Yoast SEO plugin v27.2 - https:\/\/yoast.com\/product\/yoast-seo-wordpress\/ -->\n<title>490 anos: A programa\u00e7\u00e3o completa do anivers\u00e1rio de Olinda - Jornal Fato Novo<\/title>\n<meta name=\"robots\" content=\"index, follow, max-snippet:-1, max-image-preview:large, max-video-preview:-1\" \/>\n<link rel=\"canonical\" href=\"https:\/\/tvnova.tv.br\/jornalfatonovo\/490-anos-a-programacao-completa-do-aniversario-de-olinda\/\" \/>\n<meta property=\"og:locale\" content=\"pt_BR\" \/>\n<meta property=\"og:type\" content=\"article\" \/>\n<meta property=\"og:title\" content=\"490 anos: A programa\u00e7\u00e3o completa do anivers\u00e1rio de Olinda - Jornal Fato Novo\" \/>\n<meta property=\"og:description\" content=\"Olinda tamb\u00e9m est\u00e1 em festa nesta quarta-feira, celebrando 490 anos com uma programa\u00e7\u00e3o recheada de eventos culturais. A cidade hist\u00f3rica ter\u00e1 missas, apresenta\u00e7\u00f5es de blocos carnavalescos e um bolo de 15 kg, cujo corte est\u00e1 previsto para as 18h30, seguido de shows e uma queima de fogos em frente ao Pal\u00e1cio dos Governadores. A programa\u00e7\u00e3o [&hellip;]\" \/>\n<meta property=\"og:url\" content=\"https:\/\/tvnova.tv.br\/jornalfatonovo\/490-anos-a-programacao-completa-do-aniversario-de-olinda\/\" \/>\n<meta property=\"og:site_name\" content=\"Jornal Fato Novo\" \/>\n<meta property=\"article:publisher\" content=\"https:\/\/www.facebook.com\/tvnovanordeste\/\" \/>\n<meta property=\"article:published_time\" content=\"2025-03-12T11:37:07+00:00\" \/>\n<meta property=\"article:modified_time\" content=\"2025-03-12T11:38:19+00:00\" \/>\n<meta property=\"og:image\" content=\"https:\/\/tvnova.tv.br\/jornalfatonovo\/wp-content\/uploads\/2025\/03\/456.jpg\" \/>\n\t<meta property=\"og:image:width\" content=\"1110\" \/>\n\t<meta property=\"og:image:height\" content=\"612\" \/>\n\t<meta property=\"og:image:type\" content=\"image\/jpeg\" \/>\n<meta name=\"author\" content=\"Jornalismo\" \/>\n<meta name=\"twitter:card\" content=\"summary_large_image\" \/>\n<meta name=\"twitter:creator\" content=\"@tvnovanordeste\" \/>\n<meta name=\"twitter:site\" content=\"@tvnovanordeste\" \/>\n<meta name=\"twitter:label1\" content=\"Escrito por\" \/>\n\t<meta name=\"twitter:data1\" content=\"Jornalismo\" \/>\n\t<meta name=\"twitter:label2\" content=\"Est. tempo de leitura\" \/>\n\t<meta name=\"twitter:data2\" content=\"2 minutos\" \/>\n<script type=\"application\/ld+json\" class=\"yoast-schema-graph\">{\"@context\":\"https:\/\/schema.org\",\"@graph\":[{\"@type\":\"Article\",\"@id\":\"https:\/\/tvnova.tv.br\/jornalfatonovo\/490-anos-a-programacao-completa-do-aniversario-de-olinda\/#article\",\"isPartOf\":{\"@id\":\"https:\/\/tvnova.tv.br\/jornalfatonovo\/490-anos-a-programacao-completa-do-aniversario-de-olinda\/\"},\"author\":{\"name\":\"Jornalismo\",\"@id\":\"https:\/\/tvnova.tv.br\/jornalfatonovo\/#\/schema\/person\/8acb5c10a7535b12511b7eef3a46cf15\"},\"headline\":\"490 anos: A programa\u00e7\u00e3o completa do anivers\u00e1rio de Olinda\",\"datePublished\":\"2025-03-12T11:37:07+00:00\",\"dateModified\":\"2025-03-12T11:38:19+00:00\",\"mainEntityOfPage\":{\"@id\":\"https:\/\/tvnova.tv.br\/jornalfatonovo\/490-anos-a-programacao-completa-do-aniversario-de-olinda\/\"},\"wordCount\":319,\"publisher\":{\"@id\":\"https:\/\/tvnova.tv.br\/jornalfatonovo\/#organization\"},\"image\":{\"@id\":\"https:\/\/tvnova.tv.br\/jornalfatonovo\/490-anos-a-programacao-completa-do-aniversario-de-olinda\/#primaryimage\"},\"thumbnailUrl\":\"https:\/\/tvnova.tv.br\/jornalfatonovo\/wp-content\/uploads\/2025\/03\/456.jpg\",\"articleSection\":[\"Cidades\"],\"inLanguage\":\"pt-BR\"},{\"@type\":\"WebPage\",\"@id\":\"https:\/\/tvnova.tv.br\/jornalfatonovo\/490-anos-a-programacao-completa-do-aniversario-de-olinda\/\",\"url\":\"https:\/\/tvnova.tv.br\/jornalfatonovo\/490-anos-a-programacao-completa-do-aniversario-de-olinda\/\",\"name\":\"490 anos: A programa\u00e7\u00e3o completa do anivers\u00e1rio de Olinda - Jornal Fato Novo\",\"isPartOf\":{\"@id\":\"https:\/\/tvnova.tv.br\/jornalfatonovo\/#website\"},\"primaryImageOfPage\":{\"@id\":\"https:\/\/tvnova.tv.br\/jornalfatonovo\/490-anos-a-programacao-completa-do-aniversario-de-olinda\/#primaryimage\"},\"image\":{\"@id\":\"https:\/\/tvnova.tv.br\/jornalfatonovo\/490-anos-a-programacao-completa-do-aniversario-de-olinda\/#primaryimage\"},\"thumbnailUrl\":\"https:\/\/tvnova.tv.br\/jornalfatonovo\/wp-content\/uploads\/2025\/03\/456.jpg\",\"datePublished\":\"2025-03-12T11:37:07+00:00\",\"dateModified\":\"2025-03-12T11:38:19+00:00\",\"breadcrumb\":{\"@id\":\"https:\/\/tvnova.tv.br\/jornalfatonovo\/490-anos-a-programacao-completa-do-aniversario-de-olinda\/#breadcrumb\"},\"inLanguage\":\"pt-BR\",\"potentialAction\":[{\"@type\":\"ReadAction\",\"target\":[\"https:\/\/tvnova.tv.br\/jornalfatonovo\/490-anos-a-programacao-completa-do-aniversario-de-olinda\/\"]}]},{\"@type\":\"ImageObject\",\"inLanguage\":\"pt-BR\",\"@id\":\"https:\/\/tvnova.tv.br\/jornalfatonovo\/490-anos-a-programacao-completa-do-aniversario-de-olinda\/#primaryimage\",\"url\":\"https:\/\/tvnova.tv.br\/jornalfatonovo\/wp-content\/uploads\/2025\/03\/456.jpg\",\"contentUrl\":\"https:\/\/tvnova.tv.br\/jornalfatonovo\/wp-content\/uploads\/2025\/03\/456.jpg\",\"width\":1110,\"height\":612},{\"@type\":\"BreadcrumbList\",\"@id\":\"https:\/\/tvnova.tv.br\/jornalfatonovo\/490-anos-a-programacao-completa-do-aniversario-de-olinda\/#breadcrumb\",\"itemListElement\":[{\"@type\":\"ListItem\",\"position\":1,\"name\":\"In\u00edcio\",\"item\":\"https:\/\/tvnova.tv.br\/jornalfatonovo\/\"},{\"@type\":\"ListItem\",\"position\":2,\"name\":\"490 anos: A programa\u00e7\u00e3o completa do anivers\u00e1rio de Olinda\"}]},{\"@type\":\"WebSite\",\"@id\":\"https:\/\/tvnova.tv.br\/jornalfatonovo\/#website\",\"url\":\"https:\/\/tvnova.tv.br\/jornalfatonovo\/\",\"name\":\"Jornal Fato Novo\",\"description\":\"Acompanhe as not\u00edcias de Pernambuco\",\"publisher\":{\"@id\":\"https:\/\/tvnova.tv.br\/jornalfatonovo\/#organization\"},\"potentialAction\":[{\"@type\":\"SearchAction\",\"target\":{\"@type\":\"EntryPoint\",\"urlTemplate\":\"https:\/\/tvnova.tv.br\/jornalfatonovo\/?s={search_term_string}\"},\"query-input\":{\"@type\":\"PropertyValueSpecification\",\"valueRequired\":true,\"valueName\":\"search_term_string\"}}],\"inLanguage\":\"pt-BR\"},{\"@type\":\"Organization\",\"@id\":\"https:\/\/tvnova.tv.br\/jornalfatonovo\/#organization\",\"name\":\"Jornal Fato Novo\",\"url\":\"https:\/\/tvnova.tv.br\/jornalfatonovo\/\",\"logo\":{\"@type\":\"ImageObject\",\"inLanguage\":\"pt-BR\",\"@id\":\"https:\/\/tvnova.tv.br\/jornalfatonovo\/#\/schema\/logo\/image\/\",\"url\":\"https:\/\/tvnova.tv.br\/jornalfatonovo1\/wp-content\/uploads\/2023\/04\/FATO-NOVO-1.png\",\"contentUrl\":\"https:\/\/tvnova.tv.br\/jornalfatonovo1\/wp-content\/uploads\/2023\/04\/FATO-NOVO-1.png\",\"width\":200,\"height\":60,\"caption\":\"Jornal Fato Novo\"},\"image\":{\"@id\":\"https:\/\/tvnova.tv.br\/jornalfatonovo\/#\/schema\/logo\/image\/\"},\"sameAs\":[\"https:\/\/www.facebook.com\/tvnovanordeste\/\",\"https:\/\/x.com\/tvnovanordeste\",\"https:\/\/www.instagram.com\/jornalfatonovope\/\"]},{\"@type\":\"Person\",\"@id\":\"https:\/\/tvnova.tv.br\/jornalfatonovo\/#\/schema\/person\/8acb5c10a7535b12511b7eef3a46cf15\",\"name\":\"Jornalismo\",\"url\":\"https:\/\/tvnova.tv.br\/jornalfatonovo\/author\/jornalismo\/\"}]}<\/script>\n<!-- \/ Yoast SEO plugin. -->","yoast_head_json":{"title":"490 anos: A programa\u00e7\u00e3o completa do anivers\u00e1rio de Olinda - Jornal Fato Novo","robots":{"index":"index","follow":"follow","max-snippet":"max-snippet:-1","max-image-preview":"max-image-preview:large","max-video-preview":"max-video-preview:-1"},"canonical":"https:\/\/tvnova.tv.br\/jornalfatonovo\/490-anos-a-programacao-completa-do-aniversario-de-olinda\/","og_locale":"pt_BR","og_type":"article","og_title":"490 anos: A programa\u00e7\u00e3o completa do anivers\u00e1rio de Olinda - Jornal Fato Novo","og_description":"Olinda tamb\u00e9m est\u00e1 em festa nesta quarta-feira, celebrando 490 anos com uma programa\u00e7\u00e3o recheada de eventos culturais. A cidade hist\u00f3rica ter\u00e1 missas, apresenta\u00e7\u00f5es de blocos carnavalescos e um bolo de 15 kg, cujo corte est\u00e1 previsto para as 18h30, seguido de shows e uma queima de fogos em frente ao Pal\u00e1cio dos Governadores. A programa\u00e7\u00e3o [&hellip;]","og_url":"https:\/\/tvnova.tv.br\/jornalfatonovo\/490-anos-a-programacao-completa-do-aniversario-de-olinda\/","og_site_name":"Jornal Fato Novo","article_publisher":"https:\/\/www.facebook.com\/tvnovanordeste\/","article_published_time":"2025-03-12T11:37:07+00:00","article_modified_time":"2025-03-12T11:38:19+00:00","og_image":[{"width":1110,"height":612,"url":"https:\/\/tvnova.tv.br\/jornalfatonovo\/wp-content\/uploads\/2025\/03\/456.jpg","type":"image\/jpeg"}],"author":"Jornalismo","twitter_card":"summary_large_image","twitter_creator":"@tvnovanordeste","twitter_site":"@tvnovanordeste","twitter_misc":{"Escrito por":"Jornalismo","Est. tempo de leitura":"2 minutos"},"schema":{"@context":"https:\/\/schema.org","@graph":[{"@type":"Article","@id":"https:\/\/tvnova.tv.br\/jornalfatonovo\/490-anos-a-programacao-completa-do-aniversario-de-olinda\/#article","isPartOf":{"@id":"https:\/\/tvnova.tv.br\/jornalfatonovo\/490-anos-a-programacao-completa-do-aniversario-de-olinda\/"},"author":{"name":"Jornalismo","@id":"https:\/\/tvnova.tv.br\/jornalfatonovo\/#\/schema\/person\/8acb5c10a7535b12511b7eef3a46cf15"},"headline":"490 anos: A programa\u00e7\u00e3o completa do anivers\u00e1rio de Olinda","datePublished":"2025-03-12T11:37:07+00:00","dateModified":"2025-03-12T11:38:19+00:00","mainEntityOfPage":{"@id":"https:\/\/tvnova.tv.br\/jornalfatonovo\/490-anos-a-programacao-completa-do-aniversario-de-olinda\/"},"wordCount":319,"publisher":{"@id":"https:\/\/tvnova.tv.br\/jornalfatonovo\/#organization"},"image":{"@id":"https:\/\/tvnova.tv.br\/jornalfatonovo\/490-anos-a-programacao-completa-do-aniversario-de-olinda\/#primaryimage"},"thumbnailUrl":"https:\/\/tvnova.tv.br\/jornalfatonovo\/wp-content\/uploads\/2025\/03\/456.jpg","articleSection":["Cidades"],"inLanguage":"pt-BR"},{"@type":"WebPage","@id":"https:\/\/tvnova.tv.br\/jornalfatonovo\/490-anos-a-programacao-completa-do-aniversario-de-olinda\/","url":"https:\/\/tvnova.tv.br\/jornalfatonovo\/490-anos-a-programacao-completa-do-aniversario-de-olinda\/","name":"490 anos: A programa\u00e7\u00e3o completa do anivers\u00e1rio de Olinda - Jornal Fato Novo","isPartOf":{"@id":"https:\/\/tvnova.tv.br\/jornalfatonovo\/#website"},"primaryImageOfPage":{"@id":"https:\/\/tvnova.tv.br\/jornalfatonovo\/490-anos-a-programacao-completa-do-aniversario-de-olinda\/#primaryimage"},"image":{"@id":"https:\/\/tvnova.tv.br\/jornalfatonovo\/490-anos-a-programacao-completa-do-aniversario-de-olinda\/#primaryimage"},"thumbnailUrl":"https:\/\/tvnova.tv.br\/jornalfatonovo\/wp-content\/uploads\/2025\/03\/456.jpg","datePublished":"2025-03-12T11:37:07+00:00","dateModified":"2025-03-12T11:38:19+00:00","breadcrumb":{"@id":"https:\/\/tvnova.tv.br\/jornalfatonovo\/490-anos-a-programacao-completa-do-aniversario-de-olinda\/#breadcrumb"},"inLanguage":"pt-BR","potentialAction":[{"@type":"ReadAction","target":["https:\/\/tvnova.tv.br\/jornalfatonovo\/490-anos-a-programacao-completa-do-aniversario-de-olinda\/"]}]},{"@type":"ImageObject","inLanguage":"pt-BR","@id":"https:\/\/tvnova.tv.br\/jornalfatonovo\/490-anos-a-programacao-completa-do-aniversario-de-olinda\/#primaryimage","url":"https:\/\/tvnova.tv.br\/jornalfatonovo\/wp-content\/uploads\/2025\/03\/456.jpg","contentUrl":"https:\/\/tvnova.tv.br\/jornalfatonovo\/wp-content\/uploads\/2025\/03\/456.jpg","width":1110,"height":612},{"@type":"BreadcrumbList","@id":"https:\/\/tvnova.tv.br\/jornalfatonovo\/490-anos-a-programacao-completa-do-aniversario-de-olinda\/#breadcrumb","itemListElement":[{"@type":"ListItem","position":1,"name":"In\u00edcio","item":"https:\/\/tvnova.tv.br\/jornalfatonovo\/"},{"@type":"ListItem","position":2,"name":"490 anos: A programa\u00e7\u00e3o completa do anivers\u00e1rio de Olinda"}]},{"@type":"WebSite","@id":"https:\/\/tvnova.tv.br\/jornalfatonovo\/#website","url":"https:\/\/tvnova.tv.br\/jornalfatonovo\/","name":"Jornal Fato Novo","description":"Acompanhe as not\u00edcias de Pernambuco","publisher":{"@id":"https:\/\/tvnova.tv.br\/jornalfatonovo\/#organization"},"potentialAction":[{"@type":"SearchAction","target":{"@type":"EntryPoint","urlTemplate":"https:\/\/tvnova.tv.br\/jornalfatonovo\/?s={search_term_string}"},"query-input":{"@type":"PropertyValueSpecification","valueRequired":true,"valueName":"search_term_string"}}],"inLanguage":"pt-BR"},{"@type":"Organization","@id":"https:\/\/tvnova.tv.br\/jornalfatonovo\/#organization","name":"Jornal Fato Novo","url":"https:\/\/tvnova.tv.br\/jornalfatonovo\/","logo":{"@type":"ImageObject","inLanguage":"pt-BR","@id":"https:\/\/tvnova.tv.br\/jornalfatonovo\/#\/schema\/logo\/image\/","url":"https:\/\/tvnova.tv.br\/jornalfatonovo1\/wp-content\/uploads\/2023\/04\/FATO-NOVO-1.png","contentUrl":"https:\/\/tvnova.tv.br\/jornalfatonovo1\/wp-content\/uploads\/2023\/04\/FATO-NOVO-1.png","width":200,"height":60,"caption":"Jornal Fato Novo"},"image":{"@id":"https:\/\/tvnova.tv.br\/jornalfatonovo\/#\/schema\/logo\/image\/"},"sameAs":["https:\/\/www.facebook.com\/tvnovanordeste\/","https:\/\/x.com\/tvnovanordeste","https:\/\/www.instagram.com\/jornalfatonovope\/"]},{"@type":"Person","@id":"https:\/\/tvnova.tv.br\/jornalfatonovo\/#\/schema\/person\/8acb5c10a7535b12511b7eef3a46cf15","name":"Jornalismo","url":"https:\/\/tvnova.tv.br\/jornalfatonovo\/author\/jornalismo\/"}]}},"_links":{"self":[{"href":"https:\/\/tvnova.tv.br\/jornalfatonovo\/wp-json\/wp\/v2\/posts\/22120","targetHints":{"allow":["GET"]}}],"collection":[{"href":"https:\/\/tvnova.tv.br\/jornalfatonovo\/wp-json\/wp\/v2\/posts"}],"about":[{"href":"https:\/\/tvnova.tv.br\/jornalfatonovo\/wp-json\/wp\/v2\/types\/post"}],"author":[{"embeddable":true,"href":"https:\/\/tvnova.tv.br\/jornalfatonovo\/wp-json\/wp\/v2\/users\/13"}],"replies":[{"embeddable":true,"href":"https:\/\/tvnova.tv.br\/jornalfatonovo\/wp-json\/wp\/v2\/comments?post=22120"}],"version-history":[{"count":1,"href":"https:\/\/tvnova.tv.br\/jornalfatonovo\/wp-json\/wp\/v2\/posts\/22120\/revisions"}],"predecessor-version":[{"id":22121,"href":"https:\/\/tvnova.tv.br\/jornalfatonovo\/wp-json\/wp\/v2\/posts\/22120\/revisions\/22121"}],"wp:featuredmedia":[{"embeddable":true,"href":"https:\/\/tvnova.tv.br\/jornalfatonovo\/wp-json\/wp\/v2\/media\/22122"}],"wp:attachment":[{"href":"https:\/\/tvnova.tv.br\/jornalfatonovo\/wp-json\/wp\/v2\/media?parent=22120"}],"wp:term":[{"taxonomy":"category","embeddable":true,"href":"https:\/\/tvnova.tv.br\/jornalfatonovo\/wp-json\/wp\/v2\/categories?post=22120"},{"taxonomy":"post_tag","embeddable":true,"href":"https:\/\/tvnova.tv.br\/jornalfatonovo\/wp-json\/wp\/v2\/tags?post=22120"},{"taxonomy":"cores-categorias","embeddable":true,"href":"https:\/\/tvnova.tv.br\/jornalfatonovo\/wp-json\/wp\/v2\/cores-categorias?post=22120"}],"curies":[{"name":"wp","href":"https:\/\/api.w.org\/{rel}","templated":true}]}}