{"id":22303,"date":"2025-04-09T15:40:19","date_gmt":"2025-04-09T18:40:19","guid":{"rendered":"https:\/\/tvnova.tv.br\/jornalfatonovo\/?p=22303"},"modified":"2025-04-09T15:57:44","modified_gmt":"2025-04-09T18:57:44","slug":"carol-tabosa-presidente-do-simepe-participa-do-programa-dialogo-nesta-quarta-feira","status":"publish","type":"post","link":"https:\/\/tvnova.tv.br\/jornalfatonovo\/carol-tabosa-presidente-do-simepe-participa-do-programa-dialogo-nesta-quarta-feira\/","title":{"rendered":"Programa Di\u00e1logo recebe Carol Tabosa, presidente do Simepe, nesta quarta-feira"},"content":{"rendered":"<p>O programa Di\u00e1logo desta quarta-feira (9) recebeu a presidente do Sindicato dos M\u00e9dicos de Pernambuco (Simepe), Carol Tabosa, para discutir as a\u00e7\u00f5es e os desafios da gest\u00e3o. Tamb\u00e9m participaram da conversa os jornalistas Ricardo Dantas Barreto, editor do Blog Dantas Barreto, e Wellington Ribeiro, editor do Blog Ponto de Vista.<\/p>\n<p>Ricardo questionou sobre a atua\u00e7\u00e3o do Simepe para garantir a perman\u00eancia de m\u00e9dicos nas unidades de sa\u00fade do interior de Pernambuco. Carol explicou que a principal dificuldade \u00e9 atrair profissionais para o interior devido \u00e0 falta de condi\u00e7\u00f5es adequadas de trabalho, \u00e0 aus\u00eancia de um plano de cargos e carreiras e \u00e0 baixa remunera\u00e7\u00e3o. Ela destacou, ainda, a preocupa\u00e7\u00e3o com a sa\u00fade dos pr\u00f3prios m\u00e9dicos, que podem adoecer devido \u00e0 car\u00eancia de recursos para prestar um atendimento satisfat\u00f3rio \u00e0 popula\u00e7\u00e3o.<\/p>\n<p>Wellington, por sua vez, questionou sobre as a\u00e7\u00f5es do sindicato para combater a precariza\u00e7\u00e3o da \u00e1rea m\u00e9dica. Em rela\u00e7\u00e3o \u00e0s condi\u00e7\u00f5es de trabalho, Carol informou que o Simepe realiza fiscaliza\u00e7\u00f5es regulares e aciona outros \u00f3rg\u00e3os competentes sempre que necess\u00e1rio. Quanto \u00e0 precariza\u00e7\u00e3o dos v\u00ednculos empregat\u00edcios, ela ressaltou os esfor\u00e7os da entidade para conscientizar os m\u00e9dicos, mencionando o crescente fen\u00f4meno da pejotiza\u00e7\u00e3o e a desigualdade de g\u00eanero, com as mulheres m\u00e9dicas enfrentando penalidades mais severas no mercado de trabalho.<\/p>\n<p>Carol Tabosa tamb\u00e9m destacou que a nova gest\u00e3o do Simepe tem como uma das principais inova\u00e7\u00f5es o processo de descentraliza\u00e7\u00e3o, que visa levar melhorias aos munic\u00edpios do interior. Esse movimento tem impactos positivos tamb\u00e9m na Regi\u00e3o Metropolitana do Recife, pois permite que os pacientes recebam atendimento m\u00e9dico sem a necessidade de transfer\u00eancia para a capital.<\/p>\n<p>A presidente do Simepe ainda revelou que a entidade planeja desenvolver um sistema de suporte para os m\u00e9dicos que enfrentam sofrimento ps\u00edquico, muitas vezes resultante das dificuldades encontradas nos locais de trabalho.<\/p>\n","protected":false},"excerpt":{"rendered":"<p>O programa Di\u00e1logo desta quarta-feira (9) recebeu a presidente do Sindicato dos M\u00e9dicos de Pernambuco (Simepe), Carol Tabosa, para discutir as a\u00e7\u00f5es e os desafios da gest\u00e3o. Tamb\u00e9m participaram da conversa os jornalistas Ricardo Dantas Barreto, editor do Blog Dantas Barreto, e Wellington Ribeiro, editor do Blog Ponto de Vista. Ricardo questionou sobre a atua\u00e7\u00e3o [&hellip;]<\/p>\n","protected":false},"author":17,"featured_media":22308,"comment_status":"closed","ping_status":"","sticky":false,"template":"","format":"standard","meta":{"footnotes":""},"categories":[271],"tags":[],"cores-categorias":[],"class_list":["post-22303","post","type-post","status-publish","format-standard","has-post-thumbnail","hentry","category-politica"],"yoast_head":"<!-- This site is optimized with the Yoast SEO plugin v27.2 - https:\/\/yoast.com\/product\/yoast-seo-wordpress\/ -->\n<title>Programa Di\u00e1logo recebe Carol Tabosa, presidente do Simepe, nesta quarta-feira - Jornal Fato Novo<\/title>\n<meta name=\"robots\" content=\"index, follow, max-snippet:-1, max-image-preview:large, max-video-preview:-1\" \/>\n<link rel=\"canonical\" href=\"https:\/\/tvnova.tv.br\/jornalfatonovo\/carol-tabosa-presidente-do-simepe-participa-do-programa-dialogo-nesta-quarta-feira\/\" \/>\n<meta property=\"og:locale\" content=\"pt_BR\" \/>\n<meta property=\"og:type\" content=\"article\" \/>\n<meta property=\"og:title\" content=\"Programa Di\u00e1logo recebe Carol Tabosa, presidente do Simepe, nesta quarta-feira - Jornal Fato Novo\" \/>\n<meta property=\"og:description\" content=\"O programa Di\u00e1logo desta quarta-feira (9) recebeu a presidente do Sindicato dos M\u00e9dicos de Pernambuco (Simepe), Carol Tabosa, para discutir as a\u00e7\u00f5es e os desafios da gest\u00e3o. Tamb\u00e9m participaram da conversa os jornalistas Ricardo Dantas Barreto, editor do Blog Dantas Barreto, e Wellington Ribeiro, editor do Blog Ponto de Vista. Ricardo questionou sobre a atua\u00e7\u00e3o [&hellip;]\" \/>\n<meta property=\"og:url\" content=\"https:\/\/tvnova.tv.br\/jornalfatonovo\/carol-tabosa-presidente-do-simepe-participa-do-programa-dialogo-nesta-quarta-feira\/\" \/>\n<meta property=\"og:site_name\" content=\"Jornal Fato Novo\" \/>\n<meta property=\"article:publisher\" content=\"https:\/\/www.facebook.com\/tvnovanordeste\/\" \/>\n<meta property=\"article:published_time\" content=\"2025-04-09T18:40:19+00:00\" \/>\n<meta property=\"article:modified_time\" content=\"2025-04-09T18:57:44+00:00\" \/>\n<meta property=\"og:image\" content=\"https:\/\/tvnova.tv.br\/jornalfatonovo\/wp-content\/uploads\/2025\/04\/IMG_3218.jpeg\" \/>\n\t<meta property=\"og:image:width\" content=\"1170\" \/>\n\t<meta property=\"og:image:height\" content=\"675\" \/>\n\t<meta property=\"og:image:type\" content=\"image\/jpeg\" \/>\n<meta name=\"author\" content=\"Larissa Galv\u00e3o\" \/>\n<meta name=\"twitter:card\" content=\"summary_large_image\" \/>\n<meta name=\"twitter:creator\" content=\"@tvnovanordeste\" \/>\n<meta name=\"twitter:site\" content=\"@tvnovanordeste\" \/>\n<meta name=\"twitter:label1\" content=\"Escrito por\" \/>\n\t<meta name=\"twitter:data1\" content=\"Larissa Galv\u00e3o\" \/>\n\t<meta name=\"twitter:label2\" content=\"Est. tempo de leitura\" \/>\n\t<meta name=\"twitter:data2\" content=\"2 minutos\" \/>\n<script type=\"application\/ld+json\" class=\"yoast-schema-graph\">{\"@context\":\"https:\/\/schema.org\",\"@graph\":[{\"@type\":\"Article\",\"@id\":\"https:\/\/tvnova.tv.br\/jornalfatonovo\/carol-tabosa-presidente-do-simepe-participa-do-programa-dialogo-nesta-quarta-feira\/#article\",\"isPartOf\":{\"@id\":\"https:\/\/tvnova.tv.br\/jornalfatonovo\/carol-tabosa-presidente-do-simepe-participa-do-programa-dialogo-nesta-quarta-feira\/\"},\"author\":{\"name\":\"Larissa Galv\u00e3o\",\"@id\":\"https:\/\/tvnova.tv.br\/jornalfatonovo\/#\/schema\/person\/e8eb67479f1723f63b8f572d47376c0d\"},\"headline\":\"Programa Di\u00e1logo recebe Carol Tabosa, presidente do Simepe, nesta quarta-feira\",\"datePublished\":\"2025-04-09T18:40:19+00:00\",\"dateModified\":\"2025-04-09T18:57:44+00:00\",\"mainEntityOfPage\":{\"@id\":\"https:\/\/tvnova.tv.br\/jornalfatonovo\/carol-tabosa-presidente-do-simepe-participa-do-programa-dialogo-nesta-quarta-feira\/\"},\"wordCount\":345,\"publisher\":{\"@id\":\"https:\/\/tvnova.tv.br\/jornalfatonovo\/#organization\"},\"image\":{\"@id\":\"https:\/\/tvnova.tv.br\/jornalfatonovo\/carol-tabosa-presidente-do-simepe-participa-do-programa-dialogo-nesta-quarta-feira\/#primaryimage\"},\"thumbnailUrl\":\"https:\/\/tvnova.tv.br\/jornalfatonovo\/wp-content\/uploads\/2025\/04\/IMG_3218.jpeg\",\"articleSection\":[\"Pol\u00edtica\"],\"inLanguage\":\"pt-BR\"},{\"@type\":\"WebPage\",\"@id\":\"https:\/\/tvnova.tv.br\/jornalfatonovo\/carol-tabosa-presidente-do-simepe-participa-do-programa-dialogo-nesta-quarta-feira\/\",\"url\":\"https:\/\/tvnova.tv.br\/jornalfatonovo\/carol-tabosa-presidente-do-simepe-participa-do-programa-dialogo-nesta-quarta-feira\/\",\"name\":\"Programa Di\u00e1logo recebe Carol Tabosa, presidente do Simepe, nesta quarta-feira - Jornal Fato Novo\",\"isPartOf\":{\"@id\":\"https:\/\/tvnova.tv.br\/jornalfatonovo\/#website\"},\"primaryImageOfPage\":{\"@id\":\"https:\/\/tvnova.tv.br\/jornalfatonovo\/carol-tabosa-presidente-do-simepe-participa-do-programa-dialogo-nesta-quarta-feira\/#primaryimage\"},\"image\":{\"@id\":\"https:\/\/tvnova.tv.br\/jornalfatonovo\/carol-tabosa-presidente-do-simepe-participa-do-programa-dialogo-nesta-quarta-feira\/#primaryimage\"},\"thumbnailUrl\":\"https:\/\/tvnova.tv.br\/jornalfatonovo\/wp-content\/uploads\/2025\/04\/IMG_3218.jpeg\",\"datePublished\":\"2025-04-09T18:40:19+00:00\",\"dateModified\":\"2025-04-09T18:57:44+00:00\",\"breadcrumb\":{\"@id\":\"https:\/\/tvnova.tv.br\/jornalfatonovo\/carol-tabosa-presidente-do-simepe-participa-do-programa-dialogo-nesta-quarta-feira\/#breadcrumb\"},\"inLanguage\":\"pt-BR\",\"potentialAction\":[{\"@type\":\"ReadAction\",\"target\":[\"https:\/\/tvnova.tv.br\/jornalfatonovo\/carol-tabosa-presidente-do-simepe-participa-do-programa-dialogo-nesta-quarta-feira\/\"]}]},{\"@type\":\"ImageObject\",\"inLanguage\":\"pt-BR\",\"@id\":\"https:\/\/tvnova.tv.br\/jornalfatonovo\/carol-tabosa-presidente-do-simepe-participa-do-programa-dialogo-nesta-quarta-feira\/#primaryimage\",\"url\":\"https:\/\/tvnova.tv.br\/jornalfatonovo\/wp-content\/uploads\/2025\/04\/IMG_3218.jpeg\",\"contentUrl\":\"https:\/\/tvnova.tv.br\/jornalfatonovo\/wp-content\/uploads\/2025\/04\/IMG_3218.jpeg\",\"width\":1170,\"height\":675},{\"@type\":\"BreadcrumbList\",\"@id\":\"https:\/\/tvnova.tv.br\/jornalfatonovo\/carol-tabosa-presidente-do-simepe-participa-do-programa-dialogo-nesta-quarta-feira\/#breadcrumb\",\"itemListElement\":[{\"@type\":\"ListItem\",\"position\":1,\"name\":\"In\u00edcio\",\"item\":\"https:\/\/tvnova.tv.br\/jornalfatonovo\/\"},{\"@type\":\"ListItem\",\"position\":2,\"name\":\"Programa Di\u00e1logo recebe Carol Tabosa, presidente do Simepe, nesta quarta-feira\"}]},{\"@type\":\"WebSite\",\"@id\":\"https:\/\/tvnova.tv.br\/jornalfatonovo\/#website\",\"url\":\"https:\/\/tvnova.tv.br\/jornalfatonovo\/\",\"name\":\"Jornal Fato Novo\",\"description\":\"Acompanhe as not\u00edcias de Pernambuco\",\"publisher\":{\"@id\":\"https:\/\/tvnova.tv.br\/jornalfatonovo\/#organization\"},\"potentialAction\":[{\"@type\":\"SearchAction\",\"target\":{\"@type\":\"EntryPoint\",\"urlTemplate\":\"https:\/\/tvnova.tv.br\/jornalfatonovo\/?s={search_term_string}\"},\"query-input\":{\"@type\":\"PropertyValueSpecification\",\"valueRequired\":true,\"valueName\":\"search_term_string\"}}],\"inLanguage\":\"pt-BR\"},{\"@type\":\"Organization\",\"@id\":\"https:\/\/tvnova.tv.br\/jornalfatonovo\/#organization\",\"name\":\"Jornal Fato Novo\",\"url\":\"https:\/\/tvnova.tv.br\/jornalfatonovo\/\",\"logo\":{\"@type\":\"ImageObject\",\"inLanguage\":\"pt-BR\",\"@id\":\"https:\/\/tvnova.tv.br\/jornalfatonovo\/#\/schema\/logo\/image\/\",\"url\":\"https:\/\/tvnova.tv.br\/jornalfatonovo1\/wp-content\/uploads\/2023\/04\/FATO-NOVO-1.png\",\"contentUrl\":\"https:\/\/tvnova.tv.br\/jornalfatonovo1\/wp-content\/uploads\/2023\/04\/FATO-NOVO-1.png\",\"width\":200,\"height\":60,\"caption\":\"Jornal Fato Novo\"},\"image\":{\"@id\":\"https:\/\/tvnova.tv.br\/jornalfatonovo\/#\/schema\/logo\/image\/\"},\"sameAs\":[\"https:\/\/www.facebook.com\/tvnovanordeste\/\",\"https:\/\/x.com\/tvnovanordeste\",\"https:\/\/www.instagram.com\/jornalfatonovope\/\"]},{\"@type\":\"Person\",\"@id\":\"https:\/\/tvnova.tv.br\/jornalfatonovo\/#\/schema\/person\/e8eb67479f1723f63b8f572d47376c0d\",\"name\":\"Larissa Galv\u00e3o\",\"url\":\"https:\/\/tvnova.tv.br\/jornalfatonovo\/author\/larissagalvao\/\"}]}<\/script>\n<!-- \/ Yoast SEO plugin. -->","yoast_head_json":{"title":"Programa Di\u00e1logo recebe Carol Tabosa, presidente do Simepe, nesta quarta-feira - Jornal Fato Novo","robots":{"index":"index","follow":"follow","max-snippet":"max-snippet:-1","max-image-preview":"max-image-preview:large","max-video-preview":"max-video-preview:-1"},"canonical":"https:\/\/tvnova.tv.br\/jornalfatonovo\/carol-tabosa-presidente-do-simepe-participa-do-programa-dialogo-nesta-quarta-feira\/","og_locale":"pt_BR","og_type":"article","og_title":"Programa Di\u00e1logo recebe Carol Tabosa, presidente do Simepe, nesta quarta-feira - Jornal Fato Novo","og_description":"O programa Di\u00e1logo desta quarta-feira (9) recebeu a presidente do Sindicato dos M\u00e9dicos de Pernambuco (Simepe), Carol Tabosa, para discutir as a\u00e7\u00f5es e os desafios da gest\u00e3o. Tamb\u00e9m participaram da conversa os jornalistas Ricardo Dantas Barreto, editor do Blog Dantas Barreto, e Wellington Ribeiro, editor do Blog Ponto de Vista. Ricardo questionou sobre a atua\u00e7\u00e3o [&hellip;]","og_url":"https:\/\/tvnova.tv.br\/jornalfatonovo\/carol-tabosa-presidente-do-simepe-participa-do-programa-dialogo-nesta-quarta-feira\/","og_site_name":"Jornal Fato Novo","article_publisher":"https:\/\/www.facebook.com\/tvnovanordeste\/","article_published_time":"2025-04-09T18:40:19+00:00","article_modified_time":"2025-04-09T18:57:44+00:00","og_image":[{"width":1170,"height":675,"url":"https:\/\/tvnova.tv.br\/jornalfatonovo\/wp-content\/uploads\/2025\/04\/IMG_3218.jpeg","type":"image\/jpeg"}],"author":"Larissa Galv\u00e3o","twitter_card":"summary_large_image","twitter_creator":"@tvnovanordeste","twitter_site":"@tvnovanordeste","twitter_misc":{"Escrito por":"Larissa Galv\u00e3o","Est. tempo de leitura":"2 minutos"},"schema":{"@context":"https:\/\/schema.org","@graph":[{"@type":"Article","@id":"https:\/\/tvnova.tv.br\/jornalfatonovo\/carol-tabosa-presidente-do-simepe-participa-do-programa-dialogo-nesta-quarta-feira\/#article","isPartOf":{"@id":"https:\/\/tvnova.tv.br\/jornalfatonovo\/carol-tabosa-presidente-do-simepe-participa-do-programa-dialogo-nesta-quarta-feira\/"},"author":{"name":"Larissa Galv\u00e3o","@id":"https:\/\/tvnova.tv.br\/jornalfatonovo\/#\/schema\/person\/e8eb67479f1723f63b8f572d47376c0d"},"headline":"Programa Di\u00e1logo recebe Carol Tabosa, presidente do Simepe, nesta quarta-feira","datePublished":"2025-04-09T18:40:19+00:00","dateModified":"2025-04-09T18:57:44+00:00","mainEntityOfPage":{"@id":"https:\/\/tvnova.tv.br\/jornalfatonovo\/carol-tabosa-presidente-do-simepe-participa-do-programa-dialogo-nesta-quarta-feira\/"},"wordCount":345,"publisher":{"@id":"https:\/\/tvnova.tv.br\/jornalfatonovo\/#organization"},"image":{"@id":"https:\/\/tvnova.tv.br\/jornalfatonovo\/carol-tabosa-presidente-do-simepe-participa-do-programa-dialogo-nesta-quarta-feira\/#primaryimage"},"thumbnailUrl":"https:\/\/tvnova.tv.br\/jornalfatonovo\/wp-content\/uploads\/2025\/04\/IMG_3218.jpeg","articleSection":["Pol\u00edtica"],"inLanguage":"pt-BR"},{"@type":"WebPage","@id":"https:\/\/tvnova.tv.br\/jornalfatonovo\/carol-tabosa-presidente-do-simepe-participa-do-programa-dialogo-nesta-quarta-feira\/","url":"https:\/\/tvnova.tv.br\/jornalfatonovo\/carol-tabosa-presidente-do-simepe-participa-do-programa-dialogo-nesta-quarta-feira\/","name":"Programa Di\u00e1logo recebe Carol Tabosa, presidente do Simepe, nesta quarta-feira - Jornal Fato Novo","isPartOf":{"@id":"https:\/\/tvnova.tv.br\/jornalfatonovo\/#website"},"primaryImageOfPage":{"@id":"https:\/\/tvnova.tv.br\/jornalfatonovo\/carol-tabosa-presidente-do-simepe-participa-do-programa-dialogo-nesta-quarta-feira\/#primaryimage"},"image":{"@id":"https:\/\/tvnova.tv.br\/jornalfatonovo\/carol-tabosa-presidente-do-simepe-participa-do-programa-dialogo-nesta-quarta-feira\/#primaryimage"},"thumbnailUrl":"https:\/\/tvnova.tv.br\/jornalfatonovo\/wp-content\/uploads\/2025\/04\/IMG_3218.jpeg","datePublished":"2025-04-09T18:40:19+00:00","dateModified":"2025-04-09T18:57:44+00:00","breadcrumb":{"@id":"https:\/\/tvnova.tv.br\/jornalfatonovo\/carol-tabosa-presidente-do-simepe-participa-do-programa-dialogo-nesta-quarta-feira\/#breadcrumb"},"inLanguage":"pt-BR","potentialAction":[{"@type":"ReadAction","target":["https:\/\/tvnova.tv.br\/jornalfatonovo\/carol-tabosa-presidente-do-simepe-participa-do-programa-dialogo-nesta-quarta-feira\/"]}]},{"@type":"ImageObject","inLanguage":"pt-BR","@id":"https:\/\/tvnova.tv.br\/jornalfatonovo\/carol-tabosa-presidente-do-simepe-participa-do-programa-dialogo-nesta-quarta-feira\/#primaryimage","url":"https:\/\/tvnova.tv.br\/jornalfatonovo\/wp-content\/uploads\/2025\/04\/IMG_3218.jpeg","contentUrl":"https:\/\/tvnova.tv.br\/jornalfatonovo\/wp-content\/uploads\/2025\/04\/IMG_3218.jpeg","width":1170,"height":675},{"@type":"BreadcrumbList","@id":"https:\/\/tvnova.tv.br\/jornalfatonovo\/carol-tabosa-presidente-do-simepe-participa-do-programa-dialogo-nesta-quarta-feira\/#breadcrumb","itemListElement":[{"@type":"ListItem","position":1,"name":"In\u00edcio","item":"https:\/\/tvnova.tv.br\/jornalfatonovo\/"},{"@type":"ListItem","position":2,"name":"Programa Di\u00e1logo recebe Carol Tabosa, presidente do Simepe, nesta quarta-feira"}]},{"@type":"WebSite","@id":"https:\/\/tvnova.tv.br\/jornalfatonovo\/#website","url":"https:\/\/tvnova.tv.br\/jornalfatonovo\/","name":"Jornal Fato Novo","description":"Acompanhe as not\u00edcias de Pernambuco","publisher":{"@id":"https:\/\/tvnova.tv.br\/jornalfatonovo\/#organization"},"potentialAction":[{"@type":"SearchAction","target":{"@type":"EntryPoint","urlTemplate":"https:\/\/tvnova.tv.br\/jornalfatonovo\/?s={search_term_string}"},"query-input":{"@type":"PropertyValueSpecification","valueRequired":true,"valueName":"search_term_string"}}],"inLanguage":"pt-BR"},{"@type":"Organization","@id":"https:\/\/tvnova.tv.br\/jornalfatonovo\/#organization","name":"Jornal Fato Novo","url":"https:\/\/tvnova.tv.br\/jornalfatonovo\/","logo":{"@type":"ImageObject","inLanguage":"pt-BR","@id":"https:\/\/tvnova.tv.br\/jornalfatonovo\/#\/schema\/logo\/image\/","url":"https:\/\/tvnova.tv.br\/jornalfatonovo1\/wp-content\/uploads\/2023\/04\/FATO-NOVO-1.png","contentUrl":"https:\/\/tvnova.tv.br\/jornalfatonovo1\/wp-content\/uploads\/2023\/04\/FATO-NOVO-1.png","width":200,"height":60,"caption":"Jornal Fato Novo"},"image":{"@id":"https:\/\/tvnova.tv.br\/jornalfatonovo\/#\/schema\/logo\/image\/"},"sameAs":["https:\/\/www.facebook.com\/tvnovanordeste\/","https:\/\/x.com\/tvnovanordeste","https:\/\/www.instagram.com\/jornalfatonovope\/"]},{"@type":"Person","@id":"https:\/\/tvnova.tv.br\/jornalfatonovo\/#\/schema\/person\/e8eb67479f1723f63b8f572d47376c0d","name":"Larissa Galv\u00e3o","url":"https:\/\/tvnova.tv.br\/jornalfatonovo\/author\/larissagalvao\/"}]}},"_links":{"self":[{"href":"https:\/\/tvnova.tv.br\/jornalfatonovo\/wp-json\/wp\/v2\/posts\/22303","targetHints":{"allow":["GET"]}}],"collection":[{"href":"https:\/\/tvnova.tv.br\/jornalfatonovo\/wp-json\/wp\/v2\/posts"}],"about":[{"href":"https:\/\/tvnova.tv.br\/jornalfatonovo\/wp-json\/wp\/v2\/types\/post"}],"author":[{"embeddable":true,"href":"https:\/\/tvnova.tv.br\/jornalfatonovo\/wp-json\/wp\/v2\/users\/17"}],"replies":[{"embeddable":true,"href":"https:\/\/tvnova.tv.br\/jornalfatonovo\/wp-json\/wp\/v2\/comments?post=22303"}],"version-history":[{"count":8,"href":"https:\/\/tvnova.tv.br\/jornalfatonovo\/wp-json\/wp\/v2\/posts\/22303\/revisions"}],"predecessor-version":[{"id":22313,"href":"https:\/\/tvnova.tv.br\/jornalfatonovo\/wp-json\/wp\/v2\/posts\/22303\/revisions\/22313"}],"wp:featuredmedia":[{"embeddable":true,"href":"https:\/\/tvnova.tv.br\/jornalfatonovo\/wp-json\/wp\/v2\/media\/22308"}],"wp:attachment":[{"href":"https:\/\/tvnova.tv.br\/jornalfatonovo\/wp-json\/wp\/v2\/media?parent=22303"}],"wp:term":[{"taxonomy":"category","embeddable":true,"href":"https:\/\/tvnova.tv.br\/jornalfatonovo\/wp-json\/wp\/v2\/categories?post=22303"},{"taxonomy":"post_tag","embeddable":true,"href":"https:\/\/tvnova.tv.br\/jornalfatonovo\/wp-json\/wp\/v2\/tags?post=22303"},{"taxonomy":"cores-categorias","embeddable":true,"href":"https:\/\/tvnova.tv.br\/jornalfatonovo\/wp-json\/wp\/v2\/cores-categorias?post=22303"}],"curies":[{"name":"wp","href":"https:\/\/api.w.org\/{rel}","templated":true}]}}