{"id":22325,"date":"2025-04-11T17:40:36","date_gmt":"2025-04-11T20:40:36","guid":{"rendered":"https:\/\/tvnova.tv.br\/jornalfatonovo\/?p=22325"},"modified":"2025-04-11T17:44:28","modified_gmt":"2025-04-11T20:44:28","slug":"bolsonaro-passa-mal-durante-visita-ao-rn-e-e-transferido-de-helicoptero-para-hospital-em-natal","status":"publish","type":"post","link":"https:\/\/tvnova.tv.br\/jornalfatonovo\/bolsonaro-passa-mal-durante-visita-ao-rn-e-e-transferido-de-helicoptero-para-hospital-em-natal\/","title":{"rendered":"Bolsonaro passa mal durante visita ao RN e \u00e9 transferido de helic\u00f3ptero para hospital em Natal"},"content":{"rendered":"<h4>Bolsonaro passa mal durante visita ao RN e \u00e9 transferido de helic\u00f3ptero para hospital em Natal<\/h4>\n<h6>Com dores abdominais intensas ligadas ao atentado de 2018, ex-presidente foi atendido inicialmente em Santa Cruz e permanece sob cuidados m\u00e9dicos em Natal; quadro \u00e9 est\u00e1vel<\/h6>\n<p>&nbsp;<\/p>\n<p><em>da reda\u00e7\u00e3o<\/em><\/p>\n<p class=\"\" data-start=\"306\" data-end=\"648\">Durante viagem pelo interior do Rio Grande do Norte, o ex-presidente Jair Bolsonaro (PL) precisou ser hospitalizado na manh\u00e3 desta sexta (11) ap\u00f3s sentir fortes dores abdominais. O mal-estar ocorreu enquanto ele cumpria compromissos pol\u00edticos em Santa Cruz, onde foi inicialmente atendido antes de ser transferido de helic\u00f3ptero para a capital, Natal.<\/p>\n<p class=\"\" data-start=\"650\" data-end=\"1005\">Segundo relatos de pessoas pr\u00f3ximas, Bolsonaro teve uma noite de sono conturbada e come\u00e7ou a sentir dores por volta das 5h da manh\u00e3. Apesar disso, tentou manter sua agenda, participando do primeiro evento programado. No entanto, antes do segundo compromisso, as dores se intensificaram, o que levou \u00e0 ida emergencial ao Hospital Municipal Alu\u00edzio Bezerra.<\/p>\n<p class=\"\" data-start=\"1007\" data-end=\"1377\">De acordo com o m\u00e9dico Evandro Carvalho, que fez o primeiro atendimento, o ex-presidente apresentava o abd\u00f4men bastante distendido e reclamava de dores intensas. Ainda em Santa Cruz, ele foi medicado e demonstrou melhora, o que permitiu a transfer\u00eancia a\u00e9rea para Natal. O transporte foi realizado por um helic\u00f3ptero disponibilizado pela governadora F\u00e1tima Bezerra (PT).<\/p>\n<figure id=\"attachment_22329\" aria-describedby=\"caption-attachment-22329\" style=\"width: 1021px\" class=\"wp-caption alignnone\"><img fetchpriority=\"high\" decoding=\"async\" class=\"size-full wp-image-22329\" src=\"https:\/\/tvnova.tv.br\/jornalfatonovo\/wp-content\/uploads\/2025\/04\/174437865560903.jpg\" alt=\"\" width=\"1021\" height=\"591\" srcset=\"https:\/\/tvnova.tv.br\/jornalfatonovo\/wp-content\/uploads\/2025\/04\/174437865560903.jpg 1021w, https:\/\/tvnova.tv.br\/jornalfatonovo\/wp-content\/uploads\/2025\/04\/174437865560903-300x174.jpg 300w, https:\/\/tvnova.tv.br\/jornalfatonovo\/wp-content\/uploads\/2025\/04\/174437865560903-768x445.jpg 768w\" sizes=\"(max-width: 1021px) 100vw, 1021px\" \/><figcaption id=\"caption-attachment-22329\" class=\"wp-caption-text\">Bolsonaro \u00e9 atendio \u00e0s pressas em Santa Cruz (RN)<\/figcaption><\/figure>\n<p class=\"\" data-start=\"1379\" data-end=\"1807\">Na capital, Bolsonaro foi encaminhado inicialmente ao Hospital Walfredo Gurgel e, em seguida, levado para o Hospital Rio Grande, da rede privada. O m\u00e9dico Luiz Roberto Fonseca, respons\u00e1vel por seu acompanhamento, afirmou que n\u00e3o h\u00e1 indica\u00e7\u00e3o cir\u00fargica no momento. \u201cO tratamento segue cl\u00ednico. Ele est\u00e1 est\u00e1vel, a dor diminuiu, e foi colocada uma sonda nasog\u00e1strica para aliviar a press\u00e3o intestinal, com boa resposta\u201d, explicou.<\/p>\n<p class=\"\" data-start=\"1809\" data-end=\"2006\">O ex-ministro do Turismo, Gilson Machado, revelou que conversou com m\u00e9dicos nas primeiras horas da manh\u00e3, mas que o pr\u00f3prio Bolsonaro quis seguir com sua programa\u00e7\u00e3o antes do agravamento do quadro.<\/p>\n<p class=\"\" data-start=\"2008\" data-end=\"2328\">Carlos Bolsonaro (PL-RJ), vereador e filho do ex-presidente, publicou nas redes sociais que o pai est\u00e1 \u201cl\u00facido e acordado\u201d. Segundo ele, os sintomas s\u00e3o reflexo de ader\u00eancias internas resultantes da facada que Bolsonaro sofreu durante a campanha eleitoral de 2018. O ex-presidente foi sedado para a realiza\u00e7\u00e3o de exames.<\/p>\n<p class=\"\" data-start=\"2330\" data-end=\"2413\">At\u00e9 o momento, Bolsonaro permanece sob observa\u00e7\u00e3o, consciente e com quadro est\u00e1vel.<\/p>\n","protected":false},"excerpt":{"rendered":"<p>Bolsonaro passa mal durante visita ao RN e \u00e9 transferido de helic\u00f3ptero para hospital em Natal Com dores abdominais intensas ligadas ao atentado de 2018, ex-presidente foi atendido inicialmente em Santa Cruz e permanece sob cuidados m\u00e9dicos em Natal; quadro \u00e9 est\u00e1vel &nbsp; da reda\u00e7\u00e3o Durante viagem pelo interior do Rio Grande do Norte, o [&hellip;]<\/p>\n","protected":false},"author":13,"featured_media":22328,"comment_status":"closed","ping_status":"","sticky":false,"template":"","format":"standard","meta":{"footnotes":""},"categories":[271],"tags":[],"cores-categorias":[],"class_list":["post-22325","post","type-post","status-publish","format-standard","has-post-thumbnail","hentry","category-politica"],"yoast_head":"<!-- This site is optimized with the Yoast SEO plugin v27.2 - https:\/\/yoast.com\/product\/yoast-seo-wordpress\/ -->\n<title>Bolsonaro passa mal durante visita ao RN e \u00e9 transferido de helic\u00f3ptero para hospital em Natal - Jornal Fato Novo<\/title>\n<meta name=\"robots\" content=\"index, follow, max-snippet:-1, max-image-preview:large, max-video-preview:-1\" \/>\n<link rel=\"canonical\" href=\"https:\/\/tvnova.tv.br\/jornalfatonovo\/bolsonaro-passa-mal-durante-visita-ao-rn-e-e-transferido-de-helicoptero-para-hospital-em-natal\/\" \/>\n<meta property=\"og:locale\" content=\"pt_BR\" \/>\n<meta property=\"og:type\" content=\"article\" \/>\n<meta property=\"og:title\" content=\"Bolsonaro passa mal durante visita ao RN e \u00e9 transferido de helic\u00f3ptero para hospital em Natal - Jornal Fato Novo\" \/>\n<meta property=\"og:description\" content=\"Bolsonaro passa mal durante visita ao RN e \u00e9 transferido de helic\u00f3ptero para hospital em Natal Com dores abdominais intensas ligadas ao atentado de 2018, ex-presidente foi atendido inicialmente em Santa Cruz e permanece sob cuidados m\u00e9dicos em Natal; quadro \u00e9 est\u00e1vel &nbsp; da reda\u00e7\u00e3o Durante viagem pelo interior do Rio Grande do Norte, o [&hellip;]\" \/>\n<meta property=\"og:url\" content=\"https:\/\/tvnova.tv.br\/jornalfatonovo\/bolsonaro-passa-mal-durante-visita-ao-rn-e-e-transferido-de-helicoptero-para-hospital-em-natal\/\" \/>\n<meta property=\"og:site_name\" content=\"Jornal Fato Novo\" \/>\n<meta property=\"article:publisher\" content=\"https:\/\/www.facebook.com\/tvnovanordeste\/\" \/>\n<meta property=\"article:published_time\" content=\"2025-04-11T20:40:36+00:00\" \/>\n<meta property=\"article:modified_time\" content=\"2025-04-11T20:44:28+00:00\" \/>\n<meta property=\"og:image\" content=\"https:\/\/tvnova.tv.br\/jornalfatonovo\/wp-content\/uploads\/2025\/04\/Captura-de-tela-2025-04-11-120416.png\" \/>\n\t<meta property=\"og:image:width\" content=\"874\" \/>\n\t<meta property=\"og:image:height\" content=\"723\" \/>\n\t<meta property=\"og:image:type\" content=\"image\/png\" \/>\n<meta name=\"author\" content=\"Jornalismo\" \/>\n<meta name=\"twitter:card\" content=\"summary_large_image\" \/>\n<meta name=\"twitter:creator\" content=\"@tvnovanordeste\" \/>\n<meta name=\"twitter:site\" content=\"@tvnovanordeste\" \/>\n<meta name=\"twitter:label1\" content=\"Escrito por\" \/>\n\t<meta name=\"twitter:data1\" content=\"Jornalismo\" \/>\n\t<meta name=\"twitter:label2\" content=\"Est. tempo de leitura\" \/>\n\t<meta name=\"twitter:data2\" content=\"2 minutos\" \/>\n<script type=\"application\/ld+json\" class=\"yoast-schema-graph\">{\"@context\":\"https:\/\/schema.org\",\"@graph\":[{\"@type\":\"Article\",\"@id\":\"https:\/\/tvnova.tv.br\/jornalfatonovo\/bolsonaro-passa-mal-durante-visita-ao-rn-e-e-transferido-de-helicoptero-para-hospital-em-natal\/#article\",\"isPartOf\":{\"@id\":\"https:\/\/tvnova.tv.br\/jornalfatonovo\/bolsonaro-passa-mal-durante-visita-ao-rn-e-e-transferido-de-helicoptero-para-hospital-em-natal\/\"},\"author\":{\"name\":\"Jornalismo\",\"@id\":\"https:\/\/tvnova.tv.br\/jornalfatonovo\/#\/schema\/person\/8acb5c10a7535b12511b7eef3a46cf15\"},\"headline\":\"Bolsonaro passa mal durante visita ao RN e \u00e9 transferido de helic\u00f3ptero para hospital em Natal\",\"datePublished\":\"2025-04-11T20:40:36+00:00\",\"dateModified\":\"2025-04-11T20:44:28+00:00\",\"mainEntityOfPage\":{\"@id\":\"https:\/\/tvnova.tv.br\/jornalfatonovo\/bolsonaro-passa-mal-durante-visita-ao-rn-e-e-transferido-de-helicoptero-para-hospital-em-natal\/\"},\"wordCount\":422,\"publisher\":{\"@id\":\"https:\/\/tvnova.tv.br\/jornalfatonovo\/#organization\"},\"image\":{\"@id\":\"https:\/\/tvnova.tv.br\/jornalfatonovo\/bolsonaro-passa-mal-durante-visita-ao-rn-e-e-transferido-de-helicoptero-para-hospital-em-natal\/#primaryimage\"},\"thumbnailUrl\":\"https:\/\/tvnova.tv.br\/jornalfatonovo\/wp-content\/uploads\/2025\/04\/Captura-de-tela-2025-04-11-120416.png\",\"articleSection\":[\"Pol\u00edtica\"],\"inLanguage\":\"pt-BR\"},{\"@type\":\"WebPage\",\"@id\":\"https:\/\/tvnova.tv.br\/jornalfatonovo\/bolsonaro-passa-mal-durante-visita-ao-rn-e-e-transferido-de-helicoptero-para-hospital-em-natal\/\",\"url\":\"https:\/\/tvnova.tv.br\/jornalfatonovo\/bolsonaro-passa-mal-durante-visita-ao-rn-e-e-transferido-de-helicoptero-para-hospital-em-natal\/\",\"name\":\"Bolsonaro passa mal durante visita ao RN e \u00e9 transferido de helic\u00f3ptero para hospital em Natal - Jornal Fato Novo\",\"isPartOf\":{\"@id\":\"https:\/\/tvnova.tv.br\/jornalfatonovo\/#website\"},\"primaryImageOfPage\":{\"@id\":\"https:\/\/tvnova.tv.br\/jornalfatonovo\/bolsonaro-passa-mal-durante-visita-ao-rn-e-e-transferido-de-helicoptero-para-hospital-em-natal\/#primaryimage\"},\"image\":{\"@id\":\"https:\/\/tvnova.tv.br\/jornalfatonovo\/bolsonaro-passa-mal-durante-visita-ao-rn-e-e-transferido-de-helicoptero-para-hospital-em-natal\/#primaryimage\"},\"thumbnailUrl\":\"https:\/\/tvnova.tv.br\/jornalfatonovo\/wp-content\/uploads\/2025\/04\/Captura-de-tela-2025-04-11-120416.png\",\"datePublished\":\"2025-04-11T20:40:36+00:00\",\"dateModified\":\"2025-04-11T20:44:28+00:00\",\"breadcrumb\":{\"@id\":\"https:\/\/tvnova.tv.br\/jornalfatonovo\/bolsonaro-passa-mal-durante-visita-ao-rn-e-e-transferido-de-helicoptero-para-hospital-em-natal\/#breadcrumb\"},\"inLanguage\":\"pt-BR\",\"potentialAction\":[{\"@type\":\"ReadAction\",\"target\":[\"https:\/\/tvnova.tv.br\/jornalfatonovo\/bolsonaro-passa-mal-durante-visita-ao-rn-e-e-transferido-de-helicoptero-para-hospital-em-natal\/\"]}]},{\"@type\":\"ImageObject\",\"inLanguage\":\"pt-BR\",\"@id\":\"https:\/\/tvnova.tv.br\/jornalfatonovo\/bolsonaro-passa-mal-durante-visita-ao-rn-e-e-transferido-de-helicoptero-para-hospital-em-natal\/#primaryimage\",\"url\":\"https:\/\/tvnova.tv.br\/jornalfatonovo\/wp-content\/uploads\/2025\/04\/Captura-de-tela-2025-04-11-120416.png\",\"contentUrl\":\"https:\/\/tvnova.tv.br\/jornalfatonovo\/wp-content\/uploads\/2025\/04\/Captura-de-tela-2025-04-11-120416.png\",\"width\":874,\"height\":723},{\"@type\":\"BreadcrumbList\",\"@id\":\"https:\/\/tvnova.tv.br\/jornalfatonovo\/bolsonaro-passa-mal-durante-visita-ao-rn-e-e-transferido-de-helicoptero-para-hospital-em-natal\/#breadcrumb\",\"itemListElement\":[{\"@type\":\"ListItem\",\"position\":1,\"name\":\"In\u00edcio\",\"item\":\"https:\/\/tvnova.tv.br\/jornalfatonovo\/\"},{\"@type\":\"ListItem\",\"position\":2,\"name\":\"Bolsonaro passa mal durante visita ao RN e \u00e9 transferido de helic\u00f3ptero para hospital em Natal\"}]},{\"@type\":\"WebSite\",\"@id\":\"https:\/\/tvnova.tv.br\/jornalfatonovo\/#website\",\"url\":\"https:\/\/tvnova.tv.br\/jornalfatonovo\/\",\"name\":\"Jornal Fato Novo\",\"description\":\"Acompanhe as not\u00edcias de Pernambuco\",\"publisher\":{\"@id\":\"https:\/\/tvnova.tv.br\/jornalfatonovo\/#organization\"},\"potentialAction\":[{\"@type\":\"SearchAction\",\"target\":{\"@type\":\"EntryPoint\",\"urlTemplate\":\"https:\/\/tvnova.tv.br\/jornalfatonovo\/?s={search_term_string}\"},\"query-input\":{\"@type\":\"PropertyValueSpecification\",\"valueRequired\":true,\"valueName\":\"search_term_string\"}}],\"inLanguage\":\"pt-BR\"},{\"@type\":\"Organization\",\"@id\":\"https:\/\/tvnova.tv.br\/jornalfatonovo\/#organization\",\"name\":\"Jornal Fato Novo\",\"url\":\"https:\/\/tvnova.tv.br\/jornalfatonovo\/\",\"logo\":{\"@type\":\"ImageObject\",\"inLanguage\":\"pt-BR\",\"@id\":\"https:\/\/tvnova.tv.br\/jornalfatonovo\/#\/schema\/logo\/image\/\",\"url\":\"https:\/\/tvnova.tv.br\/jornalfatonovo1\/wp-content\/uploads\/2023\/04\/FATO-NOVO-1.png\",\"contentUrl\":\"https:\/\/tvnova.tv.br\/jornalfatonovo1\/wp-content\/uploads\/2023\/04\/FATO-NOVO-1.png\",\"width\":200,\"height\":60,\"caption\":\"Jornal Fato Novo\"},\"image\":{\"@id\":\"https:\/\/tvnova.tv.br\/jornalfatonovo\/#\/schema\/logo\/image\/\"},\"sameAs\":[\"https:\/\/www.facebook.com\/tvnovanordeste\/\",\"https:\/\/x.com\/tvnovanordeste\",\"https:\/\/www.instagram.com\/jornalfatonovope\/\"]},{\"@type\":\"Person\",\"@id\":\"https:\/\/tvnova.tv.br\/jornalfatonovo\/#\/schema\/person\/8acb5c10a7535b12511b7eef3a46cf15\",\"name\":\"Jornalismo\",\"url\":\"https:\/\/tvnova.tv.br\/jornalfatonovo\/author\/jornalismo\/\"}]}<\/script>\n<!-- \/ Yoast SEO plugin. -->","yoast_head_json":{"title":"Bolsonaro passa mal durante visita ao RN e \u00e9 transferido de helic\u00f3ptero para hospital em Natal - Jornal Fato Novo","robots":{"index":"index","follow":"follow","max-snippet":"max-snippet:-1","max-image-preview":"max-image-preview:large","max-video-preview":"max-video-preview:-1"},"canonical":"https:\/\/tvnova.tv.br\/jornalfatonovo\/bolsonaro-passa-mal-durante-visita-ao-rn-e-e-transferido-de-helicoptero-para-hospital-em-natal\/","og_locale":"pt_BR","og_type":"article","og_title":"Bolsonaro passa mal durante visita ao RN e \u00e9 transferido de helic\u00f3ptero para hospital em Natal - Jornal Fato Novo","og_description":"Bolsonaro passa mal durante visita ao RN e \u00e9 transferido de helic\u00f3ptero para hospital em Natal Com dores abdominais intensas ligadas ao atentado de 2018, ex-presidente foi atendido inicialmente em Santa Cruz e permanece sob cuidados m\u00e9dicos em Natal; quadro \u00e9 est\u00e1vel &nbsp; da reda\u00e7\u00e3o Durante viagem pelo interior do Rio Grande do Norte, o [&hellip;]","og_url":"https:\/\/tvnova.tv.br\/jornalfatonovo\/bolsonaro-passa-mal-durante-visita-ao-rn-e-e-transferido-de-helicoptero-para-hospital-em-natal\/","og_site_name":"Jornal Fato Novo","article_publisher":"https:\/\/www.facebook.com\/tvnovanordeste\/","article_published_time":"2025-04-11T20:40:36+00:00","article_modified_time":"2025-04-11T20:44:28+00:00","og_image":[{"width":874,"height":723,"url":"https:\/\/tvnova.tv.br\/jornalfatonovo\/wp-content\/uploads\/2025\/04\/Captura-de-tela-2025-04-11-120416.png","type":"image\/png"}],"author":"Jornalismo","twitter_card":"summary_large_image","twitter_creator":"@tvnovanordeste","twitter_site":"@tvnovanordeste","twitter_misc":{"Escrito por":"Jornalismo","Est. tempo de leitura":"2 minutos"},"schema":{"@context":"https:\/\/schema.org","@graph":[{"@type":"Article","@id":"https:\/\/tvnova.tv.br\/jornalfatonovo\/bolsonaro-passa-mal-durante-visita-ao-rn-e-e-transferido-de-helicoptero-para-hospital-em-natal\/#article","isPartOf":{"@id":"https:\/\/tvnova.tv.br\/jornalfatonovo\/bolsonaro-passa-mal-durante-visita-ao-rn-e-e-transferido-de-helicoptero-para-hospital-em-natal\/"},"author":{"name":"Jornalismo","@id":"https:\/\/tvnova.tv.br\/jornalfatonovo\/#\/schema\/person\/8acb5c10a7535b12511b7eef3a46cf15"},"headline":"Bolsonaro passa mal durante visita ao RN e \u00e9 transferido de helic\u00f3ptero para hospital em Natal","datePublished":"2025-04-11T20:40:36+00:00","dateModified":"2025-04-11T20:44:28+00:00","mainEntityOfPage":{"@id":"https:\/\/tvnova.tv.br\/jornalfatonovo\/bolsonaro-passa-mal-durante-visita-ao-rn-e-e-transferido-de-helicoptero-para-hospital-em-natal\/"},"wordCount":422,"publisher":{"@id":"https:\/\/tvnova.tv.br\/jornalfatonovo\/#organization"},"image":{"@id":"https:\/\/tvnova.tv.br\/jornalfatonovo\/bolsonaro-passa-mal-durante-visita-ao-rn-e-e-transferido-de-helicoptero-para-hospital-em-natal\/#primaryimage"},"thumbnailUrl":"https:\/\/tvnova.tv.br\/jornalfatonovo\/wp-content\/uploads\/2025\/04\/Captura-de-tela-2025-04-11-120416.png","articleSection":["Pol\u00edtica"],"inLanguage":"pt-BR"},{"@type":"WebPage","@id":"https:\/\/tvnova.tv.br\/jornalfatonovo\/bolsonaro-passa-mal-durante-visita-ao-rn-e-e-transferido-de-helicoptero-para-hospital-em-natal\/","url":"https:\/\/tvnova.tv.br\/jornalfatonovo\/bolsonaro-passa-mal-durante-visita-ao-rn-e-e-transferido-de-helicoptero-para-hospital-em-natal\/","name":"Bolsonaro passa mal durante visita ao RN e \u00e9 transferido de helic\u00f3ptero para hospital em Natal - Jornal Fato Novo","isPartOf":{"@id":"https:\/\/tvnova.tv.br\/jornalfatonovo\/#website"},"primaryImageOfPage":{"@id":"https:\/\/tvnova.tv.br\/jornalfatonovo\/bolsonaro-passa-mal-durante-visita-ao-rn-e-e-transferido-de-helicoptero-para-hospital-em-natal\/#primaryimage"},"image":{"@id":"https:\/\/tvnova.tv.br\/jornalfatonovo\/bolsonaro-passa-mal-durante-visita-ao-rn-e-e-transferido-de-helicoptero-para-hospital-em-natal\/#primaryimage"},"thumbnailUrl":"https:\/\/tvnova.tv.br\/jornalfatonovo\/wp-content\/uploads\/2025\/04\/Captura-de-tela-2025-04-11-120416.png","datePublished":"2025-04-11T20:40:36+00:00","dateModified":"2025-04-11T20:44:28+00:00","breadcrumb":{"@id":"https:\/\/tvnova.tv.br\/jornalfatonovo\/bolsonaro-passa-mal-durante-visita-ao-rn-e-e-transferido-de-helicoptero-para-hospital-em-natal\/#breadcrumb"},"inLanguage":"pt-BR","potentialAction":[{"@type":"ReadAction","target":["https:\/\/tvnova.tv.br\/jornalfatonovo\/bolsonaro-passa-mal-durante-visita-ao-rn-e-e-transferido-de-helicoptero-para-hospital-em-natal\/"]}]},{"@type":"ImageObject","inLanguage":"pt-BR","@id":"https:\/\/tvnova.tv.br\/jornalfatonovo\/bolsonaro-passa-mal-durante-visita-ao-rn-e-e-transferido-de-helicoptero-para-hospital-em-natal\/#primaryimage","url":"https:\/\/tvnova.tv.br\/jornalfatonovo\/wp-content\/uploads\/2025\/04\/Captura-de-tela-2025-04-11-120416.png","contentUrl":"https:\/\/tvnova.tv.br\/jornalfatonovo\/wp-content\/uploads\/2025\/04\/Captura-de-tela-2025-04-11-120416.png","width":874,"height":723},{"@type":"BreadcrumbList","@id":"https:\/\/tvnova.tv.br\/jornalfatonovo\/bolsonaro-passa-mal-durante-visita-ao-rn-e-e-transferido-de-helicoptero-para-hospital-em-natal\/#breadcrumb","itemListElement":[{"@type":"ListItem","position":1,"name":"In\u00edcio","item":"https:\/\/tvnova.tv.br\/jornalfatonovo\/"},{"@type":"ListItem","position":2,"name":"Bolsonaro passa mal durante visita ao RN e \u00e9 transferido de helic\u00f3ptero para hospital em Natal"}]},{"@type":"WebSite","@id":"https:\/\/tvnova.tv.br\/jornalfatonovo\/#website","url":"https:\/\/tvnova.tv.br\/jornalfatonovo\/","name":"Jornal Fato Novo","description":"Acompanhe as not\u00edcias de Pernambuco","publisher":{"@id":"https:\/\/tvnova.tv.br\/jornalfatonovo\/#organization"},"potentialAction":[{"@type":"SearchAction","target":{"@type":"EntryPoint","urlTemplate":"https:\/\/tvnova.tv.br\/jornalfatonovo\/?s={search_term_string}"},"query-input":{"@type":"PropertyValueSpecification","valueRequired":true,"valueName":"search_term_string"}}],"inLanguage":"pt-BR"},{"@type":"Organization","@id":"https:\/\/tvnova.tv.br\/jornalfatonovo\/#organization","name":"Jornal Fato Novo","url":"https:\/\/tvnova.tv.br\/jornalfatonovo\/","logo":{"@type":"ImageObject","inLanguage":"pt-BR","@id":"https:\/\/tvnova.tv.br\/jornalfatonovo\/#\/schema\/logo\/image\/","url":"https:\/\/tvnova.tv.br\/jornalfatonovo1\/wp-content\/uploads\/2023\/04\/FATO-NOVO-1.png","contentUrl":"https:\/\/tvnova.tv.br\/jornalfatonovo1\/wp-content\/uploads\/2023\/04\/FATO-NOVO-1.png","width":200,"height":60,"caption":"Jornal Fato Novo"},"image":{"@id":"https:\/\/tvnova.tv.br\/jornalfatonovo\/#\/schema\/logo\/image\/"},"sameAs":["https:\/\/www.facebook.com\/tvnovanordeste\/","https:\/\/x.com\/tvnovanordeste","https:\/\/www.instagram.com\/jornalfatonovope\/"]},{"@type":"Person","@id":"https:\/\/tvnova.tv.br\/jornalfatonovo\/#\/schema\/person\/8acb5c10a7535b12511b7eef3a46cf15","name":"Jornalismo","url":"https:\/\/tvnova.tv.br\/jornalfatonovo\/author\/jornalismo\/"}]}},"_links":{"self":[{"href":"https:\/\/tvnova.tv.br\/jornalfatonovo\/wp-json\/wp\/v2\/posts\/22325","targetHints":{"allow":["GET"]}}],"collection":[{"href":"https:\/\/tvnova.tv.br\/jornalfatonovo\/wp-json\/wp\/v2\/posts"}],"about":[{"href":"https:\/\/tvnova.tv.br\/jornalfatonovo\/wp-json\/wp\/v2\/types\/post"}],"author":[{"embeddable":true,"href":"https:\/\/tvnova.tv.br\/jornalfatonovo\/wp-json\/wp\/v2\/users\/13"}],"replies":[{"embeddable":true,"href":"https:\/\/tvnova.tv.br\/jornalfatonovo\/wp-json\/wp\/v2\/comments?post=22325"}],"version-history":[{"count":4,"href":"https:\/\/tvnova.tv.br\/jornalfatonovo\/wp-json\/wp\/v2\/posts\/22325\/revisions"}],"predecessor-version":[{"id":22331,"href":"https:\/\/tvnova.tv.br\/jornalfatonovo\/wp-json\/wp\/v2\/posts\/22325\/revisions\/22331"}],"wp:featuredmedia":[{"embeddable":true,"href":"https:\/\/tvnova.tv.br\/jornalfatonovo\/wp-json\/wp\/v2\/media\/22328"}],"wp:attachment":[{"href":"https:\/\/tvnova.tv.br\/jornalfatonovo\/wp-json\/wp\/v2\/media?parent=22325"}],"wp:term":[{"taxonomy":"category","embeddable":true,"href":"https:\/\/tvnova.tv.br\/jornalfatonovo\/wp-json\/wp\/v2\/categories?post=22325"},{"taxonomy":"post_tag","embeddable":true,"href":"https:\/\/tvnova.tv.br\/jornalfatonovo\/wp-json\/wp\/v2\/tags?post=22325"},{"taxonomy":"cores-categorias","embeddable":true,"href":"https:\/\/tvnova.tv.br\/jornalfatonovo\/wp-json\/wp\/v2\/cores-categorias?post=22325"}],"curies":[{"name":"wp","href":"https:\/\/api.w.org\/{rel}","templated":true}]}}