{"id":22425,"date":"2025-04-17T11:16:14","date_gmt":"2025-04-17T14:16:14","guid":{"rendered":"https:\/\/tvnova.tv.br\/jornalfatonovo\/?p=22425"},"modified":"2025-04-17T11:23:36","modified_gmt":"2025-04-17T14:23:36","slug":"pl-articula-candidatura-de-cardinot-ao-governo-de-pernambuco-em-2026","status":"publish","type":"post","link":"https:\/\/tvnova.tv.br\/jornalfatonovo\/pl-articula-candidatura-de-cardinot-ao-governo-de-pernambuco-em-2026\/","title":{"rendered":"PL articula candidatura de Cardinot ao governo de Pernambuco em 2026"},"content":{"rendered":"<h4>PL articula candidatura de Cardinot ao governo de Pernambuco em 2026<\/h4>\n<h6>Apresentador policial ganha for\u00e7a como aposta do bolsonarismo para unificar direita e quebrar polariza\u00e7\u00e3o entre Raquel Lyra e Jo\u00e3o Campos<\/h6>\n<p>&nbsp;<\/p>\n<p><em>da reda\u00e7\u00e3o<\/em><\/p>\n<p class=\"\" data-start=\"244\" data-end=\"630\">O Partido Liberal (PL) est\u00e1 se movimentando nos bastidores para lan\u00e7ar o nome do jornalista e apresentador Cardinot como pr\u00e9-candidato ao governo de Pernambuco nas elei\u00e7\u00f5es de 2026. Cardinot passou a ser visto pela sigla como uma figura com potencial eleitoral significativo.<\/p>\n<p class=\"\" data-start=\"632\" data-end=\"925\">Nos \u00faltimos dias, o apresentador se reuniu com lideran\u00e7as importantes do PL no estado, como o ex-ministro do Turismo Gilson Machado e o deputado estadual Coronel Feitosa. O encontro refor\u00e7ou os rumores de que o partido pretende aproveitar a popularidade de Cardinot como um trunfo eleitoral.<\/p>\n<p class=\"\" data-start=\"927\" data-end=\"1312\">Segundo o Coronel Feitosa, o nome do comunicador vem se destacando nas pesquisas internas. Ainda de acordo com ele, Cardinot desponta como uma lideran\u00e7a capaz de reunir as diversas correntes do bolsonarismo em Pernambuco, que hoje se encontram divididas entre nomes como Gilson Machado e o ex-prefeito do Jaboat\u00e3o dos Guararapes, Anderson Ferreira.<\/p>\n<p class=\"\" data-start=\"1314\" data-end=\"1606\">A poss\u00edvel candidatura de Cardinot seria uma aposta para reposicionar a direita no estado e quebrar a polariza\u00e7\u00e3o que se desenha entre a governadora Raquel Lyra (PSD) e o prefeito do Recife, Jo\u00e3o Campos (PSB), ambos cotados para disputar o comando do Pal\u00e1cio do Campo das Princesas em 2026.<\/p>\n<p class=\"\" data-start=\"1608\" data-end=\"1786\">Com apelo midi\u00e1tico e visibilidade consolidada, o apresentador surge como uma alternativa vi\u00e1vel para atrair o eleitorado conservador e remodelar o cen\u00e1rio pol\u00edtico pernambucano.<\/p>\n","protected":false},"excerpt":{"rendered":"<p>PL articula candidatura de Cardinot ao governo de Pernambuco em 2026 Apresentador policial ganha for\u00e7a como aposta do bolsonarismo para unificar direita e quebrar polariza\u00e7\u00e3o entre Raquel Lyra e Jo\u00e3o Campos &nbsp; da reda\u00e7\u00e3o O Partido Liberal (PL) est\u00e1 se movimentando nos bastidores para lan\u00e7ar o nome do jornalista e apresentador Cardinot como pr\u00e9-candidato ao [&hellip;]<\/p>\n","protected":false},"author":13,"featured_media":22430,"comment_status":"closed","ping_status":"","sticky":false,"template":"","format":"standard","meta":{"footnotes":""},"categories":[271],"tags":[],"cores-categorias":[],"class_list":["post-22425","post","type-post","status-publish","format-standard","has-post-thumbnail","hentry","category-politica"],"yoast_head":"<!-- This site is optimized with the Yoast SEO plugin v27.2 - https:\/\/yoast.com\/product\/yoast-seo-wordpress\/ -->\n<title>PL articula candidatura de Cardinot ao governo de Pernambuco em 2026 - Jornal Fato Novo<\/title>\n<meta name=\"robots\" content=\"index, follow, max-snippet:-1, max-image-preview:large, max-video-preview:-1\" \/>\n<link rel=\"canonical\" href=\"https:\/\/tvnova.tv.br\/jornalfatonovo\/pl-articula-candidatura-de-cardinot-ao-governo-de-pernambuco-em-2026\/\" \/>\n<meta property=\"og:locale\" content=\"pt_BR\" \/>\n<meta property=\"og:type\" content=\"article\" \/>\n<meta property=\"og:title\" content=\"PL articula candidatura de Cardinot ao governo de Pernambuco em 2026 - Jornal Fato Novo\" \/>\n<meta property=\"og:description\" content=\"PL articula candidatura de Cardinot ao governo de Pernambuco em 2026 Apresentador policial ganha for\u00e7a como aposta do bolsonarismo para unificar direita e quebrar polariza\u00e7\u00e3o entre Raquel Lyra e Jo\u00e3o Campos &nbsp; da reda\u00e7\u00e3o O Partido Liberal (PL) est\u00e1 se movimentando nos bastidores para lan\u00e7ar o nome do jornalista e apresentador Cardinot como pr\u00e9-candidato ao [&hellip;]\" \/>\n<meta property=\"og:url\" content=\"https:\/\/tvnova.tv.br\/jornalfatonovo\/pl-articula-candidatura-de-cardinot-ao-governo-de-pernambuco-em-2026\/\" \/>\n<meta property=\"og:site_name\" content=\"Jornal Fato Novo\" \/>\n<meta property=\"article:publisher\" content=\"https:\/\/www.facebook.com\/tvnovanordeste\/\" \/>\n<meta property=\"article:published_time\" content=\"2025-04-17T14:16:14+00:00\" \/>\n<meta property=\"article:modified_time\" content=\"2025-04-17T14:23:36+00:00\" \/>\n<meta property=\"og:image\" content=\"https:\/\/tvnova.tv.br\/jornalfatonovo\/wp-content\/uploads\/2025\/04\/cardinot-governo-eleicoes-e1744887853687.jpg\" \/>\n\t<meta property=\"og:image:width\" content=\"960\" \/>\n\t<meta property=\"og:image:height\" content=\"640\" \/>\n\t<meta property=\"og:image:type\" content=\"image\/jpeg\" \/>\n<meta name=\"author\" content=\"Jornalismo\" \/>\n<meta name=\"twitter:card\" content=\"summary_large_image\" \/>\n<meta name=\"twitter:creator\" content=\"@tvnovanordeste\" \/>\n<meta name=\"twitter:site\" content=\"@tvnovanordeste\" \/>\n<meta name=\"twitter:label1\" content=\"Escrito por\" \/>\n\t<meta name=\"twitter:data1\" content=\"Jornalismo\" \/>\n\t<meta name=\"twitter:label2\" content=\"Est. tempo de leitura\" \/>\n\t<meta name=\"twitter:data2\" content=\"1 minuto\" \/>\n<script type=\"application\/ld+json\" class=\"yoast-schema-graph\">{\"@context\":\"https:\/\/schema.org\",\"@graph\":[{\"@type\":\"Article\",\"@id\":\"https:\/\/tvnova.tv.br\/jornalfatonovo\/pl-articula-candidatura-de-cardinot-ao-governo-de-pernambuco-em-2026\/#article\",\"isPartOf\":{\"@id\":\"https:\/\/tvnova.tv.br\/jornalfatonovo\/pl-articula-candidatura-de-cardinot-ao-governo-de-pernambuco-em-2026\/\"},\"author\":{\"name\":\"Jornalismo\",\"@id\":\"https:\/\/tvnova.tv.br\/jornalfatonovo\/#\/schema\/person\/8acb5c10a7535b12511b7eef3a46cf15\"},\"headline\":\"PL articula candidatura de Cardinot ao governo de Pernambuco em 2026\",\"datePublished\":\"2025-04-17T14:16:14+00:00\",\"dateModified\":\"2025-04-17T14:23:36+00:00\",\"mainEntityOfPage\":{\"@id\":\"https:\/\/tvnova.tv.br\/jornalfatonovo\/pl-articula-candidatura-de-cardinot-ao-governo-de-pernambuco-em-2026\/\"},\"wordCount\":274,\"publisher\":{\"@id\":\"https:\/\/tvnova.tv.br\/jornalfatonovo\/#organization\"},\"image\":{\"@id\":\"https:\/\/tvnova.tv.br\/jornalfatonovo\/pl-articula-candidatura-de-cardinot-ao-governo-de-pernambuco-em-2026\/#primaryimage\"},\"thumbnailUrl\":\"https:\/\/tvnova.tv.br\/jornalfatonovo\/wp-content\/uploads\/2025\/04\/cardinot-governo-eleicoes-e1744887853687.jpg\",\"articleSection\":[\"Pol\u00edtica\"],\"inLanguage\":\"pt-BR\"},{\"@type\":\"WebPage\",\"@id\":\"https:\/\/tvnova.tv.br\/jornalfatonovo\/pl-articula-candidatura-de-cardinot-ao-governo-de-pernambuco-em-2026\/\",\"url\":\"https:\/\/tvnova.tv.br\/jornalfatonovo\/pl-articula-candidatura-de-cardinot-ao-governo-de-pernambuco-em-2026\/\",\"name\":\"PL articula candidatura de Cardinot ao governo de Pernambuco em 2026 - Jornal Fato Novo\",\"isPartOf\":{\"@id\":\"https:\/\/tvnova.tv.br\/jornalfatonovo\/#website\"},\"primaryImageOfPage\":{\"@id\":\"https:\/\/tvnova.tv.br\/jornalfatonovo\/pl-articula-candidatura-de-cardinot-ao-governo-de-pernambuco-em-2026\/#primaryimage\"},\"image\":{\"@id\":\"https:\/\/tvnova.tv.br\/jornalfatonovo\/pl-articula-candidatura-de-cardinot-ao-governo-de-pernambuco-em-2026\/#primaryimage\"},\"thumbnailUrl\":\"https:\/\/tvnova.tv.br\/jornalfatonovo\/wp-content\/uploads\/2025\/04\/cardinot-governo-eleicoes-e1744887853687.jpg\",\"datePublished\":\"2025-04-17T14:16:14+00:00\",\"dateModified\":\"2025-04-17T14:23:36+00:00\",\"breadcrumb\":{\"@id\":\"https:\/\/tvnova.tv.br\/jornalfatonovo\/pl-articula-candidatura-de-cardinot-ao-governo-de-pernambuco-em-2026\/#breadcrumb\"},\"inLanguage\":\"pt-BR\",\"potentialAction\":[{\"@type\":\"ReadAction\",\"target\":[\"https:\/\/tvnova.tv.br\/jornalfatonovo\/pl-articula-candidatura-de-cardinot-ao-governo-de-pernambuco-em-2026\/\"]}]},{\"@type\":\"ImageObject\",\"inLanguage\":\"pt-BR\",\"@id\":\"https:\/\/tvnova.tv.br\/jornalfatonovo\/pl-articula-candidatura-de-cardinot-ao-governo-de-pernambuco-em-2026\/#primaryimage\",\"url\":\"https:\/\/tvnova.tv.br\/jornalfatonovo\/wp-content\/uploads\/2025\/04\/cardinot-governo-eleicoes-e1744887853687.jpg\",\"contentUrl\":\"https:\/\/tvnova.tv.br\/jornalfatonovo\/wp-content\/uploads\/2025\/04\/cardinot-governo-eleicoes-e1744887853687.jpg\",\"width\":960,\"height\":640},{\"@type\":\"BreadcrumbList\",\"@id\":\"https:\/\/tvnova.tv.br\/jornalfatonovo\/pl-articula-candidatura-de-cardinot-ao-governo-de-pernambuco-em-2026\/#breadcrumb\",\"itemListElement\":[{\"@type\":\"ListItem\",\"position\":1,\"name\":\"In\u00edcio\",\"item\":\"https:\/\/tvnova.tv.br\/jornalfatonovo\/\"},{\"@type\":\"ListItem\",\"position\":2,\"name\":\"PL articula candidatura de Cardinot ao governo de Pernambuco em 2026\"}]},{\"@type\":\"WebSite\",\"@id\":\"https:\/\/tvnova.tv.br\/jornalfatonovo\/#website\",\"url\":\"https:\/\/tvnova.tv.br\/jornalfatonovo\/\",\"name\":\"Jornal Fato Novo\",\"description\":\"Acompanhe as not\u00edcias de Pernambuco\",\"publisher\":{\"@id\":\"https:\/\/tvnova.tv.br\/jornalfatonovo\/#organization\"},\"potentialAction\":[{\"@type\":\"SearchAction\",\"target\":{\"@type\":\"EntryPoint\",\"urlTemplate\":\"https:\/\/tvnova.tv.br\/jornalfatonovo\/?s={search_term_string}\"},\"query-input\":{\"@type\":\"PropertyValueSpecification\",\"valueRequired\":true,\"valueName\":\"search_term_string\"}}],\"inLanguage\":\"pt-BR\"},{\"@type\":\"Organization\",\"@id\":\"https:\/\/tvnova.tv.br\/jornalfatonovo\/#organization\",\"name\":\"Jornal Fato Novo\",\"url\":\"https:\/\/tvnova.tv.br\/jornalfatonovo\/\",\"logo\":{\"@type\":\"ImageObject\",\"inLanguage\":\"pt-BR\",\"@id\":\"https:\/\/tvnova.tv.br\/jornalfatonovo\/#\/schema\/logo\/image\/\",\"url\":\"https:\/\/tvnova.tv.br\/jornalfatonovo1\/wp-content\/uploads\/2023\/04\/FATO-NOVO-1.png\",\"contentUrl\":\"https:\/\/tvnova.tv.br\/jornalfatonovo1\/wp-content\/uploads\/2023\/04\/FATO-NOVO-1.png\",\"width\":200,\"height\":60,\"caption\":\"Jornal Fato Novo\"},\"image\":{\"@id\":\"https:\/\/tvnova.tv.br\/jornalfatonovo\/#\/schema\/logo\/image\/\"},\"sameAs\":[\"https:\/\/www.facebook.com\/tvnovanordeste\/\",\"https:\/\/x.com\/tvnovanordeste\",\"https:\/\/www.instagram.com\/jornalfatonovope\/\"]},{\"@type\":\"Person\",\"@id\":\"https:\/\/tvnova.tv.br\/jornalfatonovo\/#\/schema\/person\/8acb5c10a7535b12511b7eef3a46cf15\",\"name\":\"Jornalismo\",\"url\":\"https:\/\/tvnova.tv.br\/jornalfatonovo\/author\/jornalismo\/\"}]}<\/script>\n<!-- \/ Yoast SEO plugin. -->","yoast_head_json":{"title":"PL articula candidatura de Cardinot ao governo de Pernambuco em 2026 - Jornal Fato Novo","robots":{"index":"index","follow":"follow","max-snippet":"max-snippet:-1","max-image-preview":"max-image-preview:large","max-video-preview":"max-video-preview:-1"},"canonical":"https:\/\/tvnova.tv.br\/jornalfatonovo\/pl-articula-candidatura-de-cardinot-ao-governo-de-pernambuco-em-2026\/","og_locale":"pt_BR","og_type":"article","og_title":"PL articula candidatura de Cardinot ao governo de Pernambuco em 2026 - Jornal Fato Novo","og_description":"PL articula candidatura de Cardinot ao governo de Pernambuco em 2026 Apresentador policial ganha for\u00e7a como aposta do bolsonarismo para unificar direita e quebrar polariza\u00e7\u00e3o entre Raquel Lyra e Jo\u00e3o Campos &nbsp; da reda\u00e7\u00e3o O Partido Liberal (PL) est\u00e1 se movimentando nos bastidores para lan\u00e7ar o nome do jornalista e apresentador Cardinot como pr\u00e9-candidato ao [&hellip;]","og_url":"https:\/\/tvnova.tv.br\/jornalfatonovo\/pl-articula-candidatura-de-cardinot-ao-governo-de-pernambuco-em-2026\/","og_site_name":"Jornal Fato Novo","article_publisher":"https:\/\/www.facebook.com\/tvnovanordeste\/","article_published_time":"2025-04-17T14:16:14+00:00","article_modified_time":"2025-04-17T14:23:36+00:00","og_image":[{"width":960,"height":640,"url":"https:\/\/tvnova.tv.br\/jornalfatonovo\/wp-content\/uploads\/2025\/04\/cardinot-governo-eleicoes-e1744887853687.jpg","type":"image\/jpeg"}],"author":"Jornalismo","twitter_card":"summary_large_image","twitter_creator":"@tvnovanordeste","twitter_site":"@tvnovanordeste","twitter_misc":{"Escrito por":"Jornalismo","Est. tempo de leitura":"1 minuto"},"schema":{"@context":"https:\/\/schema.org","@graph":[{"@type":"Article","@id":"https:\/\/tvnova.tv.br\/jornalfatonovo\/pl-articula-candidatura-de-cardinot-ao-governo-de-pernambuco-em-2026\/#article","isPartOf":{"@id":"https:\/\/tvnova.tv.br\/jornalfatonovo\/pl-articula-candidatura-de-cardinot-ao-governo-de-pernambuco-em-2026\/"},"author":{"name":"Jornalismo","@id":"https:\/\/tvnova.tv.br\/jornalfatonovo\/#\/schema\/person\/8acb5c10a7535b12511b7eef3a46cf15"},"headline":"PL articula candidatura de Cardinot ao governo de Pernambuco em 2026","datePublished":"2025-04-17T14:16:14+00:00","dateModified":"2025-04-17T14:23:36+00:00","mainEntityOfPage":{"@id":"https:\/\/tvnova.tv.br\/jornalfatonovo\/pl-articula-candidatura-de-cardinot-ao-governo-de-pernambuco-em-2026\/"},"wordCount":274,"publisher":{"@id":"https:\/\/tvnova.tv.br\/jornalfatonovo\/#organization"},"image":{"@id":"https:\/\/tvnova.tv.br\/jornalfatonovo\/pl-articula-candidatura-de-cardinot-ao-governo-de-pernambuco-em-2026\/#primaryimage"},"thumbnailUrl":"https:\/\/tvnova.tv.br\/jornalfatonovo\/wp-content\/uploads\/2025\/04\/cardinot-governo-eleicoes-e1744887853687.jpg","articleSection":["Pol\u00edtica"],"inLanguage":"pt-BR"},{"@type":"WebPage","@id":"https:\/\/tvnova.tv.br\/jornalfatonovo\/pl-articula-candidatura-de-cardinot-ao-governo-de-pernambuco-em-2026\/","url":"https:\/\/tvnova.tv.br\/jornalfatonovo\/pl-articula-candidatura-de-cardinot-ao-governo-de-pernambuco-em-2026\/","name":"PL articula candidatura de Cardinot ao governo de Pernambuco em 2026 - Jornal Fato Novo","isPartOf":{"@id":"https:\/\/tvnova.tv.br\/jornalfatonovo\/#website"},"primaryImageOfPage":{"@id":"https:\/\/tvnova.tv.br\/jornalfatonovo\/pl-articula-candidatura-de-cardinot-ao-governo-de-pernambuco-em-2026\/#primaryimage"},"image":{"@id":"https:\/\/tvnova.tv.br\/jornalfatonovo\/pl-articula-candidatura-de-cardinot-ao-governo-de-pernambuco-em-2026\/#primaryimage"},"thumbnailUrl":"https:\/\/tvnova.tv.br\/jornalfatonovo\/wp-content\/uploads\/2025\/04\/cardinot-governo-eleicoes-e1744887853687.jpg","datePublished":"2025-04-17T14:16:14+00:00","dateModified":"2025-04-17T14:23:36+00:00","breadcrumb":{"@id":"https:\/\/tvnova.tv.br\/jornalfatonovo\/pl-articula-candidatura-de-cardinot-ao-governo-de-pernambuco-em-2026\/#breadcrumb"},"inLanguage":"pt-BR","potentialAction":[{"@type":"ReadAction","target":["https:\/\/tvnova.tv.br\/jornalfatonovo\/pl-articula-candidatura-de-cardinot-ao-governo-de-pernambuco-em-2026\/"]}]},{"@type":"ImageObject","inLanguage":"pt-BR","@id":"https:\/\/tvnova.tv.br\/jornalfatonovo\/pl-articula-candidatura-de-cardinot-ao-governo-de-pernambuco-em-2026\/#primaryimage","url":"https:\/\/tvnova.tv.br\/jornalfatonovo\/wp-content\/uploads\/2025\/04\/cardinot-governo-eleicoes-e1744887853687.jpg","contentUrl":"https:\/\/tvnova.tv.br\/jornalfatonovo\/wp-content\/uploads\/2025\/04\/cardinot-governo-eleicoes-e1744887853687.jpg","width":960,"height":640},{"@type":"BreadcrumbList","@id":"https:\/\/tvnova.tv.br\/jornalfatonovo\/pl-articula-candidatura-de-cardinot-ao-governo-de-pernambuco-em-2026\/#breadcrumb","itemListElement":[{"@type":"ListItem","position":1,"name":"In\u00edcio","item":"https:\/\/tvnova.tv.br\/jornalfatonovo\/"},{"@type":"ListItem","position":2,"name":"PL articula candidatura de Cardinot ao governo de Pernambuco em 2026"}]},{"@type":"WebSite","@id":"https:\/\/tvnova.tv.br\/jornalfatonovo\/#website","url":"https:\/\/tvnova.tv.br\/jornalfatonovo\/","name":"Jornal Fato Novo","description":"Acompanhe as not\u00edcias de Pernambuco","publisher":{"@id":"https:\/\/tvnova.tv.br\/jornalfatonovo\/#organization"},"potentialAction":[{"@type":"SearchAction","target":{"@type":"EntryPoint","urlTemplate":"https:\/\/tvnova.tv.br\/jornalfatonovo\/?s={search_term_string}"},"query-input":{"@type":"PropertyValueSpecification","valueRequired":true,"valueName":"search_term_string"}}],"inLanguage":"pt-BR"},{"@type":"Organization","@id":"https:\/\/tvnova.tv.br\/jornalfatonovo\/#organization","name":"Jornal Fato Novo","url":"https:\/\/tvnova.tv.br\/jornalfatonovo\/","logo":{"@type":"ImageObject","inLanguage":"pt-BR","@id":"https:\/\/tvnova.tv.br\/jornalfatonovo\/#\/schema\/logo\/image\/","url":"https:\/\/tvnova.tv.br\/jornalfatonovo1\/wp-content\/uploads\/2023\/04\/FATO-NOVO-1.png","contentUrl":"https:\/\/tvnova.tv.br\/jornalfatonovo1\/wp-content\/uploads\/2023\/04\/FATO-NOVO-1.png","width":200,"height":60,"caption":"Jornal Fato Novo"},"image":{"@id":"https:\/\/tvnova.tv.br\/jornalfatonovo\/#\/schema\/logo\/image\/"},"sameAs":["https:\/\/www.facebook.com\/tvnovanordeste\/","https:\/\/x.com\/tvnovanordeste","https:\/\/www.instagram.com\/jornalfatonovope\/"]},{"@type":"Person","@id":"https:\/\/tvnova.tv.br\/jornalfatonovo\/#\/schema\/person\/8acb5c10a7535b12511b7eef3a46cf15","name":"Jornalismo","url":"https:\/\/tvnova.tv.br\/jornalfatonovo\/author\/jornalismo\/"}]}},"_links":{"self":[{"href":"https:\/\/tvnova.tv.br\/jornalfatonovo\/wp-json\/wp\/v2\/posts\/22425","targetHints":{"allow":["GET"]}}],"collection":[{"href":"https:\/\/tvnova.tv.br\/jornalfatonovo\/wp-json\/wp\/v2\/posts"}],"about":[{"href":"https:\/\/tvnova.tv.br\/jornalfatonovo\/wp-json\/wp\/v2\/types\/post"}],"author":[{"embeddable":true,"href":"https:\/\/tvnova.tv.br\/jornalfatonovo\/wp-json\/wp\/v2\/users\/13"}],"replies":[{"embeddable":true,"href":"https:\/\/tvnova.tv.br\/jornalfatonovo\/wp-json\/wp\/v2\/comments?post=22425"}],"version-history":[{"count":6,"href":"https:\/\/tvnova.tv.br\/jornalfatonovo\/wp-json\/wp\/v2\/posts\/22425\/revisions"}],"predecessor-version":[{"id":22432,"href":"https:\/\/tvnova.tv.br\/jornalfatonovo\/wp-json\/wp\/v2\/posts\/22425\/revisions\/22432"}],"wp:featuredmedia":[{"embeddable":true,"href":"https:\/\/tvnova.tv.br\/jornalfatonovo\/wp-json\/wp\/v2\/media\/22430"}],"wp:attachment":[{"href":"https:\/\/tvnova.tv.br\/jornalfatonovo\/wp-json\/wp\/v2\/media?parent=22425"}],"wp:term":[{"taxonomy":"category","embeddable":true,"href":"https:\/\/tvnova.tv.br\/jornalfatonovo\/wp-json\/wp\/v2\/categories?post=22425"},{"taxonomy":"post_tag","embeddable":true,"href":"https:\/\/tvnova.tv.br\/jornalfatonovo\/wp-json\/wp\/v2\/tags?post=22425"},{"taxonomy":"cores-categorias","embeddable":true,"href":"https:\/\/tvnova.tv.br\/jornalfatonovo\/wp-json\/wp\/v2\/cores-categorias?post=22425"}],"curies":[{"name":"wp","href":"https:\/\/api.w.org\/{rel}","templated":true}]}}