{"id":22566,"date":"2025-05-12T11:35:29","date_gmt":"2025-05-12T14:35:29","guid":{"rendered":"https:\/\/tvnova.tv.br\/jornalfatonovo\/?p=22566"},"modified":"2025-05-12T11:36:45","modified_gmt":"2025-05-12T14:36:45","slug":"alepe-promove-mutirao-gratuito-para-diagnostico-de-glaucoma-com-300-vagas-disponiveis","status":"publish","type":"post","link":"https:\/\/tvnova.tv.br\/jornalfatonovo\/alepe-promove-mutirao-gratuito-para-diagnostico-de-glaucoma-com-300-vagas-disponiveis\/","title":{"rendered":"Alepe promove mutir\u00e3o gratuito para diagn\u00f3stico de glaucoma com 300 vagas dispon\u00edveis"},"content":{"rendered":"<h4>Alepe promove mutir\u00e3o gratuito para diagn\u00f3stico de glaucoma com 300 vagas dispon\u00edveis<\/h4>\n<h6>Agendamentos para atendimentos ocorrem de hoje at\u00e9 sexta-feira, com consultas marcadas para a semana seguinte, como parte da campanha Maio Verde<\/h6>\n<p>&nbsp;<\/p>\n<p><em>da reda\u00e7\u00e3o<\/em><\/p>\n<p class=\"\" data-start=\"273\" data-end=\"665\">Como parte das a\u00e7\u00f5es em alus\u00e3o ao Dia Nacional de Combate ao Glaucoma, celebrado em 26 de maio, a Assembleia Legislativa de Pernambuco (Alepe) iniciou nesta segunda-feira (hoje) os agendamentos para um mutir\u00e3o de atendimento oftalmol\u00f3gico gratuito. A a\u00e7\u00e3o, desenvolvida em parceria com a Funda\u00e7\u00e3o Altino Ventura, oferecer\u00e1 exames espec\u00edficos para diagn\u00f3stico e in\u00edcio de tratamento da doen\u00e7a.<\/p>\n<p class=\"\" data-start=\"667\" data-end=\"903\">Est\u00e3o sendo disponibilizadas 300 vagas, e os agendamentos devem ser feitos exclusivamente por telefone, entre os dias 12 e 16 de maio, das 8h \u00e0s 12h e das 13h \u00e0s 16h. Os n\u00fameros para contato s\u00e3o: <strong>(81) 3183-2443<\/strong>,<strong> 3183-2242 <\/strong>e<strong> 3183-2026<\/strong>.<\/p>\n<p class=\"\" data-start=\"905\" data-end=\"1124\">Os atendimentos ocorrer\u00e3o nos dias 20, 21 e 22 de maio, das 9h \u00e0s 16h, no t\u00e9rreo do Edif\u00edcio Miguel Arraes, sede da Alepe, no bairro da Boa Vista, no Recife. Ser\u00e3o 100 consultas por dia, realizadas por ordem de chegada.<\/p>\n<p class=\"\" data-start=\"1126\" data-end=\"1346\">Durante o mutir\u00e3o, os pacientes passar\u00e3o por avalia\u00e7\u00e3o com oftalmologistas da Funda\u00e7\u00e3o Altino Ventura, incluindo aferi\u00e7\u00e3o da press\u00e3o intraocular e exame de fundo de olho \u2013 testes fundamentais para a detec\u00e7\u00e3o do glaucoma.<\/p>\n<p class=\"\" data-start=\"1348\" data-end=\"1669\">Segundo Joana Ferreira, coordenadora de Projetos Externos da Funda\u00e7\u00e3o, a a\u00e7\u00e3o integra o calend\u00e1rio do \u201cMaio Verde\u201d, campanha nacional de conscientiza\u00e7\u00e3o sobre a sa\u00fade ocular. Ela destacou que o objetivo \u00e9 facilitar o acesso da popula\u00e7\u00e3o a exames preventivos, especialmente em casos de doen\u00e7as silenciosas como o glaucoma.<\/p>\n<p class=\"\" data-start=\"1671\" data-end=\"2009\">O superintendente de Sa\u00fade da Alepe, Wildy Ferreira, refor\u00e7ou que essa iniciativa d\u00e1 continuidade ao compromisso da Casa Legislativa com o bem-estar da popula\u00e7\u00e3o, lembrando que, em mar\u00e7o, foi realizado um mutir\u00e3o semelhante voltado \u00e0 catarata. \u201cCom a\u00e7\u00f5es como esta, buscamos garantir atendimento de qualidade e preven\u00e7\u00e3o eficaz\u201d, afirmou.<\/p>\n<p class=\"\" data-start=\"2011\" data-end=\"2348\">J\u00e1 o deputado Francismar Pontes, primeiro secret\u00e1rio da Alepe, classificou o mutir\u00e3o como uma medida essencial de sa\u00fade p\u00fablica. \u201cO glaucoma pode levar \u00e0 perda irrevers\u00edvel da vis\u00e3o, e s\u00f3 conseguimos prevenir isso com diagn\u00f3stico precoce. Essa \u00e9 uma forma concreta de promover dignidade, cuidado e esperan\u00e7a para quem precisa\u201d, concluiu.<\/p>\n<p class=\"\" data-start=\"2350\" data-end=\"2404\"><strong data-start=\"2350\" data-end=\"2402\">Servi\u00e7o \u2014 Mutir\u00e3o contra o Glaucoma (Maio Verde)<\/strong><\/p>\n<ul data-start=\"2405\" data-end=\"2784\">\n<li class=\"\" data-start=\"2405\" data-end=\"2494\">\n<p class=\"\" data-start=\"2407\" data-end=\"2494\"><strong data-start=\"2407\" data-end=\"2423\">Agendamento:<\/strong> De 12 a 16 de maio (segunda a sexta), das 8h \u00e0s 12h e das 13h \u00e0s 16h<\/p>\n<\/li>\n<li class=\"\" data-start=\"2495\" data-end=\"2566\">\n<p class=\"\" data-start=\"2497\" data-end=\"2566\"><strong data-start=\"2497\" data-end=\"2525\">Telefones para marca\u00e7\u00e3o:<\/strong> (81) 3183-2443 \/ 3183-2242 \/ 3183-2026<\/p>\n<\/li>\n<li class=\"\" data-start=\"2567\" data-end=\"2623\">\n<p class=\"\" data-start=\"2569\" data-end=\"2623\"><strong data-start=\"2569\" data-end=\"2586\">Atendimentos:<\/strong> 20, 21 e 22 de maio, das 9h \u00e0s 16h<\/p>\n<\/li>\n<li class=\"\" data-start=\"2624\" data-end=\"2708\">\n<p class=\"\" data-start=\"2626\" data-end=\"2708\"><strong data-start=\"2626\" data-end=\"2636\">Local:<\/strong> Pavimento t\u00e9rreo do Edif\u00edcio Miguel Arraes, Alepe, Boa Vista \u2013 Recife<\/p>\n<\/li>\n<li class=\"\" data-start=\"2709\" data-end=\"2784\">\n<p class=\"\" data-start=\"2711\" data-end=\"2784\"><strong data-start=\"2711\" data-end=\"2721\">Vagas:<\/strong> 300 no total, com 100 consultas di\u00e1rias por ordem de chegada<\/p>\n<\/li>\n<\/ul>\n","protected":false},"excerpt":{"rendered":"<p>Alepe promove mutir\u00e3o gratuito para diagn\u00f3stico de glaucoma com 300 vagas dispon\u00edveis Agendamentos para atendimentos ocorrem de hoje at\u00e9 sexta-feira, com consultas marcadas para a semana seguinte, como parte da campanha Maio Verde &nbsp; da reda\u00e7\u00e3o Como parte das a\u00e7\u00f5es em alus\u00e3o ao Dia Nacional de Combate ao Glaucoma, celebrado em 26 de maio, a [&hellip;]<\/p>\n","protected":false},"author":13,"featured_media":22568,"comment_status":"closed","ping_status":"","sticky":false,"template":"","format":"standard","meta":{"footnotes":""},"categories":[1],"tags":[],"cores-categorias":[],"class_list":["post-22566","post","type-post","status-publish","format-standard","has-post-thumbnail","hentry","category-cidades"],"yoast_head":"<!-- This site is optimized with the Yoast SEO plugin v27.2 - https:\/\/yoast.com\/product\/yoast-seo-wordpress\/ -->\n<title>Alepe promove mutir\u00e3o gratuito para diagn\u00f3stico de glaucoma com 300 vagas dispon\u00edveis - Jornal Fato Novo<\/title>\n<meta name=\"robots\" content=\"index, follow, max-snippet:-1, max-image-preview:large, max-video-preview:-1\" \/>\n<link rel=\"canonical\" href=\"https:\/\/tvnova.tv.br\/jornalfatonovo\/alepe-promove-mutirao-gratuito-para-diagnostico-de-glaucoma-com-300-vagas-disponiveis\/\" \/>\n<meta property=\"og:locale\" content=\"pt_BR\" \/>\n<meta property=\"og:type\" content=\"article\" \/>\n<meta property=\"og:title\" content=\"Alepe promove mutir\u00e3o gratuito para diagn\u00f3stico de glaucoma com 300 vagas dispon\u00edveis - Jornal Fato Novo\" \/>\n<meta property=\"og:description\" content=\"Alepe promove mutir\u00e3o gratuito para diagn\u00f3stico de glaucoma com 300 vagas dispon\u00edveis Agendamentos para atendimentos ocorrem de hoje at\u00e9 sexta-feira, com consultas marcadas para a semana seguinte, como parte da campanha Maio Verde &nbsp; da reda\u00e7\u00e3o Como parte das a\u00e7\u00f5es em alus\u00e3o ao Dia Nacional de Combate ao Glaucoma, celebrado em 26 de maio, a [&hellip;]\" \/>\n<meta property=\"og:url\" content=\"https:\/\/tvnova.tv.br\/jornalfatonovo\/alepe-promove-mutirao-gratuito-para-diagnostico-de-glaucoma-com-300-vagas-disponiveis\/\" \/>\n<meta property=\"og:site_name\" content=\"Jornal Fato Novo\" \/>\n<meta property=\"article:publisher\" content=\"https:\/\/www.facebook.com\/tvnovanordeste\/\" \/>\n<meta property=\"article:published_time\" content=\"2025-05-12T14:35:29+00:00\" \/>\n<meta property=\"article:modified_time\" content=\"2025-05-12T14:36:45+00:00\" \/>\n<meta name=\"author\" content=\"Jornalismo\" \/>\n<meta name=\"twitter:card\" content=\"summary_large_image\" \/>\n<meta name=\"twitter:creator\" content=\"@tvnovanordeste\" \/>\n<meta name=\"twitter:site\" content=\"@tvnovanordeste\" \/>\n<meta name=\"twitter:label1\" content=\"Escrito por\" \/>\n\t<meta name=\"twitter:data1\" content=\"Jornalismo\" \/>\n\t<meta name=\"twitter:label2\" content=\"Est. tempo de leitura\" \/>\n\t<meta name=\"twitter:data2\" content=\"2 minutos\" \/>\n<script type=\"application\/ld+json\" class=\"yoast-schema-graph\">{\"@context\":\"https:\/\/schema.org\",\"@graph\":[{\"@type\":\"Article\",\"@id\":\"https:\/\/tvnova.tv.br\/jornalfatonovo\/alepe-promove-mutirao-gratuito-para-diagnostico-de-glaucoma-com-300-vagas-disponiveis\/#article\",\"isPartOf\":{\"@id\":\"https:\/\/tvnova.tv.br\/jornalfatonovo\/alepe-promove-mutirao-gratuito-para-diagnostico-de-glaucoma-com-300-vagas-disponiveis\/\"},\"author\":{\"name\":\"Jornalismo\",\"@id\":\"https:\/\/tvnova.tv.br\/jornalfatonovo\/#\/schema\/person\/8acb5c10a7535b12511b7eef3a46cf15\"},\"headline\":\"Alepe promove mutir\u00e3o gratuito para diagn\u00f3stico de glaucoma com 300 vagas dispon\u00edveis\",\"datePublished\":\"2025-05-12T14:35:29+00:00\",\"dateModified\":\"2025-05-12T14:36:45+00:00\",\"mainEntityOfPage\":{\"@id\":\"https:\/\/tvnova.tv.br\/jornalfatonovo\/alepe-promove-mutirao-gratuito-para-diagnostico-de-glaucoma-com-300-vagas-disponiveis\/\"},\"wordCount\":471,\"publisher\":{\"@id\":\"https:\/\/tvnova.tv.br\/jornalfatonovo\/#organization\"},\"image\":{\"@id\":\"https:\/\/tvnova.tv.br\/jornalfatonovo\/alepe-promove-mutirao-gratuito-para-diagnostico-de-glaucoma-com-300-vagas-disponiveis\/#primaryimage\"},\"thumbnailUrl\":\"https:\/\/tvnova.tv.br\/jornalfatonovo\/wp-content\/uploads\/2025\/05\/alepe.jpg\",\"articleSection\":[\"Cidades\"],\"inLanguage\":\"pt-BR\"},{\"@type\":\"WebPage\",\"@id\":\"https:\/\/tvnova.tv.br\/jornalfatonovo\/alepe-promove-mutirao-gratuito-para-diagnostico-de-glaucoma-com-300-vagas-disponiveis\/\",\"url\":\"https:\/\/tvnova.tv.br\/jornalfatonovo\/alepe-promove-mutirao-gratuito-para-diagnostico-de-glaucoma-com-300-vagas-disponiveis\/\",\"name\":\"Alepe promove mutir\u00e3o gratuito para diagn\u00f3stico de glaucoma com 300 vagas dispon\u00edveis - Jornal Fato Novo\",\"isPartOf\":{\"@id\":\"https:\/\/tvnova.tv.br\/jornalfatonovo\/#website\"},\"primaryImageOfPage\":{\"@id\":\"https:\/\/tvnova.tv.br\/jornalfatonovo\/alepe-promove-mutirao-gratuito-para-diagnostico-de-glaucoma-com-300-vagas-disponiveis\/#primaryimage\"},\"image\":{\"@id\":\"https:\/\/tvnova.tv.br\/jornalfatonovo\/alepe-promove-mutirao-gratuito-para-diagnostico-de-glaucoma-com-300-vagas-disponiveis\/#primaryimage\"},\"thumbnailUrl\":\"https:\/\/tvnova.tv.br\/jornalfatonovo\/wp-content\/uploads\/2025\/05\/alepe.jpg\",\"datePublished\":\"2025-05-12T14:35:29+00:00\",\"dateModified\":\"2025-05-12T14:36:45+00:00\",\"breadcrumb\":{\"@id\":\"https:\/\/tvnova.tv.br\/jornalfatonovo\/alepe-promove-mutirao-gratuito-para-diagnostico-de-glaucoma-com-300-vagas-disponiveis\/#breadcrumb\"},\"inLanguage\":\"pt-BR\",\"potentialAction\":[{\"@type\":\"ReadAction\",\"target\":[\"https:\/\/tvnova.tv.br\/jornalfatonovo\/alepe-promove-mutirao-gratuito-para-diagnostico-de-glaucoma-com-300-vagas-disponiveis\/\"]}]},{\"@type\":\"ImageObject\",\"inLanguage\":\"pt-BR\",\"@id\":\"https:\/\/tvnova.tv.br\/jornalfatonovo\/alepe-promove-mutirao-gratuito-para-diagnostico-de-glaucoma-com-300-vagas-disponiveis\/#primaryimage\",\"url\":\"https:\/\/tvnova.tv.br\/jornalfatonovo\/wp-content\/uploads\/2025\/05\/alepe.jpg\",\"contentUrl\":\"https:\/\/tvnova.tv.br\/jornalfatonovo\/wp-content\/uploads\/2025\/05\/alepe.jpg\",\"width\":958,\"height\":626},{\"@type\":\"BreadcrumbList\",\"@id\":\"https:\/\/tvnova.tv.br\/jornalfatonovo\/alepe-promove-mutirao-gratuito-para-diagnostico-de-glaucoma-com-300-vagas-disponiveis\/#breadcrumb\",\"itemListElement\":[{\"@type\":\"ListItem\",\"position\":1,\"name\":\"In\u00edcio\",\"item\":\"https:\/\/tvnova.tv.br\/jornalfatonovo\/\"},{\"@type\":\"ListItem\",\"position\":2,\"name\":\"Alepe promove mutir\u00e3o gratuito para diagn\u00f3stico de glaucoma com 300 vagas dispon\u00edveis\"}]},{\"@type\":\"WebSite\",\"@id\":\"https:\/\/tvnova.tv.br\/jornalfatonovo\/#website\",\"url\":\"https:\/\/tvnova.tv.br\/jornalfatonovo\/\",\"name\":\"Jornal Fato Novo\",\"description\":\"Acompanhe as not\u00edcias de Pernambuco\",\"publisher\":{\"@id\":\"https:\/\/tvnova.tv.br\/jornalfatonovo\/#organization\"},\"potentialAction\":[{\"@type\":\"SearchAction\",\"target\":{\"@type\":\"EntryPoint\",\"urlTemplate\":\"https:\/\/tvnova.tv.br\/jornalfatonovo\/?s={search_term_string}\"},\"query-input\":{\"@type\":\"PropertyValueSpecification\",\"valueRequired\":true,\"valueName\":\"search_term_string\"}}],\"inLanguage\":\"pt-BR\"},{\"@type\":\"Organization\",\"@id\":\"https:\/\/tvnova.tv.br\/jornalfatonovo\/#organization\",\"name\":\"Jornal Fato Novo\",\"url\":\"https:\/\/tvnova.tv.br\/jornalfatonovo\/\",\"logo\":{\"@type\":\"ImageObject\",\"inLanguage\":\"pt-BR\",\"@id\":\"https:\/\/tvnova.tv.br\/jornalfatonovo\/#\/schema\/logo\/image\/\",\"url\":\"https:\/\/tvnova.tv.br\/jornalfatonovo1\/wp-content\/uploads\/2023\/04\/FATO-NOVO-1.png\",\"contentUrl\":\"https:\/\/tvnova.tv.br\/jornalfatonovo1\/wp-content\/uploads\/2023\/04\/FATO-NOVO-1.png\",\"width\":200,\"height\":60,\"caption\":\"Jornal Fato Novo\"},\"image\":{\"@id\":\"https:\/\/tvnova.tv.br\/jornalfatonovo\/#\/schema\/logo\/image\/\"},\"sameAs\":[\"https:\/\/www.facebook.com\/tvnovanordeste\/\",\"https:\/\/x.com\/tvnovanordeste\",\"https:\/\/www.instagram.com\/jornalfatonovope\/\"]},{\"@type\":\"Person\",\"@id\":\"https:\/\/tvnova.tv.br\/jornalfatonovo\/#\/schema\/person\/8acb5c10a7535b12511b7eef3a46cf15\",\"name\":\"Jornalismo\",\"url\":\"https:\/\/tvnova.tv.br\/jornalfatonovo\/author\/jornalismo\/\"}]}<\/script>\n<!-- \/ Yoast SEO plugin. -->","yoast_head_json":{"title":"Alepe promove mutir\u00e3o gratuito para diagn\u00f3stico de glaucoma com 300 vagas dispon\u00edveis - Jornal Fato Novo","robots":{"index":"index","follow":"follow","max-snippet":"max-snippet:-1","max-image-preview":"max-image-preview:large","max-video-preview":"max-video-preview:-1"},"canonical":"https:\/\/tvnova.tv.br\/jornalfatonovo\/alepe-promove-mutirao-gratuito-para-diagnostico-de-glaucoma-com-300-vagas-disponiveis\/","og_locale":"pt_BR","og_type":"article","og_title":"Alepe promove mutir\u00e3o gratuito para diagn\u00f3stico de glaucoma com 300 vagas dispon\u00edveis - Jornal Fato Novo","og_description":"Alepe promove mutir\u00e3o gratuito para diagn\u00f3stico de glaucoma com 300 vagas dispon\u00edveis Agendamentos para atendimentos ocorrem de hoje at\u00e9 sexta-feira, com consultas marcadas para a semana seguinte, como parte da campanha Maio Verde &nbsp; da reda\u00e7\u00e3o Como parte das a\u00e7\u00f5es em alus\u00e3o ao Dia Nacional de Combate ao Glaucoma, celebrado em 26 de maio, a [&hellip;]","og_url":"https:\/\/tvnova.tv.br\/jornalfatonovo\/alepe-promove-mutirao-gratuito-para-diagnostico-de-glaucoma-com-300-vagas-disponiveis\/","og_site_name":"Jornal Fato Novo","article_publisher":"https:\/\/www.facebook.com\/tvnovanordeste\/","article_published_time":"2025-05-12T14:35:29+00:00","article_modified_time":"2025-05-12T14:36:45+00:00","author":"Jornalismo","twitter_card":"summary_large_image","twitter_creator":"@tvnovanordeste","twitter_site":"@tvnovanordeste","twitter_misc":{"Escrito por":"Jornalismo","Est. tempo de leitura":"2 minutos"},"schema":{"@context":"https:\/\/schema.org","@graph":[{"@type":"Article","@id":"https:\/\/tvnova.tv.br\/jornalfatonovo\/alepe-promove-mutirao-gratuito-para-diagnostico-de-glaucoma-com-300-vagas-disponiveis\/#article","isPartOf":{"@id":"https:\/\/tvnova.tv.br\/jornalfatonovo\/alepe-promove-mutirao-gratuito-para-diagnostico-de-glaucoma-com-300-vagas-disponiveis\/"},"author":{"name":"Jornalismo","@id":"https:\/\/tvnova.tv.br\/jornalfatonovo\/#\/schema\/person\/8acb5c10a7535b12511b7eef3a46cf15"},"headline":"Alepe promove mutir\u00e3o gratuito para diagn\u00f3stico de glaucoma com 300 vagas dispon\u00edveis","datePublished":"2025-05-12T14:35:29+00:00","dateModified":"2025-05-12T14:36:45+00:00","mainEntityOfPage":{"@id":"https:\/\/tvnova.tv.br\/jornalfatonovo\/alepe-promove-mutirao-gratuito-para-diagnostico-de-glaucoma-com-300-vagas-disponiveis\/"},"wordCount":471,"publisher":{"@id":"https:\/\/tvnova.tv.br\/jornalfatonovo\/#organization"},"image":{"@id":"https:\/\/tvnova.tv.br\/jornalfatonovo\/alepe-promove-mutirao-gratuito-para-diagnostico-de-glaucoma-com-300-vagas-disponiveis\/#primaryimage"},"thumbnailUrl":"https:\/\/tvnova.tv.br\/jornalfatonovo\/wp-content\/uploads\/2025\/05\/alepe.jpg","articleSection":["Cidades"],"inLanguage":"pt-BR"},{"@type":"WebPage","@id":"https:\/\/tvnova.tv.br\/jornalfatonovo\/alepe-promove-mutirao-gratuito-para-diagnostico-de-glaucoma-com-300-vagas-disponiveis\/","url":"https:\/\/tvnova.tv.br\/jornalfatonovo\/alepe-promove-mutirao-gratuito-para-diagnostico-de-glaucoma-com-300-vagas-disponiveis\/","name":"Alepe promove mutir\u00e3o gratuito para diagn\u00f3stico de glaucoma com 300 vagas dispon\u00edveis - Jornal Fato Novo","isPartOf":{"@id":"https:\/\/tvnova.tv.br\/jornalfatonovo\/#website"},"primaryImageOfPage":{"@id":"https:\/\/tvnova.tv.br\/jornalfatonovo\/alepe-promove-mutirao-gratuito-para-diagnostico-de-glaucoma-com-300-vagas-disponiveis\/#primaryimage"},"image":{"@id":"https:\/\/tvnova.tv.br\/jornalfatonovo\/alepe-promove-mutirao-gratuito-para-diagnostico-de-glaucoma-com-300-vagas-disponiveis\/#primaryimage"},"thumbnailUrl":"https:\/\/tvnova.tv.br\/jornalfatonovo\/wp-content\/uploads\/2025\/05\/alepe.jpg","datePublished":"2025-05-12T14:35:29+00:00","dateModified":"2025-05-12T14:36:45+00:00","breadcrumb":{"@id":"https:\/\/tvnova.tv.br\/jornalfatonovo\/alepe-promove-mutirao-gratuito-para-diagnostico-de-glaucoma-com-300-vagas-disponiveis\/#breadcrumb"},"inLanguage":"pt-BR","potentialAction":[{"@type":"ReadAction","target":["https:\/\/tvnova.tv.br\/jornalfatonovo\/alepe-promove-mutirao-gratuito-para-diagnostico-de-glaucoma-com-300-vagas-disponiveis\/"]}]},{"@type":"ImageObject","inLanguage":"pt-BR","@id":"https:\/\/tvnova.tv.br\/jornalfatonovo\/alepe-promove-mutirao-gratuito-para-diagnostico-de-glaucoma-com-300-vagas-disponiveis\/#primaryimage","url":"https:\/\/tvnova.tv.br\/jornalfatonovo\/wp-content\/uploads\/2025\/05\/alepe.jpg","contentUrl":"https:\/\/tvnova.tv.br\/jornalfatonovo\/wp-content\/uploads\/2025\/05\/alepe.jpg","width":958,"height":626},{"@type":"BreadcrumbList","@id":"https:\/\/tvnova.tv.br\/jornalfatonovo\/alepe-promove-mutirao-gratuito-para-diagnostico-de-glaucoma-com-300-vagas-disponiveis\/#breadcrumb","itemListElement":[{"@type":"ListItem","position":1,"name":"In\u00edcio","item":"https:\/\/tvnova.tv.br\/jornalfatonovo\/"},{"@type":"ListItem","position":2,"name":"Alepe promove mutir\u00e3o gratuito para diagn\u00f3stico de glaucoma com 300 vagas dispon\u00edveis"}]},{"@type":"WebSite","@id":"https:\/\/tvnova.tv.br\/jornalfatonovo\/#website","url":"https:\/\/tvnova.tv.br\/jornalfatonovo\/","name":"Jornal Fato Novo","description":"Acompanhe as not\u00edcias de Pernambuco","publisher":{"@id":"https:\/\/tvnova.tv.br\/jornalfatonovo\/#organization"},"potentialAction":[{"@type":"SearchAction","target":{"@type":"EntryPoint","urlTemplate":"https:\/\/tvnova.tv.br\/jornalfatonovo\/?s={search_term_string}"},"query-input":{"@type":"PropertyValueSpecification","valueRequired":true,"valueName":"search_term_string"}}],"inLanguage":"pt-BR"},{"@type":"Organization","@id":"https:\/\/tvnova.tv.br\/jornalfatonovo\/#organization","name":"Jornal Fato Novo","url":"https:\/\/tvnova.tv.br\/jornalfatonovo\/","logo":{"@type":"ImageObject","inLanguage":"pt-BR","@id":"https:\/\/tvnova.tv.br\/jornalfatonovo\/#\/schema\/logo\/image\/","url":"https:\/\/tvnova.tv.br\/jornalfatonovo1\/wp-content\/uploads\/2023\/04\/FATO-NOVO-1.png","contentUrl":"https:\/\/tvnova.tv.br\/jornalfatonovo1\/wp-content\/uploads\/2023\/04\/FATO-NOVO-1.png","width":200,"height":60,"caption":"Jornal Fato Novo"},"image":{"@id":"https:\/\/tvnova.tv.br\/jornalfatonovo\/#\/schema\/logo\/image\/"},"sameAs":["https:\/\/www.facebook.com\/tvnovanordeste\/","https:\/\/x.com\/tvnovanordeste","https:\/\/www.instagram.com\/jornalfatonovope\/"]},{"@type":"Person","@id":"https:\/\/tvnova.tv.br\/jornalfatonovo\/#\/schema\/person\/8acb5c10a7535b12511b7eef3a46cf15","name":"Jornalismo","url":"https:\/\/tvnova.tv.br\/jornalfatonovo\/author\/jornalismo\/"}]}},"_links":{"self":[{"href":"https:\/\/tvnova.tv.br\/jornalfatonovo\/wp-json\/wp\/v2\/posts\/22566","targetHints":{"allow":["GET"]}}],"collection":[{"href":"https:\/\/tvnova.tv.br\/jornalfatonovo\/wp-json\/wp\/v2\/posts"}],"about":[{"href":"https:\/\/tvnova.tv.br\/jornalfatonovo\/wp-json\/wp\/v2\/types\/post"}],"author":[{"embeddable":true,"href":"https:\/\/tvnova.tv.br\/jornalfatonovo\/wp-json\/wp\/v2\/users\/13"}],"replies":[{"embeddable":true,"href":"https:\/\/tvnova.tv.br\/jornalfatonovo\/wp-json\/wp\/v2\/comments?post=22566"}],"version-history":[{"count":1,"href":"https:\/\/tvnova.tv.br\/jornalfatonovo\/wp-json\/wp\/v2\/posts\/22566\/revisions"}],"predecessor-version":[{"id":22567,"href":"https:\/\/tvnova.tv.br\/jornalfatonovo\/wp-json\/wp\/v2\/posts\/22566\/revisions\/22567"}],"wp:featuredmedia":[{"embeddable":true,"href":"https:\/\/tvnova.tv.br\/jornalfatonovo\/wp-json\/wp\/v2\/media\/22568"}],"wp:attachment":[{"href":"https:\/\/tvnova.tv.br\/jornalfatonovo\/wp-json\/wp\/v2\/media?parent=22566"}],"wp:term":[{"taxonomy":"category","embeddable":true,"href":"https:\/\/tvnova.tv.br\/jornalfatonovo\/wp-json\/wp\/v2\/categories?post=22566"},{"taxonomy":"post_tag","embeddable":true,"href":"https:\/\/tvnova.tv.br\/jornalfatonovo\/wp-json\/wp\/v2\/tags?post=22566"},{"taxonomy":"cores-categorias","embeddable":true,"href":"https:\/\/tvnova.tv.br\/jornalfatonovo\/wp-json\/wp\/v2\/cores-categorias?post=22566"}],"curies":[{"name":"wp","href":"https:\/\/api.w.org\/{rel}","templated":true}]}}