{"id":22620,"date":"2025-05-14T18:12:15","date_gmt":"2025-05-14T21:12:15","guid":{"rendered":"https:\/\/tvnova.tv.br\/jornalfatonovo\/?p=22620"},"modified":"2025-05-14T18:13:57","modified_gmt":"2025-05-14T21:13:57","slug":"dia-mundial-da-reciclagem-voce-descarta-seu-lixo-de-forma-consciente","status":"publish","type":"post","link":"https:\/\/tvnova.tv.br\/jornalfatonovo\/dia-mundial-da-reciclagem-voce-descarta-seu-lixo-de-forma-consciente\/","title":{"rendered":"Dia Mundial da Reciclagem: voc\u00ea descarta seu lixo de forma consciente?"},"content":{"rendered":"<div>\n<p>Celebrado em 17 de maio, o Dia Mundial da Reciclagem, institu\u00eddo pela UNESCO, busca conscientizar as pessoas sobre a destina\u00e7\u00e3o correta de res\u00edduos e os benef\u00edcios da reciclagem para o meio ambiente e a sociedade. A necessidade urgente de reduzir as emiss\u00f5es de gases de efeito estufa (GEE) e avan\u00e7ar na transi\u00e7\u00e3o para uma economia de baixo carbono, conforme as metas da ONU de limitar o aumento da temperatura global a 1,5\u00b0C acima dos n\u00edveis pr\u00e9-industriais (em 2024, o aquecimento global ultrapassou esta meta), torna o papel da iniciativa privada fundamental, tanto na redu\u00e7\u00e3o das emiss\u00f5es de carbono em suas opera\u00e7\u00f5es, como na conscientiza\u00e7\u00e3o de colaboradores e consumidores.<\/p>\n<p>Nesse cen\u00e1rio, a SIG, l\u00edder no fornecimento de sistemas e solu\u00e7\u00f5es para embalagens, desenvolve embalagens com mat\u00e9rias primas renov\u00e1veis e recicl\u00e1veis, al\u00e9m de apoiar e investir em iniciativas de economia circular e empoderamento dos catadores.<\/p>\n<p>Entre iniciativas relevantes e de impacto socioambiental positivo no Brasil, a SIG investe no Programa Recicleiros e so+ma. Em 2024, as duas iniciativas alcan\u00e7aram resultados expressivos. O Instituto Recicleiros destinou para a reciclagem 7,2 mil toneladas de res\u00edduos coletados em 14 munic\u00edpios, o que representa um crescimento de 64% em rela\u00e7\u00e3o ao ano anterior. J\u00e1 o programa so+ma, presente em quatro cidades do Paran\u00e1, registrou um aumento de 31% na coleta, totalizando 288 toneladas reaproveitadas no ano. \u201cA reciclagem desponta como uma ferramenta essencial nesse processo, contribuindo diretamente para a descarboniza\u00e7\u00e3o das cadeias produtivas, al\u00e9m de gerar empregos e transformar comunidades\u201d, destaca a gerente de Sustentabilidade da SIG, Isabela De Marchi.<\/p>\n<p>O impacto dessas a\u00e7\u00f5es vai muito al\u00e9m dos n\u00fameros. Com foco em inclus\u00e3o social, as duas iniciativas promovem gera\u00e7\u00e3o de renda, formaliza\u00e7\u00e3o de cooperativas e condi\u00e7\u00f5es dignas de trabalho para os catadores. No caso do programa Recicleiros Cidades, 302 postos de trabalho foram gerados com remunera\u00e7\u00e3o adequada e uso de equipamentos de prote\u00e7\u00e3o individual, atendendo cerca de 979 mil pessoas com coleta seletiva. A iniciativa \u00e9 implementada desde 2018 com o apoio da SIG, que atua como investidora semente na Academia Recicleiros do Gestor P\u00fablico, voltada \u00e0 capacita\u00e7\u00e3o de munic\u00edpios para criar pol\u00edticas p\u00fablicas de reciclagem eficazes.<\/p>\n<p>A so+ma, por sua vez, aposta na mudan\u00e7a de comportamento por meio de incentivos. Seu programa so+ma Vantagens permite que os participantes troquem res\u00edduos recicl\u00e1veis por pontos, convertidos em produtos e servi\u00e7os em com\u00e9rcios locais. Desde sua cria\u00e7\u00e3o, a startup j\u00e1 reaproveitou 5 mil toneladas de res\u00edduos e evitou a emiss\u00e3o de 11 mil toneladas de carbono. Ao envolver comunidades de baixa renda, a iniciativa n\u00e3o apenas reduz impactos ambientais, mas tamb\u00e9m empodera cidad\u00e3os e impulsiona a economia circular.<\/p>\n<p>Esses resultados s\u00e3o fruto de uma estrat\u00e9gia robusta de sustentabilidade da SIG, que adota uma cadeia de valor \u00e9tica e transparente. A empresa atua com uma abordagem hol\u00edstica, garantindo que suas embalagens sejam recicladas de forma respons\u00e1vel, combatendo o trabalho infantil, assegurando remunera\u00e7\u00e3o justa e incentivando o uso de EPIs. Essa vis\u00e3o est\u00e1 alinhada aos Objetivos do Desenvolvimento Sustent\u00e1vel (ODS) da ONU e ao compromisso da empresa com pr\u00e1ticas que devolvem mais ao planeta do que consomem.<\/p>\n<p>A Gerente de Sustentabilidade da SIG lembra que o Dia Mundial da Reciclagem \u00e9 mais do que uma data simb\u00f3lica. \u00c9 um convite \u00e0 a\u00e7\u00e3o, \u00e0 colabora\u00e7\u00e3o entre empresas, governos e sociedade civil para construir um futuro mais justo, inclusivo e de baixo carbono. \u201cIniciativas como as da SIG, Recicleiros e so+ma mostram que \u00e9 poss\u00edvel aliar desenvolvimento econ\u00f4mico, justi\u00e7a social e preserva\u00e7\u00e3o ambiental em uma mesma cadeia de valor\u201d, conclui.<\/p>\n<p><strong>Sobre a SIG<\/strong><\/p>\n<p>A SIG \u00e9 l\u00edder no fornecimento de solu\u00e7\u00f5es de embalagens para melhorar &#8211; melhor para nossos clientes, para os consumidores e para o mundo. Com nosso portf\u00f3lio exclusivo de embalagens cartonadas ass\u00e9pticas, bag-in-box e spouted pouch, trabalhamos em parceria com nossos clientes para levar alimentos e bebidas a consumidores de todo o mundo de forma segura, sustent\u00e1vel e econ\u00f4mica. Nossa tecnologia e nossos excelentes recursos de inova\u00e7\u00e3o nos permitem oferecer aos nossos clientes sistemas de embalagem vers\u00e1teis e solu\u00e7\u00f5es para produtos inovadores e opera\u00e7\u00f5es inteligentes, tudo para atender \u00e0s necessidades em constante mudan\u00e7a dos consumidores. A sustentabilidade \u00e9 parte integrante de nosso neg\u00f3cio e nos guia em nossa jornada para criar embalagens melhores &#8211; embalagens que d\u00e3o mais \u00e0s pessoas e ao planeta do que tiram.<\/p>\n<p>Fundada em 1853, a SIG tem sede em Neuhausen, na Su\u00ed\u00e7a, e est\u00e1 listada na SIX Swiss Exchange. As habilidades e a experi\u00eancia de nossos aproximadamente 9.000 funcion\u00e1rios em todo o mundo nos permitem responder de forma r\u00e1pida e eficaz \u00e0s necessidades de nossos clientes em mais de 100 pa\u00edses. Em 2024, a SIG produziu cerca de 57 bilh\u00f5es de embalagens e gerou uma receita de 3,3 bilh\u00f5es de euros. A SIG tem uma classifica\u00e7\u00e3o AA ESG pela MSCI, uma pontua\u00e7\u00e3o de 13,4 (baixo risco) pela Sustainalytics, uma classifica\u00e7\u00e3o Platinum CSR pela EcoVadis e est\u00e1 inclu\u00edda no \u00edndice FTSE4Good.<\/p>\n<p>Para saber mais sobre as tend\u00eancias que impulsionam o setor de alimentos e bebidas, visite o\u00a0<a href=\"https:\/\/www.sig.biz\/pt-br\/noticias-insights\/blog\" target=\"_blank\" rel=\"noopener\" data-saferedirecturl=\"https:\/\/www.google.com\/url?q=https:\/\/www.sig.biz\/pt-br\/noticias-insights\/blog&amp;source=gmail&amp;ust=1747342907232000&amp;usg=AOvVaw1igtnOhAuNi6Om-jdgs9j0\">blog da SIG.<\/a><\/p>\n<\/div>\n<div>\n<p><strong>Sobre a SIG<\/strong><\/p>\n<p>A SIG \u00e9 l\u00edder no fornecimento de solu\u00e7\u00f5es de embalagens para melhorar &#8211; melhor para nossos clientes, para os consumidores e para o mundo. Com nosso portf\u00f3lio exclusivo de embalagens cartonadas ass\u00e9pticas, bag-in-box e spouted pouch, trabalhamos em parceria com nossos clientes para levar alimentos e bebidas a consumidores de todo o mundo de forma segura, sustent\u00e1vel e econ\u00f4mica. Nossa tecnologia e nossos excelentes recursos de inova\u00e7\u00e3o nos permitem oferecer aos nossos clientes sistemas de embalagem vers\u00e1teis e solu\u00e7\u00f5es para produtos inovadores e opera\u00e7\u00f5es inteligentes, tudo para atender \u00e0s necessidades em constante mudan\u00e7a dos consumidores. A sustentabilidade \u00e9 parte integrante de nosso neg\u00f3cio e nos guia em nossa jornada para criar embalagens melhores &#8211; embalagens que d\u00e3o mais \u00e0s pessoas e ao planeta do que tiram.<\/p>\n<p>Fundada em 1853, a SIG tem sede em Neuhausen, na Su\u00ed\u00e7a, e est\u00e1 listada na SIX Swiss Exchange. As habilidades e a experi\u00eancia de nossos aproximadamente 9.000 funcion\u00e1rios em todo o mundo nos permitem responder de forma r\u00e1pida e eficaz \u00e0s necessidades de nossos clientes em mais de 100 pa\u00edses. Em 2024, a SIG produziu cerca de 57 bilh\u00f5es de embalagens e gerou uma receita de 3,3 bilh\u00f5es de euros. A SIG tem uma classifica\u00e7\u00e3o AA ESG pela MSCI, uma pontua\u00e7\u00e3o de 13,4 (baixo risco) pela Sustainalytics, uma classifica\u00e7\u00e3o Platinum CSR pela EcoVadis e est\u00e1 inclu\u00edda no \u00edndice FTSE4Good.<\/p>\n<p>Para saber mais sobre as tend\u00eancias que impulsionam o setor de alimentos e bebidas, visite o\u00a0<a href=\"https:\/\/www.sig.biz\/pt-br\/noticias-insights\/blog\" target=\"_blank\" rel=\"noopener\" data-saferedirecturl=\"https:\/\/www.google.com\/url?q=https:\/\/www.sig.biz\/pt-br\/noticias-insights\/blog&amp;source=gmail&amp;ust=1747342907232000&amp;usg=AOvVaw1igtnOhAuNi6Om-jdgs9j0\">blog da SIG.<\/a><\/p>\n<\/div>\n","protected":false},"excerpt":{"rendered":"<p>Celebrado em 17 de maio, o Dia Mundial da Reciclagem, institu\u00eddo pela UNESCO, busca conscientizar as pessoas sobre a destina\u00e7\u00e3o correta de res\u00edduos e os benef\u00edcios da reciclagem para o meio ambiente e a sociedade. A necessidade urgente de reduzir as emiss\u00f5es de gases de efeito estufa (GEE) e avan\u00e7ar na transi\u00e7\u00e3o para uma economia [&hellip;]<\/p>\n","protected":false},"author":5,"featured_media":22622,"comment_status":"closed","ping_status":"","sticky":false,"template":"","format":"standard","meta":{"footnotes":""},"categories":[1],"tags":[],"cores-categorias":[],"class_list":["post-22620","post","type-post","status-publish","format-standard","has-post-thumbnail","hentry","category-cidades"],"yoast_head":"<!-- This site is optimized with the Yoast SEO plugin v27.2 - https:\/\/yoast.com\/product\/yoast-seo-wordpress\/ -->\n<title>Dia Mundial da Reciclagem: voc\u00ea descarta seu lixo de forma consciente? - Jornal Fato Novo<\/title>\n<meta name=\"robots\" content=\"index, follow, max-snippet:-1, max-image-preview:large, max-video-preview:-1\" \/>\n<link rel=\"canonical\" href=\"https:\/\/tvnova.tv.br\/jornalfatonovo\/dia-mundial-da-reciclagem-voce-descarta-seu-lixo-de-forma-consciente\/\" \/>\n<meta property=\"og:locale\" content=\"pt_BR\" \/>\n<meta property=\"og:type\" content=\"article\" \/>\n<meta property=\"og:title\" content=\"Dia Mundial da Reciclagem: voc\u00ea descarta seu lixo de forma consciente? - Jornal Fato Novo\" \/>\n<meta property=\"og:description\" content=\"Celebrado em 17 de maio, o Dia Mundial da Reciclagem, institu\u00eddo pela UNESCO, busca conscientizar as pessoas sobre a destina\u00e7\u00e3o correta de res\u00edduos e os benef\u00edcios da reciclagem para o meio ambiente e a sociedade. A necessidade urgente de reduzir as emiss\u00f5es de gases de efeito estufa (GEE) e avan\u00e7ar na transi\u00e7\u00e3o para uma economia [&hellip;]\" \/>\n<meta property=\"og:url\" content=\"https:\/\/tvnova.tv.br\/jornalfatonovo\/dia-mundial-da-reciclagem-voce-descarta-seu-lixo-de-forma-consciente\/\" \/>\n<meta property=\"og:site_name\" content=\"Jornal Fato Novo\" \/>\n<meta property=\"article:publisher\" content=\"https:\/\/www.facebook.com\/tvnovanordeste\/\" \/>\n<meta property=\"article:published_time\" content=\"2025-05-14T21:12:15+00:00\" \/>\n<meta property=\"article:modified_time\" content=\"2025-05-14T21:13:57+00:00\" \/>\n<meta name=\"author\" content=\"gabriel\" \/>\n<meta name=\"twitter:card\" content=\"summary_large_image\" \/>\n<meta name=\"twitter:creator\" content=\"@tvnovanordeste\" \/>\n<meta name=\"twitter:site\" content=\"@tvnovanordeste\" \/>\n<meta name=\"twitter:label1\" content=\"Escrito por\" \/>\n\t<meta name=\"twitter:data1\" content=\"gabriel\" \/>\n\t<meta name=\"twitter:label2\" content=\"Est. tempo de leitura\" \/>\n\t<meta name=\"twitter:data2\" content=\"6 minutos\" \/>\n<script type=\"application\/ld+json\" class=\"yoast-schema-graph\">{\"@context\":\"https:\/\/schema.org\",\"@graph\":[{\"@type\":\"Article\",\"@id\":\"https:\/\/tvnova.tv.br\/jornalfatonovo\/dia-mundial-da-reciclagem-voce-descarta-seu-lixo-de-forma-consciente\/#article\",\"isPartOf\":{\"@id\":\"https:\/\/tvnova.tv.br\/jornalfatonovo\/dia-mundial-da-reciclagem-voce-descarta-seu-lixo-de-forma-consciente\/\"},\"author\":{\"name\":\"gabriel\",\"@id\":\"https:\/\/tvnova.tv.br\/jornalfatonovo\/#\/schema\/person\/c861a58e2ce361fc3f17006d718686aa\"},\"headline\":\"Dia Mundial da Reciclagem: voc\u00ea descarta seu lixo de forma consciente?\",\"datePublished\":\"2025-05-14T21:12:15+00:00\",\"dateModified\":\"2025-05-14T21:13:57+00:00\",\"mainEntityOfPage\":{\"@id\":\"https:\/\/tvnova.tv.br\/jornalfatonovo\/dia-mundial-da-reciclagem-voce-descarta-seu-lixo-de-forma-consciente\/\"},\"wordCount\":1168,\"publisher\":{\"@id\":\"https:\/\/tvnova.tv.br\/jornalfatonovo\/#organization\"},\"image\":{\"@id\":\"https:\/\/tvnova.tv.br\/jornalfatonovo\/dia-mundial-da-reciclagem-voce-descarta-seu-lixo-de-forma-consciente\/#primaryimage\"},\"thumbnailUrl\":\"https:\/\/tvnova.tv.br\/jornalfatonovo\/wp-content\/uploads\/2025\/05\/Serra-Talhada.jpg\",\"articleSection\":[\"Cidades\"],\"inLanguage\":\"pt-BR\"},{\"@type\":\"WebPage\",\"@id\":\"https:\/\/tvnova.tv.br\/jornalfatonovo\/dia-mundial-da-reciclagem-voce-descarta-seu-lixo-de-forma-consciente\/\",\"url\":\"https:\/\/tvnova.tv.br\/jornalfatonovo\/dia-mundial-da-reciclagem-voce-descarta-seu-lixo-de-forma-consciente\/\",\"name\":\"Dia Mundial da Reciclagem: voc\u00ea descarta seu lixo de forma consciente? - Jornal Fato Novo\",\"isPartOf\":{\"@id\":\"https:\/\/tvnova.tv.br\/jornalfatonovo\/#website\"},\"primaryImageOfPage\":{\"@id\":\"https:\/\/tvnova.tv.br\/jornalfatonovo\/dia-mundial-da-reciclagem-voce-descarta-seu-lixo-de-forma-consciente\/#primaryimage\"},\"image\":{\"@id\":\"https:\/\/tvnova.tv.br\/jornalfatonovo\/dia-mundial-da-reciclagem-voce-descarta-seu-lixo-de-forma-consciente\/#primaryimage\"},\"thumbnailUrl\":\"https:\/\/tvnova.tv.br\/jornalfatonovo\/wp-content\/uploads\/2025\/05\/Serra-Talhada.jpg\",\"datePublished\":\"2025-05-14T21:12:15+00:00\",\"dateModified\":\"2025-05-14T21:13:57+00:00\",\"breadcrumb\":{\"@id\":\"https:\/\/tvnova.tv.br\/jornalfatonovo\/dia-mundial-da-reciclagem-voce-descarta-seu-lixo-de-forma-consciente\/#breadcrumb\"},\"inLanguage\":\"pt-BR\",\"potentialAction\":[{\"@type\":\"ReadAction\",\"target\":[\"https:\/\/tvnova.tv.br\/jornalfatonovo\/dia-mundial-da-reciclagem-voce-descarta-seu-lixo-de-forma-consciente\/\"]}]},{\"@type\":\"ImageObject\",\"inLanguage\":\"pt-BR\",\"@id\":\"https:\/\/tvnova.tv.br\/jornalfatonovo\/dia-mundial-da-reciclagem-voce-descarta-seu-lixo-de-forma-consciente\/#primaryimage\",\"url\":\"https:\/\/tvnova.tv.br\/jornalfatonovo\/wp-content\/uploads\/2025\/05\/Serra-Talhada.jpg\",\"contentUrl\":\"https:\/\/tvnova.tv.br\/jornalfatonovo\/wp-content\/uploads\/2025\/05\/Serra-Talhada.jpg\",\"width\":1080,\"height\":828},{\"@type\":\"BreadcrumbList\",\"@id\":\"https:\/\/tvnova.tv.br\/jornalfatonovo\/dia-mundial-da-reciclagem-voce-descarta-seu-lixo-de-forma-consciente\/#breadcrumb\",\"itemListElement\":[{\"@type\":\"ListItem\",\"position\":1,\"name\":\"In\u00edcio\",\"item\":\"https:\/\/tvnova.tv.br\/jornalfatonovo\/\"},{\"@type\":\"ListItem\",\"position\":2,\"name\":\"Dia Mundial da Reciclagem: voc\u00ea descarta seu lixo de forma consciente?\"}]},{\"@type\":\"WebSite\",\"@id\":\"https:\/\/tvnova.tv.br\/jornalfatonovo\/#website\",\"url\":\"https:\/\/tvnova.tv.br\/jornalfatonovo\/\",\"name\":\"Jornal Fato Novo\",\"description\":\"Acompanhe as not\u00edcias de Pernambuco\",\"publisher\":{\"@id\":\"https:\/\/tvnova.tv.br\/jornalfatonovo\/#organization\"},\"potentialAction\":[{\"@type\":\"SearchAction\",\"target\":{\"@type\":\"EntryPoint\",\"urlTemplate\":\"https:\/\/tvnova.tv.br\/jornalfatonovo\/?s={search_term_string}\"},\"query-input\":{\"@type\":\"PropertyValueSpecification\",\"valueRequired\":true,\"valueName\":\"search_term_string\"}}],\"inLanguage\":\"pt-BR\"},{\"@type\":\"Organization\",\"@id\":\"https:\/\/tvnova.tv.br\/jornalfatonovo\/#organization\",\"name\":\"Jornal Fato Novo\",\"url\":\"https:\/\/tvnova.tv.br\/jornalfatonovo\/\",\"logo\":{\"@type\":\"ImageObject\",\"inLanguage\":\"pt-BR\",\"@id\":\"https:\/\/tvnova.tv.br\/jornalfatonovo\/#\/schema\/logo\/image\/\",\"url\":\"https:\/\/tvnova.tv.br\/jornalfatonovo1\/wp-content\/uploads\/2023\/04\/FATO-NOVO-1.png\",\"contentUrl\":\"https:\/\/tvnova.tv.br\/jornalfatonovo1\/wp-content\/uploads\/2023\/04\/FATO-NOVO-1.png\",\"width\":200,\"height\":60,\"caption\":\"Jornal Fato Novo\"},\"image\":{\"@id\":\"https:\/\/tvnova.tv.br\/jornalfatonovo\/#\/schema\/logo\/image\/\"},\"sameAs\":[\"https:\/\/www.facebook.com\/tvnovanordeste\/\",\"https:\/\/x.com\/tvnovanordeste\",\"https:\/\/www.instagram.com\/jornalfatonovope\/\"]},{\"@type\":\"Person\",\"@id\":\"https:\/\/tvnova.tv.br\/jornalfatonovo\/#\/schema\/person\/c861a58e2ce361fc3f17006d718686aa\",\"name\":\"gabriel\",\"url\":\"https:\/\/tvnova.tv.br\/jornalfatonovo\/author\/gabriel\/\"}]}<\/script>\n<!-- \/ Yoast SEO plugin. -->","yoast_head_json":{"title":"Dia Mundial da Reciclagem: voc\u00ea descarta seu lixo de forma consciente? - Jornal Fato Novo","robots":{"index":"index","follow":"follow","max-snippet":"max-snippet:-1","max-image-preview":"max-image-preview:large","max-video-preview":"max-video-preview:-1"},"canonical":"https:\/\/tvnova.tv.br\/jornalfatonovo\/dia-mundial-da-reciclagem-voce-descarta-seu-lixo-de-forma-consciente\/","og_locale":"pt_BR","og_type":"article","og_title":"Dia Mundial da Reciclagem: voc\u00ea descarta seu lixo de forma consciente? - Jornal Fato Novo","og_description":"Celebrado em 17 de maio, o Dia Mundial da Reciclagem, institu\u00eddo pela UNESCO, busca conscientizar as pessoas sobre a destina\u00e7\u00e3o correta de res\u00edduos e os benef\u00edcios da reciclagem para o meio ambiente e a sociedade. A necessidade urgente de reduzir as emiss\u00f5es de gases de efeito estufa (GEE) e avan\u00e7ar na transi\u00e7\u00e3o para uma economia [&hellip;]","og_url":"https:\/\/tvnova.tv.br\/jornalfatonovo\/dia-mundial-da-reciclagem-voce-descarta-seu-lixo-de-forma-consciente\/","og_site_name":"Jornal Fato Novo","article_publisher":"https:\/\/www.facebook.com\/tvnovanordeste\/","article_published_time":"2025-05-14T21:12:15+00:00","article_modified_time":"2025-05-14T21:13:57+00:00","author":"gabriel","twitter_card":"summary_large_image","twitter_creator":"@tvnovanordeste","twitter_site":"@tvnovanordeste","twitter_misc":{"Escrito por":"gabriel","Est. tempo de leitura":"6 minutos"},"schema":{"@context":"https:\/\/schema.org","@graph":[{"@type":"Article","@id":"https:\/\/tvnova.tv.br\/jornalfatonovo\/dia-mundial-da-reciclagem-voce-descarta-seu-lixo-de-forma-consciente\/#article","isPartOf":{"@id":"https:\/\/tvnova.tv.br\/jornalfatonovo\/dia-mundial-da-reciclagem-voce-descarta-seu-lixo-de-forma-consciente\/"},"author":{"name":"gabriel","@id":"https:\/\/tvnova.tv.br\/jornalfatonovo\/#\/schema\/person\/c861a58e2ce361fc3f17006d718686aa"},"headline":"Dia Mundial da Reciclagem: voc\u00ea descarta seu lixo de forma consciente?","datePublished":"2025-05-14T21:12:15+00:00","dateModified":"2025-05-14T21:13:57+00:00","mainEntityOfPage":{"@id":"https:\/\/tvnova.tv.br\/jornalfatonovo\/dia-mundial-da-reciclagem-voce-descarta-seu-lixo-de-forma-consciente\/"},"wordCount":1168,"publisher":{"@id":"https:\/\/tvnova.tv.br\/jornalfatonovo\/#organization"},"image":{"@id":"https:\/\/tvnova.tv.br\/jornalfatonovo\/dia-mundial-da-reciclagem-voce-descarta-seu-lixo-de-forma-consciente\/#primaryimage"},"thumbnailUrl":"https:\/\/tvnova.tv.br\/jornalfatonovo\/wp-content\/uploads\/2025\/05\/Serra-Talhada.jpg","articleSection":["Cidades"],"inLanguage":"pt-BR"},{"@type":"WebPage","@id":"https:\/\/tvnova.tv.br\/jornalfatonovo\/dia-mundial-da-reciclagem-voce-descarta-seu-lixo-de-forma-consciente\/","url":"https:\/\/tvnova.tv.br\/jornalfatonovo\/dia-mundial-da-reciclagem-voce-descarta-seu-lixo-de-forma-consciente\/","name":"Dia Mundial da Reciclagem: voc\u00ea descarta seu lixo de forma consciente? - Jornal Fato Novo","isPartOf":{"@id":"https:\/\/tvnova.tv.br\/jornalfatonovo\/#website"},"primaryImageOfPage":{"@id":"https:\/\/tvnova.tv.br\/jornalfatonovo\/dia-mundial-da-reciclagem-voce-descarta-seu-lixo-de-forma-consciente\/#primaryimage"},"image":{"@id":"https:\/\/tvnova.tv.br\/jornalfatonovo\/dia-mundial-da-reciclagem-voce-descarta-seu-lixo-de-forma-consciente\/#primaryimage"},"thumbnailUrl":"https:\/\/tvnova.tv.br\/jornalfatonovo\/wp-content\/uploads\/2025\/05\/Serra-Talhada.jpg","datePublished":"2025-05-14T21:12:15+00:00","dateModified":"2025-05-14T21:13:57+00:00","breadcrumb":{"@id":"https:\/\/tvnova.tv.br\/jornalfatonovo\/dia-mundial-da-reciclagem-voce-descarta-seu-lixo-de-forma-consciente\/#breadcrumb"},"inLanguage":"pt-BR","potentialAction":[{"@type":"ReadAction","target":["https:\/\/tvnova.tv.br\/jornalfatonovo\/dia-mundial-da-reciclagem-voce-descarta-seu-lixo-de-forma-consciente\/"]}]},{"@type":"ImageObject","inLanguage":"pt-BR","@id":"https:\/\/tvnova.tv.br\/jornalfatonovo\/dia-mundial-da-reciclagem-voce-descarta-seu-lixo-de-forma-consciente\/#primaryimage","url":"https:\/\/tvnova.tv.br\/jornalfatonovo\/wp-content\/uploads\/2025\/05\/Serra-Talhada.jpg","contentUrl":"https:\/\/tvnova.tv.br\/jornalfatonovo\/wp-content\/uploads\/2025\/05\/Serra-Talhada.jpg","width":1080,"height":828},{"@type":"BreadcrumbList","@id":"https:\/\/tvnova.tv.br\/jornalfatonovo\/dia-mundial-da-reciclagem-voce-descarta-seu-lixo-de-forma-consciente\/#breadcrumb","itemListElement":[{"@type":"ListItem","position":1,"name":"In\u00edcio","item":"https:\/\/tvnova.tv.br\/jornalfatonovo\/"},{"@type":"ListItem","position":2,"name":"Dia Mundial da Reciclagem: voc\u00ea descarta seu lixo de forma consciente?"}]},{"@type":"WebSite","@id":"https:\/\/tvnova.tv.br\/jornalfatonovo\/#website","url":"https:\/\/tvnova.tv.br\/jornalfatonovo\/","name":"Jornal Fato Novo","description":"Acompanhe as not\u00edcias de Pernambuco","publisher":{"@id":"https:\/\/tvnova.tv.br\/jornalfatonovo\/#organization"},"potentialAction":[{"@type":"SearchAction","target":{"@type":"EntryPoint","urlTemplate":"https:\/\/tvnova.tv.br\/jornalfatonovo\/?s={search_term_string}"},"query-input":{"@type":"PropertyValueSpecification","valueRequired":true,"valueName":"search_term_string"}}],"inLanguage":"pt-BR"},{"@type":"Organization","@id":"https:\/\/tvnova.tv.br\/jornalfatonovo\/#organization","name":"Jornal Fato Novo","url":"https:\/\/tvnova.tv.br\/jornalfatonovo\/","logo":{"@type":"ImageObject","inLanguage":"pt-BR","@id":"https:\/\/tvnova.tv.br\/jornalfatonovo\/#\/schema\/logo\/image\/","url":"https:\/\/tvnova.tv.br\/jornalfatonovo1\/wp-content\/uploads\/2023\/04\/FATO-NOVO-1.png","contentUrl":"https:\/\/tvnova.tv.br\/jornalfatonovo1\/wp-content\/uploads\/2023\/04\/FATO-NOVO-1.png","width":200,"height":60,"caption":"Jornal Fato Novo"},"image":{"@id":"https:\/\/tvnova.tv.br\/jornalfatonovo\/#\/schema\/logo\/image\/"},"sameAs":["https:\/\/www.facebook.com\/tvnovanordeste\/","https:\/\/x.com\/tvnovanordeste","https:\/\/www.instagram.com\/jornalfatonovope\/"]},{"@type":"Person","@id":"https:\/\/tvnova.tv.br\/jornalfatonovo\/#\/schema\/person\/c861a58e2ce361fc3f17006d718686aa","name":"gabriel","url":"https:\/\/tvnova.tv.br\/jornalfatonovo\/author\/gabriel\/"}]}},"_links":{"self":[{"href":"https:\/\/tvnova.tv.br\/jornalfatonovo\/wp-json\/wp\/v2\/posts\/22620","targetHints":{"allow":["GET"]}}],"collection":[{"href":"https:\/\/tvnova.tv.br\/jornalfatonovo\/wp-json\/wp\/v2\/posts"}],"about":[{"href":"https:\/\/tvnova.tv.br\/jornalfatonovo\/wp-json\/wp\/v2\/types\/post"}],"author":[{"embeddable":true,"href":"https:\/\/tvnova.tv.br\/jornalfatonovo\/wp-json\/wp\/v2\/users\/5"}],"replies":[{"embeddable":true,"href":"https:\/\/tvnova.tv.br\/jornalfatonovo\/wp-json\/wp\/v2\/comments?post=22620"}],"version-history":[{"count":1,"href":"https:\/\/tvnova.tv.br\/jornalfatonovo\/wp-json\/wp\/v2\/posts\/22620\/revisions"}],"predecessor-version":[{"id":22621,"href":"https:\/\/tvnova.tv.br\/jornalfatonovo\/wp-json\/wp\/v2\/posts\/22620\/revisions\/22621"}],"wp:featuredmedia":[{"embeddable":true,"href":"https:\/\/tvnova.tv.br\/jornalfatonovo\/wp-json\/wp\/v2\/media\/22622"}],"wp:attachment":[{"href":"https:\/\/tvnova.tv.br\/jornalfatonovo\/wp-json\/wp\/v2\/media?parent=22620"}],"wp:term":[{"taxonomy":"category","embeddable":true,"href":"https:\/\/tvnova.tv.br\/jornalfatonovo\/wp-json\/wp\/v2\/categories?post=22620"},{"taxonomy":"post_tag","embeddable":true,"href":"https:\/\/tvnova.tv.br\/jornalfatonovo\/wp-json\/wp\/v2\/tags?post=22620"},{"taxonomy":"cores-categorias","embeddable":true,"href":"https:\/\/tvnova.tv.br\/jornalfatonovo\/wp-json\/wp\/v2\/cores-categorias?post=22620"}],"curies":[{"name":"wp","href":"https:\/\/api.w.org\/{rel}","templated":true}]}}