{"id":22638,"date":"2025-05-16T21:23:47","date_gmt":"2025-05-17T00:23:47","guid":{"rendered":"https:\/\/tvnova.tv.br\/jornalfatonovo\/?p=22638"},"modified":"2025-05-16T21:24:22","modified_gmt":"2025-05-17T00:24:22","slug":"exposicao-no-tst-celebra-10-anos-da-pec-das-domesticas-e-propoe-imersao-na-luta-historica-por-direitos-e-dignidade","status":"publish","type":"post","link":"https:\/\/tvnova.tv.br\/jornalfatonovo\/exposicao-no-tst-celebra-10-anos-da-pec-das-domesticas-e-propoe-imersao-na-luta-historica-por-direitos-e-dignidade\/","title":{"rendered":"Exposi\u00e7\u00e3o no TST celebra 10 anos da PEC das Dom\u00e9sticas e prop\u00f5e imers\u00e3o na luta hist\u00f3rica por direitos e dignidade"},"content":{"rendered":"<p>Na pr\u00f3xima ter\u00e7a-feira (20), o Tribunal Superior do Trabalho inaugura a exposi\u00e7\u00e3o\u00a0<strong>\u201cTrabalho Invis\u00edvel, Conquistas Vis\u00edveis: a longa marcha das empregadas dom\u00e9sticas por direitos e dignidade\u201d<\/strong>, como parte da Semana da Mem\u00f3ria. A mostra celebra os 10 anos da regulamenta\u00e7\u00e3o da PEC das Dom\u00e9sticas e prop\u00f5e uma experi\u00eancia sensorial e educativa que resgata a trajet\u00f3ria de uma das categorias mais numerosas \u2014 e historicamente mais negligenciadas \u2014 do pa\u00eds. O evento ser\u00e1 realizado \u00e0s 11h, no mezanino do bloco A do TST.<\/p>\n<p>Mais do que apresentar dados e documentos, a exposi\u00e7\u00e3o convida o p\u00fablico a mergulhar em quase um s\u00e9culo de mobiliza\u00e7\u00e3o por reconhecimento e igualdade de direitos. A narrativa come\u00e7a nos anos 1930, com a cria\u00e7\u00e3o da primeira associa\u00e7\u00e3o formal de empregadas dom\u00e9sticas, em Santos (SP), liderada por Laudelina de Campos Melo, e percorre marcos como a Constitui\u00e7\u00e3o de 1988, a aprova\u00e7\u00e3o da PEC em 2013 e sua regulamenta\u00e7\u00e3o em 2015.<\/p>\n<p>\u201c\u00c9 uma exposi\u00e7\u00e3o diferente, que procura tocar o visitante n\u00e3o apenas com informa\u00e7\u00e3o, mas com empatia\u201d, explica o\u00a0coordenador da Gest\u00e3o Documental e Mem\u00f3ria do TST, Reginaldo Matos. \u201cA inten\u00e7\u00e3o \u00e9 fazer com que se perceba a dimens\u00e3o hist\u00f3rica, social e humana dessa conquista. O trabalho dom\u00e9stico sempre esteve presente nos lares brasileiros, mas por muito tempo esteve ausente das garantias b\u00e1sicas previstas na legisla\u00e7\u00e3o.\u201d<\/p>\n<p>&nbsp;<\/p>\n<p><strong>Um olhar sens\u00edvel e interativo<\/strong><\/p>\n<p>A exposi\u00e7\u00e3o \u00e9 dividida em ambientes que estimulam a reflex\u00e3o. Entre os destaques est\u00e3o:<\/p>\n<ul>\n<li><strong>Travessia hist\u00f3rica<\/strong>, com um t\u00fanel de paineis que percorrem os marcos legais e sociais da luta da categoria;<\/li>\n<li><strong>Espa\u00e7o imersivo<\/strong>, que contrap\u00f5e visualmente as condi\u00e7\u00f5es de trabalho antes e depois da PEC;<\/li>\n<li><strong>Painel girat\u00f3rio<\/strong>, com frases impactantes de trabalhadoras dom\u00e9sticas;<\/li>\n<li><strong>Pain\u00e9is tem\u00e1ticos<\/strong>, que abordam o trabalho dom\u00e9stico infantil e as a\u00e7\u00f5es da Justi\u00e7a do Trabalho para combat\u00ea-lo;<\/li>\n<li><strong>Totem digital interativo<\/strong>, com v\u00eddeos, cartilhas e an\u00fancios antigos de jornais, revelando como essa ocupa\u00e7\u00e3o foi tratada ao longo das d\u00e9cadas;<\/li>\n<li><strong>Painel de document\u00e1rios<\/strong>, com relatos em v\u00eddeo de mulheres que viveram a hist\u00f3ria da conquista de direitos.<\/li>\n<\/ul>\n<p><strong>O impacto da regulamenta\u00e7\u00e3o<\/strong><\/p>\n<p>A PEC das Dom\u00e9sticas (PEC 72\/2013), aprovada em abril de 2013 e regulamentada pela Lei Complementar 150 em 2015, foi um divisor de \u00e1guas ao equiparar os direitos das trabalhadoras dom\u00e9sticas aos dos demais trabalhadores formais. Entre os avan\u00e7os est\u00e3o a jornada de 44 horas semanais, FGTS obrigat\u00f3rio, pagamento de horas extras, adicional noturno, seguro-desemprego e indeniza\u00e7\u00e3o por dispensa sem justa causa.<\/p>\n<p>&nbsp;<\/p>\n<p><strong>PEC das dom\u00e9sticas e a Justi\u00e7a do Trabalho<\/strong><\/p>\n<p>Essa transforma\u00e7\u00e3o legal teve impacto direto na Justi\u00e7a do Trabalho. Em 2013, ano de aprova\u00e7\u00e3o da PEC, foram registradas 27.164 a\u00e7\u00f5es trabalhistas envolvendo empregadores dom\u00e9sticos. O n\u00famero cresceu ano ap\u00f3s ano, atingindo o pico em 2017, com 48.972 a\u00e7\u00f5es. A partir de 2019, iniciou-se uma queda no volume. Em 2022, foram 33.803 novas a\u00e7\u00f5es. Em 2024, o n\u00famero voltou a crescer, alcan\u00e7ando 39.152 processos.<\/p>\n<p>&nbsp;<\/p>\n<p><strong>Ainda existem desafios<\/strong><\/p>\n<p>De acordo com a Pesquisa Nacional por Amostra de Domic\u00edlios (Pnad) de dezembro de 2023, o Brasil tem hoje 6,08 milh\u00f5es de trabalhadores dom\u00e9sticos, dos quais 91,1% s\u00e3o mulheres \u2014 a maioria, negras. A idade m\u00e9dia \u00e9 de 49 anos, e o v\u00ednculo informal ainda predomina. Isso evidencia que, mesmo ap\u00f3s uma d\u00e9cada da regulamenta\u00e7\u00e3o, os desafios continuam.<\/p>\n<p>A exposi\u00e7\u00e3o \u00e9 um tributo \u00e0 resist\u00eancia e \u00e0 for\u00e7a dessas mulheres. Tamb\u00e9m \u00e9 um lembrete de que a luta pela valoriza\u00e7\u00e3o do trabalho dom\u00e9stico \u2014 muitas vezes invisibilizado \u2014 ainda precisa ocupar espa\u00e7o no debate p\u00fablico.<\/p>\n<p>&nbsp;<\/p>\n<p>A mostra estar\u00e1 aberta ao p\u00fablico de 20 de maio ao dia 20 de junho com entrada gratuita.<\/p>\n","protected":false},"excerpt":{"rendered":"<p>Na pr\u00f3xima ter\u00e7a-feira (20), o Tribunal Superior do Trabalho inaugura a exposi\u00e7\u00e3o\u00a0\u201cTrabalho Invis\u00edvel, Conquistas Vis\u00edveis: a longa marcha das empregadas dom\u00e9sticas por direitos e dignidade\u201d, como parte da Semana da Mem\u00f3ria. A mostra celebra os 10 anos da regulamenta\u00e7\u00e3o da PEC das Dom\u00e9sticas e prop\u00f5e uma experi\u00eancia sensorial e educativa que resgata a trajet\u00f3ria de [&hellip;]<\/p>\n","protected":false},"author":5,"featured_media":22639,"comment_status":"closed","ping_status":"","sticky":false,"template":"","format":"standard","meta":{"footnotes":""},"categories":[1],"tags":[],"cores-categorias":[],"class_list":["post-22638","post","type-post","status-publish","format-standard","has-post-thumbnail","hentry","category-cidades"],"yoast_head":"<!-- This site is optimized with the Yoast SEO plugin v27.2 - https:\/\/yoast.com\/product\/yoast-seo-wordpress\/ -->\n<title>Exposi\u00e7\u00e3o no TST celebra 10 anos da PEC das Dom\u00e9sticas e prop\u00f5e imers\u00e3o na luta hist\u00f3rica por direitos e dignidade - Jornal Fato Novo<\/title>\n<meta name=\"robots\" content=\"index, follow, max-snippet:-1, max-image-preview:large, max-video-preview:-1\" \/>\n<link rel=\"canonical\" href=\"https:\/\/tvnova.tv.br\/jornalfatonovo\/exposicao-no-tst-celebra-10-anos-da-pec-das-domesticas-e-propoe-imersao-na-luta-historica-por-direitos-e-dignidade\/\" \/>\n<meta property=\"og:locale\" content=\"pt_BR\" \/>\n<meta property=\"og:type\" content=\"article\" \/>\n<meta property=\"og:title\" content=\"Exposi\u00e7\u00e3o no TST celebra 10 anos da PEC das Dom\u00e9sticas e prop\u00f5e imers\u00e3o na luta hist\u00f3rica por direitos e dignidade - Jornal Fato Novo\" \/>\n<meta property=\"og:description\" content=\"Na pr\u00f3xima ter\u00e7a-feira (20), o Tribunal Superior do Trabalho inaugura a exposi\u00e7\u00e3o\u00a0\u201cTrabalho Invis\u00edvel, Conquistas Vis\u00edveis: a longa marcha das empregadas dom\u00e9sticas por direitos e dignidade\u201d, como parte da Semana da Mem\u00f3ria. A mostra celebra os 10 anos da regulamenta\u00e7\u00e3o da PEC das Dom\u00e9sticas e prop\u00f5e uma experi\u00eancia sensorial e educativa que resgata a trajet\u00f3ria de [&hellip;]\" \/>\n<meta property=\"og:url\" content=\"https:\/\/tvnova.tv.br\/jornalfatonovo\/exposicao-no-tst-celebra-10-anos-da-pec-das-domesticas-e-propoe-imersao-na-luta-historica-por-direitos-e-dignidade\/\" \/>\n<meta property=\"og:site_name\" content=\"Jornal Fato Novo\" \/>\n<meta property=\"article:publisher\" content=\"https:\/\/www.facebook.com\/tvnovanordeste\/\" \/>\n<meta property=\"article:published_time\" content=\"2025-05-17T00:23:47+00:00\" \/>\n<meta property=\"article:modified_time\" content=\"2025-05-17T00:24:22+00:00\" \/>\n<meta name=\"author\" content=\"gabriel\" \/>\n<meta name=\"twitter:card\" content=\"summary_large_image\" \/>\n<meta name=\"twitter:creator\" content=\"@tvnovanordeste\" \/>\n<meta name=\"twitter:site\" content=\"@tvnovanordeste\" \/>\n<meta name=\"twitter:label1\" content=\"Escrito por\" \/>\n\t<meta name=\"twitter:data1\" content=\"gabriel\" \/>\n\t<meta name=\"twitter:label2\" content=\"Est. tempo de leitura\" \/>\n\t<meta name=\"twitter:data2\" content=\"3 minutos\" \/>\n<script type=\"application\/ld+json\" class=\"yoast-schema-graph\">{\"@context\":\"https:\/\/schema.org\",\"@graph\":[{\"@type\":\"Article\",\"@id\":\"https:\/\/tvnova.tv.br\/jornalfatonovo\/exposicao-no-tst-celebra-10-anos-da-pec-das-domesticas-e-propoe-imersao-na-luta-historica-por-direitos-e-dignidade\/#article\",\"isPartOf\":{\"@id\":\"https:\/\/tvnova.tv.br\/jornalfatonovo\/exposicao-no-tst-celebra-10-anos-da-pec-das-domesticas-e-propoe-imersao-na-luta-historica-por-direitos-e-dignidade\/\"},\"author\":{\"name\":\"gabriel\",\"@id\":\"https:\/\/tvnova.tv.br\/jornalfatonovo\/#\/schema\/person\/c861a58e2ce361fc3f17006d718686aa\"},\"headline\":\"Exposi\u00e7\u00e3o no TST celebra 10 anos da PEC das Dom\u00e9sticas e prop\u00f5e imers\u00e3o na luta hist\u00f3rica por direitos e dignidade\",\"datePublished\":\"2025-05-17T00:23:47+00:00\",\"dateModified\":\"2025-05-17T00:24:22+00:00\",\"mainEntityOfPage\":{\"@id\":\"https:\/\/tvnova.tv.br\/jornalfatonovo\/exposicao-no-tst-celebra-10-anos-da-pec-das-domesticas-e-propoe-imersao-na-luta-historica-por-direitos-e-dignidade\/\"},\"wordCount\":671,\"publisher\":{\"@id\":\"https:\/\/tvnova.tv.br\/jornalfatonovo\/#organization\"},\"image\":{\"@id\":\"https:\/\/tvnova.tv.br\/jornalfatonovo\/exposicao-no-tst-celebra-10-anos-da-pec-das-domesticas-e-propoe-imersao-na-luta-historica-por-direitos-e-dignidade\/#primaryimage\"},\"thumbnailUrl\":\"https:\/\/tvnova.tv.br\/jornalfatonovo\/wp-content\/uploads\/2025\/05\/PIXBAY.jpg\",\"articleSection\":[\"Cidades\"],\"inLanguage\":\"pt-BR\"},{\"@type\":\"WebPage\",\"@id\":\"https:\/\/tvnova.tv.br\/jornalfatonovo\/exposicao-no-tst-celebra-10-anos-da-pec-das-domesticas-e-propoe-imersao-na-luta-historica-por-direitos-e-dignidade\/\",\"url\":\"https:\/\/tvnova.tv.br\/jornalfatonovo\/exposicao-no-tst-celebra-10-anos-da-pec-das-domesticas-e-propoe-imersao-na-luta-historica-por-direitos-e-dignidade\/\",\"name\":\"Exposi\u00e7\u00e3o no TST celebra 10 anos da PEC das Dom\u00e9sticas e prop\u00f5e imers\u00e3o na luta hist\u00f3rica por direitos e dignidade - Jornal Fato Novo\",\"isPartOf\":{\"@id\":\"https:\/\/tvnova.tv.br\/jornalfatonovo\/#website\"},\"primaryImageOfPage\":{\"@id\":\"https:\/\/tvnova.tv.br\/jornalfatonovo\/exposicao-no-tst-celebra-10-anos-da-pec-das-domesticas-e-propoe-imersao-na-luta-historica-por-direitos-e-dignidade\/#primaryimage\"},\"image\":{\"@id\":\"https:\/\/tvnova.tv.br\/jornalfatonovo\/exposicao-no-tst-celebra-10-anos-da-pec-das-domesticas-e-propoe-imersao-na-luta-historica-por-direitos-e-dignidade\/#primaryimage\"},\"thumbnailUrl\":\"https:\/\/tvnova.tv.br\/jornalfatonovo\/wp-content\/uploads\/2025\/05\/PIXBAY.jpg\",\"datePublished\":\"2025-05-17T00:23:47+00:00\",\"dateModified\":\"2025-05-17T00:24:22+00:00\",\"breadcrumb\":{\"@id\":\"https:\/\/tvnova.tv.br\/jornalfatonovo\/exposicao-no-tst-celebra-10-anos-da-pec-das-domesticas-e-propoe-imersao-na-luta-historica-por-direitos-e-dignidade\/#breadcrumb\"},\"inLanguage\":\"pt-BR\",\"potentialAction\":[{\"@type\":\"ReadAction\",\"target\":[\"https:\/\/tvnova.tv.br\/jornalfatonovo\/exposicao-no-tst-celebra-10-anos-da-pec-das-domesticas-e-propoe-imersao-na-luta-historica-por-direitos-e-dignidade\/\"]}]},{\"@type\":\"ImageObject\",\"inLanguage\":\"pt-BR\",\"@id\":\"https:\/\/tvnova.tv.br\/jornalfatonovo\/exposicao-no-tst-celebra-10-anos-da-pec-das-domesticas-e-propoe-imersao-na-luta-historica-por-direitos-e-dignidade\/#primaryimage\",\"url\":\"https:\/\/tvnova.tv.br\/jornalfatonovo\/wp-content\/uploads\/2025\/05\/PIXBAY.jpg\",\"contentUrl\":\"https:\/\/tvnova.tv.br\/jornalfatonovo\/wp-content\/uploads\/2025\/05\/PIXBAY.jpg\",\"width\":800,\"height\":520},{\"@type\":\"BreadcrumbList\",\"@id\":\"https:\/\/tvnova.tv.br\/jornalfatonovo\/exposicao-no-tst-celebra-10-anos-da-pec-das-domesticas-e-propoe-imersao-na-luta-historica-por-direitos-e-dignidade\/#breadcrumb\",\"itemListElement\":[{\"@type\":\"ListItem\",\"position\":1,\"name\":\"In\u00edcio\",\"item\":\"https:\/\/tvnova.tv.br\/jornalfatonovo\/\"},{\"@type\":\"ListItem\",\"position\":2,\"name\":\"Exposi\u00e7\u00e3o no TST celebra 10 anos da PEC das Dom\u00e9sticas e prop\u00f5e imers\u00e3o na luta hist\u00f3rica por direitos e dignidade\"}]},{\"@type\":\"WebSite\",\"@id\":\"https:\/\/tvnova.tv.br\/jornalfatonovo\/#website\",\"url\":\"https:\/\/tvnova.tv.br\/jornalfatonovo\/\",\"name\":\"Jornal Fato Novo\",\"description\":\"Acompanhe as not\u00edcias de Pernambuco\",\"publisher\":{\"@id\":\"https:\/\/tvnova.tv.br\/jornalfatonovo\/#organization\"},\"potentialAction\":[{\"@type\":\"SearchAction\",\"target\":{\"@type\":\"EntryPoint\",\"urlTemplate\":\"https:\/\/tvnova.tv.br\/jornalfatonovo\/?s={search_term_string}\"},\"query-input\":{\"@type\":\"PropertyValueSpecification\",\"valueRequired\":true,\"valueName\":\"search_term_string\"}}],\"inLanguage\":\"pt-BR\"},{\"@type\":\"Organization\",\"@id\":\"https:\/\/tvnova.tv.br\/jornalfatonovo\/#organization\",\"name\":\"Jornal Fato Novo\",\"url\":\"https:\/\/tvnova.tv.br\/jornalfatonovo\/\",\"logo\":{\"@type\":\"ImageObject\",\"inLanguage\":\"pt-BR\",\"@id\":\"https:\/\/tvnova.tv.br\/jornalfatonovo\/#\/schema\/logo\/image\/\",\"url\":\"https:\/\/tvnova.tv.br\/jornalfatonovo1\/wp-content\/uploads\/2023\/04\/FATO-NOVO-1.png\",\"contentUrl\":\"https:\/\/tvnova.tv.br\/jornalfatonovo1\/wp-content\/uploads\/2023\/04\/FATO-NOVO-1.png\",\"width\":200,\"height\":60,\"caption\":\"Jornal Fato Novo\"},\"image\":{\"@id\":\"https:\/\/tvnova.tv.br\/jornalfatonovo\/#\/schema\/logo\/image\/\"},\"sameAs\":[\"https:\/\/www.facebook.com\/tvnovanordeste\/\",\"https:\/\/x.com\/tvnovanordeste\",\"https:\/\/www.instagram.com\/jornalfatonovope\/\"]},{\"@type\":\"Person\",\"@id\":\"https:\/\/tvnova.tv.br\/jornalfatonovo\/#\/schema\/person\/c861a58e2ce361fc3f17006d718686aa\",\"name\":\"gabriel\",\"url\":\"https:\/\/tvnova.tv.br\/jornalfatonovo\/author\/gabriel\/\"}]}<\/script>\n<!-- \/ Yoast SEO plugin. -->","yoast_head_json":{"title":"Exposi\u00e7\u00e3o no TST celebra 10 anos da PEC das Dom\u00e9sticas e prop\u00f5e imers\u00e3o na luta hist\u00f3rica por direitos e dignidade - Jornal Fato Novo","robots":{"index":"index","follow":"follow","max-snippet":"max-snippet:-1","max-image-preview":"max-image-preview:large","max-video-preview":"max-video-preview:-1"},"canonical":"https:\/\/tvnova.tv.br\/jornalfatonovo\/exposicao-no-tst-celebra-10-anos-da-pec-das-domesticas-e-propoe-imersao-na-luta-historica-por-direitos-e-dignidade\/","og_locale":"pt_BR","og_type":"article","og_title":"Exposi\u00e7\u00e3o no TST celebra 10 anos da PEC das Dom\u00e9sticas e prop\u00f5e imers\u00e3o na luta hist\u00f3rica por direitos e dignidade - Jornal Fato Novo","og_description":"Na pr\u00f3xima ter\u00e7a-feira (20), o Tribunal Superior do Trabalho inaugura a exposi\u00e7\u00e3o\u00a0\u201cTrabalho Invis\u00edvel, Conquistas Vis\u00edveis: a longa marcha das empregadas dom\u00e9sticas por direitos e dignidade\u201d, como parte da Semana da Mem\u00f3ria. A mostra celebra os 10 anos da regulamenta\u00e7\u00e3o da PEC das Dom\u00e9sticas e prop\u00f5e uma experi\u00eancia sensorial e educativa que resgata a trajet\u00f3ria de [&hellip;]","og_url":"https:\/\/tvnova.tv.br\/jornalfatonovo\/exposicao-no-tst-celebra-10-anos-da-pec-das-domesticas-e-propoe-imersao-na-luta-historica-por-direitos-e-dignidade\/","og_site_name":"Jornal Fato Novo","article_publisher":"https:\/\/www.facebook.com\/tvnovanordeste\/","article_published_time":"2025-05-17T00:23:47+00:00","article_modified_time":"2025-05-17T00:24:22+00:00","author":"gabriel","twitter_card":"summary_large_image","twitter_creator":"@tvnovanordeste","twitter_site":"@tvnovanordeste","twitter_misc":{"Escrito por":"gabriel","Est. tempo de leitura":"3 minutos"},"schema":{"@context":"https:\/\/schema.org","@graph":[{"@type":"Article","@id":"https:\/\/tvnova.tv.br\/jornalfatonovo\/exposicao-no-tst-celebra-10-anos-da-pec-das-domesticas-e-propoe-imersao-na-luta-historica-por-direitos-e-dignidade\/#article","isPartOf":{"@id":"https:\/\/tvnova.tv.br\/jornalfatonovo\/exposicao-no-tst-celebra-10-anos-da-pec-das-domesticas-e-propoe-imersao-na-luta-historica-por-direitos-e-dignidade\/"},"author":{"name":"gabriel","@id":"https:\/\/tvnova.tv.br\/jornalfatonovo\/#\/schema\/person\/c861a58e2ce361fc3f17006d718686aa"},"headline":"Exposi\u00e7\u00e3o no TST celebra 10 anos da PEC das Dom\u00e9sticas e prop\u00f5e imers\u00e3o na luta hist\u00f3rica por direitos e dignidade","datePublished":"2025-05-17T00:23:47+00:00","dateModified":"2025-05-17T00:24:22+00:00","mainEntityOfPage":{"@id":"https:\/\/tvnova.tv.br\/jornalfatonovo\/exposicao-no-tst-celebra-10-anos-da-pec-das-domesticas-e-propoe-imersao-na-luta-historica-por-direitos-e-dignidade\/"},"wordCount":671,"publisher":{"@id":"https:\/\/tvnova.tv.br\/jornalfatonovo\/#organization"},"image":{"@id":"https:\/\/tvnova.tv.br\/jornalfatonovo\/exposicao-no-tst-celebra-10-anos-da-pec-das-domesticas-e-propoe-imersao-na-luta-historica-por-direitos-e-dignidade\/#primaryimage"},"thumbnailUrl":"https:\/\/tvnova.tv.br\/jornalfatonovo\/wp-content\/uploads\/2025\/05\/PIXBAY.jpg","articleSection":["Cidades"],"inLanguage":"pt-BR"},{"@type":"WebPage","@id":"https:\/\/tvnova.tv.br\/jornalfatonovo\/exposicao-no-tst-celebra-10-anos-da-pec-das-domesticas-e-propoe-imersao-na-luta-historica-por-direitos-e-dignidade\/","url":"https:\/\/tvnova.tv.br\/jornalfatonovo\/exposicao-no-tst-celebra-10-anos-da-pec-das-domesticas-e-propoe-imersao-na-luta-historica-por-direitos-e-dignidade\/","name":"Exposi\u00e7\u00e3o no TST celebra 10 anos da PEC das Dom\u00e9sticas e prop\u00f5e imers\u00e3o na luta hist\u00f3rica por direitos e dignidade - Jornal Fato Novo","isPartOf":{"@id":"https:\/\/tvnova.tv.br\/jornalfatonovo\/#website"},"primaryImageOfPage":{"@id":"https:\/\/tvnova.tv.br\/jornalfatonovo\/exposicao-no-tst-celebra-10-anos-da-pec-das-domesticas-e-propoe-imersao-na-luta-historica-por-direitos-e-dignidade\/#primaryimage"},"image":{"@id":"https:\/\/tvnova.tv.br\/jornalfatonovo\/exposicao-no-tst-celebra-10-anos-da-pec-das-domesticas-e-propoe-imersao-na-luta-historica-por-direitos-e-dignidade\/#primaryimage"},"thumbnailUrl":"https:\/\/tvnova.tv.br\/jornalfatonovo\/wp-content\/uploads\/2025\/05\/PIXBAY.jpg","datePublished":"2025-05-17T00:23:47+00:00","dateModified":"2025-05-17T00:24:22+00:00","breadcrumb":{"@id":"https:\/\/tvnova.tv.br\/jornalfatonovo\/exposicao-no-tst-celebra-10-anos-da-pec-das-domesticas-e-propoe-imersao-na-luta-historica-por-direitos-e-dignidade\/#breadcrumb"},"inLanguage":"pt-BR","potentialAction":[{"@type":"ReadAction","target":["https:\/\/tvnova.tv.br\/jornalfatonovo\/exposicao-no-tst-celebra-10-anos-da-pec-das-domesticas-e-propoe-imersao-na-luta-historica-por-direitos-e-dignidade\/"]}]},{"@type":"ImageObject","inLanguage":"pt-BR","@id":"https:\/\/tvnova.tv.br\/jornalfatonovo\/exposicao-no-tst-celebra-10-anos-da-pec-das-domesticas-e-propoe-imersao-na-luta-historica-por-direitos-e-dignidade\/#primaryimage","url":"https:\/\/tvnova.tv.br\/jornalfatonovo\/wp-content\/uploads\/2025\/05\/PIXBAY.jpg","contentUrl":"https:\/\/tvnova.tv.br\/jornalfatonovo\/wp-content\/uploads\/2025\/05\/PIXBAY.jpg","width":800,"height":520},{"@type":"BreadcrumbList","@id":"https:\/\/tvnova.tv.br\/jornalfatonovo\/exposicao-no-tst-celebra-10-anos-da-pec-das-domesticas-e-propoe-imersao-na-luta-historica-por-direitos-e-dignidade\/#breadcrumb","itemListElement":[{"@type":"ListItem","position":1,"name":"In\u00edcio","item":"https:\/\/tvnova.tv.br\/jornalfatonovo\/"},{"@type":"ListItem","position":2,"name":"Exposi\u00e7\u00e3o no TST celebra 10 anos da PEC das Dom\u00e9sticas e prop\u00f5e imers\u00e3o na luta hist\u00f3rica por direitos e dignidade"}]},{"@type":"WebSite","@id":"https:\/\/tvnova.tv.br\/jornalfatonovo\/#website","url":"https:\/\/tvnova.tv.br\/jornalfatonovo\/","name":"Jornal Fato Novo","description":"Acompanhe as not\u00edcias de Pernambuco","publisher":{"@id":"https:\/\/tvnova.tv.br\/jornalfatonovo\/#organization"},"potentialAction":[{"@type":"SearchAction","target":{"@type":"EntryPoint","urlTemplate":"https:\/\/tvnova.tv.br\/jornalfatonovo\/?s={search_term_string}"},"query-input":{"@type":"PropertyValueSpecification","valueRequired":true,"valueName":"search_term_string"}}],"inLanguage":"pt-BR"},{"@type":"Organization","@id":"https:\/\/tvnova.tv.br\/jornalfatonovo\/#organization","name":"Jornal Fato Novo","url":"https:\/\/tvnova.tv.br\/jornalfatonovo\/","logo":{"@type":"ImageObject","inLanguage":"pt-BR","@id":"https:\/\/tvnova.tv.br\/jornalfatonovo\/#\/schema\/logo\/image\/","url":"https:\/\/tvnova.tv.br\/jornalfatonovo1\/wp-content\/uploads\/2023\/04\/FATO-NOVO-1.png","contentUrl":"https:\/\/tvnova.tv.br\/jornalfatonovo1\/wp-content\/uploads\/2023\/04\/FATO-NOVO-1.png","width":200,"height":60,"caption":"Jornal Fato Novo"},"image":{"@id":"https:\/\/tvnova.tv.br\/jornalfatonovo\/#\/schema\/logo\/image\/"},"sameAs":["https:\/\/www.facebook.com\/tvnovanordeste\/","https:\/\/x.com\/tvnovanordeste","https:\/\/www.instagram.com\/jornalfatonovope\/"]},{"@type":"Person","@id":"https:\/\/tvnova.tv.br\/jornalfatonovo\/#\/schema\/person\/c861a58e2ce361fc3f17006d718686aa","name":"gabriel","url":"https:\/\/tvnova.tv.br\/jornalfatonovo\/author\/gabriel\/"}]}},"_links":{"self":[{"href":"https:\/\/tvnova.tv.br\/jornalfatonovo\/wp-json\/wp\/v2\/posts\/22638","targetHints":{"allow":["GET"]}}],"collection":[{"href":"https:\/\/tvnova.tv.br\/jornalfatonovo\/wp-json\/wp\/v2\/posts"}],"about":[{"href":"https:\/\/tvnova.tv.br\/jornalfatonovo\/wp-json\/wp\/v2\/types\/post"}],"author":[{"embeddable":true,"href":"https:\/\/tvnova.tv.br\/jornalfatonovo\/wp-json\/wp\/v2\/users\/5"}],"replies":[{"embeddable":true,"href":"https:\/\/tvnova.tv.br\/jornalfatonovo\/wp-json\/wp\/v2\/comments?post=22638"}],"version-history":[{"count":1,"href":"https:\/\/tvnova.tv.br\/jornalfatonovo\/wp-json\/wp\/v2\/posts\/22638\/revisions"}],"predecessor-version":[{"id":22640,"href":"https:\/\/tvnova.tv.br\/jornalfatonovo\/wp-json\/wp\/v2\/posts\/22638\/revisions\/22640"}],"wp:featuredmedia":[{"embeddable":true,"href":"https:\/\/tvnova.tv.br\/jornalfatonovo\/wp-json\/wp\/v2\/media\/22639"}],"wp:attachment":[{"href":"https:\/\/tvnova.tv.br\/jornalfatonovo\/wp-json\/wp\/v2\/media?parent=22638"}],"wp:term":[{"taxonomy":"category","embeddable":true,"href":"https:\/\/tvnova.tv.br\/jornalfatonovo\/wp-json\/wp\/v2\/categories?post=22638"},{"taxonomy":"post_tag","embeddable":true,"href":"https:\/\/tvnova.tv.br\/jornalfatonovo\/wp-json\/wp\/v2\/tags?post=22638"},{"taxonomy":"cores-categorias","embeddable":true,"href":"https:\/\/tvnova.tv.br\/jornalfatonovo\/wp-json\/wp\/v2\/cores-categorias?post=22638"}],"curies":[{"name":"wp","href":"https:\/\/api.w.org\/{rel}","templated":true}]}}