{"id":22641,"date":"2025-05-17T15:21:20","date_gmt":"2025-05-17T18:21:20","guid":{"rendered":"https:\/\/tvnova.tv.br\/jornalfatonovo\/?p=22641"},"modified":"2025-05-17T15:21:43","modified_gmt":"2025-05-17T18:21:43","slug":"campanha-do-novo-cais-traduz-o-recife-em-sua-essencia-multiplo-vivo-e-memoravel","status":"publish","type":"post","link":"https:\/\/tvnova.tv.br\/jornalfatonovo\/campanha-do-novo-cais-traduz-o-recife-em-sua-essencia-multiplo-vivo-e-memoravel\/","title":{"rendered":"Campanha do Novo Cais traduz o Recife em sua ess\u00eancia: m\u00faltiplo, vivo e memor\u00e1vel"},"content":{"rendered":"<p style=\"font-weight: 400\">Recuperar, retornar, reescrever. O Novo Cais representa o renascimento de um dos territ\u00f3rios mais simb\u00f3licos, emblem\u00e1ticos e afetivos do Recife, carregando d\u00e9cadas de mem\u00f3ria coletiva \u2013 o antigo Cais Jos\u00e9 Estelita \u2013, agora transformado em eixo de desenvolvimento urbano no cora\u00e7\u00e3o da cidade, um novo destino de moradia, com\u00e9rcio e lazer que surge no cora\u00e7\u00e3o do Recife. Ele \u00e9 a retomada de uma identidade que marcou gera\u00e7\u00f5es e que agora se reinventa sem perder sua ess\u00eancia. Para traduzir essa reconex\u00e3o entre passado e futuro, diversidade e pertencimento, a Match criou campanha para Moura Dubeux \u2013 uma das maiores empresas do mercado de incorpora\u00e7\u00e3o e constru\u00e7\u00e3o civil brasileiro e respons\u00e1vel pela cria\u00e7\u00e3o e execu\u00e7\u00e3o do projeto \u2013 com o conceito \u201cUm lugar singular para uma cidade plural\u201d.<\/p>\n<p style=\"font-weight: 400\">Al\u00e9m da magnitude do projeto, havia um desafio central de comunica\u00e7\u00e3o: reinserir um marco urbano sem apagar sua hist\u00f3ria. A campanha precisaria refletir essa tens\u00e3o entre tradi\u00e7\u00e3o e renova\u00e7\u00e3o, entre o afeto constru\u00eddo ao longo do tempo e a vis\u00e3o de futuro que o Novo Cais prop\u00f5e. Tamb\u00e9m era essencial comunicar a singularidade do espa\u00e7o \u2013 suas caracter\u00edsticas \u00fanicas, sua proposta arquitet\u00f4nica e urban\u00edstica inovadora \u2013 e, ao mesmo tempo, dialogar com a pluralidade do Recife: sua gente, sua cultura, sua hist\u00f3ria e sua paisagem multifacetada.<\/p>\n<p style=\"font-weight: 400\">Foi esse olhar sobre a diversidade recifense que levou ao insight central da campanha: assim como o Recife acolhe m\u00faltiplas identidades, o Novo Cais foi concebido para ser palco de todas elas \u2013 um lugar que re\u00fane moradia, lazer, esporte, com\u00e9rcio e conviv\u00eancia com a paisagem, que se encontram e se potencializam mutuamente.<\/p>\n<p style=\"font-weight: 400\"><strong>Um novo marco para a cidade<\/strong>\u00a0&#8211; \u201cAl\u00e9m de entrega urban\u00edstica, o Nova Cais \u00e9 um marco emocional da capital. Desde o in\u00edcio, sab\u00edamos que comunicar esse ideal seria nosso desafio, pois o projeto transforma a cidade sem apagar sua hist\u00f3ria. Procuramos captar exatamente isso. O conceito &#8216;Um lugar singular para uma cidade plural&#8217; sintetiza o que ele representa, bem como consegue gerar identifica\u00e7\u00e3o imediata com o p\u00fablico recifense\u201d, explica Carlos Renato Rocha, s\u00f3cio da Match.<\/p>\n<p style=\"font-weight: 400\">\u201cO Novo Cais ser\u00e1 um marco que vai transformar a rela\u00e7\u00e3o do Recife com seu passado e seu futuro. A comunica\u00e7\u00e3o, com sensibilidade e criatividade, ajudou a traduzir a ess\u00eancia desse projeto, que resgata a hist\u00f3ria da cidade ao mesmo tempo em que projeta um novo horizonte para seus habitantes. Uma constru\u00e7\u00e3o que inspira e ressignifica o espa\u00e7o urbano, fortalecendo a identidade e o orgulho recifense\u201d, afirma Diego Vilar, CEO da Moura Dubeux.<\/p>\n<p style=\"font-weight: 400\">&#8220;Desde o in\u00edcio, entendemos que o grande desafio em comunicar o Novo Cais seria como transmitir a transforma\u00e7\u00e3o que ele traz para a cidade, sem perder a conex\u00e3o com sua hist\u00f3ria. O posicionamento &#8216;Um lugar singular para uma cidade plural&#8217; reflete exatamente esse equil\u00edbrio entre inova\u00e7\u00e3o e tradi\u00e7\u00e3o, destacando o impacto \u00fanico do projeto. A campanha foi cuidadosamente constru\u00edda para n\u00e3o apenas atrair visualmente, mas tamb\u00e9m para gerar identifica\u00e7\u00e3o e pertencimento com o p\u00fablico recifense, respeitando e valorizando a diversidade que torna o Recife um lugar singular&#8221;, completa Eduarda Dubeux, diretora Comercial, Marketing e CX da incorporadora e construtora.<\/p>\n<p style=\"font-weight: 400\"><strong>Um olhar sobre a diversidade recifense<\/strong>\u00a0&#8211; Com o Novo Cais, Recife retoma um de seus territ\u00f3rios mais emblem\u00e1ticos e d\u00e1 in\u00edcio a um novo cap\u00edtulo \u2013 moderno, vibrante e plural \u2013 reafirmando seu esp\u00edrito de cidade viva, m\u00faltipla e em constante transforma\u00e7\u00e3o. Em frente ao Rio Capibaribe, o Novo Cais surge como uma s\u00edntese urbana de tudo o que Recife representa: uma cidade hist\u00f3rica e cosmopolita, n\u00e1utica e urbana, popular e sofisticada. Sua arquitetura personalizada, aliada ao paisagismo assinado por Benedito Abbud, foi pensada para trazer conforto, bem-estar e modernidade \u00e0 regi\u00e3o. Com infraestrutura de alto padr\u00e3o, o projeto abrange apartamentos, salas comerciais, \u00e1reas de lazer, um parque p\u00fablico de 87 mil m\u00b2, ciclovias, fia\u00e7\u00e3o subterr\u00e2nea e alamedas que integram mobilidade e conviv\u00eancia. O VGV estimado ultrapassa R$ 2 bilh\u00f5es, reafirmando a Moura Dubeux como protagonista em empreendimentos transformadores.<\/p>\n<p style=\"font-weight: 400\">Foi esse olhar sobre a diversidade recifense que nos levou ao nosso insight central: assim como o Recife acolhe m\u00faltiplas identidades, o Novo Cais foi concebido para ser palco de todas elas \u2013 um lugar que re\u00fane moradia, lazer, esporte, com\u00e9rcio e conviv\u00eancia com a paisagem, que se encontram e se potencializam mutuamente.<\/p>\n<p style=\"font-weight: 400\"><strong>Estrat\u00e9gia para a publicidade<\/strong>\u00a0&#8211; A campanha aposta fortemente no impacto visual para atrair a aten\u00e7\u00e3o do p\u00fablico e estabelecer conex\u00e3o imediata com o projeto. A estrat\u00e9gia foi criar envolvimento por meio de mix de m\u00eddias de alta penetra\u00e7\u00e3o \u2013 como\u00a0<em>frontlights, outdoors, backbus<\/em>, rel\u00f3gios de rua, pain\u00e9is de LED e inser\u00e7\u00f5es em TV \u2013 que traduzem a modernidade do Novo Cais e refor\u00e7am seu sentimento de pertencimento \u00e0 cidade. As pe\u00e7as utilizam imagens em 3D do projeto para valorizar sua impon\u00eancia arquitet\u00f4nica e vis\u00e3o de futuro, enquanto os\u00a0<em>backbus<\/em>\u00a0e rel\u00f3gios urbanos garantem presen\u00e7a di\u00e1ria com pedestres, motoristas e ciclistas que circulam pela cidade.<\/p>\n<p style=\"font-weight: 400\">Para refor\u00e7ar a mensagem central, an\u00fancios duplos e pain\u00e9is LED alternam fotos a\u00e9reas da paisagem com retratos de recifenses reais, representando a pluralidade humana da cidade. A headline \u201cUm lugar singular para uma cidade plural\u201d aparece com destaque, sempre explorando o contraste tipogr\u00e1fico entre \u201csingular\u201d e \u201cplural\u201d para gerar impacto visual, fixa\u00e7\u00e3o e identifica\u00e7\u00e3o imediata com a proposta.<\/p>\n<p style=\"font-weight: 400\">Outro ponto de destaque pensado pela Match foi a logomarca do Novo Cais, que traduz visualmente o conceito do projeto: um asterisco formado por setas que convergem para um ponto central, representando o encontro de m\u00faltiplas dire\u00e7\u00f5es, hist\u00f3rias e identidades. Cada seta simboliza o Recife em sua diversidade \u2013 suas paisagens, pessoas e culturas \u2013 apontando para o Novo Cais como um lugar de movimento, conex\u00e3o e pertencimento, onde tudo e todos se encontram.<\/p>\n<p style=\"font-weight: 400\">\u201cCom esta campanha \u2013 seu conceito forte, execu\u00e7\u00e3o visual de alto impacto e foco na experi\u00eancia singular que s\u00f3 o Novo Cais pode oferecer \u2013, entregamos \u00e0 Moura Dubeux uma narrativa capaz de engajar clientes, investidores e a pr\u00f3pria cidade do Recife nesse projeto\u201d, conclui Maria Paula Londres, tamb\u00e9m s\u00f3cia da ag\u00eancia.<\/p>\n<p style=\"font-weight: 400\"><a href=\"https:\/\/youtu.be\/0LvMs5kSu90?si=EYsy8RsSK9wWIGDP\" data-saferedirecturl=\"https:\/\/www.google.com\/url?q=https:\/\/youtu.be\/0LvMs5kSu90?si%3DEYsy8RsSK9wWIGDP&amp;source=gmail&amp;ust=1747592353876000&amp;usg=AOvVaw0XMx3_rqKlE48locQIQmmS\">Clique aqui<\/a>\u00a0para assistir ao filme.<\/p>\n","protected":false},"excerpt":{"rendered":"<p>Recuperar, retornar, reescrever. O Novo Cais representa o renascimento de um dos territ\u00f3rios mais simb\u00f3licos, emblem\u00e1ticos e afetivos do Recife, carregando d\u00e9cadas de mem\u00f3ria coletiva \u2013 o antigo Cais Jos\u00e9 Estelita \u2013, agora transformado em eixo de desenvolvimento urbano no cora\u00e7\u00e3o da cidade, um novo destino de moradia, com\u00e9rcio e lazer que surge no cora\u00e7\u00e3o [&hellip;]<\/p>\n","protected":false},"author":5,"featured_media":22642,"comment_status":"closed","ping_status":"","sticky":false,"template":"","format":"standard","meta":{"footnotes":""},"categories":[1],"tags":[],"cores-categorias":[],"class_list":["post-22641","post","type-post","status-publish","format-standard","has-post-thumbnail","hentry","category-cidades"],"yoast_head":"<!-- This site is optimized with the Yoast SEO plugin v27.2 - https:\/\/yoast.com\/product\/yoast-seo-wordpress\/ -->\n<title>Campanha do Novo Cais traduz o Recife em sua ess\u00eancia: m\u00faltiplo, vivo e memor\u00e1vel - Jornal Fato Novo<\/title>\n<meta name=\"robots\" content=\"index, follow, max-snippet:-1, max-image-preview:large, max-video-preview:-1\" \/>\n<link rel=\"canonical\" href=\"https:\/\/tvnova.tv.br\/jornalfatonovo\/campanha-do-novo-cais-traduz-o-recife-em-sua-essencia-multiplo-vivo-e-memoravel\/\" \/>\n<meta property=\"og:locale\" content=\"pt_BR\" \/>\n<meta property=\"og:type\" content=\"article\" \/>\n<meta property=\"og:title\" content=\"Campanha do Novo Cais traduz o Recife em sua ess\u00eancia: m\u00faltiplo, vivo e memor\u00e1vel - Jornal Fato Novo\" \/>\n<meta property=\"og:description\" content=\"Recuperar, retornar, reescrever. O Novo Cais representa o renascimento de um dos territ\u00f3rios mais simb\u00f3licos, emblem\u00e1ticos e afetivos do Recife, carregando d\u00e9cadas de mem\u00f3ria coletiva \u2013 o antigo Cais Jos\u00e9 Estelita \u2013, agora transformado em eixo de desenvolvimento urbano no cora\u00e7\u00e3o da cidade, um novo destino de moradia, com\u00e9rcio e lazer que surge no cora\u00e7\u00e3o [&hellip;]\" \/>\n<meta property=\"og:url\" content=\"https:\/\/tvnova.tv.br\/jornalfatonovo\/campanha-do-novo-cais-traduz-o-recife-em-sua-essencia-multiplo-vivo-e-memoravel\/\" \/>\n<meta property=\"og:site_name\" content=\"Jornal Fato Novo\" \/>\n<meta property=\"article:publisher\" content=\"https:\/\/www.facebook.com\/tvnovanordeste\/\" \/>\n<meta property=\"article:published_time\" content=\"2025-05-17T18:21:20+00:00\" \/>\n<meta property=\"article:modified_time\" content=\"2025-05-17T18:21:43+00:00\" \/>\n<meta name=\"author\" content=\"gabriel\" \/>\n<meta name=\"twitter:card\" content=\"summary_large_image\" \/>\n<meta name=\"twitter:creator\" content=\"@tvnovanordeste\" \/>\n<meta name=\"twitter:site\" content=\"@tvnovanordeste\" \/>\n<meta name=\"twitter:label1\" content=\"Escrito por\" \/>\n\t<meta name=\"twitter:data1\" content=\"gabriel\" \/>\n\t<meta name=\"twitter:label2\" content=\"Est. tempo de leitura\" \/>\n\t<meta name=\"twitter:data2\" content=\"5 minutos\" \/>\n<script type=\"application\/ld+json\" class=\"yoast-schema-graph\">{\"@context\":\"https:\/\/schema.org\",\"@graph\":[{\"@type\":\"Article\",\"@id\":\"https:\/\/tvnova.tv.br\/jornalfatonovo\/campanha-do-novo-cais-traduz-o-recife-em-sua-essencia-multiplo-vivo-e-memoravel\/#article\",\"isPartOf\":{\"@id\":\"https:\/\/tvnova.tv.br\/jornalfatonovo\/campanha-do-novo-cais-traduz-o-recife-em-sua-essencia-multiplo-vivo-e-memoravel\/\"},\"author\":{\"name\":\"gabriel\",\"@id\":\"https:\/\/tvnova.tv.br\/jornalfatonovo\/#\/schema\/person\/c861a58e2ce361fc3f17006d718686aa\"},\"headline\":\"Campanha do Novo Cais traduz o Recife em sua ess\u00eancia: m\u00faltiplo, vivo e memor\u00e1vel\",\"datePublished\":\"2025-05-17T18:21:20+00:00\",\"dateModified\":\"2025-05-17T18:21:43+00:00\",\"mainEntityOfPage\":{\"@id\":\"https:\/\/tvnova.tv.br\/jornalfatonovo\/campanha-do-novo-cais-traduz-o-recife-em-sua-essencia-multiplo-vivo-e-memoravel\/\"},\"wordCount\":1112,\"publisher\":{\"@id\":\"https:\/\/tvnova.tv.br\/jornalfatonovo\/#organization\"},\"image\":{\"@id\":\"https:\/\/tvnova.tv.br\/jornalfatonovo\/campanha-do-novo-cais-traduz-o-recife-em-sua-essencia-multiplo-vivo-e-memoravel\/#primaryimage\"},\"thumbnailUrl\":\"https:\/\/tvnova.tv.br\/jornalfatonovo\/wp-content\/uploads\/2025\/05\/print-9.jpg\",\"articleSection\":[\"Cidades\"],\"inLanguage\":\"pt-BR\"},{\"@type\":\"WebPage\",\"@id\":\"https:\/\/tvnova.tv.br\/jornalfatonovo\/campanha-do-novo-cais-traduz-o-recife-em-sua-essencia-multiplo-vivo-e-memoravel\/\",\"url\":\"https:\/\/tvnova.tv.br\/jornalfatonovo\/campanha-do-novo-cais-traduz-o-recife-em-sua-essencia-multiplo-vivo-e-memoravel\/\",\"name\":\"Campanha do Novo Cais traduz o Recife em sua ess\u00eancia: m\u00faltiplo, vivo e memor\u00e1vel - Jornal Fato Novo\",\"isPartOf\":{\"@id\":\"https:\/\/tvnova.tv.br\/jornalfatonovo\/#website\"},\"primaryImageOfPage\":{\"@id\":\"https:\/\/tvnova.tv.br\/jornalfatonovo\/campanha-do-novo-cais-traduz-o-recife-em-sua-essencia-multiplo-vivo-e-memoravel\/#primaryimage\"},\"image\":{\"@id\":\"https:\/\/tvnova.tv.br\/jornalfatonovo\/campanha-do-novo-cais-traduz-o-recife-em-sua-essencia-multiplo-vivo-e-memoravel\/#primaryimage\"},\"thumbnailUrl\":\"https:\/\/tvnova.tv.br\/jornalfatonovo\/wp-content\/uploads\/2025\/05\/print-9.jpg\",\"datePublished\":\"2025-05-17T18:21:20+00:00\",\"dateModified\":\"2025-05-17T18:21:43+00:00\",\"breadcrumb\":{\"@id\":\"https:\/\/tvnova.tv.br\/jornalfatonovo\/campanha-do-novo-cais-traduz-o-recife-em-sua-essencia-multiplo-vivo-e-memoravel\/#breadcrumb\"},\"inLanguage\":\"pt-BR\",\"potentialAction\":[{\"@type\":\"ReadAction\",\"target\":[\"https:\/\/tvnova.tv.br\/jornalfatonovo\/campanha-do-novo-cais-traduz-o-recife-em-sua-essencia-multiplo-vivo-e-memoravel\/\"]}]},{\"@type\":\"ImageObject\",\"inLanguage\":\"pt-BR\",\"@id\":\"https:\/\/tvnova.tv.br\/jornalfatonovo\/campanha-do-novo-cais-traduz-o-recife-em-sua-essencia-multiplo-vivo-e-memoravel\/#primaryimage\",\"url\":\"https:\/\/tvnova.tv.br\/jornalfatonovo\/wp-content\/uploads\/2025\/05\/print-9.jpg\",\"contentUrl\":\"https:\/\/tvnova.tv.br\/jornalfatonovo\/wp-content\/uploads\/2025\/05\/print-9.jpg\",\"width\":1280,\"height\":720},{\"@type\":\"BreadcrumbList\",\"@id\":\"https:\/\/tvnova.tv.br\/jornalfatonovo\/campanha-do-novo-cais-traduz-o-recife-em-sua-essencia-multiplo-vivo-e-memoravel\/#breadcrumb\",\"itemListElement\":[{\"@type\":\"ListItem\",\"position\":1,\"name\":\"In\u00edcio\",\"item\":\"https:\/\/tvnova.tv.br\/jornalfatonovo\/\"},{\"@type\":\"ListItem\",\"position\":2,\"name\":\"Campanha do Novo Cais traduz o Recife em sua ess\u00eancia: m\u00faltiplo, vivo e memor\u00e1vel\"}]},{\"@type\":\"WebSite\",\"@id\":\"https:\/\/tvnova.tv.br\/jornalfatonovo\/#website\",\"url\":\"https:\/\/tvnova.tv.br\/jornalfatonovo\/\",\"name\":\"Jornal Fato Novo\",\"description\":\"Acompanhe as not\u00edcias de Pernambuco\",\"publisher\":{\"@id\":\"https:\/\/tvnova.tv.br\/jornalfatonovo\/#organization\"},\"potentialAction\":[{\"@type\":\"SearchAction\",\"target\":{\"@type\":\"EntryPoint\",\"urlTemplate\":\"https:\/\/tvnova.tv.br\/jornalfatonovo\/?s={search_term_string}\"},\"query-input\":{\"@type\":\"PropertyValueSpecification\",\"valueRequired\":true,\"valueName\":\"search_term_string\"}}],\"inLanguage\":\"pt-BR\"},{\"@type\":\"Organization\",\"@id\":\"https:\/\/tvnova.tv.br\/jornalfatonovo\/#organization\",\"name\":\"Jornal Fato Novo\",\"url\":\"https:\/\/tvnova.tv.br\/jornalfatonovo\/\",\"logo\":{\"@type\":\"ImageObject\",\"inLanguage\":\"pt-BR\",\"@id\":\"https:\/\/tvnova.tv.br\/jornalfatonovo\/#\/schema\/logo\/image\/\",\"url\":\"https:\/\/tvnova.tv.br\/jornalfatonovo1\/wp-content\/uploads\/2023\/04\/FATO-NOVO-1.png\",\"contentUrl\":\"https:\/\/tvnova.tv.br\/jornalfatonovo1\/wp-content\/uploads\/2023\/04\/FATO-NOVO-1.png\",\"width\":200,\"height\":60,\"caption\":\"Jornal Fato Novo\"},\"image\":{\"@id\":\"https:\/\/tvnova.tv.br\/jornalfatonovo\/#\/schema\/logo\/image\/\"},\"sameAs\":[\"https:\/\/www.facebook.com\/tvnovanordeste\/\",\"https:\/\/x.com\/tvnovanordeste\",\"https:\/\/www.instagram.com\/jornalfatonovope\/\"]},{\"@type\":\"Person\",\"@id\":\"https:\/\/tvnova.tv.br\/jornalfatonovo\/#\/schema\/person\/c861a58e2ce361fc3f17006d718686aa\",\"name\":\"gabriel\",\"url\":\"https:\/\/tvnova.tv.br\/jornalfatonovo\/author\/gabriel\/\"}]}<\/script>\n<!-- \/ Yoast SEO plugin. -->","yoast_head_json":{"title":"Campanha do Novo Cais traduz o Recife em sua ess\u00eancia: m\u00faltiplo, vivo e memor\u00e1vel - Jornal Fato Novo","robots":{"index":"index","follow":"follow","max-snippet":"max-snippet:-1","max-image-preview":"max-image-preview:large","max-video-preview":"max-video-preview:-1"},"canonical":"https:\/\/tvnova.tv.br\/jornalfatonovo\/campanha-do-novo-cais-traduz-o-recife-em-sua-essencia-multiplo-vivo-e-memoravel\/","og_locale":"pt_BR","og_type":"article","og_title":"Campanha do Novo Cais traduz o Recife em sua ess\u00eancia: m\u00faltiplo, vivo e memor\u00e1vel - Jornal Fato Novo","og_description":"Recuperar, retornar, reescrever. O Novo Cais representa o renascimento de um dos territ\u00f3rios mais simb\u00f3licos, emblem\u00e1ticos e afetivos do Recife, carregando d\u00e9cadas de mem\u00f3ria coletiva \u2013 o antigo Cais Jos\u00e9 Estelita \u2013, agora transformado em eixo de desenvolvimento urbano no cora\u00e7\u00e3o da cidade, um novo destino de moradia, com\u00e9rcio e lazer que surge no cora\u00e7\u00e3o [&hellip;]","og_url":"https:\/\/tvnova.tv.br\/jornalfatonovo\/campanha-do-novo-cais-traduz-o-recife-em-sua-essencia-multiplo-vivo-e-memoravel\/","og_site_name":"Jornal Fato Novo","article_publisher":"https:\/\/www.facebook.com\/tvnovanordeste\/","article_published_time":"2025-05-17T18:21:20+00:00","article_modified_time":"2025-05-17T18:21:43+00:00","author":"gabriel","twitter_card":"summary_large_image","twitter_creator":"@tvnovanordeste","twitter_site":"@tvnovanordeste","twitter_misc":{"Escrito por":"gabriel","Est. tempo de leitura":"5 minutos"},"schema":{"@context":"https:\/\/schema.org","@graph":[{"@type":"Article","@id":"https:\/\/tvnova.tv.br\/jornalfatonovo\/campanha-do-novo-cais-traduz-o-recife-em-sua-essencia-multiplo-vivo-e-memoravel\/#article","isPartOf":{"@id":"https:\/\/tvnova.tv.br\/jornalfatonovo\/campanha-do-novo-cais-traduz-o-recife-em-sua-essencia-multiplo-vivo-e-memoravel\/"},"author":{"name":"gabriel","@id":"https:\/\/tvnova.tv.br\/jornalfatonovo\/#\/schema\/person\/c861a58e2ce361fc3f17006d718686aa"},"headline":"Campanha do Novo Cais traduz o Recife em sua ess\u00eancia: m\u00faltiplo, vivo e memor\u00e1vel","datePublished":"2025-05-17T18:21:20+00:00","dateModified":"2025-05-17T18:21:43+00:00","mainEntityOfPage":{"@id":"https:\/\/tvnova.tv.br\/jornalfatonovo\/campanha-do-novo-cais-traduz-o-recife-em-sua-essencia-multiplo-vivo-e-memoravel\/"},"wordCount":1112,"publisher":{"@id":"https:\/\/tvnova.tv.br\/jornalfatonovo\/#organization"},"image":{"@id":"https:\/\/tvnova.tv.br\/jornalfatonovo\/campanha-do-novo-cais-traduz-o-recife-em-sua-essencia-multiplo-vivo-e-memoravel\/#primaryimage"},"thumbnailUrl":"https:\/\/tvnova.tv.br\/jornalfatonovo\/wp-content\/uploads\/2025\/05\/print-9.jpg","articleSection":["Cidades"],"inLanguage":"pt-BR"},{"@type":"WebPage","@id":"https:\/\/tvnova.tv.br\/jornalfatonovo\/campanha-do-novo-cais-traduz-o-recife-em-sua-essencia-multiplo-vivo-e-memoravel\/","url":"https:\/\/tvnova.tv.br\/jornalfatonovo\/campanha-do-novo-cais-traduz-o-recife-em-sua-essencia-multiplo-vivo-e-memoravel\/","name":"Campanha do Novo Cais traduz o Recife em sua ess\u00eancia: m\u00faltiplo, vivo e memor\u00e1vel - Jornal Fato Novo","isPartOf":{"@id":"https:\/\/tvnova.tv.br\/jornalfatonovo\/#website"},"primaryImageOfPage":{"@id":"https:\/\/tvnova.tv.br\/jornalfatonovo\/campanha-do-novo-cais-traduz-o-recife-em-sua-essencia-multiplo-vivo-e-memoravel\/#primaryimage"},"image":{"@id":"https:\/\/tvnova.tv.br\/jornalfatonovo\/campanha-do-novo-cais-traduz-o-recife-em-sua-essencia-multiplo-vivo-e-memoravel\/#primaryimage"},"thumbnailUrl":"https:\/\/tvnova.tv.br\/jornalfatonovo\/wp-content\/uploads\/2025\/05\/print-9.jpg","datePublished":"2025-05-17T18:21:20+00:00","dateModified":"2025-05-17T18:21:43+00:00","breadcrumb":{"@id":"https:\/\/tvnova.tv.br\/jornalfatonovo\/campanha-do-novo-cais-traduz-o-recife-em-sua-essencia-multiplo-vivo-e-memoravel\/#breadcrumb"},"inLanguage":"pt-BR","potentialAction":[{"@type":"ReadAction","target":["https:\/\/tvnova.tv.br\/jornalfatonovo\/campanha-do-novo-cais-traduz-o-recife-em-sua-essencia-multiplo-vivo-e-memoravel\/"]}]},{"@type":"ImageObject","inLanguage":"pt-BR","@id":"https:\/\/tvnova.tv.br\/jornalfatonovo\/campanha-do-novo-cais-traduz-o-recife-em-sua-essencia-multiplo-vivo-e-memoravel\/#primaryimage","url":"https:\/\/tvnova.tv.br\/jornalfatonovo\/wp-content\/uploads\/2025\/05\/print-9.jpg","contentUrl":"https:\/\/tvnova.tv.br\/jornalfatonovo\/wp-content\/uploads\/2025\/05\/print-9.jpg","width":1280,"height":720},{"@type":"BreadcrumbList","@id":"https:\/\/tvnova.tv.br\/jornalfatonovo\/campanha-do-novo-cais-traduz-o-recife-em-sua-essencia-multiplo-vivo-e-memoravel\/#breadcrumb","itemListElement":[{"@type":"ListItem","position":1,"name":"In\u00edcio","item":"https:\/\/tvnova.tv.br\/jornalfatonovo\/"},{"@type":"ListItem","position":2,"name":"Campanha do Novo Cais traduz o Recife em sua ess\u00eancia: m\u00faltiplo, vivo e memor\u00e1vel"}]},{"@type":"WebSite","@id":"https:\/\/tvnova.tv.br\/jornalfatonovo\/#website","url":"https:\/\/tvnova.tv.br\/jornalfatonovo\/","name":"Jornal Fato Novo","description":"Acompanhe as not\u00edcias de Pernambuco","publisher":{"@id":"https:\/\/tvnova.tv.br\/jornalfatonovo\/#organization"},"potentialAction":[{"@type":"SearchAction","target":{"@type":"EntryPoint","urlTemplate":"https:\/\/tvnova.tv.br\/jornalfatonovo\/?s={search_term_string}"},"query-input":{"@type":"PropertyValueSpecification","valueRequired":true,"valueName":"search_term_string"}}],"inLanguage":"pt-BR"},{"@type":"Organization","@id":"https:\/\/tvnova.tv.br\/jornalfatonovo\/#organization","name":"Jornal Fato Novo","url":"https:\/\/tvnova.tv.br\/jornalfatonovo\/","logo":{"@type":"ImageObject","inLanguage":"pt-BR","@id":"https:\/\/tvnova.tv.br\/jornalfatonovo\/#\/schema\/logo\/image\/","url":"https:\/\/tvnova.tv.br\/jornalfatonovo1\/wp-content\/uploads\/2023\/04\/FATO-NOVO-1.png","contentUrl":"https:\/\/tvnova.tv.br\/jornalfatonovo1\/wp-content\/uploads\/2023\/04\/FATO-NOVO-1.png","width":200,"height":60,"caption":"Jornal Fato Novo"},"image":{"@id":"https:\/\/tvnova.tv.br\/jornalfatonovo\/#\/schema\/logo\/image\/"},"sameAs":["https:\/\/www.facebook.com\/tvnovanordeste\/","https:\/\/x.com\/tvnovanordeste","https:\/\/www.instagram.com\/jornalfatonovope\/"]},{"@type":"Person","@id":"https:\/\/tvnova.tv.br\/jornalfatonovo\/#\/schema\/person\/c861a58e2ce361fc3f17006d718686aa","name":"gabriel","url":"https:\/\/tvnova.tv.br\/jornalfatonovo\/author\/gabriel\/"}]}},"_links":{"self":[{"href":"https:\/\/tvnova.tv.br\/jornalfatonovo\/wp-json\/wp\/v2\/posts\/22641","targetHints":{"allow":["GET"]}}],"collection":[{"href":"https:\/\/tvnova.tv.br\/jornalfatonovo\/wp-json\/wp\/v2\/posts"}],"about":[{"href":"https:\/\/tvnova.tv.br\/jornalfatonovo\/wp-json\/wp\/v2\/types\/post"}],"author":[{"embeddable":true,"href":"https:\/\/tvnova.tv.br\/jornalfatonovo\/wp-json\/wp\/v2\/users\/5"}],"replies":[{"embeddable":true,"href":"https:\/\/tvnova.tv.br\/jornalfatonovo\/wp-json\/wp\/v2\/comments?post=22641"}],"version-history":[{"count":1,"href":"https:\/\/tvnova.tv.br\/jornalfatonovo\/wp-json\/wp\/v2\/posts\/22641\/revisions"}],"predecessor-version":[{"id":22643,"href":"https:\/\/tvnova.tv.br\/jornalfatonovo\/wp-json\/wp\/v2\/posts\/22641\/revisions\/22643"}],"wp:featuredmedia":[{"embeddable":true,"href":"https:\/\/tvnova.tv.br\/jornalfatonovo\/wp-json\/wp\/v2\/media\/22642"}],"wp:attachment":[{"href":"https:\/\/tvnova.tv.br\/jornalfatonovo\/wp-json\/wp\/v2\/media?parent=22641"}],"wp:term":[{"taxonomy":"category","embeddable":true,"href":"https:\/\/tvnova.tv.br\/jornalfatonovo\/wp-json\/wp\/v2\/categories?post=22641"},{"taxonomy":"post_tag","embeddable":true,"href":"https:\/\/tvnova.tv.br\/jornalfatonovo\/wp-json\/wp\/v2\/tags?post=22641"},{"taxonomy":"cores-categorias","embeddable":true,"href":"https:\/\/tvnova.tv.br\/jornalfatonovo\/wp-json\/wp\/v2\/cores-categorias?post=22641"}],"curies":[{"name":"wp","href":"https:\/\/api.w.org\/{rel}","templated":true}]}}