{"id":2282,"date":"2023-04-12T17:24:18","date_gmt":"2023-04-12T20:24:18","guid":{"rendered":"https:\/\/tvnova.tv.br\/jornalfatonovo1\/?p=2282"},"modified":"2023-04-12T17:24:19","modified_gmt":"2023-04-12T20:24:19","slug":"fernando-de-noronha-comeca-vacinacao-contra-a-gripe-em-grupos-prioritarios","status":"publish","type":"post","link":"https:\/\/tvnova.tv.br\/jornalfatonovo\/fernando-de-noronha-comeca-vacinacao-contra-a-gripe-em-grupos-prioritarios\/","title":{"rendered":"Fernando de Noronha come\u00e7a vacina\u00e7\u00e3o contra a gripe em grupos priorit\u00e1rios"},"content":{"rendered":"\n<p>A ilha de Fernando de Noronha est\u00e1 participando da 25\u00aa Campanha Nacional de Vacina\u00e7\u00e3o contra a Influenza Trivalente. A a\u00e7\u00e3o come\u00e7ou na \u00faltima segunda-feira (10) e segue at\u00e9 o dia 31 de maio. A vacina est\u00e1 sendo aplicada em grupos priorit\u00e1rios, na unidade Sa\u00fade da Fam\u00edlia (USF) Dois Irm\u00e3os, localizada no bairro da Floresta Velha.<\/p>\n\n\n\n<p>A campanha abrange os tr\u00eas tipos de cepas, A (H1N1), A (H3N2) e B. O atendimento est\u00e1 sendo realizado de segunda a sexta-feira, das 8h \u00e0s 20h30. Dentre as pessoas que fazem parte do grupo priorit\u00e1rio est\u00e3o crian\u00e7as com idade entre 6 meses e 5 anos; trabalhadores da \u00e1rea da sa\u00fade; gestantes; pu\u00e9rperas; professores; idosos com mais de 60 anos; profissionais das for\u00e7as de seguran\u00e7a e armadas; pessoas com doen\u00e7as cr\u00f4nicas e comorbidades.<br><br>Foto: Divulga\u00e7\u00e3o<\/p>\n","protected":false},"excerpt":{"rendered":"<p>A ilha de Fernando de Noronha est\u00e1 participando da 25\u00aa Campanha Nacional de Vacina\u00e7\u00e3o contra a Influenza Trivalente. A a\u00e7\u00e3o come\u00e7ou na \u00faltima segunda-feira (10) e segue at\u00e9 o dia 31 de maio. A vacina est\u00e1 sendo aplicada em grupos priorit\u00e1rios, na unidade Sa\u00fade da Fam\u00edlia (USF) Dois Irm\u00e3os, localizada no bairro da Floresta Velha. [&hellip;]<\/p>\n","protected":false},"author":1,"featured_media":2283,"comment_status":"closed","ping_status":"closed","sticky":false,"template":"","format":"standard","meta":{"footnotes":""},"categories":[1],"tags":[],"cores-categorias":[],"class_list":["post-2282","post","type-post","status-publish","format-standard","has-post-thumbnail","hentry","category-cidades"],"yoast_head":"<!-- This site is optimized with the Yoast SEO plugin v27.2 - https:\/\/yoast.com\/product\/yoast-seo-wordpress\/ -->\n<title>Fernando de Noronha come\u00e7a vacina\u00e7\u00e3o contra a gripe em grupos priorit\u00e1rios - Jornal Fato Novo<\/title>\n<meta name=\"robots\" content=\"index, follow, max-snippet:-1, max-image-preview:large, max-video-preview:-1\" \/>\n<link rel=\"canonical\" href=\"https:\/\/tvnova.tv.br\/jornalfatonovo\/fernando-de-noronha-comeca-vacinacao-contra-a-gripe-em-grupos-prioritarios\/\" \/>\n<meta property=\"og:locale\" content=\"pt_BR\" \/>\n<meta property=\"og:type\" content=\"article\" \/>\n<meta property=\"og:title\" content=\"Fernando de Noronha come\u00e7a vacina\u00e7\u00e3o contra a gripe em grupos priorit\u00e1rios - Jornal Fato Novo\" \/>\n<meta property=\"og:description\" content=\"A ilha de Fernando de Noronha est\u00e1 participando da 25\u00aa Campanha Nacional de Vacina\u00e7\u00e3o contra a Influenza Trivalente. A a\u00e7\u00e3o come\u00e7ou na \u00faltima segunda-feira (10) e segue at\u00e9 o dia 31 de maio. A vacina est\u00e1 sendo aplicada em grupos priorit\u00e1rios, na unidade Sa\u00fade da Fam\u00edlia (USF) Dois Irm\u00e3os, localizada no bairro da Floresta Velha. [&hellip;]\" \/>\n<meta property=\"og:url\" content=\"https:\/\/tvnova.tv.br\/jornalfatonovo\/fernando-de-noronha-comeca-vacinacao-contra-a-gripe-em-grupos-prioritarios\/\" \/>\n<meta property=\"og:site_name\" content=\"Jornal Fato Novo\" \/>\n<meta property=\"article:publisher\" content=\"https:\/\/www.facebook.com\/tvnovanordeste\/\" \/>\n<meta property=\"article:published_time\" content=\"2023-04-12T20:24:18+00:00\" \/>\n<meta property=\"article:modified_time\" content=\"2023-04-12T20:24:19+00:00\" \/>\n<meta property=\"og:image\" content=\"https:\/\/tvnova.tv.br\/jornalfatonovo\/wp-content\/uploads\/2023\/04\/2023-04-12-vacinacao.jpeg\" \/>\n\t<meta property=\"og:image:width\" content=\"1284\" \/>\n\t<meta property=\"og:image:height\" content=\"790\" \/>\n\t<meta property=\"og:image:type\" content=\"image\/jpeg\" \/>\n<meta name=\"author\" content=\"TVNOVANORDESTE\" \/>\n<meta name=\"twitter:card\" content=\"summary_large_image\" \/>\n<meta name=\"twitter:creator\" content=\"@tvnovanordeste\" \/>\n<meta name=\"twitter:site\" content=\"@tvnovanordeste\" \/>\n<meta name=\"twitter:label1\" content=\"Escrito por\" \/>\n\t<meta name=\"twitter:data1\" content=\"TVNOVANORDESTE\" \/>\n\t<meta name=\"twitter:label2\" content=\"Est. tempo de leitura\" \/>\n\t<meta name=\"twitter:data2\" content=\"1 minuto\" \/>\n<script type=\"application\/ld+json\" class=\"yoast-schema-graph\">{\"@context\":\"https:\/\/schema.org\",\"@graph\":[{\"@type\":\"Article\",\"@id\":\"https:\/\/tvnova.tv.br\/jornalfatonovo\/fernando-de-noronha-comeca-vacinacao-contra-a-gripe-em-grupos-prioritarios\/#article\",\"isPartOf\":{\"@id\":\"https:\/\/tvnova.tv.br\/jornalfatonovo\/fernando-de-noronha-comeca-vacinacao-contra-a-gripe-em-grupos-prioritarios\/\"},\"author\":{\"name\":\"TVNOVANORDESTE\",\"@id\":\"https:\/\/tvnova.tv.br\/jornalfatonovo\/#\/schema\/person\/418c5d116a89e083bbdcdbff27f9d5c8\"},\"headline\":\"Fernando de Noronha come\u00e7a vacina\u00e7\u00e3o contra a gripe em grupos priorit\u00e1rios\",\"datePublished\":\"2023-04-12T20:24:18+00:00\",\"dateModified\":\"2023-04-12T20:24:19+00:00\",\"mainEntityOfPage\":{\"@id\":\"https:\/\/tvnova.tv.br\/jornalfatonovo\/fernando-de-noronha-comeca-vacinacao-contra-a-gripe-em-grupos-prioritarios\/\"},\"wordCount\":158,\"publisher\":{\"@id\":\"https:\/\/tvnova.tv.br\/jornalfatonovo\/#organization\"},\"image\":{\"@id\":\"https:\/\/tvnova.tv.br\/jornalfatonovo\/fernando-de-noronha-comeca-vacinacao-contra-a-gripe-em-grupos-prioritarios\/#primaryimage\"},\"thumbnailUrl\":\"https:\/\/tvnova.tv.br\/jornalfatonovo\/wp-content\/uploads\/2023\/04\/2023-04-12-vacinacao.jpeg\",\"articleSection\":[\"Cidades\"],\"inLanguage\":\"pt-BR\"},{\"@type\":\"WebPage\",\"@id\":\"https:\/\/tvnova.tv.br\/jornalfatonovo\/fernando-de-noronha-comeca-vacinacao-contra-a-gripe-em-grupos-prioritarios\/\",\"url\":\"https:\/\/tvnova.tv.br\/jornalfatonovo\/fernando-de-noronha-comeca-vacinacao-contra-a-gripe-em-grupos-prioritarios\/\",\"name\":\"Fernando de Noronha come\u00e7a vacina\u00e7\u00e3o contra a gripe em grupos priorit\u00e1rios - Jornal Fato Novo\",\"isPartOf\":{\"@id\":\"https:\/\/tvnova.tv.br\/jornalfatonovo\/#website\"},\"primaryImageOfPage\":{\"@id\":\"https:\/\/tvnova.tv.br\/jornalfatonovo\/fernando-de-noronha-comeca-vacinacao-contra-a-gripe-em-grupos-prioritarios\/#primaryimage\"},\"image\":{\"@id\":\"https:\/\/tvnova.tv.br\/jornalfatonovo\/fernando-de-noronha-comeca-vacinacao-contra-a-gripe-em-grupos-prioritarios\/#primaryimage\"},\"thumbnailUrl\":\"https:\/\/tvnova.tv.br\/jornalfatonovo\/wp-content\/uploads\/2023\/04\/2023-04-12-vacinacao.jpeg\",\"datePublished\":\"2023-04-12T20:24:18+00:00\",\"dateModified\":\"2023-04-12T20:24:19+00:00\",\"breadcrumb\":{\"@id\":\"https:\/\/tvnova.tv.br\/jornalfatonovo\/fernando-de-noronha-comeca-vacinacao-contra-a-gripe-em-grupos-prioritarios\/#breadcrumb\"},\"inLanguage\":\"pt-BR\",\"potentialAction\":[{\"@type\":\"ReadAction\",\"target\":[\"https:\/\/tvnova.tv.br\/jornalfatonovo\/fernando-de-noronha-comeca-vacinacao-contra-a-gripe-em-grupos-prioritarios\/\"]}]},{\"@type\":\"ImageObject\",\"inLanguage\":\"pt-BR\",\"@id\":\"https:\/\/tvnova.tv.br\/jornalfatonovo\/fernando-de-noronha-comeca-vacinacao-contra-a-gripe-em-grupos-prioritarios\/#primaryimage\",\"url\":\"https:\/\/tvnova.tv.br\/jornalfatonovo\/wp-content\/uploads\/2023\/04\/2023-04-12-vacinacao.jpeg\",\"contentUrl\":\"https:\/\/tvnova.tv.br\/jornalfatonovo\/wp-content\/uploads\/2023\/04\/2023-04-12-vacinacao.jpeg\",\"width\":1284,\"height\":790},{\"@type\":\"BreadcrumbList\",\"@id\":\"https:\/\/tvnova.tv.br\/jornalfatonovo\/fernando-de-noronha-comeca-vacinacao-contra-a-gripe-em-grupos-prioritarios\/#breadcrumb\",\"itemListElement\":[{\"@type\":\"ListItem\",\"position\":1,\"name\":\"In\u00edcio\",\"item\":\"https:\/\/tvnova.tv.br\/jornalfatonovo\/\"},{\"@type\":\"ListItem\",\"position\":2,\"name\":\"Fernando de Noronha come\u00e7a vacina\u00e7\u00e3o contra a gripe em grupos priorit\u00e1rios\"}]},{\"@type\":\"WebSite\",\"@id\":\"https:\/\/tvnova.tv.br\/jornalfatonovo\/#website\",\"url\":\"https:\/\/tvnova.tv.br\/jornalfatonovo\/\",\"name\":\"Jornal Fato Novo\",\"description\":\"Acompanhe as not\u00edcias de Pernambuco\",\"publisher\":{\"@id\":\"https:\/\/tvnova.tv.br\/jornalfatonovo\/#organization\"},\"potentialAction\":[{\"@type\":\"SearchAction\",\"target\":{\"@type\":\"EntryPoint\",\"urlTemplate\":\"https:\/\/tvnova.tv.br\/jornalfatonovo\/?s={search_term_string}\"},\"query-input\":{\"@type\":\"PropertyValueSpecification\",\"valueRequired\":true,\"valueName\":\"search_term_string\"}}],\"inLanguage\":\"pt-BR\"},{\"@type\":\"Organization\",\"@id\":\"https:\/\/tvnova.tv.br\/jornalfatonovo\/#organization\",\"name\":\"Jornal Fato Novo\",\"url\":\"https:\/\/tvnova.tv.br\/jornalfatonovo\/\",\"logo\":{\"@type\":\"ImageObject\",\"inLanguage\":\"pt-BR\",\"@id\":\"https:\/\/tvnova.tv.br\/jornalfatonovo\/#\/schema\/logo\/image\/\",\"url\":\"https:\/\/tvnova.tv.br\/jornalfatonovo1\/wp-content\/uploads\/2023\/04\/FATO-NOVO-1.png\",\"contentUrl\":\"https:\/\/tvnova.tv.br\/jornalfatonovo1\/wp-content\/uploads\/2023\/04\/FATO-NOVO-1.png\",\"width\":200,\"height\":60,\"caption\":\"Jornal Fato Novo\"},\"image\":{\"@id\":\"https:\/\/tvnova.tv.br\/jornalfatonovo\/#\/schema\/logo\/image\/\"},\"sameAs\":[\"https:\/\/www.facebook.com\/tvnovanordeste\/\",\"https:\/\/x.com\/tvnovanordeste\",\"https:\/\/www.instagram.com\/jornalfatonovope\/\"]},{\"@type\":\"Person\",\"@id\":\"https:\/\/tvnova.tv.br\/jornalfatonovo\/#\/schema\/person\/418c5d116a89e083bbdcdbff27f9d5c8\",\"name\":\"TVNOVANORDESTE\",\"sameAs\":[\"https:\/\/tvnova.tv.br\/jornalfatonovo1\"],\"url\":\"https:\/\/tvnova.tv.br\/jornalfatonovo\/author\/terrenofertil\/\"}]}<\/script>\n<!-- \/ Yoast SEO plugin. -->","yoast_head_json":{"title":"Fernando de Noronha come\u00e7a vacina\u00e7\u00e3o contra a gripe em grupos priorit\u00e1rios - Jornal Fato Novo","robots":{"index":"index","follow":"follow","max-snippet":"max-snippet:-1","max-image-preview":"max-image-preview:large","max-video-preview":"max-video-preview:-1"},"canonical":"https:\/\/tvnova.tv.br\/jornalfatonovo\/fernando-de-noronha-comeca-vacinacao-contra-a-gripe-em-grupos-prioritarios\/","og_locale":"pt_BR","og_type":"article","og_title":"Fernando de Noronha come\u00e7a vacina\u00e7\u00e3o contra a gripe em grupos priorit\u00e1rios - Jornal Fato Novo","og_description":"A ilha de Fernando de Noronha est\u00e1 participando da 25\u00aa Campanha Nacional de Vacina\u00e7\u00e3o contra a Influenza Trivalente. A a\u00e7\u00e3o come\u00e7ou na \u00faltima segunda-feira (10) e segue at\u00e9 o dia 31 de maio. A vacina est\u00e1 sendo aplicada em grupos priorit\u00e1rios, na unidade Sa\u00fade da Fam\u00edlia (USF) Dois Irm\u00e3os, localizada no bairro da Floresta Velha. [&hellip;]","og_url":"https:\/\/tvnova.tv.br\/jornalfatonovo\/fernando-de-noronha-comeca-vacinacao-contra-a-gripe-em-grupos-prioritarios\/","og_site_name":"Jornal Fato Novo","article_publisher":"https:\/\/www.facebook.com\/tvnovanordeste\/","article_published_time":"2023-04-12T20:24:18+00:00","article_modified_time":"2023-04-12T20:24:19+00:00","og_image":[{"width":1284,"height":790,"url":"https:\/\/tvnova.tv.br\/jornalfatonovo\/wp-content\/uploads\/2023\/04\/2023-04-12-vacinacao.jpeg","type":"image\/jpeg"}],"author":"TVNOVANORDESTE","twitter_card":"summary_large_image","twitter_creator":"@tvnovanordeste","twitter_site":"@tvnovanordeste","twitter_misc":{"Escrito por":"TVNOVANORDESTE","Est. tempo de leitura":"1 minuto"},"schema":{"@context":"https:\/\/schema.org","@graph":[{"@type":"Article","@id":"https:\/\/tvnova.tv.br\/jornalfatonovo\/fernando-de-noronha-comeca-vacinacao-contra-a-gripe-em-grupos-prioritarios\/#article","isPartOf":{"@id":"https:\/\/tvnova.tv.br\/jornalfatonovo\/fernando-de-noronha-comeca-vacinacao-contra-a-gripe-em-grupos-prioritarios\/"},"author":{"name":"TVNOVANORDESTE","@id":"https:\/\/tvnova.tv.br\/jornalfatonovo\/#\/schema\/person\/418c5d116a89e083bbdcdbff27f9d5c8"},"headline":"Fernando de Noronha come\u00e7a vacina\u00e7\u00e3o contra a gripe em grupos priorit\u00e1rios","datePublished":"2023-04-12T20:24:18+00:00","dateModified":"2023-04-12T20:24:19+00:00","mainEntityOfPage":{"@id":"https:\/\/tvnova.tv.br\/jornalfatonovo\/fernando-de-noronha-comeca-vacinacao-contra-a-gripe-em-grupos-prioritarios\/"},"wordCount":158,"publisher":{"@id":"https:\/\/tvnova.tv.br\/jornalfatonovo\/#organization"},"image":{"@id":"https:\/\/tvnova.tv.br\/jornalfatonovo\/fernando-de-noronha-comeca-vacinacao-contra-a-gripe-em-grupos-prioritarios\/#primaryimage"},"thumbnailUrl":"https:\/\/tvnova.tv.br\/jornalfatonovo\/wp-content\/uploads\/2023\/04\/2023-04-12-vacinacao.jpeg","articleSection":["Cidades"],"inLanguage":"pt-BR"},{"@type":"WebPage","@id":"https:\/\/tvnova.tv.br\/jornalfatonovo\/fernando-de-noronha-comeca-vacinacao-contra-a-gripe-em-grupos-prioritarios\/","url":"https:\/\/tvnova.tv.br\/jornalfatonovo\/fernando-de-noronha-comeca-vacinacao-contra-a-gripe-em-grupos-prioritarios\/","name":"Fernando de Noronha come\u00e7a vacina\u00e7\u00e3o contra a gripe em grupos priorit\u00e1rios - Jornal Fato Novo","isPartOf":{"@id":"https:\/\/tvnova.tv.br\/jornalfatonovo\/#website"},"primaryImageOfPage":{"@id":"https:\/\/tvnova.tv.br\/jornalfatonovo\/fernando-de-noronha-comeca-vacinacao-contra-a-gripe-em-grupos-prioritarios\/#primaryimage"},"image":{"@id":"https:\/\/tvnova.tv.br\/jornalfatonovo\/fernando-de-noronha-comeca-vacinacao-contra-a-gripe-em-grupos-prioritarios\/#primaryimage"},"thumbnailUrl":"https:\/\/tvnova.tv.br\/jornalfatonovo\/wp-content\/uploads\/2023\/04\/2023-04-12-vacinacao.jpeg","datePublished":"2023-04-12T20:24:18+00:00","dateModified":"2023-04-12T20:24:19+00:00","breadcrumb":{"@id":"https:\/\/tvnova.tv.br\/jornalfatonovo\/fernando-de-noronha-comeca-vacinacao-contra-a-gripe-em-grupos-prioritarios\/#breadcrumb"},"inLanguage":"pt-BR","potentialAction":[{"@type":"ReadAction","target":["https:\/\/tvnova.tv.br\/jornalfatonovo\/fernando-de-noronha-comeca-vacinacao-contra-a-gripe-em-grupos-prioritarios\/"]}]},{"@type":"ImageObject","inLanguage":"pt-BR","@id":"https:\/\/tvnova.tv.br\/jornalfatonovo\/fernando-de-noronha-comeca-vacinacao-contra-a-gripe-em-grupos-prioritarios\/#primaryimage","url":"https:\/\/tvnova.tv.br\/jornalfatonovo\/wp-content\/uploads\/2023\/04\/2023-04-12-vacinacao.jpeg","contentUrl":"https:\/\/tvnova.tv.br\/jornalfatonovo\/wp-content\/uploads\/2023\/04\/2023-04-12-vacinacao.jpeg","width":1284,"height":790},{"@type":"BreadcrumbList","@id":"https:\/\/tvnova.tv.br\/jornalfatonovo\/fernando-de-noronha-comeca-vacinacao-contra-a-gripe-em-grupos-prioritarios\/#breadcrumb","itemListElement":[{"@type":"ListItem","position":1,"name":"In\u00edcio","item":"https:\/\/tvnova.tv.br\/jornalfatonovo\/"},{"@type":"ListItem","position":2,"name":"Fernando de Noronha come\u00e7a vacina\u00e7\u00e3o contra a gripe em grupos priorit\u00e1rios"}]},{"@type":"WebSite","@id":"https:\/\/tvnova.tv.br\/jornalfatonovo\/#website","url":"https:\/\/tvnova.tv.br\/jornalfatonovo\/","name":"Jornal Fato Novo","description":"Acompanhe as not\u00edcias de Pernambuco","publisher":{"@id":"https:\/\/tvnova.tv.br\/jornalfatonovo\/#organization"},"potentialAction":[{"@type":"SearchAction","target":{"@type":"EntryPoint","urlTemplate":"https:\/\/tvnova.tv.br\/jornalfatonovo\/?s={search_term_string}"},"query-input":{"@type":"PropertyValueSpecification","valueRequired":true,"valueName":"search_term_string"}}],"inLanguage":"pt-BR"},{"@type":"Organization","@id":"https:\/\/tvnova.tv.br\/jornalfatonovo\/#organization","name":"Jornal Fato Novo","url":"https:\/\/tvnova.tv.br\/jornalfatonovo\/","logo":{"@type":"ImageObject","inLanguage":"pt-BR","@id":"https:\/\/tvnova.tv.br\/jornalfatonovo\/#\/schema\/logo\/image\/","url":"https:\/\/tvnova.tv.br\/jornalfatonovo1\/wp-content\/uploads\/2023\/04\/FATO-NOVO-1.png","contentUrl":"https:\/\/tvnova.tv.br\/jornalfatonovo1\/wp-content\/uploads\/2023\/04\/FATO-NOVO-1.png","width":200,"height":60,"caption":"Jornal Fato Novo"},"image":{"@id":"https:\/\/tvnova.tv.br\/jornalfatonovo\/#\/schema\/logo\/image\/"},"sameAs":["https:\/\/www.facebook.com\/tvnovanordeste\/","https:\/\/x.com\/tvnovanordeste","https:\/\/www.instagram.com\/jornalfatonovope\/"]},{"@type":"Person","@id":"https:\/\/tvnova.tv.br\/jornalfatonovo\/#\/schema\/person\/418c5d116a89e083bbdcdbff27f9d5c8","name":"TVNOVANORDESTE","sameAs":["https:\/\/tvnova.tv.br\/jornalfatonovo1"],"url":"https:\/\/tvnova.tv.br\/jornalfatonovo\/author\/terrenofertil\/"}]}},"_links":{"self":[{"href":"https:\/\/tvnova.tv.br\/jornalfatonovo\/wp-json\/wp\/v2\/posts\/2282","targetHints":{"allow":["GET"]}}],"collection":[{"href":"https:\/\/tvnova.tv.br\/jornalfatonovo\/wp-json\/wp\/v2\/posts"}],"about":[{"href":"https:\/\/tvnova.tv.br\/jornalfatonovo\/wp-json\/wp\/v2\/types\/post"}],"author":[{"embeddable":true,"href":"https:\/\/tvnova.tv.br\/jornalfatonovo\/wp-json\/wp\/v2\/users\/1"}],"replies":[{"embeddable":true,"href":"https:\/\/tvnova.tv.br\/jornalfatonovo\/wp-json\/wp\/v2\/comments?post=2282"}],"version-history":[{"count":0,"href":"https:\/\/tvnova.tv.br\/jornalfatonovo\/wp-json\/wp\/v2\/posts\/2282\/revisions"}],"wp:featuredmedia":[{"embeddable":true,"href":"https:\/\/tvnova.tv.br\/jornalfatonovo\/wp-json\/wp\/v2\/media\/2283"}],"wp:attachment":[{"href":"https:\/\/tvnova.tv.br\/jornalfatonovo\/wp-json\/wp\/v2\/media?parent=2282"}],"wp:term":[{"taxonomy":"category","embeddable":true,"href":"https:\/\/tvnova.tv.br\/jornalfatonovo\/wp-json\/wp\/v2\/categories?post=2282"},{"taxonomy":"post_tag","embeddable":true,"href":"https:\/\/tvnova.tv.br\/jornalfatonovo\/wp-json\/wp\/v2\/tags?post=2282"},{"taxonomy":"cores-categorias","embeddable":true,"href":"https:\/\/tvnova.tv.br\/jornalfatonovo\/wp-json\/wp\/v2\/cores-categorias?post=2282"}],"curies":[{"name":"wp","href":"https:\/\/api.w.org\/{rel}","templated":true}]}}