{"id":24731,"date":"2026-03-13T15:56:58","date_gmt":"2026-03-13T18:56:58","guid":{"rendered":"https:\/\/tvnova.tv.br\/jornalfatonovo\/?p=24731"},"modified":"2026-03-13T16:02:44","modified_gmt":"2026-03-13T19:02:44","slug":"entre-elas-debate-saude-emocional-atividade-fisica-e-imagem-profissional","status":"publish","type":"post","link":"https:\/\/tvnova.tv.br\/jornalfatonovo\/entre-elas-debate-saude-emocional-atividade-fisica-e-imagem-profissional\/","title":{"rendered":"Entre Elas debate sa\u00fade emocional, atividade f\u00edsica e imagem profissional"},"content":{"rendered":"<p data-start=\"95\" data-end=\"462\">O programa <em data-start=\"128\" data-end=\"140\">Entre Elas<\/em>, apresentado por <strong data-start=\"158\" data-end=\"190\">Bob Anderson e Keila Fidelis<\/strong>, levou ao ar mais uma edi\u00e7\u00e3o dedicada a temas que impactam diretamente o bem-estar e a vida profissional. Exibido ao vivo na <strong data-start=\"316\" data-end=\"362\">TV Nova Nordeste \/ TV Cultura (canal 22.1)<\/strong>, o programa reuniu especialistas para discutir sa\u00fade, qualidade de vida e posicionamento pessoal.<\/p>\n<p data-start=\"464\" data-end=\"817\">Entre os destaques, o psic\u00f3logo e professor <strong data-start=\"508\" data-end=\"523\">Jair Soares<\/strong> (@oficial.trg) falou sobre as doen\u00e7as psicossom\u00e1ticas, explicando como emo\u00e7\u00f5es e fatores psicol\u00f3gicos podem se manifestar no corpo por meio de dores e sintomas f\u00edsicos. O especialista ressaltou a import\u00e2ncia de cuidar da sa\u00fade emocional para prevenir e compreender esses sinais do organismo.<\/p>\n<p data-start=\"819\" data-end=\"1061\">A edi\u00e7\u00e3o contou ainda com a participa\u00e7\u00e3o do personal trainer <strong data-start=\"880\" data-end=\"901\">Victor Kettlebell<\/strong> (@victorkettlebell), que destacou o papel dos exerc\u00edcios f\u00edsicos no controle das dores, na melhora da disposi\u00e7\u00e3o e na manuten\u00e7\u00e3o de uma rotina mais saud\u00e1vel.<\/p>\n<p data-start=\"1063\" data-end=\"1351\">Encerrando o programa, a consultora de imagem <strong data-start=\"1109\" data-end=\"1124\">Isis Batist<\/strong> (@isis.batist) abordou o impacto das cores na constru\u00e7\u00e3o da imagem e do posicionamento profissional, mostrando como escolhas visuais podem influenciar diretamente na forma como uma pessoa \u00e9 percebida em diferentes ambientes.<\/p>\n<p data-start=\"1353\" data-end=\"1526\" data-is-last-node=\"\" data-is-only-node=\"\">De segunda a sexta-feira, das 9h \u00e0s 10h, o <em data-start=\"1396\" data-end=\"1408\">Entre Elas<\/em> segue ao vivo na TV Nova Nordeste e no YouTube, promovendo conversas que informam, orientam e inspiram o p\u00fablico.<\/p>\n","protected":false},"excerpt":{"rendered":"<p>O programa Entre Elas, apresentado por Bob Anderson e Keila Fidelis, levou ao ar mais uma edi\u00e7\u00e3o dedicada a temas que impactam diretamente o bem-estar e a vida profissional. Exibido ao vivo na TV Nova Nordeste \/ TV Cultura (canal 22.1), o programa reuniu especialistas para discutir sa\u00fade, qualidade de vida e posicionamento pessoal. Entre [&hellip;]<\/p>\n","protected":false},"author":5,"featured_media":24733,"comment_status":"closed","ping_status":"","sticky":false,"template":"","format":"standard","meta":{"footnotes":""},"categories":[274],"tags":[],"cores-categorias":[],"class_list":["post-24731","post","type-post","status-publish","format-standard","has-post-thumbnail","hentry","category-na-tv-nova"],"yoast_head":"<!-- This site is optimized with the Yoast SEO plugin v27.2 - https:\/\/yoast.com\/product\/yoast-seo-wordpress\/ -->\n<title>Entre Elas debate sa\u00fade emocional, atividade f\u00edsica e imagem profissional - Jornal Fato Novo<\/title>\n<meta name=\"robots\" content=\"index, follow, max-snippet:-1, max-image-preview:large, max-video-preview:-1\" \/>\n<link rel=\"canonical\" href=\"https:\/\/tvnova.tv.br\/jornalfatonovo\/entre-elas-debate-saude-emocional-atividade-fisica-e-imagem-profissional\/\" \/>\n<meta property=\"og:locale\" content=\"pt_BR\" \/>\n<meta property=\"og:type\" content=\"article\" \/>\n<meta property=\"og:title\" content=\"Entre Elas debate sa\u00fade emocional, atividade f\u00edsica e imagem profissional - Jornal Fato Novo\" \/>\n<meta property=\"og:description\" content=\"O programa Entre Elas, apresentado por Bob Anderson e Keila Fidelis, levou ao ar mais uma edi\u00e7\u00e3o dedicada a temas que impactam diretamente o bem-estar e a vida profissional. Exibido ao vivo na TV Nova Nordeste \/ TV Cultura (canal 22.1), o programa reuniu especialistas para discutir sa\u00fade, qualidade de vida e posicionamento pessoal. Entre [&hellip;]\" \/>\n<meta property=\"og:url\" content=\"https:\/\/tvnova.tv.br\/jornalfatonovo\/entre-elas-debate-saude-emocional-atividade-fisica-e-imagem-profissional\/\" \/>\n<meta property=\"og:site_name\" content=\"Jornal Fato Novo\" \/>\n<meta property=\"article:publisher\" content=\"https:\/\/www.facebook.com\/tvnovanordeste\/\" \/>\n<meta property=\"article:published_time\" content=\"2026-03-13T18:56:58+00:00\" \/>\n<meta property=\"article:modified_time\" content=\"2026-03-13T19:02:44+00:00\" \/>\n<meta property=\"og:image\" content=\"https:\/\/tvnova.tv.br\/jornalfatonovo\/wp-content\/uploads\/2026\/03\/WhatsApp-Image-2026-03-11-at-12.02.11.jpeg\" \/>\n\t<meta property=\"og:image:width\" content=\"960\" \/>\n\t<meta property=\"og:image:height\" content=\"1280\" \/>\n\t<meta property=\"og:image:type\" content=\"image\/jpeg\" \/>\n<meta name=\"author\" content=\"gabriel\" \/>\n<meta name=\"twitter:card\" content=\"summary_large_image\" \/>\n<meta name=\"twitter:creator\" content=\"@tvnovanordeste\" \/>\n<meta name=\"twitter:site\" content=\"@tvnovanordeste\" \/>\n<meta name=\"twitter:label1\" content=\"Escrito por\" \/>\n\t<meta name=\"twitter:data1\" content=\"gabriel\" \/>\n\t<meta name=\"twitter:label2\" content=\"Est. tempo de leitura\" \/>\n\t<meta name=\"twitter:data2\" content=\"1 minuto\" \/>\n<script type=\"application\/ld+json\" class=\"yoast-schema-graph\">{\"@context\":\"https:\/\/schema.org\",\"@graph\":[{\"@type\":\"Article\",\"@id\":\"https:\/\/tvnova.tv.br\/jornalfatonovo\/entre-elas-debate-saude-emocional-atividade-fisica-e-imagem-profissional\/#article\",\"isPartOf\":{\"@id\":\"https:\/\/tvnova.tv.br\/jornalfatonovo\/entre-elas-debate-saude-emocional-atividade-fisica-e-imagem-profissional\/\"},\"author\":{\"name\":\"gabriel\",\"@id\":\"https:\/\/tvnova.tv.br\/jornalfatonovo\/#\/schema\/person\/c861a58e2ce361fc3f17006d718686aa\"},\"headline\":\"Entre Elas debate sa\u00fade emocional, atividade f\u00edsica e imagem profissional\",\"datePublished\":\"2026-03-13T18:56:58+00:00\",\"dateModified\":\"2026-03-13T19:02:44+00:00\",\"mainEntityOfPage\":{\"@id\":\"https:\/\/tvnova.tv.br\/jornalfatonovo\/entre-elas-debate-saude-emocional-atividade-fisica-e-imagem-profissional\/\"},\"wordCount\":241,\"publisher\":{\"@id\":\"https:\/\/tvnova.tv.br\/jornalfatonovo\/#organization\"},\"image\":{\"@id\":\"https:\/\/tvnova.tv.br\/jornalfatonovo\/entre-elas-debate-saude-emocional-atividade-fisica-e-imagem-profissional\/#primaryimage\"},\"thumbnailUrl\":\"https:\/\/tvnova.tv.br\/jornalfatonovo\/wp-content\/uploads\/2026\/03\/WhatsApp-Image-2026-03-11-at-12.02.11.jpeg\",\"articleSection\":[\"Na TV NOVA\"],\"inLanguage\":\"pt-BR\"},{\"@type\":\"WebPage\",\"@id\":\"https:\/\/tvnova.tv.br\/jornalfatonovo\/entre-elas-debate-saude-emocional-atividade-fisica-e-imagem-profissional\/\",\"url\":\"https:\/\/tvnova.tv.br\/jornalfatonovo\/entre-elas-debate-saude-emocional-atividade-fisica-e-imagem-profissional\/\",\"name\":\"Entre Elas debate sa\u00fade emocional, atividade f\u00edsica e imagem profissional - Jornal Fato Novo\",\"isPartOf\":{\"@id\":\"https:\/\/tvnova.tv.br\/jornalfatonovo\/#website\"},\"primaryImageOfPage\":{\"@id\":\"https:\/\/tvnova.tv.br\/jornalfatonovo\/entre-elas-debate-saude-emocional-atividade-fisica-e-imagem-profissional\/#primaryimage\"},\"image\":{\"@id\":\"https:\/\/tvnova.tv.br\/jornalfatonovo\/entre-elas-debate-saude-emocional-atividade-fisica-e-imagem-profissional\/#primaryimage\"},\"thumbnailUrl\":\"https:\/\/tvnova.tv.br\/jornalfatonovo\/wp-content\/uploads\/2026\/03\/WhatsApp-Image-2026-03-11-at-12.02.11.jpeg\",\"datePublished\":\"2026-03-13T18:56:58+00:00\",\"dateModified\":\"2026-03-13T19:02:44+00:00\",\"breadcrumb\":{\"@id\":\"https:\/\/tvnova.tv.br\/jornalfatonovo\/entre-elas-debate-saude-emocional-atividade-fisica-e-imagem-profissional\/#breadcrumb\"},\"inLanguage\":\"pt-BR\",\"potentialAction\":[{\"@type\":\"ReadAction\",\"target\":[\"https:\/\/tvnova.tv.br\/jornalfatonovo\/entre-elas-debate-saude-emocional-atividade-fisica-e-imagem-profissional\/\"]}]},{\"@type\":\"ImageObject\",\"inLanguage\":\"pt-BR\",\"@id\":\"https:\/\/tvnova.tv.br\/jornalfatonovo\/entre-elas-debate-saude-emocional-atividade-fisica-e-imagem-profissional\/#primaryimage\",\"url\":\"https:\/\/tvnova.tv.br\/jornalfatonovo\/wp-content\/uploads\/2026\/03\/WhatsApp-Image-2026-03-11-at-12.02.11.jpeg\",\"contentUrl\":\"https:\/\/tvnova.tv.br\/jornalfatonovo\/wp-content\/uploads\/2026\/03\/WhatsApp-Image-2026-03-11-at-12.02.11.jpeg\",\"width\":960,\"height\":1280},{\"@type\":\"BreadcrumbList\",\"@id\":\"https:\/\/tvnova.tv.br\/jornalfatonovo\/entre-elas-debate-saude-emocional-atividade-fisica-e-imagem-profissional\/#breadcrumb\",\"itemListElement\":[{\"@type\":\"ListItem\",\"position\":1,\"name\":\"In\u00edcio\",\"item\":\"https:\/\/tvnova.tv.br\/jornalfatonovo\/\"},{\"@type\":\"ListItem\",\"position\":2,\"name\":\"Entre Elas debate sa\u00fade emocional, atividade f\u00edsica e imagem profissional\"}]},{\"@type\":\"WebSite\",\"@id\":\"https:\/\/tvnova.tv.br\/jornalfatonovo\/#website\",\"url\":\"https:\/\/tvnova.tv.br\/jornalfatonovo\/\",\"name\":\"Jornal Fato Novo\",\"description\":\"Acompanhe as not\u00edcias de Pernambuco\",\"publisher\":{\"@id\":\"https:\/\/tvnova.tv.br\/jornalfatonovo\/#organization\"},\"potentialAction\":[{\"@type\":\"SearchAction\",\"target\":{\"@type\":\"EntryPoint\",\"urlTemplate\":\"https:\/\/tvnova.tv.br\/jornalfatonovo\/?s={search_term_string}\"},\"query-input\":{\"@type\":\"PropertyValueSpecification\",\"valueRequired\":true,\"valueName\":\"search_term_string\"}}],\"inLanguage\":\"pt-BR\"},{\"@type\":\"Organization\",\"@id\":\"https:\/\/tvnova.tv.br\/jornalfatonovo\/#organization\",\"name\":\"Jornal Fato Novo\",\"url\":\"https:\/\/tvnova.tv.br\/jornalfatonovo\/\",\"logo\":{\"@type\":\"ImageObject\",\"inLanguage\":\"pt-BR\",\"@id\":\"https:\/\/tvnova.tv.br\/jornalfatonovo\/#\/schema\/logo\/image\/\",\"url\":\"https:\/\/tvnova.tv.br\/jornalfatonovo1\/wp-content\/uploads\/2023\/04\/FATO-NOVO-1.png\",\"contentUrl\":\"https:\/\/tvnova.tv.br\/jornalfatonovo1\/wp-content\/uploads\/2023\/04\/FATO-NOVO-1.png\",\"width\":200,\"height\":60,\"caption\":\"Jornal Fato Novo\"},\"image\":{\"@id\":\"https:\/\/tvnova.tv.br\/jornalfatonovo\/#\/schema\/logo\/image\/\"},\"sameAs\":[\"https:\/\/www.facebook.com\/tvnovanordeste\/\",\"https:\/\/x.com\/tvnovanordeste\",\"https:\/\/www.instagram.com\/jornalfatonovope\/\"]},{\"@type\":\"Person\",\"@id\":\"https:\/\/tvnova.tv.br\/jornalfatonovo\/#\/schema\/person\/c861a58e2ce361fc3f17006d718686aa\",\"name\":\"gabriel\",\"url\":\"https:\/\/tvnova.tv.br\/jornalfatonovo\/author\/gabriel\/\"}]}<\/script>\n<!-- \/ Yoast SEO plugin. -->","yoast_head_json":{"title":"Entre Elas debate sa\u00fade emocional, atividade f\u00edsica e imagem profissional - Jornal Fato Novo","robots":{"index":"index","follow":"follow","max-snippet":"max-snippet:-1","max-image-preview":"max-image-preview:large","max-video-preview":"max-video-preview:-1"},"canonical":"https:\/\/tvnova.tv.br\/jornalfatonovo\/entre-elas-debate-saude-emocional-atividade-fisica-e-imagem-profissional\/","og_locale":"pt_BR","og_type":"article","og_title":"Entre Elas debate sa\u00fade emocional, atividade f\u00edsica e imagem profissional - Jornal Fato Novo","og_description":"O programa Entre Elas, apresentado por Bob Anderson e Keila Fidelis, levou ao ar mais uma edi\u00e7\u00e3o dedicada a temas que impactam diretamente o bem-estar e a vida profissional. Exibido ao vivo na TV Nova Nordeste \/ TV Cultura (canal 22.1), o programa reuniu especialistas para discutir sa\u00fade, qualidade de vida e posicionamento pessoal. Entre [&hellip;]","og_url":"https:\/\/tvnova.tv.br\/jornalfatonovo\/entre-elas-debate-saude-emocional-atividade-fisica-e-imagem-profissional\/","og_site_name":"Jornal Fato Novo","article_publisher":"https:\/\/www.facebook.com\/tvnovanordeste\/","article_published_time":"2026-03-13T18:56:58+00:00","article_modified_time":"2026-03-13T19:02:44+00:00","og_image":[{"width":960,"height":1280,"url":"https:\/\/tvnova.tv.br\/jornalfatonovo\/wp-content\/uploads\/2026\/03\/WhatsApp-Image-2026-03-11-at-12.02.11.jpeg","type":"image\/jpeg"}],"author":"gabriel","twitter_card":"summary_large_image","twitter_creator":"@tvnovanordeste","twitter_site":"@tvnovanordeste","twitter_misc":{"Escrito por":"gabriel","Est. tempo de leitura":"1 minuto"},"schema":{"@context":"https:\/\/schema.org","@graph":[{"@type":"Article","@id":"https:\/\/tvnova.tv.br\/jornalfatonovo\/entre-elas-debate-saude-emocional-atividade-fisica-e-imagem-profissional\/#article","isPartOf":{"@id":"https:\/\/tvnova.tv.br\/jornalfatonovo\/entre-elas-debate-saude-emocional-atividade-fisica-e-imagem-profissional\/"},"author":{"name":"gabriel","@id":"https:\/\/tvnova.tv.br\/jornalfatonovo\/#\/schema\/person\/c861a58e2ce361fc3f17006d718686aa"},"headline":"Entre Elas debate sa\u00fade emocional, atividade f\u00edsica e imagem profissional","datePublished":"2026-03-13T18:56:58+00:00","dateModified":"2026-03-13T19:02:44+00:00","mainEntityOfPage":{"@id":"https:\/\/tvnova.tv.br\/jornalfatonovo\/entre-elas-debate-saude-emocional-atividade-fisica-e-imagem-profissional\/"},"wordCount":241,"publisher":{"@id":"https:\/\/tvnova.tv.br\/jornalfatonovo\/#organization"},"image":{"@id":"https:\/\/tvnova.tv.br\/jornalfatonovo\/entre-elas-debate-saude-emocional-atividade-fisica-e-imagem-profissional\/#primaryimage"},"thumbnailUrl":"https:\/\/tvnova.tv.br\/jornalfatonovo\/wp-content\/uploads\/2026\/03\/WhatsApp-Image-2026-03-11-at-12.02.11.jpeg","articleSection":["Na TV NOVA"],"inLanguage":"pt-BR"},{"@type":"WebPage","@id":"https:\/\/tvnova.tv.br\/jornalfatonovo\/entre-elas-debate-saude-emocional-atividade-fisica-e-imagem-profissional\/","url":"https:\/\/tvnova.tv.br\/jornalfatonovo\/entre-elas-debate-saude-emocional-atividade-fisica-e-imagem-profissional\/","name":"Entre Elas debate sa\u00fade emocional, atividade f\u00edsica e imagem profissional - Jornal Fato Novo","isPartOf":{"@id":"https:\/\/tvnova.tv.br\/jornalfatonovo\/#website"},"primaryImageOfPage":{"@id":"https:\/\/tvnova.tv.br\/jornalfatonovo\/entre-elas-debate-saude-emocional-atividade-fisica-e-imagem-profissional\/#primaryimage"},"image":{"@id":"https:\/\/tvnova.tv.br\/jornalfatonovo\/entre-elas-debate-saude-emocional-atividade-fisica-e-imagem-profissional\/#primaryimage"},"thumbnailUrl":"https:\/\/tvnova.tv.br\/jornalfatonovo\/wp-content\/uploads\/2026\/03\/WhatsApp-Image-2026-03-11-at-12.02.11.jpeg","datePublished":"2026-03-13T18:56:58+00:00","dateModified":"2026-03-13T19:02:44+00:00","breadcrumb":{"@id":"https:\/\/tvnova.tv.br\/jornalfatonovo\/entre-elas-debate-saude-emocional-atividade-fisica-e-imagem-profissional\/#breadcrumb"},"inLanguage":"pt-BR","potentialAction":[{"@type":"ReadAction","target":["https:\/\/tvnova.tv.br\/jornalfatonovo\/entre-elas-debate-saude-emocional-atividade-fisica-e-imagem-profissional\/"]}]},{"@type":"ImageObject","inLanguage":"pt-BR","@id":"https:\/\/tvnova.tv.br\/jornalfatonovo\/entre-elas-debate-saude-emocional-atividade-fisica-e-imagem-profissional\/#primaryimage","url":"https:\/\/tvnova.tv.br\/jornalfatonovo\/wp-content\/uploads\/2026\/03\/WhatsApp-Image-2026-03-11-at-12.02.11.jpeg","contentUrl":"https:\/\/tvnova.tv.br\/jornalfatonovo\/wp-content\/uploads\/2026\/03\/WhatsApp-Image-2026-03-11-at-12.02.11.jpeg","width":960,"height":1280},{"@type":"BreadcrumbList","@id":"https:\/\/tvnova.tv.br\/jornalfatonovo\/entre-elas-debate-saude-emocional-atividade-fisica-e-imagem-profissional\/#breadcrumb","itemListElement":[{"@type":"ListItem","position":1,"name":"In\u00edcio","item":"https:\/\/tvnova.tv.br\/jornalfatonovo\/"},{"@type":"ListItem","position":2,"name":"Entre Elas debate sa\u00fade emocional, atividade f\u00edsica e imagem profissional"}]},{"@type":"WebSite","@id":"https:\/\/tvnova.tv.br\/jornalfatonovo\/#website","url":"https:\/\/tvnova.tv.br\/jornalfatonovo\/","name":"Jornal Fato Novo","description":"Acompanhe as not\u00edcias de Pernambuco","publisher":{"@id":"https:\/\/tvnova.tv.br\/jornalfatonovo\/#organization"},"potentialAction":[{"@type":"SearchAction","target":{"@type":"EntryPoint","urlTemplate":"https:\/\/tvnova.tv.br\/jornalfatonovo\/?s={search_term_string}"},"query-input":{"@type":"PropertyValueSpecification","valueRequired":true,"valueName":"search_term_string"}}],"inLanguage":"pt-BR"},{"@type":"Organization","@id":"https:\/\/tvnova.tv.br\/jornalfatonovo\/#organization","name":"Jornal Fato Novo","url":"https:\/\/tvnova.tv.br\/jornalfatonovo\/","logo":{"@type":"ImageObject","inLanguage":"pt-BR","@id":"https:\/\/tvnova.tv.br\/jornalfatonovo\/#\/schema\/logo\/image\/","url":"https:\/\/tvnova.tv.br\/jornalfatonovo1\/wp-content\/uploads\/2023\/04\/FATO-NOVO-1.png","contentUrl":"https:\/\/tvnova.tv.br\/jornalfatonovo1\/wp-content\/uploads\/2023\/04\/FATO-NOVO-1.png","width":200,"height":60,"caption":"Jornal Fato Novo"},"image":{"@id":"https:\/\/tvnova.tv.br\/jornalfatonovo\/#\/schema\/logo\/image\/"},"sameAs":["https:\/\/www.facebook.com\/tvnovanordeste\/","https:\/\/x.com\/tvnovanordeste","https:\/\/www.instagram.com\/jornalfatonovope\/"]},{"@type":"Person","@id":"https:\/\/tvnova.tv.br\/jornalfatonovo\/#\/schema\/person\/c861a58e2ce361fc3f17006d718686aa","name":"gabriel","url":"https:\/\/tvnova.tv.br\/jornalfatonovo\/author\/gabriel\/"}]}},"_links":{"self":[{"href":"https:\/\/tvnova.tv.br\/jornalfatonovo\/wp-json\/wp\/v2\/posts\/24731","targetHints":{"allow":["GET"]}}],"collection":[{"href":"https:\/\/tvnova.tv.br\/jornalfatonovo\/wp-json\/wp\/v2\/posts"}],"about":[{"href":"https:\/\/tvnova.tv.br\/jornalfatonovo\/wp-json\/wp\/v2\/types\/post"}],"author":[{"embeddable":true,"href":"https:\/\/tvnova.tv.br\/jornalfatonovo\/wp-json\/wp\/v2\/users\/5"}],"replies":[{"embeddable":true,"href":"https:\/\/tvnova.tv.br\/jornalfatonovo\/wp-json\/wp\/v2\/comments?post=24731"}],"version-history":[{"count":1,"href":"https:\/\/tvnova.tv.br\/jornalfatonovo\/wp-json\/wp\/v2\/posts\/24731\/revisions"}],"predecessor-version":[{"id":24732,"href":"https:\/\/tvnova.tv.br\/jornalfatonovo\/wp-json\/wp\/v2\/posts\/24731\/revisions\/24732"}],"wp:featuredmedia":[{"embeddable":true,"href":"https:\/\/tvnova.tv.br\/jornalfatonovo\/wp-json\/wp\/v2\/media\/24733"}],"wp:attachment":[{"href":"https:\/\/tvnova.tv.br\/jornalfatonovo\/wp-json\/wp\/v2\/media?parent=24731"}],"wp:term":[{"taxonomy":"category","embeddable":true,"href":"https:\/\/tvnova.tv.br\/jornalfatonovo\/wp-json\/wp\/v2\/categories?post=24731"},{"taxonomy":"post_tag","embeddable":true,"href":"https:\/\/tvnova.tv.br\/jornalfatonovo\/wp-json\/wp\/v2\/tags?post=24731"},{"taxonomy":"cores-categorias","embeddable":true,"href":"https:\/\/tvnova.tv.br\/jornalfatonovo\/wp-json\/wp\/v2\/cores-categorias?post=24731"}],"curies":[{"name":"wp","href":"https:\/\/api.w.org\/{rel}","templated":true}]}}