{"id":24737,"date":"2026-03-13T16:28:31","date_gmt":"2026-03-13T19:28:31","guid":{"rendered":"https:\/\/tvnova.tv.br\/jornalfatonovo\/?p=24737"},"modified":"2026-03-13T16:28:34","modified_gmt":"2026-03-13T19:28:34","slug":"dialogo-debate-o-agente-secreto-e-a-expectativa-para-a-cerimonia-do-oscar","status":"publish","type":"post","link":"https:\/\/tvnova.tv.br\/jornalfatonovo\/dialogo-debate-o-agente-secreto-e-a-expectativa-para-a-cerimonia-do-oscar\/","title":{"rendered":"Di\u00e1logo debate \u201cO Agente Secreto\u201d e a expectativa para a cerim\u00f4nia do Oscar"},"content":{"rendered":"<p data-start=\"97\" data-end=\"387\">O programa <em data-start=\"130\" data-end=\"139\">Di\u00e1logo<\/em>, apresentado por <strong data-start=\"157\" data-end=\"172\">Pedro Paulo<\/strong>, promoveu um debate especial sobre cinema e cultura ao abordar o filme <strong data-start=\"244\" data-end=\"266\" data-is-only-node=\"\">\u201cO Agente Secreto\u201d<\/strong> e as expectativas para a cerim\u00f4nia do <strong data-start=\"305\" data-end=\"314\">Oscar<\/strong>, um dos eventos mais importantes da ind\u00fastria cinematogr\u00e1fica mundial.<\/p>\n<p data-start=\"389\" data-end=\"836\">A edi\u00e7\u00e3o reuniu convidados que analisaram a produ\u00e7\u00e3o cinematogr\u00e1fica sob diferentes perspectivas. O psicanalista cl\u00ednico, escritor e colunista social <strong data-start=\"539\" data-end=\"553\">Magno Dias<\/strong> trouxe reflex\u00f5es sobre as narrativas e os elementos psicol\u00f3gicos presentes nas obras indicadas \u00e0s premia\u00e7\u00f5es. J\u00e1 o historiador e jornalista <strong data-start=\"694\" data-end=\"713\">Everaldo J\u00fanior<\/strong> contextualizou o impacto cultural do cinema e a import\u00e2ncia do Oscar na constru\u00e7\u00e3o da mem\u00f3ria audiovisual contempor\u00e2nea.<\/p>\n<p data-start=\"838\" data-end=\"1081\">Completando o debate, o curador e cr\u00edtico de cinema <strong data-start=\"890\" data-end=\"906\">Luiz Joaquim<\/strong> analisou aspectos t\u00e9cnicos e art\u00edsticos das produ\u00e7\u00f5es que ganham destaque na premia\u00e7\u00e3o, al\u00e9m de comentar as expectativas do p\u00fablico e da cr\u00edtica para a cerim\u00f4nia deste ano.<\/p>\n<p data-start=\"1083\" data-end=\"1289\" data-is-last-node=\"\" data-is-only-node=\"\">A conversa destacou o papel do cinema como ferramenta de reflex\u00e3o social e cultural, refor\u00e7ando o compromisso do <em data-start=\"1196\" data-end=\"1205\">Di\u00e1logo<\/em> com debates que ampliam o olhar do p\u00fablico sobre temas relevantes da atualidade.<\/p>\n","protected":false},"excerpt":{"rendered":"<p>O programa Di\u00e1logo, apresentado por Pedro Paulo, promoveu um debate especial sobre cinema e cultura ao abordar o filme \u201cO Agente Secreto\u201d e as expectativas para a cerim\u00f4nia do Oscar, um dos eventos mais importantes da ind\u00fastria cinematogr\u00e1fica mundial. A edi\u00e7\u00e3o reuniu convidados que analisaram a produ\u00e7\u00e3o cinematogr\u00e1fica sob diferentes perspectivas. O psicanalista cl\u00ednico, escritor [&hellip;]<\/p>\n","protected":false},"author":5,"featured_media":24736,"comment_status":"closed","ping_status":"","sticky":false,"template":"","format":"standard","meta":{"footnotes":""},"categories":[274],"tags":[],"cores-categorias":[],"class_list":["post-24737","post","type-post","status-publish","format-standard","has-post-thumbnail","hentry","category-na-tv-nova"],"yoast_head":"<!-- This site is optimized with the Yoast SEO plugin v27.2 - https:\/\/yoast.com\/product\/yoast-seo-wordpress\/ -->\n<title>Di\u00e1logo debate \u201cO Agente Secreto\u201d e a expectativa para a cerim\u00f4nia do Oscar - Jornal Fato Novo<\/title>\n<meta name=\"robots\" content=\"index, follow, max-snippet:-1, max-image-preview:large, max-video-preview:-1\" \/>\n<link rel=\"canonical\" href=\"https:\/\/tvnova.tv.br\/jornalfatonovo\/dialogo-debate-o-agente-secreto-e-a-expectativa-para-a-cerimonia-do-oscar\/\" \/>\n<meta property=\"og:locale\" content=\"pt_BR\" \/>\n<meta property=\"og:type\" content=\"article\" \/>\n<meta property=\"og:title\" content=\"Di\u00e1logo debate \u201cO Agente Secreto\u201d e a expectativa para a cerim\u00f4nia do Oscar - Jornal Fato Novo\" \/>\n<meta property=\"og:description\" content=\"O programa Di\u00e1logo, apresentado por Pedro Paulo, promoveu um debate especial sobre cinema e cultura ao abordar o filme \u201cO Agente Secreto\u201d e as expectativas para a cerim\u00f4nia do Oscar, um dos eventos mais importantes da ind\u00fastria cinematogr\u00e1fica mundial. A edi\u00e7\u00e3o reuniu convidados que analisaram a produ\u00e7\u00e3o cinematogr\u00e1fica sob diferentes perspectivas. O psicanalista cl\u00ednico, escritor [&hellip;]\" \/>\n<meta property=\"og:url\" content=\"https:\/\/tvnova.tv.br\/jornalfatonovo\/dialogo-debate-o-agente-secreto-e-a-expectativa-para-a-cerimonia-do-oscar\/\" \/>\n<meta property=\"og:site_name\" content=\"Jornal Fato Novo\" \/>\n<meta property=\"article:publisher\" content=\"https:\/\/www.facebook.com\/tvnovanordeste\/\" \/>\n<meta property=\"article:published_time\" content=\"2026-03-13T19:28:31+00:00\" \/>\n<meta property=\"article:modified_time\" content=\"2026-03-13T19:28:34+00:00\" \/>\n<meta property=\"og:image\" content=\"https:\/\/tvnova.tv.br\/jornalfatonovo\/wp-content\/uploads\/2026\/03\/WhatsApp-Image-2026-03-13-at-14.19.45.jpeg\" \/>\n\t<meta property=\"og:image:width\" content=\"1280\" \/>\n\t<meta property=\"og:image:height\" content=\"1037\" \/>\n\t<meta property=\"og:image:type\" content=\"image\/jpeg\" \/>\n<meta name=\"author\" content=\"gabriel\" \/>\n<meta name=\"twitter:card\" content=\"summary_large_image\" \/>\n<meta name=\"twitter:creator\" content=\"@tvnovanordeste\" \/>\n<meta name=\"twitter:site\" content=\"@tvnovanordeste\" \/>\n<meta name=\"twitter:label1\" content=\"Escrito por\" \/>\n\t<meta name=\"twitter:data1\" content=\"gabriel\" \/>\n\t<meta name=\"twitter:label2\" content=\"Est. tempo de leitura\" \/>\n\t<meta name=\"twitter:data2\" content=\"1 minuto\" \/>\n<script type=\"application\/ld+json\" class=\"yoast-schema-graph\">{\"@context\":\"https:\/\/schema.org\",\"@graph\":[{\"@type\":\"Article\",\"@id\":\"https:\/\/tvnova.tv.br\/jornalfatonovo\/dialogo-debate-o-agente-secreto-e-a-expectativa-para-a-cerimonia-do-oscar\/#article\",\"isPartOf\":{\"@id\":\"https:\/\/tvnova.tv.br\/jornalfatonovo\/dialogo-debate-o-agente-secreto-e-a-expectativa-para-a-cerimonia-do-oscar\/\"},\"author\":{\"name\":\"gabriel\",\"@id\":\"https:\/\/tvnova.tv.br\/jornalfatonovo\/#\/schema\/person\/c861a58e2ce361fc3f17006d718686aa\"},\"headline\":\"Di\u00e1logo debate \u201cO Agente Secreto\u201d e a expectativa para a cerim\u00f4nia do Oscar\",\"datePublished\":\"2026-03-13T19:28:31+00:00\",\"dateModified\":\"2026-03-13T19:28:34+00:00\",\"mainEntityOfPage\":{\"@id\":\"https:\/\/tvnova.tv.br\/jornalfatonovo\/dialogo-debate-o-agente-secreto-e-a-expectativa-para-a-cerimonia-do-oscar\/\"},\"wordCount\":213,\"publisher\":{\"@id\":\"https:\/\/tvnova.tv.br\/jornalfatonovo\/#organization\"},\"image\":{\"@id\":\"https:\/\/tvnova.tv.br\/jornalfatonovo\/dialogo-debate-o-agente-secreto-e-a-expectativa-para-a-cerimonia-do-oscar\/#primaryimage\"},\"thumbnailUrl\":\"https:\/\/tvnova.tv.br\/jornalfatonovo\/wp-content\/uploads\/2026\/03\/WhatsApp-Image-2026-03-13-at-14.19.45.jpeg\",\"articleSection\":[\"Na TV NOVA\"],\"inLanguage\":\"pt-BR\"},{\"@type\":\"WebPage\",\"@id\":\"https:\/\/tvnova.tv.br\/jornalfatonovo\/dialogo-debate-o-agente-secreto-e-a-expectativa-para-a-cerimonia-do-oscar\/\",\"url\":\"https:\/\/tvnova.tv.br\/jornalfatonovo\/dialogo-debate-o-agente-secreto-e-a-expectativa-para-a-cerimonia-do-oscar\/\",\"name\":\"Di\u00e1logo debate \u201cO Agente Secreto\u201d e a expectativa para a cerim\u00f4nia do Oscar - Jornal Fato Novo\",\"isPartOf\":{\"@id\":\"https:\/\/tvnova.tv.br\/jornalfatonovo\/#website\"},\"primaryImageOfPage\":{\"@id\":\"https:\/\/tvnova.tv.br\/jornalfatonovo\/dialogo-debate-o-agente-secreto-e-a-expectativa-para-a-cerimonia-do-oscar\/#primaryimage\"},\"image\":{\"@id\":\"https:\/\/tvnova.tv.br\/jornalfatonovo\/dialogo-debate-o-agente-secreto-e-a-expectativa-para-a-cerimonia-do-oscar\/#primaryimage\"},\"thumbnailUrl\":\"https:\/\/tvnova.tv.br\/jornalfatonovo\/wp-content\/uploads\/2026\/03\/WhatsApp-Image-2026-03-13-at-14.19.45.jpeg\",\"datePublished\":\"2026-03-13T19:28:31+00:00\",\"dateModified\":\"2026-03-13T19:28:34+00:00\",\"breadcrumb\":{\"@id\":\"https:\/\/tvnova.tv.br\/jornalfatonovo\/dialogo-debate-o-agente-secreto-e-a-expectativa-para-a-cerimonia-do-oscar\/#breadcrumb\"},\"inLanguage\":\"pt-BR\",\"potentialAction\":[{\"@type\":\"ReadAction\",\"target\":[\"https:\/\/tvnova.tv.br\/jornalfatonovo\/dialogo-debate-o-agente-secreto-e-a-expectativa-para-a-cerimonia-do-oscar\/\"]}]},{\"@type\":\"ImageObject\",\"inLanguage\":\"pt-BR\",\"@id\":\"https:\/\/tvnova.tv.br\/jornalfatonovo\/dialogo-debate-o-agente-secreto-e-a-expectativa-para-a-cerimonia-do-oscar\/#primaryimage\",\"url\":\"https:\/\/tvnova.tv.br\/jornalfatonovo\/wp-content\/uploads\/2026\/03\/WhatsApp-Image-2026-03-13-at-14.19.45.jpeg\",\"contentUrl\":\"https:\/\/tvnova.tv.br\/jornalfatonovo\/wp-content\/uploads\/2026\/03\/WhatsApp-Image-2026-03-13-at-14.19.45.jpeg\",\"width\":1280,\"height\":1037},{\"@type\":\"BreadcrumbList\",\"@id\":\"https:\/\/tvnova.tv.br\/jornalfatonovo\/dialogo-debate-o-agente-secreto-e-a-expectativa-para-a-cerimonia-do-oscar\/#breadcrumb\",\"itemListElement\":[{\"@type\":\"ListItem\",\"position\":1,\"name\":\"In\u00edcio\",\"item\":\"https:\/\/tvnova.tv.br\/jornalfatonovo\/\"},{\"@type\":\"ListItem\",\"position\":2,\"name\":\"Di\u00e1logo debate \u201cO Agente Secreto\u201d e a expectativa para a cerim\u00f4nia do Oscar\"}]},{\"@type\":\"WebSite\",\"@id\":\"https:\/\/tvnova.tv.br\/jornalfatonovo\/#website\",\"url\":\"https:\/\/tvnova.tv.br\/jornalfatonovo\/\",\"name\":\"Jornal Fato Novo\",\"description\":\"Acompanhe as not\u00edcias de Pernambuco\",\"publisher\":{\"@id\":\"https:\/\/tvnova.tv.br\/jornalfatonovo\/#organization\"},\"potentialAction\":[{\"@type\":\"SearchAction\",\"target\":{\"@type\":\"EntryPoint\",\"urlTemplate\":\"https:\/\/tvnova.tv.br\/jornalfatonovo\/?s={search_term_string}\"},\"query-input\":{\"@type\":\"PropertyValueSpecification\",\"valueRequired\":true,\"valueName\":\"search_term_string\"}}],\"inLanguage\":\"pt-BR\"},{\"@type\":\"Organization\",\"@id\":\"https:\/\/tvnova.tv.br\/jornalfatonovo\/#organization\",\"name\":\"Jornal Fato Novo\",\"url\":\"https:\/\/tvnova.tv.br\/jornalfatonovo\/\",\"logo\":{\"@type\":\"ImageObject\",\"inLanguage\":\"pt-BR\",\"@id\":\"https:\/\/tvnova.tv.br\/jornalfatonovo\/#\/schema\/logo\/image\/\",\"url\":\"https:\/\/tvnova.tv.br\/jornalfatonovo1\/wp-content\/uploads\/2023\/04\/FATO-NOVO-1.png\",\"contentUrl\":\"https:\/\/tvnova.tv.br\/jornalfatonovo1\/wp-content\/uploads\/2023\/04\/FATO-NOVO-1.png\",\"width\":200,\"height\":60,\"caption\":\"Jornal Fato Novo\"},\"image\":{\"@id\":\"https:\/\/tvnova.tv.br\/jornalfatonovo\/#\/schema\/logo\/image\/\"},\"sameAs\":[\"https:\/\/www.facebook.com\/tvnovanordeste\/\",\"https:\/\/x.com\/tvnovanordeste\",\"https:\/\/www.instagram.com\/jornalfatonovope\/\"]},{\"@type\":\"Person\",\"@id\":\"https:\/\/tvnova.tv.br\/jornalfatonovo\/#\/schema\/person\/c861a58e2ce361fc3f17006d718686aa\",\"name\":\"gabriel\",\"url\":\"https:\/\/tvnova.tv.br\/jornalfatonovo\/author\/gabriel\/\"}]}<\/script>\n<!-- \/ Yoast SEO plugin. -->","yoast_head_json":{"title":"Di\u00e1logo debate \u201cO Agente Secreto\u201d e a expectativa para a cerim\u00f4nia do Oscar - Jornal Fato Novo","robots":{"index":"index","follow":"follow","max-snippet":"max-snippet:-1","max-image-preview":"max-image-preview:large","max-video-preview":"max-video-preview:-1"},"canonical":"https:\/\/tvnova.tv.br\/jornalfatonovo\/dialogo-debate-o-agente-secreto-e-a-expectativa-para-a-cerimonia-do-oscar\/","og_locale":"pt_BR","og_type":"article","og_title":"Di\u00e1logo debate \u201cO Agente Secreto\u201d e a expectativa para a cerim\u00f4nia do Oscar - Jornal Fato Novo","og_description":"O programa Di\u00e1logo, apresentado por Pedro Paulo, promoveu um debate especial sobre cinema e cultura ao abordar o filme \u201cO Agente Secreto\u201d e as expectativas para a cerim\u00f4nia do Oscar, um dos eventos mais importantes da ind\u00fastria cinematogr\u00e1fica mundial. A edi\u00e7\u00e3o reuniu convidados que analisaram a produ\u00e7\u00e3o cinematogr\u00e1fica sob diferentes perspectivas. O psicanalista cl\u00ednico, escritor [&hellip;]","og_url":"https:\/\/tvnova.tv.br\/jornalfatonovo\/dialogo-debate-o-agente-secreto-e-a-expectativa-para-a-cerimonia-do-oscar\/","og_site_name":"Jornal Fato Novo","article_publisher":"https:\/\/www.facebook.com\/tvnovanordeste\/","article_published_time":"2026-03-13T19:28:31+00:00","article_modified_time":"2026-03-13T19:28:34+00:00","og_image":[{"width":1280,"height":1037,"url":"https:\/\/tvnova.tv.br\/jornalfatonovo\/wp-content\/uploads\/2026\/03\/WhatsApp-Image-2026-03-13-at-14.19.45.jpeg","type":"image\/jpeg"}],"author":"gabriel","twitter_card":"summary_large_image","twitter_creator":"@tvnovanordeste","twitter_site":"@tvnovanordeste","twitter_misc":{"Escrito por":"gabriel","Est. tempo de leitura":"1 minuto"},"schema":{"@context":"https:\/\/schema.org","@graph":[{"@type":"Article","@id":"https:\/\/tvnova.tv.br\/jornalfatonovo\/dialogo-debate-o-agente-secreto-e-a-expectativa-para-a-cerimonia-do-oscar\/#article","isPartOf":{"@id":"https:\/\/tvnova.tv.br\/jornalfatonovo\/dialogo-debate-o-agente-secreto-e-a-expectativa-para-a-cerimonia-do-oscar\/"},"author":{"name":"gabriel","@id":"https:\/\/tvnova.tv.br\/jornalfatonovo\/#\/schema\/person\/c861a58e2ce361fc3f17006d718686aa"},"headline":"Di\u00e1logo debate \u201cO Agente Secreto\u201d e a expectativa para a cerim\u00f4nia do Oscar","datePublished":"2026-03-13T19:28:31+00:00","dateModified":"2026-03-13T19:28:34+00:00","mainEntityOfPage":{"@id":"https:\/\/tvnova.tv.br\/jornalfatonovo\/dialogo-debate-o-agente-secreto-e-a-expectativa-para-a-cerimonia-do-oscar\/"},"wordCount":213,"publisher":{"@id":"https:\/\/tvnova.tv.br\/jornalfatonovo\/#organization"},"image":{"@id":"https:\/\/tvnova.tv.br\/jornalfatonovo\/dialogo-debate-o-agente-secreto-e-a-expectativa-para-a-cerimonia-do-oscar\/#primaryimage"},"thumbnailUrl":"https:\/\/tvnova.tv.br\/jornalfatonovo\/wp-content\/uploads\/2026\/03\/WhatsApp-Image-2026-03-13-at-14.19.45.jpeg","articleSection":["Na TV NOVA"],"inLanguage":"pt-BR"},{"@type":"WebPage","@id":"https:\/\/tvnova.tv.br\/jornalfatonovo\/dialogo-debate-o-agente-secreto-e-a-expectativa-para-a-cerimonia-do-oscar\/","url":"https:\/\/tvnova.tv.br\/jornalfatonovo\/dialogo-debate-o-agente-secreto-e-a-expectativa-para-a-cerimonia-do-oscar\/","name":"Di\u00e1logo debate \u201cO Agente Secreto\u201d e a expectativa para a cerim\u00f4nia do Oscar - Jornal Fato Novo","isPartOf":{"@id":"https:\/\/tvnova.tv.br\/jornalfatonovo\/#website"},"primaryImageOfPage":{"@id":"https:\/\/tvnova.tv.br\/jornalfatonovo\/dialogo-debate-o-agente-secreto-e-a-expectativa-para-a-cerimonia-do-oscar\/#primaryimage"},"image":{"@id":"https:\/\/tvnova.tv.br\/jornalfatonovo\/dialogo-debate-o-agente-secreto-e-a-expectativa-para-a-cerimonia-do-oscar\/#primaryimage"},"thumbnailUrl":"https:\/\/tvnova.tv.br\/jornalfatonovo\/wp-content\/uploads\/2026\/03\/WhatsApp-Image-2026-03-13-at-14.19.45.jpeg","datePublished":"2026-03-13T19:28:31+00:00","dateModified":"2026-03-13T19:28:34+00:00","breadcrumb":{"@id":"https:\/\/tvnova.tv.br\/jornalfatonovo\/dialogo-debate-o-agente-secreto-e-a-expectativa-para-a-cerimonia-do-oscar\/#breadcrumb"},"inLanguage":"pt-BR","potentialAction":[{"@type":"ReadAction","target":["https:\/\/tvnova.tv.br\/jornalfatonovo\/dialogo-debate-o-agente-secreto-e-a-expectativa-para-a-cerimonia-do-oscar\/"]}]},{"@type":"ImageObject","inLanguage":"pt-BR","@id":"https:\/\/tvnova.tv.br\/jornalfatonovo\/dialogo-debate-o-agente-secreto-e-a-expectativa-para-a-cerimonia-do-oscar\/#primaryimage","url":"https:\/\/tvnova.tv.br\/jornalfatonovo\/wp-content\/uploads\/2026\/03\/WhatsApp-Image-2026-03-13-at-14.19.45.jpeg","contentUrl":"https:\/\/tvnova.tv.br\/jornalfatonovo\/wp-content\/uploads\/2026\/03\/WhatsApp-Image-2026-03-13-at-14.19.45.jpeg","width":1280,"height":1037},{"@type":"BreadcrumbList","@id":"https:\/\/tvnova.tv.br\/jornalfatonovo\/dialogo-debate-o-agente-secreto-e-a-expectativa-para-a-cerimonia-do-oscar\/#breadcrumb","itemListElement":[{"@type":"ListItem","position":1,"name":"In\u00edcio","item":"https:\/\/tvnova.tv.br\/jornalfatonovo\/"},{"@type":"ListItem","position":2,"name":"Di\u00e1logo debate \u201cO Agente Secreto\u201d e a expectativa para a cerim\u00f4nia do Oscar"}]},{"@type":"WebSite","@id":"https:\/\/tvnova.tv.br\/jornalfatonovo\/#website","url":"https:\/\/tvnova.tv.br\/jornalfatonovo\/","name":"Jornal Fato Novo","description":"Acompanhe as not\u00edcias de Pernambuco","publisher":{"@id":"https:\/\/tvnova.tv.br\/jornalfatonovo\/#organization"},"potentialAction":[{"@type":"SearchAction","target":{"@type":"EntryPoint","urlTemplate":"https:\/\/tvnova.tv.br\/jornalfatonovo\/?s={search_term_string}"},"query-input":{"@type":"PropertyValueSpecification","valueRequired":true,"valueName":"search_term_string"}}],"inLanguage":"pt-BR"},{"@type":"Organization","@id":"https:\/\/tvnova.tv.br\/jornalfatonovo\/#organization","name":"Jornal Fato Novo","url":"https:\/\/tvnova.tv.br\/jornalfatonovo\/","logo":{"@type":"ImageObject","inLanguage":"pt-BR","@id":"https:\/\/tvnova.tv.br\/jornalfatonovo\/#\/schema\/logo\/image\/","url":"https:\/\/tvnova.tv.br\/jornalfatonovo1\/wp-content\/uploads\/2023\/04\/FATO-NOVO-1.png","contentUrl":"https:\/\/tvnova.tv.br\/jornalfatonovo1\/wp-content\/uploads\/2023\/04\/FATO-NOVO-1.png","width":200,"height":60,"caption":"Jornal Fato Novo"},"image":{"@id":"https:\/\/tvnova.tv.br\/jornalfatonovo\/#\/schema\/logo\/image\/"},"sameAs":["https:\/\/www.facebook.com\/tvnovanordeste\/","https:\/\/x.com\/tvnovanordeste","https:\/\/www.instagram.com\/jornalfatonovope\/"]},{"@type":"Person","@id":"https:\/\/tvnova.tv.br\/jornalfatonovo\/#\/schema\/person\/c861a58e2ce361fc3f17006d718686aa","name":"gabriel","url":"https:\/\/tvnova.tv.br\/jornalfatonovo\/author\/gabriel\/"}]}},"_links":{"self":[{"href":"https:\/\/tvnova.tv.br\/jornalfatonovo\/wp-json\/wp\/v2\/posts\/24737","targetHints":{"allow":["GET"]}}],"collection":[{"href":"https:\/\/tvnova.tv.br\/jornalfatonovo\/wp-json\/wp\/v2\/posts"}],"about":[{"href":"https:\/\/tvnova.tv.br\/jornalfatonovo\/wp-json\/wp\/v2\/types\/post"}],"author":[{"embeddable":true,"href":"https:\/\/tvnova.tv.br\/jornalfatonovo\/wp-json\/wp\/v2\/users\/5"}],"replies":[{"embeddable":true,"href":"https:\/\/tvnova.tv.br\/jornalfatonovo\/wp-json\/wp\/v2\/comments?post=24737"}],"version-history":[{"count":1,"href":"https:\/\/tvnova.tv.br\/jornalfatonovo\/wp-json\/wp\/v2\/posts\/24737\/revisions"}],"predecessor-version":[{"id":24738,"href":"https:\/\/tvnova.tv.br\/jornalfatonovo\/wp-json\/wp\/v2\/posts\/24737\/revisions\/24738"}],"wp:featuredmedia":[{"embeddable":true,"href":"https:\/\/tvnova.tv.br\/jornalfatonovo\/wp-json\/wp\/v2\/media\/24736"}],"wp:attachment":[{"href":"https:\/\/tvnova.tv.br\/jornalfatonovo\/wp-json\/wp\/v2\/media?parent=24737"}],"wp:term":[{"taxonomy":"category","embeddable":true,"href":"https:\/\/tvnova.tv.br\/jornalfatonovo\/wp-json\/wp\/v2\/categories?post=24737"},{"taxonomy":"post_tag","embeddable":true,"href":"https:\/\/tvnova.tv.br\/jornalfatonovo\/wp-json\/wp\/v2\/tags?post=24737"},{"taxonomy":"cores-categorias","embeddable":true,"href":"https:\/\/tvnova.tv.br\/jornalfatonovo\/wp-json\/wp\/v2\/cores-categorias?post=24737"}],"curies":[{"name":"wp","href":"https:\/\/api.w.org\/{rel}","templated":true}]}}