{"id":24744,"date":"2026-03-16T22:19:27","date_gmt":"2026-03-17T01:19:27","guid":{"rendered":"https:\/\/tvnova.tv.br\/jornalfatonovo\/?p=24744"},"modified":"2026-03-16T22:19:31","modified_gmt":"2026-03-17T01:19:31","slug":"programa-dialogo-debate-a-presenca-da-mulher-no-poder-e-os-desafios-da-igualdade","status":"publish","type":"post","link":"https:\/\/tvnova.tv.br\/jornalfatonovo\/programa-dialogo-debate-a-presenca-da-mulher-no-poder-e-os-desafios-da-igualdade\/","title":{"rendered":"Programa Di\u00e1logo debate a presen\u00e7a da mulher no poder e os desafios da igualdade"},"content":{"rendered":"<p>O Programa Di\u00e1logo desta segunda-feira (16) abriu espa\u00e7o para uma conversa necess\u00e1ria e atual: o papel da mulher nos espa\u00e7os de poder. A edi\u00e7\u00e3o discutiu temas como equidade salarial, representatividade feminina e a import\u00e2ncia de pol\u00edticas p\u00fablicas voltadas para as mulheres.<\/p>\n<p>O debate contou com a participa\u00e7\u00e3o da Priscila Lapa, cientista pol\u00edtica, que trouxe uma an\u00e1lise sobre os desafios hist\u00f3ricos enfrentados pelas mulheres na pol\u00edtica e no mercado de trabalho, al\u00e9m da necessidade de ampliar a presen\u00e7a feminina nos espa\u00e7os de decis\u00e3o.<\/p>\n<p>A vereadora de Carpina, C\u00e1ssia do Moinho, compartilhou sua experi\u00eancia na vida p\u00fablica, destacando as barreiras ainda existentes, mas tamb\u00e9m os avan\u00e7os conquistados com a maior participa\u00e7\u00e3o feminina na pol\u00edtica local.<\/p>\n<p>J\u00e1 a delegada Tereza Nogueira abordou a import\u00e2ncia das pol\u00edticas p\u00fablicas no enfrentamento \u00e0 viol\u00eancia contra a mulher e refor\u00e7ou o papel do Estado na garantia de direitos, seguran\u00e7a e igualdade.<\/p>\n<p>O programa refor\u00e7ou que a presen\u00e7a feminina no poder vai al\u00e9m da representatividade simb\u00f3lica: ela \u00e9 essencial para a constru\u00e7\u00e3o de pol\u00edticas mais justas, inclusivas e alinhadas com a realidade da sociedade.<\/p>\n","protected":false},"excerpt":{"rendered":"<p>O Programa Di\u00e1logo desta segunda-feira (16) abriu espa\u00e7o para uma conversa necess\u00e1ria e atual: o papel da mulher nos espa\u00e7os de poder. A edi\u00e7\u00e3o discutiu temas como equidade salarial, representatividade feminina e a import\u00e2ncia de pol\u00edticas p\u00fablicas voltadas para as mulheres. O debate contou com a participa\u00e7\u00e3o da Priscila Lapa, cientista pol\u00edtica, que trouxe uma [&hellip;]<\/p>\n","protected":false},"author":5,"featured_media":24743,"comment_status":"closed","ping_status":"","sticky":false,"template":"","format":"standard","meta":{"footnotes":""},"categories":[274],"tags":[],"cores-categorias":[],"class_list":["post-24744","post","type-post","status-publish","format-standard","has-post-thumbnail","hentry","category-na-tv-nova"],"yoast_head":"<!-- This site is optimized with the Yoast SEO plugin v27.2 - https:\/\/yoast.com\/product\/yoast-seo-wordpress\/ -->\n<title>Programa Di\u00e1logo debate a presen\u00e7a da mulher no poder e os desafios da igualdade - Jornal Fato Novo<\/title>\n<meta name=\"robots\" content=\"index, follow, max-snippet:-1, max-image-preview:large, max-video-preview:-1\" \/>\n<link rel=\"canonical\" href=\"https:\/\/tvnova.tv.br\/jornalfatonovo\/programa-dialogo-debate-a-presenca-da-mulher-no-poder-e-os-desafios-da-igualdade\/\" \/>\n<meta property=\"og:locale\" content=\"pt_BR\" \/>\n<meta property=\"og:type\" content=\"article\" \/>\n<meta property=\"og:title\" content=\"Programa Di\u00e1logo debate a presen\u00e7a da mulher no poder e os desafios da igualdade - Jornal Fato Novo\" \/>\n<meta property=\"og:description\" content=\"O Programa Di\u00e1logo desta segunda-feira (16) abriu espa\u00e7o para uma conversa necess\u00e1ria e atual: o papel da mulher nos espa\u00e7os de poder. A edi\u00e7\u00e3o discutiu temas como equidade salarial, representatividade feminina e a import\u00e2ncia de pol\u00edticas p\u00fablicas voltadas para as mulheres. O debate contou com a participa\u00e7\u00e3o da Priscila Lapa, cientista pol\u00edtica, que trouxe uma [&hellip;]\" \/>\n<meta property=\"og:url\" content=\"https:\/\/tvnova.tv.br\/jornalfatonovo\/programa-dialogo-debate-a-presenca-da-mulher-no-poder-e-os-desafios-da-igualdade\/\" \/>\n<meta property=\"og:site_name\" content=\"Jornal Fato Novo\" \/>\n<meta property=\"article:publisher\" content=\"https:\/\/www.facebook.com\/tvnovanordeste\/\" \/>\n<meta property=\"article:published_time\" content=\"2026-03-17T01:19:27+00:00\" \/>\n<meta property=\"article:modified_time\" content=\"2026-03-17T01:19:31+00:00\" \/>\n<meta property=\"og:image\" content=\"https:\/\/tvnova.tv.br\/jornalfatonovo\/wp-content\/uploads\/2026\/03\/WhatsApp-Image-2026-03-16-at-14.34.47.jpeg\" \/>\n\t<meta property=\"og:image:width\" content=\"1600\" \/>\n\t<meta property=\"og:image:height\" content=\"870\" \/>\n\t<meta property=\"og:image:type\" content=\"image\/jpeg\" \/>\n<meta name=\"author\" content=\"gabriel\" \/>\n<meta name=\"twitter:card\" content=\"summary_large_image\" \/>\n<meta name=\"twitter:creator\" content=\"@tvnovanordeste\" \/>\n<meta name=\"twitter:site\" content=\"@tvnovanordeste\" \/>\n<meta name=\"twitter:label1\" content=\"Escrito por\" \/>\n\t<meta name=\"twitter:data1\" content=\"gabriel\" \/>\n\t<meta name=\"twitter:label2\" content=\"Est. tempo de leitura\" \/>\n\t<meta name=\"twitter:data2\" content=\"1 minuto\" \/>\n<script type=\"application\/ld+json\" class=\"yoast-schema-graph\">{\"@context\":\"https:\/\/schema.org\",\"@graph\":[{\"@type\":\"Article\",\"@id\":\"https:\/\/tvnova.tv.br\/jornalfatonovo\/programa-dialogo-debate-a-presenca-da-mulher-no-poder-e-os-desafios-da-igualdade\/#article\",\"isPartOf\":{\"@id\":\"https:\/\/tvnova.tv.br\/jornalfatonovo\/programa-dialogo-debate-a-presenca-da-mulher-no-poder-e-os-desafios-da-igualdade\/\"},\"author\":{\"name\":\"gabriel\",\"@id\":\"https:\/\/tvnova.tv.br\/jornalfatonovo\/#\/schema\/person\/c861a58e2ce361fc3f17006d718686aa\"},\"headline\":\"Programa Di\u00e1logo debate a presen\u00e7a da mulher no poder e os desafios da igualdade\",\"datePublished\":\"2026-03-17T01:19:27+00:00\",\"dateModified\":\"2026-03-17T01:19:31+00:00\",\"mainEntityOfPage\":{\"@id\":\"https:\/\/tvnova.tv.br\/jornalfatonovo\/programa-dialogo-debate-a-presenca-da-mulher-no-poder-e-os-desafios-da-igualdade\/\"},\"wordCount\":225,\"publisher\":{\"@id\":\"https:\/\/tvnova.tv.br\/jornalfatonovo\/#organization\"},\"image\":{\"@id\":\"https:\/\/tvnova.tv.br\/jornalfatonovo\/programa-dialogo-debate-a-presenca-da-mulher-no-poder-e-os-desafios-da-igualdade\/#primaryimage\"},\"thumbnailUrl\":\"https:\/\/tvnova.tv.br\/jornalfatonovo\/wp-content\/uploads\/2026\/03\/WhatsApp-Image-2026-03-16-at-14.34.47.jpeg\",\"articleSection\":[\"Na TV NOVA\"],\"inLanguage\":\"pt-BR\"},{\"@type\":\"WebPage\",\"@id\":\"https:\/\/tvnova.tv.br\/jornalfatonovo\/programa-dialogo-debate-a-presenca-da-mulher-no-poder-e-os-desafios-da-igualdade\/\",\"url\":\"https:\/\/tvnova.tv.br\/jornalfatonovo\/programa-dialogo-debate-a-presenca-da-mulher-no-poder-e-os-desafios-da-igualdade\/\",\"name\":\"Programa Di\u00e1logo debate a presen\u00e7a da mulher no poder e os desafios da igualdade - Jornal Fato Novo\",\"isPartOf\":{\"@id\":\"https:\/\/tvnova.tv.br\/jornalfatonovo\/#website\"},\"primaryImageOfPage\":{\"@id\":\"https:\/\/tvnova.tv.br\/jornalfatonovo\/programa-dialogo-debate-a-presenca-da-mulher-no-poder-e-os-desafios-da-igualdade\/#primaryimage\"},\"image\":{\"@id\":\"https:\/\/tvnova.tv.br\/jornalfatonovo\/programa-dialogo-debate-a-presenca-da-mulher-no-poder-e-os-desafios-da-igualdade\/#primaryimage\"},\"thumbnailUrl\":\"https:\/\/tvnova.tv.br\/jornalfatonovo\/wp-content\/uploads\/2026\/03\/WhatsApp-Image-2026-03-16-at-14.34.47.jpeg\",\"datePublished\":\"2026-03-17T01:19:27+00:00\",\"dateModified\":\"2026-03-17T01:19:31+00:00\",\"breadcrumb\":{\"@id\":\"https:\/\/tvnova.tv.br\/jornalfatonovo\/programa-dialogo-debate-a-presenca-da-mulher-no-poder-e-os-desafios-da-igualdade\/#breadcrumb\"},\"inLanguage\":\"pt-BR\",\"potentialAction\":[{\"@type\":\"ReadAction\",\"target\":[\"https:\/\/tvnova.tv.br\/jornalfatonovo\/programa-dialogo-debate-a-presenca-da-mulher-no-poder-e-os-desafios-da-igualdade\/\"]}]},{\"@type\":\"ImageObject\",\"inLanguage\":\"pt-BR\",\"@id\":\"https:\/\/tvnova.tv.br\/jornalfatonovo\/programa-dialogo-debate-a-presenca-da-mulher-no-poder-e-os-desafios-da-igualdade\/#primaryimage\",\"url\":\"https:\/\/tvnova.tv.br\/jornalfatonovo\/wp-content\/uploads\/2026\/03\/WhatsApp-Image-2026-03-16-at-14.34.47.jpeg\",\"contentUrl\":\"https:\/\/tvnova.tv.br\/jornalfatonovo\/wp-content\/uploads\/2026\/03\/WhatsApp-Image-2026-03-16-at-14.34.47.jpeg\",\"width\":1600,\"height\":870},{\"@type\":\"BreadcrumbList\",\"@id\":\"https:\/\/tvnova.tv.br\/jornalfatonovo\/programa-dialogo-debate-a-presenca-da-mulher-no-poder-e-os-desafios-da-igualdade\/#breadcrumb\",\"itemListElement\":[{\"@type\":\"ListItem\",\"position\":1,\"name\":\"In\u00edcio\",\"item\":\"https:\/\/tvnova.tv.br\/jornalfatonovo\/\"},{\"@type\":\"ListItem\",\"position\":2,\"name\":\"Programa Di\u00e1logo debate a presen\u00e7a da mulher no poder e os desafios da igualdade\"}]},{\"@type\":\"WebSite\",\"@id\":\"https:\/\/tvnova.tv.br\/jornalfatonovo\/#website\",\"url\":\"https:\/\/tvnova.tv.br\/jornalfatonovo\/\",\"name\":\"Jornal Fato Novo\",\"description\":\"Acompanhe as not\u00edcias de Pernambuco\",\"publisher\":{\"@id\":\"https:\/\/tvnova.tv.br\/jornalfatonovo\/#organization\"},\"potentialAction\":[{\"@type\":\"SearchAction\",\"target\":{\"@type\":\"EntryPoint\",\"urlTemplate\":\"https:\/\/tvnova.tv.br\/jornalfatonovo\/?s={search_term_string}\"},\"query-input\":{\"@type\":\"PropertyValueSpecification\",\"valueRequired\":true,\"valueName\":\"search_term_string\"}}],\"inLanguage\":\"pt-BR\"},{\"@type\":\"Organization\",\"@id\":\"https:\/\/tvnova.tv.br\/jornalfatonovo\/#organization\",\"name\":\"Jornal Fato Novo\",\"url\":\"https:\/\/tvnova.tv.br\/jornalfatonovo\/\",\"logo\":{\"@type\":\"ImageObject\",\"inLanguage\":\"pt-BR\",\"@id\":\"https:\/\/tvnova.tv.br\/jornalfatonovo\/#\/schema\/logo\/image\/\",\"url\":\"https:\/\/tvnova.tv.br\/jornalfatonovo1\/wp-content\/uploads\/2023\/04\/FATO-NOVO-1.png\",\"contentUrl\":\"https:\/\/tvnova.tv.br\/jornalfatonovo1\/wp-content\/uploads\/2023\/04\/FATO-NOVO-1.png\",\"width\":200,\"height\":60,\"caption\":\"Jornal Fato Novo\"},\"image\":{\"@id\":\"https:\/\/tvnova.tv.br\/jornalfatonovo\/#\/schema\/logo\/image\/\"},\"sameAs\":[\"https:\/\/www.facebook.com\/tvnovanordeste\/\",\"https:\/\/x.com\/tvnovanordeste\",\"https:\/\/www.instagram.com\/jornalfatonovope\/\"]},{\"@type\":\"Person\",\"@id\":\"https:\/\/tvnova.tv.br\/jornalfatonovo\/#\/schema\/person\/c861a58e2ce361fc3f17006d718686aa\",\"name\":\"gabriel\",\"url\":\"https:\/\/tvnova.tv.br\/jornalfatonovo\/author\/gabriel\/\"}]}<\/script>\n<!-- \/ Yoast SEO plugin. -->","yoast_head_json":{"title":"Programa Di\u00e1logo debate a presen\u00e7a da mulher no poder e os desafios da igualdade - Jornal Fato Novo","robots":{"index":"index","follow":"follow","max-snippet":"max-snippet:-1","max-image-preview":"max-image-preview:large","max-video-preview":"max-video-preview:-1"},"canonical":"https:\/\/tvnova.tv.br\/jornalfatonovo\/programa-dialogo-debate-a-presenca-da-mulher-no-poder-e-os-desafios-da-igualdade\/","og_locale":"pt_BR","og_type":"article","og_title":"Programa Di\u00e1logo debate a presen\u00e7a da mulher no poder e os desafios da igualdade - Jornal Fato Novo","og_description":"O Programa Di\u00e1logo desta segunda-feira (16) abriu espa\u00e7o para uma conversa necess\u00e1ria e atual: o papel da mulher nos espa\u00e7os de poder. A edi\u00e7\u00e3o discutiu temas como equidade salarial, representatividade feminina e a import\u00e2ncia de pol\u00edticas p\u00fablicas voltadas para as mulheres. O debate contou com a participa\u00e7\u00e3o da Priscila Lapa, cientista pol\u00edtica, que trouxe uma [&hellip;]","og_url":"https:\/\/tvnova.tv.br\/jornalfatonovo\/programa-dialogo-debate-a-presenca-da-mulher-no-poder-e-os-desafios-da-igualdade\/","og_site_name":"Jornal Fato Novo","article_publisher":"https:\/\/www.facebook.com\/tvnovanordeste\/","article_published_time":"2026-03-17T01:19:27+00:00","article_modified_time":"2026-03-17T01:19:31+00:00","og_image":[{"width":1600,"height":870,"url":"https:\/\/tvnova.tv.br\/jornalfatonovo\/wp-content\/uploads\/2026\/03\/WhatsApp-Image-2026-03-16-at-14.34.47.jpeg","type":"image\/jpeg"}],"author":"gabriel","twitter_card":"summary_large_image","twitter_creator":"@tvnovanordeste","twitter_site":"@tvnovanordeste","twitter_misc":{"Escrito por":"gabriel","Est. tempo de leitura":"1 minuto"},"schema":{"@context":"https:\/\/schema.org","@graph":[{"@type":"Article","@id":"https:\/\/tvnova.tv.br\/jornalfatonovo\/programa-dialogo-debate-a-presenca-da-mulher-no-poder-e-os-desafios-da-igualdade\/#article","isPartOf":{"@id":"https:\/\/tvnova.tv.br\/jornalfatonovo\/programa-dialogo-debate-a-presenca-da-mulher-no-poder-e-os-desafios-da-igualdade\/"},"author":{"name":"gabriel","@id":"https:\/\/tvnova.tv.br\/jornalfatonovo\/#\/schema\/person\/c861a58e2ce361fc3f17006d718686aa"},"headline":"Programa Di\u00e1logo debate a presen\u00e7a da mulher no poder e os desafios da igualdade","datePublished":"2026-03-17T01:19:27+00:00","dateModified":"2026-03-17T01:19:31+00:00","mainEntityOfPage":{"@id":"https:\/\/tvnova.tv.br\/jornalfatonovo\/programa-dialogo-debate-a-presenca-da-mulher-no-poder-e-os-desafios-da-igualdade\/"},"wordCount":225,"publisher":{"@id":"https:\/\/tvnova.tv.br\/jornalfatonovo\/#organization"},"image":{"@id":"https:\/\/tvnova.tv.br\/jornalfatonovo\/programa-dialogo-debate-a-presenca-da-mulher-no-poder-e-os-desafios-da-igualdade\/#primaryimage"},"thumbnailUrl":"https:\/\/tvnova.tv.br\/jornalfatonovo\/wp-content\/uploads\/2026\/03\/WhatsApp-Image-2026-03-16-at-14.34.47.jpeg","articleSection":["Na TV NOVA"],"inLanguage":"pt-BR"},{"@type":"WebPage","@id":"https:\/\/tvnova.tv.br\/jornalfatonovo\/programa-dialogo-debate-a-presenca-da-mulher-no-poder-e-os-desafios-da-igualdade\/","url":"https:\/\/tvnova.tv.br\/jornalfatonovo\/programa-dialogo-debate-a-presenca-da-mulher-no-poder-e-os-desafios-da-igualdade\/","name":"Programa Di\u00e1logo debate a presen\u00e7a da mulher no poder e os desafios da igualdade - Jornal Fato Novo","isPartOf":{"@id":"https:\/\/tvnova.tv.br\/jornalfatonovo\/#website"},"primaryImageOfPage":{"@id":"https:\/\/tvnova.tv.br\/jornalfatonovo\/programa-dialogo-debate-a-presenca-da-mulher-no-poder-e-os-desafios-da-igualdade\/#primaryimage"},"image":{"@id":"https:\/\/tvnova.tv.br\/jornalfatonovo\/programa-dialogo-debate-a-presenca-da-mulher-no-poder-e-os-desafios-da-igualdade\/#primaryimage"},"thumbnailUrl":"https:\/\/tvnova.tv.br\/jornalfatonovo\/wp-content\/uploads\/2026\/03\/WhatsApp-Image-2026-03-16-at-14.34.47.jpeg","datePublished":"2026-03-17T01:19:27+00:00","dateModified":"2026-03-17T01:19:31+00:00","breadcrumb":{"@id":"https:\/\/tvnova.tv.br\/jornalfatonovo\/programa-dialogo-debate-a-presenca-da-mulher-no-poder-e-os-desafios-da-igualdade\/#breadcrumb"},"inLanguage":"pt-BR","potentialAction":[{"@type":"ReadAction","target":["https:\/\/tvnova.tv.br\/jornalfatonovo\/programa-dialogo-debate-a-presenca-da-mulher-no-poder-e-os-desafios-da-igualdade\/"]}]},{"@type":"ImageObject","inLanguage":"pt-BR","@id":"https:\/\/tvnova.tv.br\/jornalfatonovo\/programa-dialogo-debate-a-presenca-da-mulher-no-poder-e-os-desafios-da-igualdade\/#primaryimage","url":"https:\/\/tvnova.tv.br\/jornalfatonovo\/wp-content\/uploads\/2026\/03\/WhatsApp-Image-2026-03-16-at-14.34.47.jpeg","contentUrl":"https:\/\/tvnova.tv.br\/jornalfatonovo\/wp-content\/uploads\/2026\/03\/WhatsApp-Image-2026-03-16-at-14.34.47.jpeg","width":1600,"height":870},{"@type":"BreadcrumbList","@id":"https:\/\/tvnova.tv.br\/jornalfatonovo\/programa-dialogo-debate-a-presenca-da-mulher-no-poder-e-os-desafios-da-igualdade\/#breadcrumb","itemListElement":[{"@type":"ListItem","position":1,"name":"In\u00edcio","item":"https:\/\/tvnova.tv.br\/jornalfatonovo\/"},{"@type":"ListItem","position":2,"name":"Programa Di\u00e1logo debate a presen\u00e7a da mulher no poder e os desafios da igualdade"}]},{"@type":"WebSite","@id":"https:\/\/tvnova.tv.br\/jornalfatonovo\/#website","url":"https:\/\/tvnova.tv.br\/jornalfatonovo\/","name":"Jornal Fato Novo","description":"Acompanhe as not\u00edcias de Pernambuco","publisher":{"@id":"https:\/\/tvnova.tv.br\/jornalfatonovo\/#organization"},"potentialAction":[{"@type":"SearchAction","target":{"@type":"EntryPoint","urlTemplate":"https:\/\/tvnova.tv.br\/jornalfatonovo\/?s={search_term_string}"},"query-input":{"@type":"PropertyValueSpecification","valueRequired":true,"valueName":"search_term_string"}}],"inLanguage":"pt-BR"},{"@type":"Organization","@id":"https:\/\/tvnova.tv.br\/jornalfatonovo\/#organization","name":"Jornal Fato Novo","url":"https:\/\/tvnova.tv.br\/jornalfatonovo\/","logo":{"@type":"ImageObject","inLanguage":"pt-BR","@id":"https:\/\/tvnova.tv.br\/jornalfatonovo\/#\/schema\/logo\/image\/","url":"https:\/\/tvnova.tv.br\/jornalfatonovo1\/wp-content\/uploads\/2023\/04\/FATO-NOVO-1.png","contentUrl":"https:\/\/tvnova.tv.br\/jornalfatonovo1\/wp-content\/uploads\/2023\/04\/FATO-NOVO-1.png","width":200,"height":60,"caption":"Jornal Fato Novo"},"image":{"@id":"https:\/\/tvnova.tv.br\/jornalfatonovo\/#\/schema\/logo\/image\/"},"sameAs":["https:\/\/www.facebook.com\/tvnovanordeste\/","https:\/\/x.com\/tvnovanordeste","https:\/\/www.instagram.com\/jornalfatonovope\/"]},{"@type":"Person","@id":"https:\/\/tvnova.tv.br\/jornalfatonovo\/#\/schema\/person\/c861a58e2ce361fc3f17006d718686aa","name":"gabriel","url":"https:\/\/tvnova.tv.br\/jornalfatonovo\/author\/gabriel\/"}]}},"_links":{"self":[{"href":"https:\/\/tvnova.tv.br\/jornalfatonovo\/wp-json\/wp\/v2\/posts\/24744","targetHints":{"allow":["GET"]}}],"collection":[{"href":"https:\/\/tvnova.tv.br\/jornalfatonovo\/wp-json\/wp\/v2\/posts"}],"about":[{"href":"https:\/\/tvnova.tv.br\/jornalfatonovo\/wp-json\/wp\/v2\/types\/post"}],"author":[{"embeddable":true,"href":"https:\/\/tvnova.tv.br\/jornalfatonovo\/wp-json\/wp\/v2\/users\/5"}],"replies":[{"embeddable":true,"href":"https:\/\/tvnova.tv.br\/jornalfatonovo\/wp-json\/wp\/v2\/comments?post=24744"}],"version-history":[{"count":1,"href":"https:\/\/tvnova.tv.br\/jornalfatonovo\/wp-json\/wp\/v2\/posts\/24744\/revisions"}],"predecessor-version":[{"id":24745,"href":"https:\/\/tvnova.tv.br\/jornalfatonovo\/wp-json\/wp\/v2\/posts\/24744\/revisions\/24745"}],"wp:featuredmedia":[{"embeddable":true,"href":"https:\/\/tvnova.tv.br\/jornalfatonovo\/wp-json\/wp\/v2\/media\/24743"}],"wp:attachment":[{"href":"https:\/\/tvnova.tv.br\/jornalfatonovo\/wp-json\/wp\/v2\/media?parent=24744"}],"wp:term":[{"taxonomy":"category","embeddable":true,"href":"https:\/\/tvnova.tv.br\/jornalfatonovo\/wp-json\/wp\/v2\/categories?post=24744"},{"taxonomy":"post_tag","embeddable":true,"href":"https:\/\/tvnova.tv.br\/jornalfatonovo\/wp-json\/wp\/v2\/tags?post=24744"},{"taxonomy":"cores-categorias","embeddable":true,"href":"https:\/\/tvnova.tv.br\/jornalfatonovo\/wp-json\/wp\/v2\/cores-categorias?post=24744"}],"curies":[{"name":"wp","href":"https:\/\/api.w.org\/{rel}","templated":true}]}}