{"id":24819,"date":"2026-05-01T15:26:58","date_gmt":"2026-05-01T18:26:58","guid":{"rendered":"https:\/\/tvnova.tv.br\/jornalfatonovo\/?p=24819"},"modified":"2026-05-01T15:35:52","modified_gmt":"2026-05-01T18:35:52","slug":"rio-capibaribe-em-alerta-apos-chuvas-no-grande-recife","status":"publish","type":"post","link":"https:\/\/tvnova.tv.br\/jornalfatonovo\/rio-capibaribe-em-alerta-apos-chuvas-no-grande-recife\/","title":{"rendered":"Rio Capibaribe em alerta ap\u00f3s chuvas no Grande Recife"},"content":{"rendered":"<p>O n\u00edvel do Rio Capibaribe atingiu a cota de alerta no munic\u00edpio de S\u00e3o Louren\u00e7o da Mata, na Regi\u00e3o Metropolitana do Recife, e segue elevando o risco de inunda\u00e7\u00e3o em \u00e1reas pr\u00f3ximas ao leito do rio.<\/p>\n<p>Essas imagens mostram um campo de futebol localizado \u00e0s margens do Rio Capibaribe completamente tomado pela \u00e1gua.<\/p>\n<p>De acordo com a Apac, o aumento do n\u00edvel do rio pode impactar tamb\u00e9m Recife e Camaragibe, que permanecem em estado de aten\u00e7\u00e3o diante da possibilidade de transbordamentos.<\/p>\n<p>A Apac e a Defesa Civil orientam que moradores de \u00e1reas de risco fiquem atentos \u00e0s atualiza\u00e7\u00f5es e sigam as recomenda\u00e7\u00f5es dos \u00f3rg\u00e3os oficiais.<\/p>\n<p>Cinco escolas municipais est\u00e3o funcionando como abrigo para fam\u00edlias atingidas pelas chuvas:<\/p>\n<p>&#8211; Escola Ariano Suassuna, em Caiar\u00e1<br \/>\n&#8211; Escola Josu\u00e9 Pereira, em Barro Vermelho<br \/>\n&#8211; Creche Vov\u00f3 Isaura, em Beira Rio<br \/>\n&#8211; Escola Carmelo Orrico, na comunidade Ettore Labanca<br \/>\n&#8211; Escola Senador Jos\u00e9 Erm\u00edrio de Moraes, em Ti\u00fama<br \/>\n&#8211; Escola Clodoaldo Gomes de Ara\u00fajo, em Penedo<br \/>\n&#8211; Escola Dr Luiz Corr\u00eaa de Ara\u00fajo, em S\u00e3o Jo\u00e3o e S\u00e3o Paulo.<\/p>\n<p>Moradores de \u00e1reas alagadas ou de risco devem procurar o abrigo mais pr\u00f3ximo ou acionar a Defesa Civil pelos n\u00fameros: <strong>9 8338-5407<\/strong> ou <strong>9 2002-8313<\/strong>.<\/p>\n","protected":false},"excerpt":{"rendered":"<p>O n\u00edvel do Rio Capibaribe atingiu a cota de alerta no munic\u00edpio de S\u00e3o Louren\u00e7o da Mata, na Regi\u00e3o Metropolitana do Recife, e segue elevando o risco de inunda\u00e7\u00e3o em \u00e1reas pr\u00f3ximas ao leito do rio. Essas imagens mostram um campo de futebol localizado \u00e0s margens do Rio Capibaribe completamente tomado pela \u00e1gua. De acordo [&hellip;]<\/p>\n","protected":false},"author":13,"featured_media":24823,"comment_status":"closed","ping_status":"","sticky":false,"template":"","format":"standard","meta":{"footnotes":""},"categories":[1],"tags":[],"cores-categorias":[],"class_list":["post-24819","post","type-post","status-publish","format-standard","has-post-thumbnail","hentry","category-cidades"],"yoast_head":"<!-- This site is optimized with the Yoast SEO plugin v27.2 - https:\/\/yoast.com\/product\/yoast-seo-wordpress\/ -->\n<title>Rio Capibaribe em alerta ap\u00f3s chuvas no Grande Recife - Jornal Fato Novo<\/title>\n<meta name=\"robots\" content=\"index, follow, max-snippet:-1, max-image-preview:large, max-video-preview:-1\" \/>\n<link rel=\"canonical\" href=\"https:\/\/tvnova.tv.br\/jornalfatonovo\/rio-capibaribe-em-alerta-apos-chuvas-no-grande-recife\/\" \/>\n<meta property=\"og:locale\" content=\"pt_BR\" \/>\n<meta property=\"og:type\" content=\"article\" \/>\n<meta property=\"og:title\" content=\"Rio Capibaribe em alerta ap\u00f3s chuvas no Grande Recife - Jornal Fato Novo\" \/>\n<meta property=\"og:description\" content=\"O n\u00edvel do Rio Capibaribe atingiu a cota de alerta no munic\u00edpio de S\u00e3o Louren\u00e7o da Mata, na Regi\u00e3o Metropolitana do Recife, e segue elevando o risco de inunda\u00e7\u00e3o em \u00e1reas pr\u00f3ximas ao leito do rio. Essas imagens mostram um campo de futebol localizado \u00e0s margens do Rio Capibaribe completamente tomado pela \u00e1gua. De acordo [&hellip;]\" \/>\n<meta property=\"og:url\" content=\"https:\/\/tvnova.tv.br\/jornalfatonovo\/rio-capibaribe-em-alerta-apos-chuvas-no-grande-recife\/\" \/>\n<meta property=\"og:site_name\" content=\"Jornal Fato Novo\" \/>\n<meta property=\"article:publisher\" content=\"https:\/\/www.facebook.com\/tvnovanordeste\/\" \/>\n<meta property=\"article:published_time\" content=\"2026-05-01T18:26:58+00:00\" \/>\n<meta property=\"article:modified_time\" content=\"2026-05-01T18:35:52+00:00\" \/>\n<meta property=\"og:image\" content=\"https:\/\/tvnova.tv.br\/jornalfatonovo\/wp-content\/uploads\/2026\/05\/Captura-de-Tela-2026-05-01-as-15.31.33.png\" \/>\n\t<meta property=\"og:image:width\" content=\"924\" \/>\n\t<meta property=\"og:image:height\" content=\"672\" \/>\n\t<meta property=\"og:image:type\" content=\"image\/png\" \/>\n<meta name=\"author\" content=\"Jornalismo\" \/>\n<meta name=\"twitter:card\" content=\"summary_large_image\" \/>\n<meta name=\"twitter:creator\" content=\"@tvnovanordeste\" \/>\n<meta name=\"twitter:site\" content=\"@tvnovanordeste\" \/>\n<meta name=\"twitter:label1\" content=\"Escrito por\" \/>\n\t<meta name=\"twitter:data1\" content=\"Jornalismo\" \/>\n\t<meta name=\"twitter:label2\" content=\"Est. tempo de leitura\" \/>\n\t<meta name=\"twitter:data2\" content=\"1 minuto\" \/>\n<script type=\"application\/ld+json\" class=\"yoast-schema-graph\">{\"@context\":\"https:\/\/schema.org\",\"@graph\":[{\"@type\":\"Article\",\"@id\":\"https:\/\/tvnova.tv.br\/jornalfatonovo\/rio-capibaribe-em-alerta-apos-chuvas-no-grande-recife\/#article\",\"isPartOf\":{\"@id\":\"https:\/\/tvnova.tv.br\/jornalfatonovo\/rio-capibaribe-em-alerta-apos-chuvas-no-grande-recife\/\"},\"author\":{\"name\":\"Jornalismo\",\"@id\":\"https:\/\/tvnova.tv.br\/jornalfatonovo\/#\/schema\/person\/8acb5c10a7535b12511b7eef3a46cf15\"},\"headline\":\"Rio Capibaribe em alerta ap\u00f3s chuvas no Grande Recife\",\"datePublished\":\"2026-05-01T18:26:58+00:00\",\"dateModified\":\"2026-05-01T18:35:52+00:00\",\"mainEntityOfPage\":{\"@id\":\"https:\/\/tvnova.tv.br\/jornalfatonovo\/rio-capibaribe-em-alerta-apos-chuvas-no-grande-recife\/\"},\"wordCount\":233,\"publisher\":{\"@id\":\"https:\/\/tvnova.tv.br\/jornalfatonovo\/#organization\"},\"image\":{\"@id\":\"https:\/\/tvnova.tv.br\/jornalfatonovo\/rio-capibaribe-em-alerta-apos-chuvas-no-grande-recife\/#primaryimage\"},\"thumbnailUrl\":\"https:\/\/tvnova.tv.br\/jornalfatonovo\/wp-content\/uploads\/2026\/05\/Captura-de-Tela-2026-05-01-as-15.31.33.png\",\"articleSection\":[\"Cidades\"],\"inLanguage\":\"pt-BR\"},{\"@type\":\"WebPage\",\"@id\":\"https:\/\/tvnova.tv.br\/jornalfatonovo\/rio-capibaribe-em-alerta-apos-chuvas-no-grande-recife\/\",\"url\":\"https:\/\/tvnova.tv.br\/jornalfatonovo\/rio-capibaribe-em-alerta-apos-chuvas-no-grande-recife\/\",\"name\":\"Rio Capibaribe em alerta ap\u00f3s chuvas no Grande Recife - Jornal Fato Novo\",\"isPartOf\":{\"@id\":\"https:\/\/tvnova.tv.br\/jornalfatonovo\/#website\"},\"primaryImageOfPage\":{\"@id\":\"https:\/\/tvnova.tv.br\/jornalfatonovo\/rio-capibaribe-em-alerta-apos-chuvas-no-grande-recife\/#primaryimage\"},\"image\":{\"@id\":\"https:\/\/tvnova.tv.br\/jornalfatonovo\/rio-capibaribe-em-alerta-apos-chuvas-no-grande-recife\/#primaryimage\"},\"thumbnailUrl\":\"https:\/\/tvnova.tv.br\/jornalfatonovo\/wp-content\/uploads\/2026\/05\/Captura-de-Tela-2026-05-01-as-15.31.33.png\",\"datePublished\":\"2026-05-01T18:26:58+00:00\",\"dateModified\":\"2026-05-01T18:35:52+00:00\",\"breadcrumb\":{\"@id\":\"https:\/\/tvnova.tv.br\/jornalfatonovo\/rio-capibaribe-em-alerta-apos-chuvas-no-grande-recife\/#breadcrumb\"},\"inLanguage\":\"pt-BR\",\"potentialAction\":[{\"@type\":\"ReadAction\",\"target\":[\"https:\/\/tvnova.tv.br\/jornalfatonovo\/rio-capibaribe-em-alerta-apos-chuvas-no-grande-recife\/\"]}]},{\"@type\":\"ImageObject\",\"inLanguage\":\"pt-BR\",\"@id\":\"https:\/\/tvnova.tv.br\/jornalfatonovo\/rio-capibaribe-em-alerta-apos-chuvas-no-grande-recife\/#primaryimage\",\"url\":\"https:\/\/tvnova.tv.br\/jornalfatonovo\/wp-content\/uploads\/2026\/05\/Captura-de-Tela-2026-05-01-as-15.31.33.png\",\"contentUrl\":\"https:\/\/tvnova.tv.br\/jornalfatonovo\/wp-content\/uploads\/2026\/05\/Captura-de-Tela-2026-05-01-as-15.31.33.png\",\"width\":924,\"height\":672},{\"@type\":\"BreadcrumbList\",\"@id\":\"https:\/\/tvnova.tv.br\/jornalfatonovo\/rio-capibaribe-em-alerta-apos-chuvas-no-grande-recife\/#breadcrumb\",\"itemListElement\":[{\"@type\":\"ListItem\",\"position\":1,\"name\":\"In\u00edcio\",\"item\":\"https:\/\/tvnova.tv.br\/jornalfatonovo\/\"},{\"@type\":\"ListItem\",\"position\":2,\"name\":\"Rio Capibaribe em alerta ap\u00f3s chuvas no Grande Recife\"}]},{\"@type\":\"WebSite\",\"@id\":\"https:\/\/tvnova.tv.br\/jornalfatonovo\/#website\",\"url\":\"https:\/\/tvnova.tv.br\/jornalfatonovo\/\",\"name\":\"Jornal Fato Novo\",\"description\":\"Acompanhe as not\u00edcias de Pernambuco\",\"publisher\":{\"@id\":\"https:\/\/tvnova.tv.br\/jornalfatonovo\/#organization\"},\"potentialAction\":[{\"@type\":\"SearchAction\",\"target\":{\"@type\":\"EntryPoint\",\"urlTemplate\":\"https:\/\/tvnova.tv.br\/jornalfatonovo\/?s={search_term_string}\"},\"query-input\":{\"@type\":\"PropertyValueSpecification\",\"valueRequired\":true,\"valueName\":\"search_term_string\"}}],\"inLanguage\":\"pt-BR\"},{\"@type\":\"Organization\",\"@id\":\"https:\/\/tvnova.tv.br\/jornalfatonovo\/#organization\",\"name\":\"Jornal Fato Novo\",\"url\":\"https:\/\/tvnova.tv.br\/jornalfatonovo\/\",\"logo\":{\"@type\":\"ImageObject\",\"inLanguage\":\"pt-BR\",\"@id\":\"https:\/\/tvnova.tv.br\/jornalfatonovo\/#\/schema\/logo\/image\/\",\"url\":\"https:\/\/tvnova.tv.br\/jornalfatonovo1\/wp-content\/uploads\/2023\/04\/FATO-NOVO-1.png\",\"contentUrl\":\"https:\/\/tvnova.tv.br\/jornalfatonovo1\/wp-content\/uploads\/2023\/04\/FATO-NOVO-1.png\",\"width\":200,\"height\":60,\"caption\":\"Jornal Fato Novo\"},\"image\":{\"@id\":\"https:\/\/tvnova.tv.br\/jornalfatonovo\/#\/schema\/logo\/image\/\"},\"sameAs\":[\"https:\/\/www.facebook.com\/tvnovanordeste\/\",\"https:\/\/x.com\/tvnovanordeste\",\"https:\/\/www.instagram.com\/jornalfatonovope\/\"]},{\"@type\":\"Person\",\"@id\":\"https:\/\/tvnova.tv.br\/jornalfatonovo\/#\/schema\/person\/8acb5c10a7535b12511b7eef3a46cf15\",\"name\":\"Jornalismo\",\"url\":\"https:\/\/tvnova.tv.br\/jornalfatonovo\/author\/jornalismo\/\"}]}<\/script>\n<!-- \/ Yoast SEO plugin. -->","yoast_head_json":{"title":"Rio Capibaribe em alerta ap\u00f3s chuvas no Grande Recife - Jornal Fato Novo","robots":{"index":"index","follow":"follow","max-snippet":"max-snippet:-1","max-image-preview":"max-image-preview:large","max-video-preview":"max-video-preview:-1"},"canonical":"https:\/\/tvnova.tv.br\/jornalfatonovo\/rio-capibaribe-em-alerta-apos-chuvas-no-grande-recife\/","og_locale":"pt_BR","og_type":"article","og_title":"Rio Capibaribe em alerta ap\u00f3s chuvas no Grande Recife - Jornal Fato Novo","og_description":"O n\u00edvel do Rio Capibaribe atingiu a cota de alerta no munic\u00edpio de S\u00e3o Louren\u00e7o da Mata, na Regi\u00e3o Metropolitana do Recife, e segue elevando o risco de inunda\u00e7\u00e3o em \u00e1reas pr\u00f3ximas ao leito do rio. Essas imagens mostram um campo de futebol localizado \u00e0s margens do Rio Capibaribe completamente tomado pela \u00e1gua. De acordo [&hellip;]","og_url":"https:\/\/tvnova.tv.br\/jornalfatonovo\/rio-capibaribe-em-alerta-apos-chuvas-no-grande-recife\/","og_site_name":"Jornal Fato Novo","article_publisher":"https:\/\/www.facebook.com\/tvnovanordeste\/","article_published_time":"2026-05-01T18:26:58+00:00","article_modified_time":"2026-05-01T18:35:52+00:00","og_image":[{"width":924,"height":672,"url":"https:\/\/tvnova.tv.br\/jornalfatonovo\/wp-content\/uploads\/2026\/05\/Captura-de-Tela-2026-05-01-as-15.31.33.png","type":"image\/png"}],"author":"Jornalismo","twitter_card":"summary_large_image","twitter_creator":"@tvnovanordeste","twitter_site":"@tvnovanordeste","twitter_misc":{"Escrito por":"Jornalismo","Est. tempo de leitura":"1 minuto"},"schema":{"@context":"https:\/\/schema.org","@graph":[{"@type":"Article","@id":"https:\/\/tvnova.tv.br\/jornalfatonovo\/rio-capibaribe-em-alerta-apos-chuvas-no-grande-recife\/#article","isPartOf":{"@id":"https:\/\/tvnova.tv.br\/jornalfatonovo\/rio-capibaribe-em-alerta-apos-chuvas-no-grande-recife\/"},"author":{"name":"Jornalismo","@id":"https:\/\/tvnova.tv.br\/jornalfatonovo\/#\/schema\/person\/8acb5c10a7535b12511b7eef3a46cf15"},"headline":"Rio Capibaribe em alerta ap\u00f3s chuvas no Grande Recife","datePublished":"2026-05-01T18:26:58+00:00","dateModified":"2026-05-01T18:35:52+00:00","mainEntityOfPage":{"@id":"https:\/\/tvnova.tv.br\/jornalfatonovo\/rio-capibaribe-em-alerta-apos-chuvas-no-grande-recife\/"},"wordCount":233,"publisher":{"@id":"https:\/\/tvnova.tv.br\/jornalfatonovo\/#organization"},"image":{"@id":"https:\/\/tvnova.tv.br\/jornalfatonovo\/rio-capibaribe-em-alerta-apos-chuvas-no-grande-recife\/#primaryimage"},"thumbnailUrl":"https:\/\/tvnova.tv.br\/jornalfatonovo\/wp-content\/uploads\/2026\/05\/Captura-de-Tela-2026-05-01-as-15.31.33.png","articleSection":["Cidades"],"inLanguage":"pt-BR"},{"@type":"WebPage","@id":"https:\/\/tvnova.tv.br\/jornalfatonovo\/rio-capibaribe-em-alerta-apos-chuvas-no-grande-recife\/","url":"https:\/\/tvnova.tv.br\/jornalfatonovo\/rio-capibaribe-em-alerta-apos-chuvas-no-grande-recife\/","name":"Rio Capibaribe em alerta ap\u00f3s chuvas no Grande Recife - Jornal Fato Novo","isPartOf":{"@id":"https:\/\/tvnova.tv.br\/jornalfatonovo\/#website"},"primaryImageOfPage":{"@id":"https:\/\/tvnova.tv.br\/jornalfatonovo\/rio-capibaribe-em-alerta-apos-chuvas-no-grande-recife\/#primaryimage"},"image":{"@id":"https:\/\/tvnova.tv.br\/jornalfatonovo\/rio-capibaribe-em-alerta-apos-chuvas-no-grande-recife\/#primaryimage"},"thumbnailUrl":"https:\/\/tvnova.tv.br\/jornalfatonovo\/wp-content\/uploads\/2026\/05\/Captura-de-Tela-2026-05-01-as-15.31.33.png","datePublished":"2026-05-01T18:26:58+00:00","dateModified":"2026-05-01T18:35:52+00:00","breadcrumb":{"@id":"https:\/\/tvnova.tv.br\/jornalfatonovo\/rio-capibaribe-em-alerta-apos-chuvas-no-grande-recife\/#breadcrumb"},"inLanguage":"pt-BR","potentialAction":[{"@type":"ReadAction","target":["https:\/\/tvnova.tv.br\/jornalfatonovo\/rio-capibaribe-em-alerta-apos-chuvas-no-grande-recife\/"]}]},{"@type":"ImageObject","inLanguage":"pt-BR","@id":"https:\/\/tvnova.tv.br\/jornalfatonovo\/rio-capibaribe-em-alerta-apos-chuvas-no-grande-recife\/#primaryimage","url":"https:\/\/tvnova.tv.br\/jornalfatonovo\/wp-content\/uploads\/2026\/05\/Captura-de-Tela-2026-05-01-as-15.31.33.png","contentUrl":"https:\/\/tvnova.tv.br\/jornalfatonovo\/wp-content\/uploads\/2026\/05\/Captura-de-Tela-2026-05-01-as-15.31.33.png","width":924,"height":672},{"@type":"BreadcrumbList","@id":"https:\/\/tvnova.tv.br\/jornalfatonovo\/rio-capibaribe-em-alerta-apos-chuvas-no-grande-recife\/#breadcrumb","itemListElement":[{"@type":"ListItem","position":1,"name":"In\u00edcio","item":"https:\/\/tvnova.tv.br\/jornalfatonovo\/"},{"@type":"ListItem","position":2,"name":"Rio Capibaribe em alerta ap\u00f3s chuvas no Grande Recife"}]},{"@type":"WebSite","@id":"https:\/\/tvnova.tv.br\/jornalfatonovo\/#website","url":"https:\/\/tvnova.tv.br\/jornalfatonovo\/","name":"Jornal Fato Novo","description":"Acompanhe as not\u00edcias de Pernambuco","publisher":{"@id":"https:\/\/tvnova.tv.br\/jornalfatonovo\/#organization"},"potentialAction":[{"@type":"SearchAction","target":{"@type":"EntryPoint","urlTemplate":"https:\/\/tvnova.tv.br\/jornalfatonovo\/?s={search_term_string}"},"query-input":{"@type":"PropertyValueSpecification","valueRequired":true,"valueName":"search_term_string"}}],"inLanguage":"pt-BR"},{"@type":"Organization","@id":"https:\/\/tvnova.tv.br\/jornalfatonovo\/#organization","name":"Jornal Fato Novo","url":"https:\/\/tvnova.tv.br\/jornalfatonovo\/","logo":{"@type":"ImageObject","inLanguage":"pt-BR","@id":"https:\/\/tvnova.tv.br\/jornalfatonovo\/#\/schema\/logo\/image\/","url":"https:\/\/tvnova.tv.br\/jornalfatonovo1\/wp-content\/uploads\/2023\/04\/FATO-NOVO-1.png","contentUrl":"https:\/\/tvnova.tv.br\/jornalfatonovo1\/wp-content\/uploads\/2023\/04\/FATO-NOVO-1.png","width":200,"height":60,"caption":"Jornal Fato Novo"},"image":{"@id":"https:\/\/tvnova.tv.br\/jornalfatonovo\/#\/schema\/logo\/image\/"},"sameAs":["https:\/\/www.facebook.com\/tvnovanordeste\/","https:\/\/x.com\/tvnovanordeste","https:\/\/www.instagram.com\/jornalfatonovope\/"]},{"@type":"Person","@id":"https:\/\/tvnova.tv.br\/jornalfatonovo\/#\/schema\/person\/8acb5c10a7535b12511b7eef3a46cf15","name":"Jornalismo","url":"https:\/\/tvnova.tv.br\/jornalfatonovo\/author\/jornalismo\/"}]}},"_links":{"self":[{"href":"https:\/\/tvnova.tv.br\/jornalfatonovo\/wp-json\/wp\/v2\/posts\/24819","targetHints":{"allow":["GET"]}}],"collection":[{"href":"https:\/\/tvnova.tv.br\/jornalfatonovo\/wp-json\/wp\/v2\/posts"}],"about":[{"href":"https:\/\/tvnova.tv.br\/jornalfatonovo\/wp-json\/wp\/v2\/types\/post"}],"author":[{"embeddable":true,"href":"https:\/\/tvnova.tv.br\/jornalfatonovo\/wp-json\/wp\/v2\/users\/13"}],"replies":[{"embeddable":true,"href":"https:\/\/tvnova.tv.br\/jornalfatonovo\/wp-json\/wp\/v2\/comments?post=24819"}],"version-history":[{"count":3,"href":"https:\/\/tvnova.tv.br\/jornalfatonovo\/wp-json\/wp\/v2\/posts\/24819\/revisions"}],"predecessor-version":[{"id":24822,"href":"https:\/\/tvnova.tv.br\/jornalfatonovo\/wp-json\/wp\/v2\/posts\/24819\/revisions\/24822"}],"wp:featuredmedia":[{"embeddable":true,"href":"https:\/\/tvnova.tv.br\/jornalfatonovo\/wp-json\/wp\/v2\/media\/24823"}],"wp:attachment":[{"href":"https:\/\/tvnova.tv.br\/jornalfatonovo\/wp-json\/wp\/v2\/media?parent=24819"}],"wp:term":[{"taxonomy":"category","embeddable":true,"href":"https:\/\/tvnova.tv.br\/jornalfatonovo\/wp-json\/wp\/v2\/categories?post=24819"},{"taxonomy":"post_tag","embeddable":true,"href":"https:\/\/tvnova.tv.br\/jornalfatonovo\/wp-json\/wp\/v2\/tags?post=24819"},{"taxonomy":"cores-categorias","embeddable":true,"href":"https:\/\/tvnova.tv.br\/jornalfatonovo\/wp-json\/wp\/v2\/cores-categorias?post=24819"}],"curies":[{"name":"wp","href":"https:\/\/api.w.org\/{rel}","templated":true}]}}