{"id":24832,"date":"2026-05-01T16:08:29","date_gmt":"2026-05-01T19:08:29","guid":{"rendered":"https:\/\/tvnova.tv.br\/jornalfatonovo\/?p=24832"},"modified":"2026-05-01T16:10:07","modified_gmt":"2026-05-01T19:10:07","slug":"goiana-e-atingida-pals-fortes-precipitacoes-em-pernambuco","status":"publish","type":"post","link":"https:\/\/tvnova.tv.br\/jornalfatonovo\/goiana-e-atingida-pals-fortes-precipitacoes-em-pernambuco\/","title":{"rendered":"Goiana \u00e9 atingida pals fortes precipita\u00e7\u00f5es em Pernambuco"},"content":{"rendered":"<p>As fortes chuvas causaram transtornos no munic\u00edpio de Goiana, na Zona da Mata Norte.<\/p>\n<p>Um canal transbordou no bairro da Boa Vista e derrubou parte do muro de uma escola que estava em constru\u00e7\u00e3o. A unidade, que j\u00e1 estava pr\u00f3xima de ser inaugurada, ficou parcialmente destru\u00edda, com port\u00f5es e grades no ch\u00e3o ap\u00f3s a for\u00e7a da \u00e1gua.<\/p>\n<p>Al\u00e9m da escola, a \u00e1gua invadiu casas e provocou alagamentos, deixando ruas tomadas pela \u00e1gua e causando destrui\u00e7\u00e3o em diferentes pontos da cidade.<\/p>\n<p>Cinco fam\u00edlias precisaram sair de casa e foram acolhidas na Escola Municipal IV Centen\u00e1rio, onde recebem apoio.<\/p>\n<p>Segundo a Apac, Goiana foi a cidade que mais choveu no estado nas \u00faltimas 24 horas, com acumulados que ultrapassam os 160 mil\u00edmetros.<\/p>\n","protected":false},"excerpt":{"rendered":"<p>As fortes chuvas causaram transtornos no munic\u00edpio de Goiana, na Zona da Mata Norte. Um canal transbordou no bairro da Boa Vista e derrubou parte do muro de uma escola que estava em constru\u00e7\u00e3o. A unidade, que j\u00e1 estava pr\u00f3xima de ser inaugurada, ficou parcialmente destru\u00edda, com port\u00f5es e grades no ch\u00e3o ap\u00f3s a for\u00e7a [&hellip;]<\/p>\n","protected":false},"author":13,"featured_media":24834,"comment_status":"closed","ping_status":"","sticky":false,"template":"","format":"standard","meta":{"footnotes":""},"categories":[1],"tags":[],"cores-categorias":[],"class_list":["post-24832","post","type-post","status-publish","format-standard","has-post-thumbnail","hentry","category-cidades"],"yoast_head":"<!-- This site is optimized with the Yoast SEO plugin v27.2 - https:\/\/yoast.com\/product\/yoast-seo-wordpress\/ -->\n<title>Goiana \u00e9 atingida pals fortes precipita\u00e7\u00f5es em Pernambuco - Jornal Fato Novo<\/title>\n<meta name=\"robots\" content=\"index, follow, max-snippet:-1, max-image-preview:large, max-video-preview:-1\" \/>\n<link rel=\"canonical\" href=\"https:\/\/tvnova.tv.br\/jornalfatonovo\/goiana-e-atingida-pals-fortes-precipitacoes-em-pernambuco\/\" \/>\n<meta property=\"og:locale\" content=\"pt_BR\" \/>\n<meta property=\"og:type\" content=\"article\" \/>\n<meta property=\"og:title\" content=\"Goiana \u00e9 atingida pals fortes precipita\u00e7\u00f5es em Pernambuco - Jornal Fato Novo\" \/>\n<meta property=\"og:description\" content=\"As fortes chuvas causaram transtornos no munic\u00edpio de Goiana, na Zona da Mata Norte. Um canal transbordou no bairro da Boa Vista e derrubou parte do muro de uma escola que estava em constru\u00e7\u00e3o. A unidade, que j\u00e1 estava pr\u00f3xima de ser inaugurada, ficou parcialmente destru\u00edda, com port\u00f5es e grades no ch\u00e3o ap\u00f3s a for\u00e7a [&hellip;]\" \/>\n<meta property=\"og:url\" content=\"https:\/\/tvnova.tv.br\/jornalfatonovo\/goiana-e-atingida-pals-fortes-precipitacoes-em-pernambuco\/\" \/>\n<meta property=\"og:site_name\" content=\"Jornal Fato Novo\" \/>\n<meta property=\"article:publisher\" content=\"https:\/\/www.facebook.com\/tvnovanordeste\/\" \/>\n<meta property=\"article:published_time\" content=\"2026-05-01T19:08:29+00:00\" \/>\n<meta property=\"article:modified_time\" content=\"2026-05-01T19:10:07+00:00\" \/>\n<meta property=\"og:image\" content=\"https:\/\/tvnova.tv.br\/jornalfatonovo\/wp-content\/uploads\/2026\/05\/Captura-de-Tela-2026-05-01-as-16.09.28.png\" \/>\n\t<meta property=\"og:image:width\" content=\"778\" \/>\n\t<meta property=\"og:image:height\" content=\"864\" \/>\n\t<meta property=\"og:image:type\" content=\"image\/png\" \/>\n<meta name=\"author\" content=\"Jornalismo\" \/>\n<meta name=\"twitter:card\" content=\"summary_large_image\" \/>\n<meta name=\"twitter:creator\" content=\"@tvnovanordeste\" \/>\n<meta name=\"twitter:site\" content=\"@tvnovanordeste\" \/>\n<meta name=\"twitter:label1\" content=\"Escrito por\" \/>\n\t<meta name=\"twitter:data1\" content=\"Jornalismo\" \/>\n\t<meta name=\"twitter:label2\" content=\"Est. tempo de leitura\" \/>\n\t<meta name=\"twitter:data2\" content=\"1 minuto\" \/>\n<script type=\"application\/ld+json\" class=\"yoast-schema-graph\">{\"@context\":\"https:\/\/schema.org\",\"@graph\":[{\"@type\":\"Article\",\"@id\":\"https:\/\/tvnova.tv.br\/jornalfatonovo\/goiana-e-atingida-pals-fortes-precipitacoes-em-pernambuco\/#article\",\"isPartOf\":{\"@id\":\"https:\/\/tvnova.tv.br\/jornalfatonovo\/goiana-e-atingida-pals-fortes-precipitacoes-em-pernambuco\/\"},\"author\":{\"name\":\"Jornalismo\",\"@id\":\"https:\/\/tvnova.tv.br\/jornalfatonovo\/#\/schema\/person\/8acb5c10a7535b12511b7eef3a46cf15\"},\"headline\":\"Goiana \u00e9 atingida pals fortes precipita\u00e7\u00f5es em Pernambuco\",\"datePublished\":\"2026-05-01T19:08:29+00:00\",\"dateModified\":\"2026-05-01T19:10:07+00:00\",\"mainEntityOfPage\":{\"@id\":\"https:\/\/tvnova.tv.br\/jornalfatonovo\/goiana-e-atingida-pals-fortes-precipitacoes-em-pernambuco\/\"},\"wordCount\":139,\"publisher\":{\"@id\":\"https:\/\/tvnova.tv.br\/jornalfatonovo\/#organization\"},\"image\":{\"@id\":\"https:\/\/tvnova.tv.br\/jornalfatonovo\/goiana-e-atingida-pals-fortes-precipitacoes-em-pernambuco\/#primaryimage\"},\"thumbnailUrl\":\"https:\/\/tvnova.tv.br\/jornalfatonovo\/wp-content\/uploads\/2026\/05\/Captura-de-Tela-2026-05-01-as-16.09.28.png\",\"articleSection\":[\"Cidades\"],\"inLanguage\":\"pt-BR\"},{\"@type\":\"WebPage\",\"@id\":\"https:\/\/tvnova.tv.br\/jornalfatonovo\/goiana-e-atingida-pals-fortes-precipitacoes-em-pernambuco\/\",\"url\":\"https:\/\/tvnova.tv.br\/jornalfatonovo\/goiana-e-atingida-pals-fortes-precipitacoes-em-pernambuco\/\",\"name\":\"Goiana \u00e9 atingida pals fortes precipita\u00e7\u00f5es em Pernambuco - Jornal Fato Novo\",\"isPartOf\":{\"@id\":\"https:\/\/tvnova.tv.br\/jornalfatonovo\/#website\"},\"primaryImageOfPage\":{\"@id\":\"https:\/\/tvnova.tv.br\/jornalfatonovo\/goiana-e-atingida-pals-fortes-precipitacoes-em-pernambuco\/#primaryimage\"},\"image\":{\"@id\":\"https:\/\/tvnova.tv.br\/jornalfatonovo\/goiana-e-atingida-pals-fortes-precipitacoes-em-pernambuco\/#primaryimage\"},\"thumbnailUrl\":\"https:\/\/tvnova.tv.br\/jornalfatonovo\/wp-content\/uploads\/2026\/05\/Captura-de-Tela-2026-05-01-as-16.09.28.png\",\"datePublished\":\"2026-05-01T19:08:29+00:00\",\"dateModified\":\"2026-05-01T19:10:07+00:00\",\"breadcrumb\":{\"@id\":\"https:\/\/tvnova.tv.br\/jornalfatonovo\/goiana-e-atingida-pals-fortes-precipitacoes-em-pernambuco\/#breadcrumb\"},\"inLanguage\":\"pt-BR\",\"potentialAction\":[{\"@type\":\"ReadAction\",\"target\":[\"https:\/\/tvnova.tv.br\/jornalfatonovo\/goiana-e-atingida-pals-fortes-precipitacoes-em-pernambuco\/\"]}]},{\"@type\":\"ImageObject\",\"inLanguage\":\"pt-BR\",\"@id\":\"https:\/\/tvnova.tv.br\/jornalfatonovo\/goiana-e-atingida-pals-fortes-precipitacoes-em-pernambuco\/#primaryimage\",\"url\":\"https:\/\/tvnova.tv.br\/jornalfatonovo\/wp-content\/uploads\/2026\/05\/Captura-de-Tela-2026-05-01-as-16.09.28.png\",\"contentUrl\":\"https:\/\/tvnova.tv.br\/jornalfatonovo\/wp-content\/uploads\/2026\/05\/Captura-de-Tela-2026-05-01-as-16.09.28.png\",\"width\":778,\"height\":864},{\"@type\":\"BreadcrumbList\",\"@id\":\"https:\/\/tvnova.tv.br\/jornalfatonovo\/goiana-e-atingida-pals-fortes-precipitacoes-em-pernambuco\/#breadcrumb\",\"itemListElement\":[{\"@type\":\"ListItem\",\"position\":1,\"name\":\"In\u00edcio\",\"item\":\"https:\/\/tvnova.tv.br\/jornalfatonovo\/\"},{\"@type\":\"ListItem\",\"position\":2,\"name\":\"Goiana \u00e9 atingida pals fortes precipita\u00e7\u00f5es em Pernambuco\"}]},{\"@type\":\"WebSite\",\"@id\":\"https:\/\/tvnova.tv.br\/jornalfatonovo\/#website\",\"url\":\"https:\/\/tvnova.tv.br\/jornalfatonovo\/\",\"name\":\"Jornal Fato Novo\",\"description\":\"Acompanhe as not\u00edcias de Pernambuco\",\"publisher\":{\"@id\":\"https:\/\/tvnova.tv.br\/jornalfatonovo\/#organization\"},\"potentialAction\":[{\"@type\":\"SearchAction\",\"target\":{\"@type\":\"EntryPoint\",\"urlTemplate\":\"https:\/\/tvnova.tv.br\/jornalfatonovo\/?s={search_term_string}\"},\"query-input\":{\"@type\":\"PropertyValueSpecification\",\"valueRequired\":true,\"valueName\":\"search_term_string\"}}],\"inLanguage\":\"pt-BR\"},{\"@type\":\"Organization\",\"@id\":\"https:\/\/tvnova.tv.br\/jornalfatonovo\/#organization\",\"name\":\"Jornal Fato Novo\",\"url\":\"https:\/\/tvnova.tv.br\/jornalfatonovo\/\",\"logo\":{\"@type\":\"ImageObject\",\"inLanguage\":\"pt-BR\",\"@id\":\"https:\/\/tvnova.tv.br\/jornalfatonovo\/#\/schema\/logo\/image\/\",\"url\":\"https:\/\/tvnova.tv.br\/jornalfatonovo1\/wp-content\/uploads\/2023\/04\/FATO-NOVO-1.png\",\"contentUrl\":\"https:\/\/tvnova.tv.br\/jornalfatonovo1\/wp-content\/uploads\/2023\/04\/FATO-NOVO-1.png\",\"width\":200,\"height\":60,\"caption\":\"Jornal Fato Novo\"},\"image\":{\"@id\":\"https:\/\/tvnova.tv.br\/jornalfatonovo\/#\/schema\/logo\/image\/\"},\"sameAs\":[\"https:\/\/www.facebook.com\/tvnovanordeste\/\",\"https:\/\/x.com\/tvnovanordeste\",\"https:\/\/www.instagram.com\/jornalfatonovope\/\"]},{\"@type\":\"Person\",\"@id\":\"https:\/\/tvnova.tv.br\/jornalfatonovo\/#\/schema\/person\/8acb5c10a7535b12511b7eef3a46cf15\",\"name\":\"Jornalismo\",\"url\":\"https:\/\/tvnova.tv.br\/jornalfatonovo\/author\/jornalismo\/\"}]}<\/script>\n<!-- \/ Yoast SEO plugin. -->","yoast_head_json":{"title":"Goiana \u00e9 atingida pals fortes precipita\u00e7\u00f5es em Pernambuco - Jornal Fato Novo","robots":{"index":"index","follow":"follow","max-snippet":"max-snippet:-1","max-image-preview":"max-image-preview:large","max-video-preview":"max-video-preview:-1"},"canonical":"https:\/\/tvnova.tv.br\/jornalfatonovo\/goiana-e-atingida-pals-fortes-precipitacoes-em-pernambuco\/","og_locale":"pt_BR","og_type":"article","og_title":"Goiana \u00e9 atingida pals fortes precipita\u00e7\u00f5es em Pernambuco - Jornal Fato Novo","og_description":"As fortes chuvas causaram transtornos no munic\u00edpio de Goiana, na Zona da Mata Norte. Um canal transbordou no bairro da Boa Vista e derrubou parte do muro de uma escola que estava em constru\u00e7\u00e3o. A unidade, que j\u00e1 estava pr\u00f3xima de ser inaugurada, ficou parcialmente destru\u00edda, com port\u00f5es e grades no ch\u00e3o ap\u00f3s a for\u00e7a [&hellip;]","og_url":"https:\/\/tvnova.tv.br\/jornalfatonovo\/goiana-e-atingida-pals-fortes-precipitacoes-em-pernambuco\/","og_site_name":"Jornal Fato Novo","article_publisher":"https:\/\/www.facebook.com\/tvnovanordeste\/","article_published_time":"2026-05-01T19:08:29+00:00","article_modified_time":"2026-05-01T19:10:07+00:00","og_image":[{"width":778,"height":864,"url":"https:\/\/tvnova.tv.br\/jornalfatonovo\/wp-content\/uploads\/2026\/05\/Captura-de-Tela-2026-05-01-as-16.09.28.png","type":"image\/png"}],"author":"Jornalismo","twitter_card":"summary_large_image","twitter_creator":"@tvnovanordeste","twitter_site":"@tvnovanordeste","twitter_misc":{"Escrito por":"Jornalismo","Est. tempo de leitura":"1 minuto"},"schema":{"@context":"https:\/\/schema.org","@graph":[{"@type":"Article","@id":"https:\/\/tvnova.tv.br\/jornalfatonovo\/goiana-e-atingida-pals-fortes-precipitacoes-em-pernambuco\/#article","isPartOf":{"@id":"https:\/\/tvnova.tv.br\/jornalfatonovo\/goiana-e-atingida-pals-fortes-precipitacoes-em-pernambuco\/"},"author":{"name":"Jornalismo","@id":"https:\/\/tvnova.tv.br\/jornalfatonovo\/#\/schema\/person\/8acb5c10a7535b12511b7eef3a46cf15"},"headline":"Goiana \u00e9 atingida pals fortes precipita\u00e7\u00f5es em Pernambuco","datePublished":"2026-05-01T19:08:29+00:00","dateModified":"2026-05-01T19:10:07+00:00","mainEntityOfPage":{"@id":"https:\/\/tvnova.tv.br\/jornalfatonovo\/goiana-e-atingida-pals-fortes-precipitacoes-em-pernambuco\/"},"wordCount":139,"publisher":{"@id":"https:\/\/tvnova.tv.br\/jornalfatonovo\/#organization"},"image":{"@id":"https:\/\/tvnova.tv.br\/jornalfatonovo\/goiana-e-atingida-pals-fortes-precipitacoes-em-pernambuco\/#primaryimage"},"thumbnailUrl":"https:\/\/tvnova.tv.br\/jornalfatonovo\/wp-content\/uploads\/2026\/05\/Captura-de-Tela-2026-05-01-as-16.09.28.png","articleSection":["Cidades"],"inLanguage":"pt-BR"},{"@type":"WebPage","@id":"https:\/\/tvnova.tv.br\/jornalfatonovo\/goiana-e-atingida-pals-fortes-precipitacoes-em-pernambuco\/","url":"https:\/\/tvnova.tv.br\/jornalfatonovo\/goiana-e-atingida-pals-fortes-precipitacoes-em-pernambuco\/","name":"Goiana \u00e9 atingida pals fortes precipita\u00e7\u00f5es em Pernambuco - Jornal Fato Novo","isPartOf":{"@id":"https:\/\/tvnova.tv.br\/jornalfatonovo\/#website"},"primaryImageOfPage":{"@id":"https:\/\/tvnova.tv.br\/jornalfatonovo\/goiana-e-atingida-pals-fortes-precipitacoes-em-pernambuco\/#primaryimage"},"image":{"@id":"https:\/\/tvnova.tv.br\/jornalfatonovo\/goiana-e-atingida-pals-fortes-precipitacoes-em-pernambuco\/#primaryimage"},"thumbnailUrl":"https:\/\/tvnova.tv.br\/jornalfatonovo\/wp-content\/uploads\/2026\/05\/Captura-de-Tela-2026-05-01-as-16.09.28.png","datePublished":"2026-05-01T19:08:29+00:00","dateModified":"2026-05-01T19:10:07+00:00","breadcrumb":{"@id":"https:\/\/tvnova.tv.br\/jornalfatonovo\/goiana-e-atingida-pals-fortes-precipitacoes-em-pernambuco\/#breadcrumb"},"inLanguage":"pt-BR","potentialAction":[{"@type":"ReadAction","target":["https:\/\/tvnova.tv.br\/jornalfatonovo\/goiana-e-atingida-pals-fortes-precipitacoes-em-pernambuco\/"]}]},{"@type":"ImageObject","inLanguage":"pt-BR","@id":"https:\/\/tvnova.tv.br\/jornalfatonovo\/goiana-e-atingida-pals-fortes-precipitacoes-em-pernambuco\/#primaryimage","url":"https:\/\/tvnova.tv.br\/jornalfatonovo\/wp-content\/uploads\/2026\/05\/Captura-de-Tela-2026-05-01-as-16.09.28.png","contentUrl":"https:\/\/tvnova.tv.br\/jornalfatonovo\/wp-content\/uploads\/2026\/05\/Captura-de-Tela-2026-05-01-as-16.09.28.png","width":778,"height":864},{"@type":"BreadcrumbList","@id":"https:\/\/tvnova.tv.br\/jornalfatonovo\/goiana-e-atingida-pals-fortes-precipitacoes-em-pernambuco\/#breadcrumb","itemListElement":[{"@type":"ListItem","position":1,"name":"In\u00edcio","item":"https:\/\/tvnova.tv.br\/jornalfatonovo\/"},{"@type":"ListItem","position":2,"name":"Goiana \u00e9 atingida pals fortes precipita\u00e7\u00f5es em Pernambuco"}]},{"@type":"WebSite","@id":"https:\/\/tvnova.tv.br\/jornalfatonovo\/#website","url":"https:\/\/tvnova.tv.br\/jornalfatonovo\/","name":"Jornal Fato Novo","description":"Acompanhe as not\u00edcias de Pernambuco","publisher":{"@id":"https:\/\/tvnova.tv.br\/jornalfatonovo\/#organization"},"potentialAction":[{"@type":"SearchAction","target":{"@type":"EntryPoint","urlTemplate":"https:\/\/tvnova.tv.br\/jornalfatonovo\/?s={search_term_string}"},"query-input":{"@type":"PropertyValueSpecification","valueRequired":true,"valueName":"search_term_string"}}],"inLanguage":"pt-BR"},{"@type":"Organization","@id":"https:\/\/tvnova.tv.br\/jornalfatonovo\/#organization","name":"Jornal Fato Novo","url":"https:\/\/tvnova.tv.br\/jornalfatonovo\/","logo":{"@type":"ImageObject","inLanguage":"pt-BR","@id":"https:\/\/tvnova.tv.br\/jornalfatonovo\/#\/schema\/logo\/image\/","url":"https:\/\/tvnova.tv.br\/jornalfatonovo1\/wp-content\/uploads\/2023\/04\/FATO-NOVO-1.png","contentUrl":"https:\/\/tvnova.tv.br\/jornalfatonovo1\/wp-content\/uploads\/2023\/04\/FATO-NOVO-1.png","width":200,"height":60,"caption":"Jornal Fato Novo"},"image":{"@id":"https:\/\/tvnova.tv.br\/jornalfatonovo\/#\/schema\/logo\/image\/"},"sameAs":["https:\/\/www.facebook.com\/tvnovanordeste\/","https:\/\/x.com\/tvnovanordeste","https:\/\/www.instagram.com\/jornalfatonovope\/"]},{"@type":"Person","@id":"https:\/\/tvnova.tv.br\/jornalfatonovo\/#\/schema\/person\/8acb5c10a7535b12511b7eef3a46cf15","name":"Jornalismo","url":"https:\/\/tvnova.tv.br\/jornalfatonovo\/author\/jornalismo\/"}]}},"_links":{"self":[{"href":"https:\/\/tvnova.tv.br\/jornalfatonovo\/wp-json\/wp\/v2\/posts\/24832","targetHints":{"allow":["GET"]}}],"collection":[{"href":"https:\/\/tvnova.tv.br\/jornalfatonovo\/wp-json\/wp\/v2\/posts"}],"about":[{"href":"https:\/\/tvnova.tv.br\/jornalfatonovo\/wp-json\/wp\/v2\/types\/post"}],"author":[{"embeddable":true,"href":"https:\/\/tvnova.tv.br\/jornalfatonovo\/wp-json\/wp\/v2\/users\/13"}],"replies":[{"embeddable":true,"href":"https:\/\/tvnova.tv.br\/jornalfatonovo\/wp-json\/wp\/v2\/comments?post=24832"}],"version-history":[{"count":1,"href":"https:\/\/tvnova.tv.br\/jornalfatonovo\/wp-json\/wp\/v2\/posts\/24832\/revisions"}],"predecessor-version":[{"id":24833,"href":"https:\/\/tvnova.tv.br\/jornalfatonovo\/wp-json\/wp\/v2\/posts\/24832\/revisions\/24833"}],"wp:featuredmedia":[{"embeddable":true,"href":"https:\/\/tvnova.tv.br\/jornalfatonovo\/wp-json\/wp\/v2\/media\/24834"}],"wp:attachment":[{"href":"https:\/\/tvnova.tv.br\/jornalfatonovo\/wp-json\/wp\/v2\/media?parent=24832"}],"wp:term":[{"taxonomy":"category","embeddable":true,"href":"https:\/\/tvnova.tv.br\/jornalfatonovo\/wp-json\/wp\/v2\/categories?post=24832"},{"taxonomy":"post_tag","embeddable":true,"href":"https:\/\/tvnova.tv.br\/jornalfatonovo\/wp-json\/wp\/v2\/tags?post=24832"},{"taxonomy":"cores-categorias","embeddable":true,"href":"https:\/\/tvnova.tv.br\/jornalfatonovo\/wp-json\/wp\/v2\/cores-categorias?post=24832"}],"curies":[{"name":"wp","href":"https:\/\/api.w.org\/{rel}","templated":true}]}}