{"id":24835,"date":"2026-05-01T18:17:54","date_gmt":"2026-05-01T21:17:54","guid":{"rendered":"https:\/\/tvnova.tv.br\/jornalfatonovo\/?p=24835"},"modified":"2026-05-01T18:18:05","modified_gmt":"2026-05-01T21:18:05","slug":"mae-e-filho-morrem-em-deslizamento-de-barreira-no-recife","status":"publish","type":"post","link":"https:\/\/tvnova.tv.br\/jornalfatonovo\/mae-e-filho-morrem-em-deslizamento-de-barreira-no-recife\/","title":{"rendered":"M\u00e3e e filho morrem em deslizamento de barreira no Recife"},"content":{"rendered":"<p>Uma mulher e o filho morreram ap\u00f3s um deslizamento de barreira atingir uma casa no bairro de Dois Unidos, na Zona Norte do Recife, durante as fortes chuvas desta sexta-feira.<\/p>\n<p>As v\u00edtimas foram identificadas como Jaqueline Soares da Silva, de 24 anos, e o filho dela, Riquelmy, de 6 anos.<\/p>\n<p>O desabamento atingiu a resid\u00eancia onde a fam\u00edlia morava. O pai da crian\u00e7a, Jos\u00e9 Rodrigues da Silva Barbosa de 28 anos, e a outra filha do casal, a beb\u00ea de 1 ano e 6 meses Maria Helena S. da Silva Barbosa, tamb\u00e9m ficaram feridos.<\/p>\n<p>Eles foram socorridos para a Unidade de Pronto Atendimento de Nova Descoberta. O homem est\u00e1 com quadro est\u00e1vel, enquanto a beb\u00ea segue em estado grave.<\/p>\n<p>O trabalho dos bombeiros foi finalizado no local e n\u00e3o h\u00e1 registro de desaparecidos. Uma casa foi destru\u00edda e outro im\u00f3vel pr\u00f3ximo precisou ser interditado por risco estrutural.<\/p>\n","protected":false},"excerpt":{"rendered":"<p>Uma mulher e o filho morreram ap\u00f3s um deslizamento de barreira atingir uma casa no bairro de Dois Unidos, na Zona Norte do Recife, durante as fortes chuvas desta sexta-feira. As v\u00edtimas foram identificadas como Jaqueline Soares da Silva, de 24 anos, e o filho dela, Riquelmy, de 6 anos. O desabamento atingiu a resid\u00eancia [&hellip;]<\/p>\n","protected":false},"author":13,"featured_media":24836,"comment_status":"closed","ping_status":"","sticky":false,"template":"","format":"standard","meta":{"footnotes":""},"categories":[1],"tags":[],"cores-categorias":[],"class_list":["post-24835","post","type-post","status-publish","format-standard","has-post-thumbnail","hentry","category-cidades"],"yoast_head":"<!-- This site is optimized with the Yoast SEO plugin v27.2 - https:\/\/yoast.com\/product\/yoast-seo-wordpress\/ -->\n<title>M\u00e3e e filho morrem em deslizamento de barreira no Recife - Jornal Fato Novo<\/title>\n<meta name=\"robots\" content=\"index, follow, max-snippet:-1, max-image-preview:large, max-video-preview:-1\" \/>\n<link rel=\"canonical\" href=\"https:\/\/tvnova.tv.br\/jornalfatonovo\/mae-e-filho-morrem-em-deslizamento-de-barreira-no-recife\/\" \/>\n<meta property=\"og:locale\" content=\"pt_BR\" \/>\n<meta property=\"og:type\" content=\"article\" \/>\n<meta property=\"og:title\" content=\"M\u00e3e e filho morrem em deslizamento de barreira no Recife - Jornal Fato Novo\" \/>\n<meta property=\"og:description\" content=\"Uma mulher e o filho morreram ap\u00f3s um deslizamento de barreira atingir uma casa no bairro de Dois Unidos, na Zona Norte do Recife, durante as fortes chuvas desta sexta-feira. As v\u00edtimas foram identificadas como Jaqueline Soares da Silva, de 24 anos, e o filho dela, Riquelmy, de 6 anos. O desabamento atingiu a resid\u00eancia [&hellip;]\" \/>\n<meta property=\"og:url\" content=\"https:\/\/tvnova.tv.br\/jornalfatonovo\/mae-e-filho-morrem-em-deslizamento-de-barreira-no-recife\/\" \/>\n<meta property=\"og:site_name\" content=\"Jornal Fato Novo\" \/>\n<meta property=\"article:publisher\" content=\"https:\/\/www.facebook.com\/tvnovanordeste\/\" \/>\n<meta property=\"article:published_time\" content=\"2026-05-01T21:17:54+00:00\" \/>\n<meta property=\"article:modified_time\" content=\"2026-05-01T21:18:05+00:00\" \/>\n<meta name=\"author\" content=\"Jornalismo\" \/>\n<meta name=\"twitter:card\" content=\"summary_large_image\" \/>\n<meta name=\"twitter:creator\" content=\"@tvnovanordeste\" \/>\n<meta name=\"twitter:site\" content=\"@tvnovanordeste\" \/>\n<meta name=\"twitter:label1\" content=\"Escrito por\" \/>\n\t<meta name=\"twitter:data1\" content=\"Jornalismo\" \/>\n\t<meta name=\"twitter:label2\" content=\"Est. tempo de leitura\" \/>\n\t<meta name=\"twitter:data2\" content=\"1 minuto\" \/>\n<script type=\"application\/ld+json\" class=\"yoast-schema-graph\">{\"@context\":\"https:\/\/schema.org\",\"@graph\":[{\"@type\":\"Article\",\"@id\":\"https:\/\/tvnova.tv.br\/jornalfatonovo\/mae-e-filho-morrem-em-deslizamento-de-barreira-no-recife\/#article\",\"isPartOf\":{\"@id\":\"https:\/\/tvnova.tv.br\/jornalfatonovo\/mae-e-filho-morrem-em-deslizamento-de-barreira-no-recife\/\"},\"author\":{\"name\":\"Jornalismo\",\"@id\":\"https:\/\/tvnova.tv.br\/jornalfatonovo\/#\/schema\/person\/8acb5c10a7535b12511b7eef3a46cf15\"},\"headline\":\"M\u00e3e e filho morrem em deslizamento de barreira no Recife\",\"datePublished\":\"2026-05-01T21:17:54+00:00\",\"dateModified\":\"2026-05-01T21:18:05+00:00\",\"mainEntityOfPage\":{\"@id\":\"https:\/\/tvnova.tv.br\/jornalfatonovo\/mae-e-filho-morrem-em-deslizamento-de-barreira-no-recife\/\"},\"wordCount\":164,\"publisher\":{\"@id\":\"https:\/\/tvnova.tv.br\/jornalfatonovo\/#organization\"},\"image\":{\"@id\":\"https:\/\/tvnova.tv.br\/jornalfatonovo\/mae-e-filho-morrem-em-deslizamento-de-barreira-no-recife\/#primaryimage\"},\"thumbnailUrl\":\"https:\/\/tvnova.tv.br\/jornalfatonovo\/wp-content\/uploads\/2026\/05\/e1cb5f78-8e1c-4a5b-8b86-829496d705ca.jpeg\",\"articleSection\":[\"Cidades\"],\"inLanguage\":\"pt-BR\"},{\"@type\":\"WebPage\",\"@id\":\"https:\/\/tvnova.tv.br\/jornalfatonovo\/mae-e-filho-morrem-em-deslizamento-de-barreira-no-recife\/\",\"url\":\"https:\/\/tvnova.tv.br\/jornalfatonovo\/mae-e-filho-morrem-em-deslizamento-de-barreira-no-recife\/\",\"name\":\"M\u00e3e e filho morrem em deslizamento de barreira no Recife - Jornal Fato Novo\",\"isPartOf\":{\"@id\":\"https:\/\/tvnova.tv.br\/jornalfatonovo\/#website\"},\"primaryImageOfPage\":{\"@id\":\"https:\/\/tvnova.tv.br\/jornalfatonovo\/mae-e-filho-morrem-em-deslizamento-de-barreira-no-recife\/#primaryimage\"},\"image\":{\"@id\":\"https:\/\/tvnova.tv.br\/jornalfatonovo\/mae-e-filho-morrem-em-deslizamento-de-barreira-no-recife\/#primaryimage\"},\"thumbnailUrl\":\"https:\/\/tvnova.tv.br\/jornalfatonovo\/wp-content\/uploads\/2026\/05\/e1cb5f78-8e1c-4a5b-8b86-829496d705ca.jpeg\",\"datePublished\":\"2026-05-01T21:17:54+00:00\",\"dateModified\":\"2026-05-01T21:18:05+00:00\",\"breadcrumb\":{\"@id\":\"https:\/\/tvnova.tv.br\/jornalfatonovo\/mae-e-filho-morrem-em-deslizamento-de-barreira-no-recife\/#breadcrumb\"},\"inLanguage\":\"pt-BR\",\"potentialAction\":[{\"@type\":\"ReadAction\",\"target\":[\"https:\/\/tvnova.tv.br\/jornalfatonovo\/mae-e-filho-morrem-em-deslizamento-de-barreira-no-recife\/\"]}]},{\"@type\":\"ImageObject\",\"inLanguage\":\"pt-BR\",\"@id\":\"https:\/\/tvnova.tv.br\/jornalfatonovo\/mae-e-filho-morrem-em-deslizamento-de-barreira-no-recife\/#primaryimage\",\"url\":\"https:\/\/tvnova.tv.br\/jornalfatonovo\/wp-content\/uploads\/2026\/05\/e1cb5f78-8e1c-4a5b-8b86-829496d705ca.jpeg\",\"contentUrl\":\"https:\/\/tvnova.tv.br\/jornalfatonovo\/wp-content\/uploads\/2026\/05\/e1cb5f78-8e1c-4a5b-8b86-829496d705ca.jpeg\",\"width\":984,\"height\":554},{\"@type\":\"BreadcrumbList\",\"@id\":\"https:\/\/tvnova.tv.br\/jornalfatonovo\/mae-e-filho-morrem-em-deslizamento-de-barreira-no-recife\/#breadcrumb\",\"itemListElement\":[{\"@type\":\"ListItem\",\"position\":1,\"name\":\"In\u00edcio\",\"item\":\"https:\/\/tvnova.tv.br\/jornalfatonovo\/\"},{\"@type\":\"ListItem\",\"position\":2,\"name\":\"M\u00e3e e filho morrem em deslizamento de barreira no Recife\"}]},{\"@type\":\"WebSite\",\"@id\":\"https:\/\/tvnova.tv.br\/jornalfatonovo\/#website\",\"url\":\"https:\/\/tvnova.tv.br\/jornalfatonovo\/\",\"name\":\"Jornal Fato Novo\",\"description\":\"Acompanhe as not\u00edcias de Pernambuco\",\"publisher\":{\"@id\":\"https:\/\/tvnova.tv.br\/jornalfatonovo\/#organization\"},\"potentialAction\":[{\"@type\":\"SearchAction\",\"target\":{\"@type\":\"EntryPoint\",\"urlTemplate\":\"https:\/\/tvnova.tv.br\/jornalfatonovo\/?s={search_term_string}\"},\"query-input\":{\"@type\":\"PropertyValueSpecification\",\"valueRequired\":true,\"valueName\":\"search_term_string\"}}],\"inLanguage\":\"pt-BR\"},{\"@type\":\"Organization\",\"@id\":\"https:\/\/tvnova.tv.br\/jornalfatonovo\/#organization\",\"name\":\"Jornal Fato Novo\",\"url\":\"https:\/\/tvnova.tv.br\/jornalfatonovo\/\",\"logo\":{\"@type\":\"ImageObject\",\"inLanguage\":\"pt-BR\",\"@id\":\"https:\/\/tvnova.tv.br\/jornalfatonovo\/#\/schema\/logo\/image\/\",\"url\":\"https:\/\/tvnova.tv.br\/jornalfatonovo1\/wp-content\/uploads\/2023\/04\/FATO-NOVO-1.png\",\"contentUrl\":\"https:\/\/tvnova.tv.br\/jornalfatonovo1\/wp-content\/uploads\/2023\/04\/FATO-NOVO-1.png\",\"width\":200,\"height\":60,\"caption\":\"Jornal Fato Novo\"},\"image\":{\"@id\":\"https:\/\/tvnova.tv.br\/jornalfatonovo\/#\/schema\/logo\/image\/\"},\"sameAs\":[\"https:\/\/www.facebook.com\/tvnovanordeste\/\",\"https:\/\/x.com\/tvnovanordeste\",\"https:\/\/www.instagram.com\/jornalfatonovope\/\"]},{\"@type\":\"Person\",\"@id\":\"https:\/\/tvnova.tv.br\/jornalfatonovo\/#\/schema\/person\/8acb5c10a7535b12511b7eef3a46cf15\",\"name\":\"Jornalismo\",\"url\":\"https:\/\/tvnova.tv.br\/jornalfatonovo\/author\/jornalismo\/\"}]}<\/script>\n<!-- \/ Yoast SEO plugin. -->","yoast_head_json":{"title":"M\u00e3e e filho morrem em deslizamento de barreira no Recife - Jornal Fato Novo","robots":{"index":"index","follow":"follow","max-snippet":"max-snippet:-1","max-image-preview":"max-image-preview:large","max-video-preview":"max-video-preview:-1"},"canonical":"https:\/\/tvnova.tv.br\/jornalfatonovo\/mae-e-filho-morrem-em-deslizamento-de-barreira-no-recife\/","og_locale":"pt_BR","og_type":"article","og_title":"M\u00e3e e filho morrem em deslizamento de barreira no Recife - Jornal Fato Novo","og_description":"Uma mulher e o filho morreram ap\u00f3s um deslizamento de barreira atingir uma casa no bairro de Dois Unidos, na Zona Norte do Recife, durante as fortes chuvas desta sexta-feira. As v\u00edtimas foram identificadas como Jaqueline Soares da Silva, de 24 anos, e o filho dela, Riquelmy, de 6 anos. O desabamento atingiu a resid\u00eancia [&hellip;]","og_url":"https:\/\/tvnova.tv.br\/jornalfatonovo\/mae-e-filho-morrem-em-deslizamento-de-barreira-no-recife\/","og_site_name":"Jornal Fato Novo","article_publisher":"https:\/\/www.facebook.com\/tvnovanordeste\/","article_published_time":"2026-05-01T21:17:54+00:00","article_modified_time":"2026-05-01T21:18:05+00:00","author":"Jornalismo","twitter_card":"summary_large_image","twitter_creator":"@tvnovanordeste","twitter_site":"@tvnovanordeste","twitter_misc":{"Escrito por":"Jornalismo","Est. tempo de leitura":"1 minuto"},"schema":{"@context":"https:\/\/schema.org","@graph":[{"@type":"Article","@id":"https:\/\/tvnova.tv.br\/jornalfatonovo\/mae-e-filho-morrem-em-deslizamento-de-barreira-no-recife\/#article","isPartOf":{"@id":"https:\/\/tvnova.tv.br\/jornalfatonovo\/mae-e-filho-morrem-em-deslizamento-de-barreira-no-recife\/"},"author":{"name":"Jornalismo","@id":"https:\/\/tvnova.tv.br\/jornalfatonovo\/#\/schema\/person\/8acb5c10a7535b12511b7eef3a46cf15"},"headline":"M\u00e3e e filho morrem em deslizamento de barreira no Recife","datePublished":"2026-05-01T21:17:54+00:00","dateModified":"2026-05-01T21:18:05+00:00","mainEntityOfPage":{"@id":"https:\/\/tvnova.tv.br\/jornalfatonovo\/mae-e-filho-morrem-em-deslizamento-de-barreira-no-recife\/"},"wordCount":164,"publisher":{"@id":"https:\/\/tvnova.tv.br\/jornalfatonovo\/#organization"},"image":{"@id":"https:\/\/tvnova.tv.br\/jornalfatonovo\/mae-e-filho-morrem-em-deslizamento-de-barreira-no-recife\/#primaryimage"},"thumbnailUrl":"https:\/\/tvnova.tv.br\/jornalfatonovo\/wp-content\/uploads\/2026\/05\/e1cb5f78-8e1c-4a5b-8b86-829496d705ca.jpeg","articleSection":["Cidades"],"inLanguage":"pt-BR"},{"@type":"WebPage","@id":"https:\/\/tvnova.tv.br\/jornalfatonovo\/mae-e-filho-morrem-em-deslizamento-de-barreira-no-recife\/","url":"https:\/\/tvnova.tv.br\/jornalfatonovo\/mae-e-filho-morrem-em-deslizamento-de-barreira-no-recife\/","name":"M\u00e3e e filho morrem em deslizamento de barreira no Recife - Jornal Fato Novo","isPartOf":{"@id":"https:\/\/tvnova.tv.br\/jornalfatonovo\/#website"},"primaryImageOfPage":{"@id":"https:\/\/tvnova.tv.br\/jornalfatonovo\/mae-e-filho-morrem-em-deslizamento-de-barreira-no-recife\/#primaryimage"},"image":{"@id":"https:\/\/tvnova.tv.br\/jornalfatonovo\/mae-e-filho-morrem-em-deslizamento-de-barreira-no-recife\/#primaryimage"},"thumbnailUrl":"https:\/\/tvnova.tv.br\/jornalfatonovo\/wp-content\/uploads\/2026\/05\/e1cb5f78-8e1c-4a5b-8b86-829496d705ca.jpeg","datePublished":"2026-05-01T21:17:54+00:00","dateModified":"2026-05-01T21:18:05+00:00","breadcrumb":{"@id":"https:\/\/tvnova.tv.br\/jornalfatonovo\/mae-e-filho-morrem-em-deslizamento-de-barreira-no-recife\/#breadcrumb"},"inLanguage":"pt-BR","potentialAction":[{"@type":"ReadAction","target":["https:\/\/tvnova.tv.br\/jornalfatonovo\/mae-e-filho-morrem-em-deslizamento-de-barreira-no-recife\/"]}]},{"@type":"ImageObject","inLanguage":"pt-BR","@id":"https:\/\/tvnova.tv.br\/jornalfatonovo\/mae-e-filho-morrem-em-deslizamento-de-barreira-no-recife\/#primaryimage","url":"https:\/\/tvnova.tv.br\/jornalfatonovo\/wp-content\/uploads\/2026\/05\/e1cb5f78-8e1c-4a5b-8b86-829496d705ca.jpeg","contentUrl":"https:\/\/tvnova.tv.br\/jornalfatonovo\/wp-content\/uploads\/2026\/05\/e1cb5f78-8e1c-4a5b-8b86-829496d705ca.jpeg","width":984,"height":554},{"@type":"BreadcrumbList","@id":"https:\/\/tvnova.tv.br\/jornalfatonovo\/mae-e-filho-morrem-em-deslizamento-de-barreira-no-recife\/#breadcrumb","itemListElement":[{"@type":"ListItem","position":1,"name":"In\u00edcio","item":"https:\/\/tvnova.tv.br\/jornalfatonovo\/"},{"@type":"ListItem","position":2,"name":"M\u00e3e e filho morrem em deslizamento de barreira no Recife"}]},{"@type":"WebSite","@id":"https:\/\/tvnova.tv.br\/jornalfatonovo\/#website","url":"https:\/\/tvnova.tv.br\/jornalfatonovo\/","name":"Jornal Fato Novo","description":"Acompanhe as not\u00edcias de Pernambuco","publisher":{"@id":"https:\/\/tvnova.tv.br\/jornalfatonovo\/#organization"},"potentialAction":[{"@type":"SearchAction","target":{"@type":"EntryPoint","urlTemplate":"https:\/\/tvnova.tv.br\/jornalfatonovo\/?s={search_term_string}"},"query-input":{"@type":"PropertyValueSpecification","valueRequired":true,"valueName":"search_term_string"}}],"inLanguage":"pt-BR"},{"@type":"Organization","@id":"https:\/\/tvnova.tv.br\/jornalfatonovo\/#organization","name":"Jornal Fato Novo","url":"https:\/\/tvnova.tv.br\/jornalfatonovo\/","logo":{"@type":"ImageObject","inLanguage":"pt-BR","@id":"https:\/\/tvnova.tv.br\/jornalfatonovo\/#\/schema\/logo\/image\/","url":"https:\/\/tvnova.tv.br\/jornalfatonovo1\/wp-content\/uploads\/2023\/04\/FATO-NOVO-1.png","contentUrl":"https:\/\/tvnova.tv.br\/jornalfatonovo1\/wp-content\/uploads\/2023\/04\/FATO-NOVO-1.png","width":200,"height":60,"caption":"Jornal Fato Novo"},"image":{"@id":"https:\/\/tvnova.tv.br\/jornalfatonovo\/#\/schema\/logo\/image\/"},"sameAs":["https:\/\/www.facebook.com\/tvnovanordeste\/","https:\/\/x.com\/tvnovanordeste","https:\/\/www.instagram.com\/jornalfatonovope\/"]},{"@type":"Person","@id":"https:\/\/tvnova.tv.br\/jornalfatonovo\/#\/schema\/person\/8acb5c10a7535b12511b7eef3a46cf15","name":"Jornalismo","url":"https:\/\/tvnova.tv.br\/jornalfatonovo\/author\/jornalismo\/"}]}},"_links":{"self":[{"href":"https:\/\/tvnova.tv.br\/jornalfatonovo\/wp-json\/wp\/v2\/posts\/24835","targetHints":{"allow":["GET"]}}],"collection":[{"href":"https:\/\/tvnova.tv.br\/jornalfatonovo\/wp-json\/wp\/v2\/posts"}],"about":[{"href":"https:\/\/tvnova.tv.br\/jornalfatonovo\/wp-json\/wp\/v2\/types\/post"}],"author":[{"embeddable":true,"href":"https:\/\/tvnova.tv.br\/jornalfatonovo\/wp-json\/wp\/v2\/users\/13"}],"replies":[{"embeddable":true,"href":"https:\/\/tvnova.tv.br\/jornalfatonovo\/wp-json\/wp\/v2\/comments?post=24835"}],"version-history":[{"count":1,"href":"https:\/\/tvnova.tv.br\/jornalfatonovo\/wp-json\/wp\/v2\/posts\/24835\/revisions"}],"predecessor-version":[{"id":24837,"href":"https:\/\/tvnova.tv.br\/jornalfatonovo\/wp-json\/wp\/v2\/posts\/24835\/revisions\/24837"}],"wp:featuredmedia":[{"embeddable":true,"href":"https:\/\/tvnova.tv.br\/jornalfatonovo\/wp-json\/wp\/v2\/media\/24836"}],"wp:attachment":[{"href":"https:\/\/tvnova.tv.br\/jornalfatonovo\/wp-json\/wp\/v2\/media?parent=24835"}],"wp:term":[{"taxonomy":"category","embeddable":true,"href":"https:\/\/tvnova.tv.br\/jornalfatonovo\/wp-json\/wp\/v2\/categories?post=24835"},{"taxonomy":"post_tag","embeddable":true,"href":"https:\/\/tvnova.tv.br\/jornalfatonovo\/wp-json\/wp\/v2\/tags?post=24835"},{"taxonomy":"cores-categorias","embeddable":true,"href":"https:\/\/tvnova.tv.br\/jornalfatonovo\/wp-json\/wp\/v2\/cores-categorias?post=24835"}],"curies":[{"name":"wp","href":"https:\/\/api.w.org\/{rel}","templated":true}]}}