{"id":24851,"date":"2026-05-01T18:32:49","date_gmt":"2026-05-01T21:32:49","guid":{"rendered":"https:\/\/tvnova.tv.br\/jornalfatonovo\/?p=24851"},"modified":"2026-05-01T18:34:33","modified_gmt":"2026-05-01T21:34:33","slug":"apac-renova-alerta-de-precipitacoes-no-estado","status":"publish","type":"post","link":"https:\/\/tvnova.tv.br\/jornalfatonovo\/apac-renova-alerta-de-precipitacoes-no-estado\/","title":{"rendered":"Apac renova alerta de precipita\u00e7\u00f5es no estado"},"content":{"rendered":"<p>A Ag\u00eancia Pernambucana de \u00c1guas e Clima (Apac) mant\u00e9m o estado de <strong>alerta m\u00e1ximo<\/strong> para a Regi\u00e3o Metropolitana do Recife e a Mata Norte, com aviso meteorol\u00f3gico de<strong> n\u00edvel vermelho<\/strong> devido \u00e0 previs\u00e3o de chuvas moderadas a fortes entre a noite desta sexta-feira e o s\u00e1bado. Para o Agreste e a Mata Sul, o alerta \u00e9 de n\u00edvel amarelo, indicando precipita\u00e7\u00f5es de intensidade moderada.<\/p>\n<p><img fetchpriority=\"high\" decoding=\"async\" class=\"size-full wp-image-24853\" src=\"https:\/\/tvnova.tv.br\/jornalfatonovo\/wp-content\/uploads\/2026\/05\/Figura_Aviso_47.png\" alt=\"\" width=\"720\" height=\"720\" srcset=\"https:\/\/tvnova.tv.br\/jornalfatonovo\/wp-content\/uploads\/2026\/05\/Figura_Aviso_47.png 720w, https:\/\/tvnova.tv.br\/jornalfatonovo\/wp-content\/uploads\/2026\/05\/Figura_Aviso_47-300x300.png 300w, https:\/\/tvnova.tv.br\/jornalfatonovo\/wp-content\/uploads\/2026\/05\/Figura_Aviso_47-150x150.png 150w\" sizes=\"(max-width: 720px) 100vw, 720px\" \/><\/p>\n<p>De acordo com o \u00f3rg\u00e3o, o cen\u00e1rio \u00e9 provocado pela atua\u00e7\u00e3o da Zona de Converg\u00eancia Intertropical, sistema que j\u00e1 gerou volumes expressivos de chuva nas \u00faltimas 24 horas em diversas cidades. Entre os maiores acumulados est\u00e3o Abreu e Lima, com 199 mil\u00edmetros, Goiana, com 196, Paulista, com 189, al\u00e9m de Camaragibe, Olinda, Igarassu, Moreno e Recife, que tamb\u00e9m registraram \u00edndices elevados.<\/p>\n<p>A Apac tamb\u00e9m emitiu alertas hidrol\u00f3gicos para v\u00e1rios rios e canais, como Tracunha\u00e9m, Jaboat\u00e3o, Tapacur\u00e1, Ipojuca, Capibaribe e Duas Unas, al\u00e9m do Canal de Goiana. O monitoramento atinge munic\u00edpios como Goiana, Nazar\u00e9 da Mata, Moreno, Jaboat\u00e3o dos Guararapes, Vit\u00f3ria de Santo Ant\u00e3o, Recife e outras cidades da Zona da Mata e da Regi\u00e3o Metropolitana. Diante da situa\u00e7\u00e3o, o \u00f3rg\u00e3o refor\u00e7a a orienta\u00e7\u00e3o para que moradores de \u00e1reas de risco busquem locais seguros e acompanhem as atualiza\u00e7\u00f5es oficiais.<\/p>\n","protected":false},"excerpt":{"rendered":"<p>A Ag\u00eancia Pernambucana de \u00c1guas e Clima (Apac) mant\u00e9m o estado de alerta m\u00e1ximo para a Regi\u00e3o Metropolitana do Recife e a Mata Norte, com aviso meteorol\u00f3gico de n\u00edvel vermelho devido \u00e0 previs\u00e3o de chuvas moderadas a fortes entre a noite desta sexta-feira e o s\u00e1bado. Para o Agreste e a Mata Sul, o alerta [&hellip;]<\/p>\n","protected":false},"author":13,"featured_media":24850,"comment_status":"closed","ping_status":"","sticky":false,"template":"","format":"standard","meta":{"footnotes":""},"categories":[1],"tags":[],"cores-categorias":[],"class_list":["post-24851","post","type-post","status-publish","format-standard","has-post-thumbnail","hentry","category-cidades"],"yoast_head":"<!-- This site is optimized with the Yoast SEO plugin v27.2 - https:\/\/yoast.com\/product\/yoast-seo-wordpress\/ -->\n<title>Apac renova alerta de precipita\u00e7\u00f5es no estado - Jornal Fato Novo<\/title>\n<meta name=\"robots\" content=\"index, follow, max-snippet:-1, max-image-preview:large, max-video-preview:-1\" \/>\n<link rel=\"canonical\" href=\"https:\/\/tvnova.tv.br\/jornalfatonovo\/apac-renova-alerta-de-precipitacoes-no-estado\/\" \/>\n<meta property=\"og:locale\" content=\"pt_BR\" \/>\n<meta property=\"og:type\" content=\"article\" \/>\n<meta property=\"og:title\" content=\"Apac renova alerta de precipita\u00e7\u00f5es no estado - Jornal Fato Novo\" \/>\n<meta property=\"og:description\" content=\"A Ag\u00eancia Pernambucana de \u00c1guas e Clima (Apac) mant\u00e9m o estado de alerta m\u00e1ximo para a Regi\u00e3o Metropolitana do Recife e a Mata Norte, com aviso meteorol\u00f3gico de n\u00edvel vermelho devido \u00e0 previs\u00e3o de chuvas moderadas a fortes entre a noite desta sexta-feira e o s\u00e1bado. Para o Agreste e a Mata Sul, o alerta [&hellip;]\" \/>\n<meta property=\"og:url\" content=\"https:\/\/tvnova.tv.br\/jornalfatonovo\/apac-renova-alerta-de-precipitacoes-no-estado\/\" \/>\n<meta property=\"og:site_name\" content=\"Jornal Fato Novo\" \/>\n<meta property=\"article:publisher\" content=\"https:\/\/www.facebook.com\/tvnovanordeste\/\" \/>\n<meta property=\"article:published_time\" content=\"2026-05-01T21:32:49+00:00\" \/>\n<meta property=\"article:modified_time\" content=\"2026-05-01T21:34:33+00:00\" \/>\n<meta property=\"og:image\" content=\"https:\/\/tvnova.tv.br\/jornalfatonovo\/wp-content\/uploads\/2026\/05\/corpo-de-bombeiros-de-pernambuco-foi-acionado-para-conferir-deslizamento-de-terra-no-alto-da-bondade-em-olinda-1777652823864_v2_900x506.jpg\" \/>\n\t<meta property=\"og:image:width\" content=\"900\" \/>\n\t<meta property=\"og:image:height\" content=\"506\" \/>\n\t<meta property=\"og:image:type\" content=\"image\/jpeg\" \/>\n<meta name=\"author\" content=\"Jornalismo\" \/>\n<meta name=\"twitter:card\" content=\"summary_large_image\" \/>\n<meta name=\"twitter:creator\" content=\"@tvnovanordeste\" \/>\n<meta name=\"twitter:site\" content=\"@tvnovanordeste\" \/>\n<meta name=\"twitter:label1\" content=\"Escrito por\" \/>\n\t<meta name=\"twitter:data1\" content=\"Jornalismo\" \/>\n\t<meta name=\"twitter:label2\" content=\"Est. tempo de leitura\" \/>\n\t<meta name=\"twitter:data2\" content=\"1 minuto\" \/>\n<script type=\"application\/ld+json\" class=\"yoast-schema-graph\">{\"@context\":\"https:\/\/schema.org\",\"@graph\":[{\"@type\":\"Article\",\"@id\":\"https:\/\/tvnova.tv.br\/jornalfatonovo\/apac-renova-alerta-de-precipitacoes-no-estado\/#article\",\"isPartOf\":{\"@id\":\"https:\/\/tvnova.tv.br\/jornalfatonovo\/apac-renova-alerta-de-precipitacoes-no-estado\/\"},\"author\":{\"name\":\"Jornalismo\",\"@id\":\"https:\/\/tvnova.tv.br\/jornalfatonovo\/#\/schema\/person\/8acb5c10a7535b12511b7eef3a46cf15\"},\"headline\":\"Apac renova alerta de precipita\u00e7\u00f5es no estado\",\"datePublished\":\"2026-05-01T21:32:49+00:00\",\"dateModified\":\"2026-05-01T21:34:33+00:00\",\"mainEntityOfPage\":{\"@id\":\"https:\/\/tvnova.tv.br\/jornalfatonovo\/apac-renova-alerta-de-precipitacoes-no-estado\/\"},\"wordCount\":237,\"publisher\":{\"@id\":\"https:\/\/tvnova.tv.br\/jornalfatonovo\/#organization\"},\"image\":{\"@id\":\"https:\/\/tvnova.tv.br\/jornalfatonovo\/apac-renova-alerta-de-precipitacoes-no-estado\/#primaryimage\"},\"thumbnailUrl\":\"https:\/\/tvnova.tv.br\/jornalfatonovo\/wp-content\/uploads\/2026\/05\/corpo-de-bombeiros-de-pernambuco-foi-acionado-para-conferir-deslizamento-de-terra-no-alto-da-bondade-em-olinda-1777652823864_v2_900x506.jpg\",\"articleSection\":[\"Cidades\"],\"inLanguage\":\"pt-BR\"},{\"@type\":\"WebPage\",\"@id\":\"https:\/\/tvnova.tv.br\/jornalfatonovo\/apac-renova-alerta-de-precipitacoes-no-estado\/\",\"url\":\"https:\/\/tvnova.tv.br\/jornalfatonovo\/apac-renova-alerta-de-precipitacoes-no-estado\/\",\"name\":\"Apac renova alerta de precipita\u00e7\u00f5es no estado - Jornal Fato Novo\",\"isPartOf\":{\"@id\":\"https:\/\/tvnova.tv.br\/jornalfatonovo\/#website\"},\"primaryImageOfPage\":{\"@id\":\"https:\/\/tvnova.tv.br\/jornalfatonovo\/apac-renova-alerta-de-precipitacoes-no-estado\/#primaryimage\"},\"image\":{\"@id\":\"https:\/\/tvnova.tv.br\/jornalfatonovo\/apac-renova-alerta-de-precipitacoes-no-estado\/#primaryimage\"},\"thumbnailUrl\":\"https:\/\/tvnova.tv.br\/jornalfatonovo\/wp-content\/uploads\/2026\/05\/corpo-de-bombeiros-de-pernambuco-foi-acionado-para-conferir-deslizamento-de-terra-no-alto-da-bondade-em-olinda-1777652823864_v2_900x506.jpg\",\"datePublished\":\"2026-05-01T21:32:49+00:00\",\"dateModified\":\"2026-05-01T21:34:33+00:00\",\"breadcrumb\":{\"@id\":\"https:\/\/tvnova.tv.br\/jornalfatonovo\/apac-renova-alerta-de-precipitacoes-no-estado\/#breadcrumb\"},\"inLanguage\":\"pt-BR\",\"potentialAction\":[{\"@type\":\"ReadAction\",\"target\":[\"https:\/\/tvnova.tv.br\/jornalfatonovo\/apac-renova-alerta-de-precipitacoes-no-estado\/\"]}]},{\"@type\":\"ImageObject\",\"inLanguage\":\"pt-BR\",\"@id\":\"https:\/\/tvnova.tv.br\/jornalfatonovo\/apac-renova-alerta-de-precipitacoes-no-estado\/#primaryimage\",\"url\":\"https:\/\/tvnova.tv.br\/jornalfatonovo\/wp-content\/uploads\/2026\/05\/corpo-de-bombeiros-de-pernambuco-foi-acionado-para-conferir-deslizamento-de-terra-no-alto-da-bondade-em-olinda-1777652823864_v2_900x506.jpg\",\"contentUrl\":\"https:\/\/tvnova.tv.br\/jornalfatonovo\/wp-content\/uploads\/2026\/05\/corpo-de-bombeiros-de-pernambuco-foi-acionado-para-conferir-deslizamento-de-terra-no-alto-da-bondade-em-olinda-1777652823864_v2_900x506.jpg\",\"width\":900,\"height\":506},{\"@type\":\"BreadcrumbList\",\"@id\":\"https:\/\/tvnova.tv.br\/jornalfatonovo\/apac-renova-alerta-de-precipitacoes-no-estado\/#breadcrumb\",\"itemListElement\":[{\"@type\":\"ListItem\",\"position\":1,\"name\":\"In\u00edcio\",\"item\":\"https:\/\/tvnova.tv.br\/jornalfatonovo\/\"},{\"@type\":\"ListItem\",\"position\":2,\"name\":\"Apac renova alerta de precipita\u00e7\u00f5es no estado\"}]},{\"@type\":\"WebSite\",\"@id\":\"https:\/\/tvnova.tv.br\/jornalfatonovo\/#website\",\"url\":\"https:\/\/tvnova.tv.br\/jornalfatonovo\/\",\"name\":\"Jornal Fato Novo\",\"description\":\"Acompanhe as not\u00edcias de Pernambuco\",\"publisher\":{\"@id\":\"https:\/\/tvnova.tv.br\/jornalfatonovo\/#organization\"},\"potentialAction\":[{\"@type\":\"SearchAction\",\"target\":{\"@type\":\"EntryPoint\",\"urlTemplate\":\"https:\/\/tvnova.tv.br\/jornalfatonovo\/?s={search_term_string}\"},\"query-input\":{\"@type\":\"PropertyValueSpecification\",\"valueRequired\":true,\"valueName\":\"search_term_string\"}}],\"inLanguage\":\"pt-BR\"},{\"@type\":\"Organization\",\"@id\":\"https:\/\/tvnova.tv.br\/jornalfatonovo\/#organization\",\"name\":\"Jornal Fato Novo\",\"url\":\"https:\/\/tvnova.tv.br\/jornalfatonovo\/\",\"logo\":{\"@type\":\"ImageObject\",\"inLanguage\":\"pt-BR\",\"@id\":\"https:\/\/tvnova.tv.br\/jornalfatonovo\/#\/schema\/logo\/image\/\",\"url\":\"https:\/\/tvnova.tv.br\/jornalfatonovo1\/wp-content\/uploads\/2023\/04\/FATO-NOVO-1.png\",\"contentUrl\":\"https:\/\/tvnova.tv.br\/jornalfatonovo1\/wp-content\/uploads\/2023\/04\/FATO-NOVO-1.png\",\"width\":200,\"height\":60,\"caption\":\"Jornal Fato Novo\"},\"image\":{\"@id\":\"https:\/\/tvnova.tv.br\/jornalfatonovo\/#\/schema\/logo\/image\/\"},\"sameAs\":[\"https:\/\/www.facebook.com\/tvnovanordeste\/\",\"https:\/\/x.com\/tvnovanordeste\",\"https:\/\/www.instagram.com\/jornalfatonovope\/\"]},{\"@type\":\"Person\",\"@id\":\"https:\/\/tvnova.tv.br\/jornalfatonovo\/#\/schema\/person\/8acb5c10a7535b12511b7eef3a46cf15\",\"name\":\"Jornalismo\",\"url\":\"https:\/\/tvnova.tv.br\/jornalfatonovo\/author\/jornalismo\/\"}]}<\/script>\n<!-- \/ Yoast SEO plugin. -->","yoast_head_json":{"title":"Apac renova alerta de precipita\u00e7\u00f5es no estado - Jornal Fato Novo","robots":{"index":"index","follow":"follow","max-snippet":"max-snippet:-1","max-image-preview":"max-image-preview:large","max-video-preview":"max-video-preview:-1"},"canonical":"https:\/\/tvnova.tv.br\/jornalfatonovo\/apac-renova-alerta-de-precipitacoes-no-estado\/","og_locale":"pt_BR","og_type":"article","og_title":"Apac renova alerta de precipita\u00e7\u00f5es no estado - Jornal Fato Novo","og_description":"A Ag\u00eancia Pernambucana de \u00c1guas e Clima (Apac) mant\u00e9m o estado de alerta m\u00e1ximo para a Regi\u00e3o Metropolitana do Recife e a Mata Norte, com aviso meteorol\u00f3gico de n\u00edvel vermelho devido \u00e0 previs\u00e3o de chuvas moderadas a fortes entre a noite desta sexta-feira e o s\u00e1bado. Para o Agreste e a Mata Sul, o alerta [&hellip;]","og_url":"https:\/\/tvnova.tv.br\/jornalfatonovo\/apac-renova-alerta-de-precipitacoes-no-estado\/","og_site_name":"Jornal Fato Novo","article_publisher":"https:\/\/www.facebook.com\/tvnovanordeste\/","article_published_time":"2026-05-01T21:32:49+00:00","article_modified_time":"2026-05-01T21:34:33+00:00","og_image":[{"width":900,"height":506,"url":"https:\/\/tvnova.tv.br\/jornalfatonovo\/wp-content\/uploads\/2026\/05\/corpo-de-bombeiros-de-pernambuco-foi-acionado-para-conferir-deslizamento-de-terra-no-alto-da-bondade-em-olinda-1777652823864_v2_900x506.jpg","type":"image\/jpeg"}],"author":"Jornalismo","twitter_card":"summary_large_image","twitter_creator":"@tvnovanordeste","twitter_site":"@tvnovanordeste","twitter_misc":{"Escrito por":"Jornalismo","Est. tempo de leitura":"1 minuto"},"schema":{"@context":"https:\/\/schema.org","@graph":[{"@type":"Article","@id":"https:\/\/tvnova.tv.br\/jornalfatonovo\/apac-renova-alerta-de-precipitacoes-no-estado\/#article","isPartOf":{"@id":"https:\/\/tvnova.tv.br\/jornalfatonovo\/apac-renova-alerta-de-precipitacoes-no-estado\/"},"author":{"name":"Jornalismo","@id":"https:\/\/tvnova.tv.br\/jornalfatonovo\/#\/schema\/person\/8acb5c10a7535b12511b7eef3a46cf15"},"headline":"Apac renova alerta de precipita\u00e7\u00f5es no estado","datePublished":"2026-05-01T21:32:49+00:00","dateModified":"2026-05-01T21:34:33+00:00","mainEntityOfPage":{"@id":"https:\/\/tvnova.tv.br\/jornalfatonovo\/apac-renova-alerta-de-precipitacoes-no-estado\/"},"wordCount":237,"publisher":{"@id":"https:\/\/tvnova.tv.br\/jornalfatonovo\/#organization"},"image":{"@id":"https:\/\/tvnova.tv.br\/jornalfatonovo\/apac-renova-alerta-de-precipitacoes-no-estado\/#primaryimage"},"thumbnailUrl":"https:\/\/tvnova.tv.br\/jornalfatonovo\/wp-content\/uploads\/2026\/05\/corpo-de-bombeiros-de-pernambuco-foi-acionado-para-conferir-deslizamento-de-terra-no-alto-da-bondade-em-olinda-1777652823864_v2_900x506.jpg","articleSection":["Cidades"],"inLanguage":"pt-BR"},{"@type":"WebPage","@id":"https:\/\/tvnova.tv.br\/jornalfatonovo\/apac-renova-alerta-de-precipitacoes-no-estado\/","url":"https:\/\/tvnova.tv.br\/jornalfatonovo\/apac-renova-alerta-de-precipitacoes-no-estado\/","name":"Apac renova alerta de precipita\u00e7\u00f5es no estado - Jornal Fato Novo","isPartOf":{"@id":"https:\/\/tvnova.tv.br\/jornalfatonovo\/#website"},"primaryImageOfPage":{"@id":"https:\/\/tvnova.tv.br\/jornalfatonovo\/apac-renova-alerta-de-precipitacoes-no-estado\/#primaryimage"},"image":{"@id":"https:\/\/tvnova.tv.br\/jornalfatonovo\/apac-renova-alerta-de-precipitacoes-no-estado\/#primaryimage"},"thumbnailUrl":"https:\/\/tvnova.tv.br\/jornalfatonovo\/wp-content\/uploads\/2026\/05\/corpo-de-bombeiros-de-pernambuco-foi-acionado-para-conferir-deslizamento-de-terra-no-alto-da-bondade-em-olinda-1777652823864_v2_900x506.jpg","datePublished":"2026-05-01T21:32:49+00:00","dateModified":"2026-05-01T21:34:33+00:00","breadcrumb":{"@id":"https:\/\/tvnova.tv.br\/jornalfatonovo\/apac-renova-alerta-de-precipitacoes-no-estado\/#breadcrumb"},"inLanguage":"pt-BR","potentialAction":[{"@type":"ReadAction","target":["https:\/\/tvnova.tv.br\/jornalfatonovo\/apac-renova-alerta-de-precipitacoes-no-estado\/"]}]},{"@type":"ImageObject","inLanguage":"pt-BR","@id":"https:\/\/tvnova.tv.br\/jornalfatonovo\/apac-renova-alerta-de-precipitacoes-no-estado\/#primaryimage","url":"https:\/\/tvnova.tv.br\/jornalfatonovo\/wp-content\/uploads\/2026\/05\/corpo-de-bombeiros-de-pernambuco-foi-acionado-para-conferir-deslizamento-de-terra-no-alto-da-bondade-em-olinda-1777652823864_v2_900x506.jpg","contentUrl":"https:\/\/tvnova.tv.br\/jornalfatonovo\/wp-content\/uploads\/2026\/05\/corpo-de-bombeiros-de-pernambuco-foi-acionado-para-conferir-deslizamento-de-terra-no-alto-da-bondade-em-olinda-1777652823864_v2_900x506.jpg","width":900,"height":506},{"@type":"BreadcrumbList","@id":"https:\/\/tvnova.tv.br\/jornalfatonovo\/apac-renova-alerta-de-precipitacoes-no-estado\/#breadcrumb","itemListElement":[{"@type":"ListItem","position":1,"name":"In\u00edcio","item":"https:\/\/tvnova.tv.br\/jornalfatonovo\/"},{"@type":"ListItem","position":2,"name":"Apac renova alerta de precipita\u00e7\u00f5es no estado"}]},{"@type":"WebSite","@id":"https:\/\/tvnova.tv.br\/jornalfatonovo\/#website","url":"https:\/\/tvnova.tv.br\/jornalfatonovo\/","name":"Jornal Fato Novo","description":"Acompanhe as not\u00edcias de Pernambuco","publisher":{"@id":"https:\/\/tvnova.tv.br\/jornalfatonovo\/#organization"},"potentialAction":[{"@type":"SearchAction","target":{"@type":"EntryPoint","urlTemplate":"https:\/\/tvnova.tv.br\/jornalfatonovo\/?s={search_term_string}"},"query-input":{"@type":"PropertyValueSpecification","valueRequired":true,"valueName":"search_term_string"}}],"inLanguage":"pt-BR"},{"@type":"Organization","@id":"https:\/\/tvnova.tv.br\/jornalfatonovo\/#organization","name":"Jornal Fato Novo","url":"https:\/\/tvnova.tv.br\/jornalfatonovo\/","logo":{"@type":"ImageObject","inLanguage":"pt-BR","@id":"https:\/\/tvnova.tv.br\/jornalfatonovo\/#\/schema\/logo\/image\/","url":"https:\/\/tvnova.tv.br\/jornalfatonovo1\/wp-content\/uploads\/2023\/04\/FATO-NOVO-1.png","contentUrl":"https:\/\/tvnova.tv.br\/jornalfatonovo1\/wp-content\/uploads\/2023\/04\/FATO-NOVO-1.png","width":200,"height":60,"caption":"Jornal Fato Novo"},"image":{"@id":"https:\/\/tvnova.tv.br\/jornalfatonovo\/#\/schema\/logo\/image\/"},"sameAs":["https:\/\/www.facebook.com\/tvnovanordeste\/","https:\/\/x.com\/tvnovanordeste","https:\/\/www.instagram.com\/jornalfatonovope\/"]},{"@type":"Person","@id":"https:\/\/tvnova.tv.br\/jornalfatonovo\/#\/schema\/person\/8acb5c10a7535b12511b7eef3a46cf15","name":"Jornalismo","url":"https:\/\/tvnova.tv.br\/jornalfatonovo\/author\/jornalismo\/"}]}},"_links":{"self":[{"href":"https:\/\/tvnova.tv.br\/jornalfatonovo\/wp-json\/wp\/v2\/posts\/24851","targetHints":{"allow":["GET"]}}],"collection":[{"href":"https:\/\/tvnova.tv.br\/jornalfatonovo\/wp-json\/wp\/v2\/posts"}],"about":[{"href":"https:\/\/tvnova.tv.br\/jornalfatonovo\/wp-json\/wp\/v2\/types\/post"}],"author":[{"embeddable":true,"href":"https:\/\/tvnova.tv.br\/jornalfatonovo\/wp-json\/wp\/v2\/users\/13"}],"replies":[{"embeddable":true,"href":"https:\/\/tvnova.tv.br\/jornalfatonovo\/wp-json\/wp\/v2\/comments?post=24851"}],"version-history":[{"count":3,"href":"https:\/\/tvnova.tv.br\/jornalfatonovo\/wp-json\/wp\/v2\/posts\/24851\/revisions"}],"predecessor-version":[{"id":24855,"href":"https:\/\/tvnova.tv.br\/jornalfatonovo\/wp-json\/wp\/v2\/posts\/24851\/revisions\/24855"}],"wp:featuredmedia":[{"embeddable":true,"href":"https:\/\/tvnova.tv.br\/jornalfatonovo\/wp-json\/wp\/v2\/media\/24850"}],"wp:attachment":[{"href":"https:\/\/tvnova.tv.br\/jornalfatonovo\/wp-json\/wp\/v2\/media?parent=24851"}],"wp:term":[{"taxonomy":"category","embeddable":true,"href":"https:\/\/tvnova.tv.br\/jornalfatonovo\/wp-json\/wp\/v2\/categories?post=24851"},{"taxonomy":"post_tag","embeddable":true,"href":"https:\/\/tvnova.tv.br\/jornalfatonovo\/wp-json\/wp\/v2\/tags?post=24851"},{"taxonomy":"cores-categorias","embeddable":true,"href":"https:\/\/tvnova.tv.br\/jornalfatonovo\/wp-json\/wp\/v2\/cores-categorias?post=24851"}],"curies":[{"name":"wp","href":"https:\/\/api.w.org\/{rel}","templated":true}]}}