{"id":24856,"date":"2026-05-01T18:39:17","date_gmt":"2026-05-01T21:39:17","guid":{"rendered":"https:\/\/tvnova.tv.br\/jornalfatonovo\/?p=24856"},"modified":"2026-05-01T18:40:08","modified_gmt":"2026-05-01T21:40:08","slug":"corpos-de-mae-e-filho-sao-retirados-de-barreira-numero-de-mortos-chega-a-4","status":"publish","type":"post","link":"https:\/\/tvnova.tv.br\/jornalfatonovo\/corpos-de-mae-e-filho-sao-retirados-de-barreira-numero-de-mortos-chega-a-4\/","title":{"rendered":"Corpos de m\u00e3e e filho s\u00e3o retirados de barreira; n\u00famero de mortos chega a 4"},"content":{"rendered":"<p>O Corpo de Bombeiros resgatou, no in\u00edcio da noite desta sexta-feira, os corpos de uma m\u00e3e e do filho que estavam soterrados ap\u00f3s um deslizamento de barreira no bairro do Passarinho, em Olinda.<\/p>\n<p>As v\u00edtimas foram identificadas como Bruna Karine da Silva, de 20 anos, e o beb\u00ea Pietro, de apenas 6 meses. Os corpos foram localizados e retirados do local, sendo encaminhados aos cuidados do Instituto de Criminal\u00edstica.<\/p>\n<p>O deslizamento destruiu pelo menos cinco casas na \u00e1rea atingida. De acordo com a Defesa Civil, outras cinco pessoas foram resgatadas com a ajuda de moradores da comunidade.<\/p>\n<p>Com esse caso, sobe para quatro o n\u00famero de mortes provocadas por deslizamentos de barreiras no Grande Recife apenas nesta sexta-feira, em meio \u00e0s fortes chuvas que atingem a regi\u00e3o.<\/p>\n","protected":false},"excerpt":{"rendered":"<p>O Corpo de Bombeiros resgatou, no in\u00edcio da noite desta sexta-feira, os corpos de uma m\u00e3e e do filho que estavam soterrados ap\u00f3s um deslizamento de barreira no bairro do Passarinho, em Olinda. As v\u00edtimas foram identificadas como Bruna Karine da Silva, de 20 anos, e o beb\u00ea Pietro, de apenas 6 meses. Os corpos [&hellip;]<\/p>\n","protected":false},"author":13,"featured_media":24858,"comment_status":"closed","ping_status":"","sticky":false,"template":"","format":"standard","meta":{"footnotes":""},"categories":[1],"tags":[],"cores-categorias":[],"class_list":["post-24856","post","type-post","status-publish","format-standard","has-post-thumbnail","hentry","category-cidades"],"yoast_head":"<!-- This site is optimized with the Yoast SEO plugin v27.2 - https:\/\/yoast.com\/product\/yoast-seo-wordpress\/ -->\n<title>Corpos de m\u00e3e e filho s\u00e3o retirados de barreira; n\u00famero de mortos chega a 4 - Jornal Fato Novo<\/title>\n<meta name=\"robots\" content=\"index, follow, max-snippet:-1, max-image-preview:large, max-video-preview:-1\" \/>\n<link rel=\"canonical\" href=\"https:\/\/tvnova.tv.br\/jornalfatonovo\/corpos-de-mae-e-filho-sao-retirados-de-barreira-numero-de-mortos-chega-a-4\/\" \/>\n<meta property=\"og:locale\" content=\"pt_BR\" \/>\n<meta property=\"og:type\" content=\"article\" \/>\n<meta property=\"og:title\" content=\"Corpos de m\u00e3e e filho s\u00e3o retirados de barreira; n\u00famero de mortos chega a 4 - Jornal Fato Novo\" \/>\n<meta property=\"og:description\" content=\"O Corpo de Bombeiros resgatou, no in\u00edcio da noite desta sexta-feira, os corpos de uma m\u00e3e e do filho que estavam soterrados ap\u00f3s um deslizamento de barreira no bairro do Passarinho, em Olinda. As v\u00edtimas foram identificadas como Bruna Karine da Silva, de 20 anos, e o beb\u00ea Pietro, de apenas 6 meses. Os corpos [&hellip;]\" \/>\n<meta property=\"og:url\" content=\"https:\/\/tvnova.tv.br\/jornalfatonovo\/corpos-de-mae-e-filho-sao-retirados-de-barreira-numero-de-mortos-chega-a-4\/\" \/>\n<meta property=\"og:site_name\" content=\"Jornal Fato Novo\" \/>\n<meta property=\"article:publisher\" content=\"https:\/\/www.facebook.com\/tvnovanordeste\/\" \/>\n<meta property=\"article:published_time\" content=\"2026-05-01T21:39:17+00:00\" \/>\n<meta property=\"article:modified_time\" content=\"2026-05-01T21:40:08+00:00\" \/>\n<meta name=\"author\" content=\"Jornalismo\" \/>\n<meta name=\"twitter:card\" content=\"summary_large_image\" \/>\n<meta name=\"twitter:creator\" content=\"@tvnovanordeste\" \/>\n<meta name=\"twitter:site\" content=\"@tvnovanordeste\" \/>\n<meta name=\"twitter:label1\" content=\"Escrito por\" \/>\n\t<meta name=\"twitter:data1\" content=\"Jornalismo\" \/>\n\t<meta name=\"twitter:label2\" content=\"Est. tempo de leitura\" \/>\n\t<meta name=\"twitter:data2\" content=\"1 minuto\" \/>\n<script type=\"application\/ld+json\" class=\"yoast-schema-graph\">{\"@context\":\"https:\/\/schema.org\",\"@graph\":[{\"@type\":\"Article\",\"@id\":\"https:\/\/tvnova.tv.br\/jornalfatonovo\/corpos-de-mae-e-filho-sao-retirados-de-barreira-numero-de-mortos-chega-a-4\/#article\",\"isPartOf\":{\"@id\":\"https:\/\/tvnova.tv.br\/jornalfatonovo\/corpos-de-mae-e-filho-sao-retirados-de-barreira-numero-de-mortos-chega-a-4\/\"},\"author\":{\"name\":\"Jornalismo\",\"@id\":\"https:\/\/tvnova.tv.br\/jornalfatonovo\/#\/schema\/person\/8acb5c10a7535b12511b7eef3a46cf15\"},\"headline\":\"Corpos de m\u00e3e e filho s\u00e3o retirados de barreira; n\u00famero de mortos chega a 4\",\"datePublished\":\"2026-05-01T21:39:17+00:00\",\"dateModified\":\"2026-05-01T21:40:08+00:00\",\"mainEntityOfPage\":{\"@id\":\"https:\/\/tvnova.tv.br\/jornalfatonovo\/corpos-de-mae-e-filho-sao-retirados-de-barreira-numero-de-mortos-chega-a-4\/\"},\"wordCount\":149,\"publisher\":{\"@id\":\"https:\/\/tvnova.tv.br\/jornalfatonovo\/#organization\"},\"image\":{\"@id\":\"https:\/\/tvnova.tv.br\/jornalfatonovo\/corpos-de-mae-e-filho-sao-retirados-de-barreira-numero-de-mortos-chega-a-4\/#primaryimage\"},\"thumbnailUrl\":\"https:\/\/tvnova.tv.br\/jornalfatonovo\/wp-content\/uploads\/2026\/05\/0d9761af-3b97-444f-847e-6977d7c38b36.jpeg\",\"articleSection\":[\"Cidades\"],\"inLanguage\":\"pt-BR\"},{\"@type\":\"WebPage\",\"@id\":\"https:\/\/tvnova.tv.br\/jornalfatonovo\/corpos-de-mae-e-filho-sao-retirados-de-barreira-numero-de-mortos-chega-a-4\/\",\"url\":\"https:\/\/tvnova.tv.br\/jornalfatonovo\/corpos-de-mae-e-filho-sao-retirados-de-barreira-numero-de-mortos-chega-a-4\/\",\"name\":\"Corpos de m\u00e3e e filho s\u00e3o retirados de barreira; n\u00famero de mortos chega a 4 - Jornal Fato Novo\",\"isPartOf\":{\"@id\":\"https:\/\/tvnova.tv.br\/jornalfatonovo\/#website\"},\"primaryImageOfPage\":{\"@id\":\"https:\/\/tvnova.tv.br\/jornalfatonovo\/corpos-de-mae-e-filho-sao-retirados-de-barreira-numero-de-mortos-chega-a-4\/#primaryimage\"},\"image\":{\"@id\":\"https:\/\/tvnova.tv.br\/jornalfatonovo\/corpos-de-mae-e-filho-sao-retirados-de-barreira-numero-de-mortos-chega-a-4\/#primaryimage\"},\"thumbnailUrl\":\"https:\/\/tvnova.tv.br\/jornalfatonovo\/wp-content\/uploads\/2026\/05\/0d9761af-3b97-444f-847e-6977d7c38b36.jpeg\",\"datePublished\":\"2026-05-01T21:39:17+00:00\",\"dateModified\":\"2026-05-01T21:40:08+00:00\",\"breadcrumb\":{\"@id\":\"https:\/\/tvnova.tv.br\/jornalfatonovo\/corpos-de-mae-e-filho-sao-retirados-de-barreira-numero-de-mortos-chega-a-4\/#breadcrumb\"},\"inLanguage\":\"pt-BR\",\"potentialAction\":[{\"@type\":\"ReadAction\",\"target\":[\"https:\/\/tvnova.tv.br\/jornalfatonovo\/corpos-de-mae-e-filho-sao-retirados-de-barreira-numero-de-mortos-chega-a-4\/\"]}]},{\"@type\":\"ImageObject\",\"inLanguage\":\"pt-BR\",\"@id\":\"https:\/\/tvnova.tv.br\/jornalfatonovo\/corpos-de-mae-e-filho-sao-retirados-de-barreira-numero-de-mortos-chega-a-4\/#primaryimage\",\"url\":\"https:\/\/tvnova.tv.br\/jornalfatonovo\/wp-content\/uploads\/2026\/05\/0d9761af-3b97-444f-847e-6977d7c38b36.jpeg\",\"contentUrl\":\"https:\/\/tvnova.tv.br\/jornalfatonovo\/wp-content\/uploads\/2026\/05\/0d9761af-3b97-444f-847e-6977d7c38b36.jpeg\",\"width\":1080,\"height\":1355},{\"@type\":\"BreadcrumbList\",\"@id\":\"https:\/\/tvnova.tv.br\/jornalfatonovo\/corpos-de-mae-e-filho-sao-retirados-de-barreira-numero-de-mortos-chega-a-4\/#breadcrumb\",\"itemListElement\":[{\"@type\":\"ListItem\",\"position\":1,\"name\":\"In\u00edcio\",\"item\":\"https:\/\/tvnova.tv.br\/jornalfatonovo\/\"},{\"@type\":\"ListItem\",\"position\":2,\"name\":\"Corpos de m\u00e3e e filho s\u00e3o retirados de barreira; n\u00famero de mortos chega a 4\"}]},{\"@type\":\"WebSite\",\"@id\":\"https:\/\/tvnova.tv.br\/jornalfatonovo\/#website\",\"url\":\"https:\/\/tvnova.tv.br\/jornalfatonovo\/\",\"name\":\"Jornal Fato Novo\",\"description\":\"Acompanhe as not\u00edcias de Pernambuco\",\"publisher\":{\"@id\":\"https:\/\/tvnova.tv.br\/jornalfatonovo\/#organization\"},\"potentialAction\":[{\"@type\":\"SearchAction\",\"target\":{\"@type\":\"EntryPoint\",\"urlTemplate\":\"https:\/\/tvnova.tv.br\/jornalfatonovo\/?s={search_term_string}\"},\"query-input\":{\"@type\":\"PropertyValueSpecification\",\"valueRequired\":true,\"valueName\":\"search_term_string\"}}],\"inLanguage\":\"pt-BR\"},{\"@type\":\"Organization\",\"@id\":\"https:\/\/tvnova.tv.br\/jornalfatonovo\/#organization\",\"name\":\"Jornal Fato Novo\",\"url\":\"https:\/\/tvnova.tv.br\/jornalfatonovo\/\",\"logo\":{\"@type\":\"ImageObject\",\"inLanguage\":\"pt-BR\",\"@id\":\"https:\/\/tvnova.tv.br\/jornalfatonovo\/#\/schema\/logo\/image\/\",\"url\":\"https:\/\/tvnova.tv.br\/jornalfatonovo1\/wp-content\/uploads\/2023\/04\/FATO-NOVO-1.png\",\"contentUrl\":\"https:\/\/tvnova.tv.br\/jornalfatonovo1\/wp-content\/uploads\/2023\/04\/FATO-NOVO-1.png\",\"width\":200,\"height\":60,\"caption\":\"Jornal Fato Novo\"},\"image\":{\"@id\":\"https:\/\/tvnova.tv.br\/jornalfatonovo\/#\/schema\/logo\/image\/\"},\"sameAs\":[\"https:\/\/www.facebook.com\/tvnovanordeste\/\",\"https:\/\/x.com\/tvnovanordeste\",\"https:\/\/www.instagram.com\/jornalfatonovope\/\"]},{\"@type\":\"Person\",\"@id\":\"https:\/\/tvnova.tv.br\/jornalfatonovo\/#\/schema\/person\/8acb5c10a7535b12511b7eef3a46cf15\",\"name\":\"Jornalismo\",\"url\":\"https:\/\/tvnova.tv.br\/jornalfatonovo\/author\/jornalismo\/\"}]}<\/script>\n<!-- \/ Yoast SEO plugin. -->","yoast_head_json":{"title":"Corpos de m\u00e3e e filho s\u00e3o retirados de barreira; n\u00famero de mortos chega a 4 - Jornal Fato Novo","robots":{"index":"index","follow":"follow","max-snippet":"max-snippet:-1","max-image-preview":"max-image-preview:large","max-video-preview":"max-video-preview:-1"},"canonical":"https:\/\/tvnova.tv.br\/jornalfatonovo\/corpos-de-mae-e-filho-sao-retirados-de-barreira-numero-de-mortos-chega-a-4\/","og_locale":"pt_BR","og_type":"article","og_title":"Corpos de m\u00e3e e filho s\u00e3o retirados de barreira; n\u00famero de mortos chega a 4 - Jornal Fato Novo","og_description":"O Corpo de Bombeiros resgatou, no in\u00edcio da noite desta sexta-feira, os corpos de uma m\u00e3e e do filho que estavam soterrados ap\u00f3s um deslizamento de barreira no bairro do Passarinho, em Olinda. As v\u00edtimas foram identificadas como Bruna Karine da Silva, de 20 anos, e o beb\u00ea Pietro, de apenas 6 meses. Os corpos [&hellip;]","og_url":"https:\/\/tvnova.tv.br\/jornalfatonovo\/corpos-de-mae-e-filho-sao-retirados-de-barreira-numero-de-mortos-chega-a-4\/","og_site_name":"Jornal Fato Novo","article_publisher":"https:\/\/www.facebook.com\/tvnovanordeste\/","article_published_time":"2026-05-01T21:39:17+00:00","article_modified_time":"2026-05-01T21:40:08+00:00","author":"Jornalismo","twitter_card":"summary_large_image","twitter_creator":"@tvnovanordeste","twitter_site":"@tvnovanordeste","twitter_misc":{"Escrito por":"Jornalismo","Est. tempo de leitura":"1 minuto"},"schema":{"@context":"https:\/\/schema.org","@graph":[{"@type":"Article","@id":"https:\/\/tvnova.tv.br\/jornalfatonovo\/corpos-de-mae-e-filho-sao-retirados-de-barreira-numero-de-mortos-chega-a-4\/#article","isPartOf":{"@id":"https:\/\/tvnova.tv.br\/jornalfatonovo\/corpos-de-mae-e-filho-sao-retirados-de-barreira-numero-de-mortos-chega-a-4\/"},"author":{"name":"Jornalismo","@id":"https:\/\/tvnova.tv.br\/jornalfatonovo\/#\/schema\/person\/8acb5c10a7535b12511b7eef3a46cf15"},"headline":"Corpos de m\u00e3e e filho s\u00e3o retirados de barreira; n\u00famero de mortos chega a 4","datePublished":"2026-05-01T21:39:17+00:00","dateModified":"2026-05-01T21:40:08+00:00","mainEntityOfPage":{"@id":"https:\/\/tvnova.tv.br\/jornalfatonovo\/corpos-de-mae-e-filho-sao-retirados-de-barreira-numero-de-mortos-chega-a-4\/"},"wordCount":149,"publisher":{"@id":"https:\/\/tvnova.tv.br\/jornalfatonovo\/#organization"},"image":{"@id":"https:\/\/tvnova.tv.br\/jornalfatonovo\/corpos-de-mae-e-filho-sao-retirados-de-barreira-numero-de-mortos-chega-a-4\/#primaryimage"},"thumbnailUrl":"https:\/\/tvnova.tv.br\/jornalfatonovo\/wp-content\/uploads\/2026\/05\/0d9761af-3b97-444f-847e-6977d7c38b36.jpeg","articleSection":["Cidades"],"inLanguage":"pt-BR"},{"@type":"WebPage","@id":"https:\/\/tvnova.tv.br\/jornalfatonovo\/corpos-de-mae-e-filho-sao-retirados-de-barreira-numero-de-mortos-chega-a-4\/","url":"https:\/\/tvnova.tv.br\/jornalfatonovo\/corpos-de-mae-e-filho-sao-retirados-de-barreira-numero-de-mortos-chega-a-4\/","name":"Corpos de m\u00e3e e filho s\u00e3o retirados de barreira; n\u00famero de mortos chega a 4 - Jornal Fato Novo","isPartOf":{"@id":"https:\/\/tvnova.tv.br\/jornalfatonovo\/#website"},"primaryImageOfPage":{"@id":"https:\/\/tvnova.tv.br\/jornalfatonovo\/corpos-de-mae-e-filho-sao-retirados-de-barreira-numero-de-mortos-chega-a-4\/#primaryimage"},"image":{"@id":"https:\/\/tvnova.tv.br\/jornalfatonovo\/corpos-de-mae-e-filho-sao-retirados-de-barreira-numero-de-mortos-chega-a-4\/#primaryimage"},"thumbnailUrl":"https:\/\/tvnova.tv.br\/jornalfatonovo\/wp-content\/uploads\/2026\/05\/0d9761af-3b97-444f-847e-6977d7c38b36.jpeg","datePublished":"2026-05-01T21:39:17+00:00","dateModified":"2026-05-01T21:40:08+00:00","breadcrumb":{"@id":"https:\/\/tvnova.tv.br\/jornalfatonovo\/corpos-de-mae-e-filho-sao-retirados-de-barreira-numero-de-mortos-chega-a-4\/#breadcrumb"},"inLanguage":"pt-BR","potentialAction":[{"@type":"ReadAction","target":["https:\/\/tvnova.tv.br\/jornalfatonovo\/corpos-de-mae-e-filho-sao-retirados-de-barreira-numero-de-mortos-chega-a-4\/"]}]},{"@type":"ImageObject","inLanguage":"pt-BR","@id":"https:\/\/tvnova.tv.br\/jornalfatonovo\/corpos-de-mae-e-filho-sao-retirados-de-barreira-numero-de-mortos-chega-a-4\/#primaryimage","url":"https:\/\/tvnova.tv.br\/jornalfatonovo\/wp-content\/uploads\/2026\/05\/0d9761af-3b97-444f-847e-6977d7c38b36.jpeg","contentUrl":"https:\/\/tvnova.tv.br\/jornalfatonovo\/wp-content\/uploads\/2026\/05\/0d9761af-3b97-444f-847e-6977d7c38b36.jpeg","width":1080,"height":1355},{"@type":"BreadcrumbList","@id":"https:\/\/tvnova.tv.br\/jornalfatonovo\/corpos-de-mae-e-filho-sao-retirados-de-barreira-numero-de-mortos-chega-a-4\/#breadcrumb","itemListElement":[{"@type":"ListItem","position":1,"name":"In\u00edcio","item":"https:\/\/tvnova.tv.br\/jornalfatonovo\/"},{"@type":"ListItem","position":2,"name":"Corpos de m\u00e3e e filho s\u00e3o retirados de barreira; n\u00famero de mortos chega a 4"}]},{"@type":"WebSite","@id":"https:\/\/tvnova.tv.br\/jornalfatonovo\/#website","url":"https:\/\/tvnova.tv.br\/jornalfatonovo\/","name":"Jornal Fato Novo","description":"Acompanhe as not\u00edcias de Pernambuco","publisher":{"@id":"https:\/\/tvnova.tv.br\/jornalfatonovo\/#organization"},"potentialAction":[{"@type":"SearchAction","target":{"@type":"EntryPoint","urlTemplate":"https:\/\/tvnova.tv.br\/jornalfatonovo\/?s={search_term_string}"},"query-input":{"@type":"PropertyValueSpecification","valueRequired":true,"valueName":"search_term_string"}}],"inLanguage":"pt-BR"},{"@type":"Organization","@id":"https:\/\/tvnova.tv.br\/jornalfatonovo\/#organization","name":"Jornal Fato Novo","url":"https:\/\/tvnova.tv.br\/jornalfatonovo\/","logo":{"@type":"ImageObject","inLanguage":"pt-BR","@id":"https:\/\/tvnova.tv.br\/jornalfatonovo\/#\/schema\/logo\/image\/","url":"https:\/\/tvnova.tv.br\/jornalfatonovo1\/wp-content\/uploads\/2023\/04\/FATO-NOVO-1.png","contentUrl":"https:\/\/tvnova.tv.br\/jornalfatonovo1\/wp-content\/uploads\/2023\/04\/FATO-NOVO-1.png","width":200,"height":60,"caption":"Jornal Fato Novo"},"image":{"@id":"https:\/\/tvnova.tv.br\/jornalfatonovo\/#\/schema\/logo\/image\/"},"sameAs":["https:\/\/www.facebook.com\/tvnovanordeste\/","https:\/\/x.com\/tvnovanordeste","https:\/\/www.instagram.com\/jornalfatonovope\/"]},{"@type":"Person","@id":"https:\/\/tvnova.tv.br\/jornalfatonovo\/#\/schema\/person\/8acb5c10a7535b12511b7eef3a46cf15","name":"Jornalismo","url":"https:\/\/tvnova.tv.br\/jornalfatonovo\/author\/jornalismo\/"}]}},"_links":{"self":[{"href":"https:\/\/tvnova.tv.br\/jornalfatonovo\/wp-json\/wp\/v2\/posts\/24856","targetHints":{"allow":["GET"]}}],"collection":[{"href":"https:\/\/tvnova.tv.br\/jornalfatonovo\/wp-json\/wp\/v2\/posts"}],"about":[{"href":"https:\/\/tvnova.tv.br\/jornalfatonovo\/wp-json\/wp\/v2\/types\/post"}],"author":[{"embeddable":true,"href":"https:\/\/tvnova.tv.br\/jornalfatonovo\/wp-json\/wp\/v2\/users\/13"}],"replies":[{"embeddable":true,"href":"https:\/\/tvnova.tv.br\/jornalfatonovo\/wp-json\/wp\/v2\/comments?post=24856"}],"version-history":[{"count":1,"href":"https:\/\/tvnova.tv.br\/jornalfatonovo\/wp-json\/wp\/v2\/posts\/24856\/revisions"}],"predecessor-version":[{"id":24857,"href":"https:\/\/tvnova.tv.br\/jornalfatonovo\/wp-json\/wp\/v2\/posts\/24856\/revisions\/24857"}],"wp:featuredmedia":[{"embeddable":true,"href":"https:\/\/tvnova.tv.br\/jornalfatonovo\/wp-json\/wp\/v2\/media\/24858"}],"wp:attachment":[{"href":"https:\/\/tvnova.tv.br\/jornalfatonovo\/wp-json\/wp\/v2\/media?parent=24856"}],"wp:term":[{"taxonomy":"category","embeddable":true,"href":"https:\/\/tvnova.tv.br\/jornalfatonovo\/wp-json\/wp\/v2\/categories?post=24856"},{"taxonomy":"post_tag","embeddable":true,"href":"https:\/\/tvnova.tv.br\/jornalfatonovo\/wp-json\/wp\/v2\/tags?post=24856"},{"taxonomy":"cores-categorias","embeddable":true,"href":"https:\/\/tvnova.tv.br\/jornalfatonovo\/wp-json\/wp\/v2\/cores-categorias?post=24856"}],"curies":[{"name":"wp","href":"https:\/\/api.w.org\/{rel}","templated":true}]}}