{"id":24859,"date":"2026-05-01T18:42:18","date_gmt":"2026-05-01T21:42:18","guid":{"rendered":"https:\/\/tvnova.tv.br\/jornalfatonovo\/?p=24859"},"modified":"2026-05-01T18:43:52","modified_gmt":"2026-05-01T21:43:52","slug":"recife-entra-em-alerta-maximo-mais-de-3-mil-servidores-estao-de-plantao","status":"publish","type":"post","link":"https:\/\/tvnova.tv.br\/jornalfatonovo\/recife-entra-em-alerta-maximo-mais-de-3-mil-servidores-estao-de-plantao\/","title":{"rendered":"Recife entra em alerta m\u00e1ximo; mais de 3 mil servidores est\u00e3o de plant\u00e3o"},"content":{"rendered":"<p data-start=\"0\" data-end=\"590\">A Prefeitura do Recife entrou em est\u00e1gio de Alerta M\u00e1ximo nesta sexta-feira, ap\u00f3s o volume intenso de chuvas registrado na cidade, e mobilizou uma for\u00e7a-tarefa com mais de 3,5 mil servidores para atuar em diferentes frentes. At\u00e9 o momento, 12 abrigos emergenciais foram disponibilizados em v\u00e1rias regi\u00f5es e j\u00e1 acolheram 449 pessoas, com capacidade total para mais de 1,4 mil vagas. A orienta\u00e7\u00e3o do munic\u00edpio \u00e9 que moradores de \u00e1reas de risco busquem locais seguros, como casas de parentes ou as unidades disponibilizadas, que oferecem assist\u00eancia social, alimenta\u00e7\u00e3o e atendimento de sa\u00fade.<\/p>\n<p data-start=\"592\" data-end=\"1106\">De acordo com a gest\u00e3o municipal, o acumulado de chuva em 24 horas chegou a 171 mil\u00edmetros em Nova Descoberta, o equivalente a quase 60% da m\u00e9dia prevista para todo o m\u00eas. Diante do cen\u00e1rio, a recomenda\u00e7\u00e3o \u00e9 evitar deslocamentos desnecess\u00e1rios e redobrar a aten\u00e7\u00e3o, especialmente em \u00e1reas de morro e locais sujeitos a alagamentos. Nas \u00faltimas 24 horas, a Defesa Civil registrou 168 chamados, a maioria para vistorias e coloca\u00e7\u00e3o de lonas, e segue com atendimento 24 horas por meio de canais telef\u00f4nicos e digitais.<\/p>\n<p data-start=\"1108\" data-end=\"1591\">Entre as ocorr\u00eancias mais graves est\u00e1 um deslizamento no bairro de Dois Unidos, na Zona Norte, onde duas pessoas morreram. Uma terceira v\u00edtima foi socorrida com ferimentos leves e levada para uma unidade de sa\u00fade. Equipes da Defesa Civil atuaram no local, realizaram orienta\u00e7\u00f5es e promoveram a retirada preventiva de moradores de im\u00f3veis pr\u00f3ximos. A prefeitura informou ainda que mant\u00e9m obras de conten\u00e7\u00e3o de encostas na regi\u00e3o, com interven\u00e7\u00f5es em andamento, conclu\u00eddas e previstas.<\/p>\n<p data-start=\"1593\" data-end=\"1913\" data-is-last-node=\"\" data-is-only-node=\"\">Em raz\u00e3o das condi\u00e7\u00f5es clim\u00e1ticas, eventos como o Corredor de Esportes e Lazer e os passeios do programa Olha! Recife foram suspensos. A gest\u00e3o municipal tamb\u00e9m monitora a situa\u00e7\u00e3o da mar\u00e9, que deve atingir o n\u00edvel mais baixo durante a noite, enquanto mant\u00e9m acompanhamento cont\u00ednuo das \u00e1reas mais afetadas pelas chuvas.<\/p>\n","protected":false},"excerpt":{"rendered":"<p>A Prefeitura do Recife entrou em est\u00e1gio de Alerta M\u00e1ximo nesta sexta-feira, ap\u00f3s o volume intenso de chuvas registrado na cidade, e mobilizou uma for\u00e7a-tarefa com mais de 3,5 mil servidores para atuar em diferentes frentes. At\u00e9 o momento, 12 abrigos emergenciais foram disponibilizados em v\u00e1rias regi\u00f5es e j\u00e1 acolheram 449 pessoas, com capacidade total [&hellip;]<\/p>\n","protected":false},"author":13,"featured_media":24862,"comment_status":"closed","ping_status":"","sticky":false,"template":"","format":"standard","meta":{"footnotes":""},"categories":[1],"tags":[],"cores-categorias":[],"class_list":["post-24859","post","type-post","status-publish","format-standard","has-post-thumbnail","hentry","category-cidades"],"yoast_head":"<!-- This site is optimized with the Yoast SEO plugin v27.2 - https:\/\/yoast.com\/product\/yoast-seo-wordpress\/ -->\n<title>Recife entra em alerta m\u00e1ximo; mais de 3 mil servidores est\u00e3o de plant\u00e3o - Jornal Fato Novo<\/title>\n<meta name=\"robots\" content=\"index, follow, max-snippet:-1, max-image-preview:large, max-video-preview:-1\" \/>\n<link rel=\"canonical\" href=\"https:\/\/tvnova.tv.br\/jornalfatonovo\/recife-entra-em-alerta-maximo-mais-de-3-mil-servidores-estao-de-plantao\/\" \/>\n<meta property=\"og:locale\" content=\"pt_BR\" \/>\n<meta property=\"og:type\" content=\"article\" \/>\n<meta property=\"og:title\" content=\"Recife entra em alerta m\u00e1ximo; mais de 3 mil servidores est\u00e3o de plant\u00e3o - Jornal Fato Novo\" \/>\n<meta property=\"og:description\" content=\"A Prefeitura do Recife entrou em est\u00e1gio de Alerta M\u00e1ximo nesta sexta-feira, ap\u00f3s o volume intenso de chuvas registrado na cidade, e mobilizou uma for\u00e7a-tarefa com mais de 3,5 mil servidores para atuar em diferentes frentes. At\u00e9 o momento, 12 abrigos emergenciais foram disponibilizados em v\u00e1rias regi\u00f5es e j\u00e1 acolheram 449 pessoas, com capacidade total [&hellip;]\" \/>\n<meta property=\"og:url\" content=\"https:\/\/tvnova.tv.br\/jornalfatonovo\/recife-entra-em-alerta-maximo-mais-de-3-mil-servidores-estao-de-plantao\/\" \/>\n<meta property=\"og:site_name\" content=\"Jornal Fato Novo\" \/>\n<meta property=\"article:publisher\" content=\"https:\/\/www.facebook.com\/tvnovanordeste\/\" \/>\n<meta property=\"article:published_time\" content=\"2026-05-01T21:42:18+00:00\" \/>\n<meta property=\"article:modified_time\" content=\"2026-05-01T21:43:52+00:00\" \/>\n<meta property=\"og:image\" content=\"https:\/\/tvnova.tv.br\/jornalfatonovo\/wp-content\/uploads\/2026\/05\/IMG_6577.jpeg\" \/>\n\t<meta property=\"og:image:width\" content=\"1280\" \/>\n\t<meta property=\"og:image:height\" content=\"854\" \/>\n\t<meta property=\"og:image:type\" content=\"image\/jpeg\" \/>\n<meta name=\"author\" content=\"Jornalismo\" \/>\n<meta name=\"twitter:card\" content=\"summary_large_image\" \/>\n<meta name=\"twitter:creator\" content=\"@tvnovanordeste\" \/>\n<meta name=\"twitter:site\" content=\"@tvnovanordeste\" \/>\n<meta name=\"twitter:label1\" content=\"Escrito por\" \/>\n\t<meta name=\"twitter:data1\" content=\"Jornalismo\" \/>\n\t<meta name=\"twitter:label2\" content=\"Est. tempo de leitura\" \/>\n\t<meta name=\"twitter:data2\" content=\"2 minutos\" \/>\n<script type=\"application\/ld+json\" class=\"yoast-schema-graph\">{\"@context\":\"https:\/\/schema.org\",\"@graph\":[{\"@type\":\"Article\",\"@id\":\"https:\/\/tvnova.tv.br\/jornalfatonovo\/recife-entra-em-alerta-maximo-mais-de-3-mil-servidores-estao-de-plantao\/#article\",\"isPartOf\":{\"@id\":\"https:\/\/tvnova.tv.br\/jornalfatonovo\/recife-entra-em-alerta-maximo-mais-de-3-mil-servidores-estao-de-plantao\/\"},\"author\":{\"name\":\"Jornalismo\",\"@id\":\"https:\/\/tvnova.tv.br\/jornalfatonovo\/#\/schema\/person\/8acb5c10a7535b12511b7eef3a46cf15\"},\"headline\":\"Recife entra em alerta m\u00e1ximo; mais de 3 mil servidores est\u00e3o de plant\u00e3o\",\"datePublished\":\"2026-05-01T21:42:18+00:00\",\"dateModified\":\"2026-05-01T21:43:52+00:00\",\"mainEntityOfPage\":{\"@id\":\"https:\/\/tvnova.tv.br\/jornalfatonovo\/recife-entra-em-alerta-maximo-mais-de-3-mil-servidores-estao-de-plantao\/\"},\"wordCount\":347,\"publisher\":{\"@id\":\"https:\/\/tvnova.tv.br\/jornalfatonovo\/#organization\"},\"image\":{\"@id\":\"https:\/\/tvnova.tv.br\/jornalfatonovo\/recife-entra-em-alerta-maximo-mais-de-3-mil-servidores-estao-de-plantao\/#primaryimage\"},\"thumbnailUrl\":\"https:\/\/tvnova.tv.br\/jornalfatonovo\/wp-content\/uploads\/2026\/05\/IMG_6577.jpeg\",\"articleSection\":[\"Cidades\"],\"inLanguage\":\"pt-BR\"},{\"@type\":\"WebPage\",\"@id\":\"https:\/\/tvnova.tv.br\/jornalfatonovo\/recife-entra-em-alerta-maximo-mais-de-3-mil-servidores-estao-de-plantao\/\",\"url\":\"https:\/\/tvnova.tv.br\/jornalfatonovo\/recife-entra-em-alerta-maximo-mais-de-3-mil-servidores-estao-de-plantao\/\",\"name\":\"Recife entra em alerta m\u00e1ximo; mais de 3 mil servidores est\u00e3o de plant\u00e3o - Jornal Fato Novo\",\"isPartOf\":{\"@id\":\"https:\/\/tvnova.tv.br\/jornalfatonovo\/#website\"},\"primaryImageOfPage\":{\"@id\":\"https:\/\/tvnova.tv.br\/jornalfatonovo\/recife-entra-em-alerta-maximo-mais-de-3-mil-servidores-estao-de-plantao\/#primaryimage\"},\"image\":{\"@id\":\"https:\/\/tvnova.tv.br\/jornalfatonovo\/recife-entra-em-alerta-maximo-mais-de-3-mil-servidores-estao-de-plantao\/#primaryimage\"},\"thumbnailUrl\":\"https:\/\/tvnova.tv.br\/jornalfatonovo\/wp-content\/uploads\/2026\/05\/IMG_6577.jpeg\",\"datePublished\":\"2026-05-01T21:42:18+00:00\",\"dateModified\":\"2026-05-01T21:43:52+00:00\",\"breadcrumb\":{\"@id\":\"https:\/\/tvnova.tv.br\/jornalfatonovo\/recife-entra-em-alerta-maximo-mais-de-3-mil-servidores-estao-de-plantao\/#breadcrumb\"},\"inLanguage\":\"pt-BR\",\"potentialAction\":[{\"@type\":\"ReadAction\",\"target\":[\"https:\/\/tvnova.tv.br\/jornalfatonovo\/recife-entra-em-alerta-maximo-mais-de-3-mil-servidores-estao-de-plantao\/\"]}]},{\"@type\":\"ImageObject\",\"inLanguage\":\"pt-BR\",\"@id\":\"https:\/\/tvnova.tv.br\/jornalfatonovo\/recife-entra-em-alerta-maximo-mais-de-3-mil-servidores-estao-de-plantao\/#primaryimage\",\"url\":\"https:\/\/tvnova.tv.br\/jornalfatonovo\/wp-content\/uploads\/2026\/05\/IMG_6577.jpeg\",\"contentUrl\":\"https:\/\/tvnova.tv.br\/jornalfatonovo\/wp-content\/uploads\/2026\/05\/IMG_6577.jpeg\",\"width\":1280,\"height\":854},{\"@type\":\"BreadcrumbList\",\"@id\":\"https:\/\/tvnova.tv.br\/jornalfatonovo\/recife-entra-em-alerta-maximo-mais-de-3-mil-servidores-estao-de-plantao\/#breadcrumb\",\"itemListElement\":[{\"@type\":\"ListItem\",\"position\":1,\"name\":\"In\u00edcio\",\"item\":\"https:\/\/tvnova.tv.br\/jornalfatonovo\/\"},{\"@type\":\"ListItem\",\"position\":2,\"name\":\"Recife entra em alerta m\u00e1ximo; mais de 3 mil servidores est\u00e3o de plant\u00e3o\"}]},{\"@type\":\"WebSite\",\"@id\":\"https:\/\/tvnova.tv.br\/jornalfatonovo\/#website\",\"url\":\"https:\/\/tvnova.tv.br\/jornalfatonovo\/\",\"name\":\"Jornal Fato Novo\",\"description\":\"Acompanhe as not\u00edcias de Pernambuco\",\"publisher\":{\"@id\":\"https:\/\/tvnova.tv.br\/jornalfatonovo\/#organization\"},\"potentialAction\":[{\"@type\":\"SearchAction\",\"target\":{\"@type\":\"EntryPoint\",\"urlTemplate\":\"https:\/\/tvnova.tv.br\/jornalfatonovo\/?s={search_term_string}\"},\"query-input\":{\"@type\":\"PropertyValueSpecification\",\"valueRequired\":true,\"valueName\":\"search_term_string\"}}],\"inLanguage\":\"pt-BR\"},{\"@type\":\"Organization\",\"@id\":\"https:\/\/tvnova.tv.br\/jornalfatonovo\/#organization\",\"name\":\"Jornal Fato Novo\",\"url\":\"https:\/\/tvnova.tv.br\/jornalfatonovo\/\",\"logo\":{\"@type\":\"ImageObject\",\"inLanguage\":\"pt-BR\",\"@id\":\"https:\/\/tvnova.tv.br\/jornalfatonovo\/#\/schema\/logo\/image\/\",\"url\":\"https:\/\/tvnova.tv.br\/jornalfatonovo1\/wp-content\/uploads\/2023\/04\/FATO-NOVO-1.png\",\"contentUrl\":\"https:\/\/tvnova.tv.br\/jornalfatonovo1\/wp-content\/uploads\/2023\/04\/FATO-NOVO-1.png\",\"width\":200,\"height\":60,\"caption\":\"Jornal Fato Novo\"},\"image\":{\"@id\":\"https:\/\/tvnova.tv.br\/jornalfatonovo\/#\/schema\/logo\/image\/\"},\"sameAs\":[\"https:\/\/www.facebook.com\/tvnovanordeste\/\",\"https:\/\/x.com\/tvnovanordeste\",\"https:\/\/www.instagram.com\/jornalfatonovope\/\"]},{\"@type\":\"Person\",\"@id\":\"https:\/\/tvnova.tv.br\/jornalfatonovo\/#\/schema\/person\/8acb5c10a7535b12511b7eef3a46cf15\",\"name\":\"Jornalismo\",\"url\":\"https:\/\/tvnova.tv.br\/jornalfatonovo\/author\/jornalismo\/\"}]}<\/script>\n<!-- \/ Yoast SEO plugin. -->","yoast_head_json":{"title":"Recife entra em alerta m\u00e1ximo; mais de 3 mil servidores est\u00e3o de plant\u00e3o - Jornal Fato Novo","robots":{"index":"index","follow":"follow","max-snippet":"max-snippet:-1","max-image-preview":"max-image-preview:large","max-video-preview":"max-video-preview:-1"},"canonical":"https:\/\/tvnova.tv.br\/jornalfatonovo\/recife-entra-em-alerta-maximo-mais-de-3-mil-servidores-estao-de-plantao\/","og_locale":"pt_BR","og_type":"article","og_title":"Recife entra em alerta m\u00e1ximo; mais de 3 mil servidores est\u00e3o de plant\u00e3o - Jornal Fato Novo","og_description":"A Prefeitura do Recife entrou em est\u00e1gio de Alerta M\u00e1ximo nesta sexta-feira, ap\u00f3s o volume intenso de chuvas registrado na cidade, e mobilizou uma for\u00e7a-tarefa com mais de 3,5 mil servidores para atuar em diferentes frentes. At\u00e9 o momento, 12 abrigos emergenciais foram disponibilizados em v\u00e1rias regi\u00f5es e j\u00e1 acolheram 449 pessoas, com capacidade total [&hellip;]","og_url":"https:\/\/tvnova.tv.br\/jornalfatonovo\/recife-entra-em-alerta-maximo-mais-de-3-mil-servidores-estao-de-plantao\/","og_site_name":"Jornal Fato Novo","article_publisher":"https:\/\/www.facebook.com\/tvnovanordeste\/","article_published_time":"2026-05-01T21:42:18+00:00","article_modified_time":"2026-05-01T21:43:52+00:00","og_image":[{"width":1280,"height":854,"url":"https:\/\/tvnova.tv.br\/jornalfatonovo\/wp-content\/uploads\/2026\/05\/IMG_6577.jpeg","type":"image\/jpeg"}],"author":"Jornalismo","twitter_card":"summary_large_image","twitter_creator":"@tvnovanordeste","twitter_site":"@tvnovanordeste","twitter_misc":{"Escrito por":"Jornalismo","Est. tempo de leitura":"2 minutos"},"schema":{"@context":"https:\/\/schema.org","@graph":[{"@type":"Article","@id":"https:\/\/tvnova.tv.br\/jornalfatonovo\/recife-entra-em-alerta-maximo-mais-de-3-mil-servidores-estao-de-plantao\/#article","isPartOf":{"@id":"https:\/\/tvnova.tv.br\/jornalfatonovo\/recife-entra-em-alerta-maximo-mais-de-3-mil-servidores-estao-de-plantao\/"},"author":{"name":"Jornalismo","@id":"https:\/\/tvnova.tv.br\/jornalfatonovo\/#\/schema\/person\/8acb5c10a7535b12511b7eef3a46cf15"},"headline":"Recife entra em alerta m\u00e1ximo; mais de 3 mil servidores est\u00e3o de plant\u00e3o","datePublished":"2026-05-01T21:42:18+00:00","dateModified":"2026-05-01T21:43:52+00:00","mainEntityOfPage":{"@id":"https:\/\/tvnova.tv.br\/jornalfatonovo\/recife-entra-em-alerta-maximo-mais-de-3-mil-servidores-estao-de-plantao\/"},"wordCount":347,"publisher":{"@id":"https:\/\/tvnova.tv.br\/jornalfatonovo\/#organization"},"image":{"@id":"https:\/\/tvnova.tv.br\/jornalfatonovo\/recife-entra-em-alerta-maximo-mais-de-3-mil-servidores-estao-de-plantao\/#primaryimage"},"thumbnailUrl":"https:\/\/tvnova.tv.br\/jornalfatonovo\/wp-content\/uploads\/2026\/05\/IMG_6577.jpeg","articleSection":["Cidades"],"inLanguage":"pt-BR"},{"@type":"WebPage","@id":"https:\/\/tvnova.tv.br\/jornalfatonovo\/recife-entra-em-alerta-maximo-mais-de-3-mil-servidores-estao-de-plantao\/","url":"https:\/\/tvnova.tv.br\/jornalfatonovo\/recife-entra-em-alerta-maximo-mais-de-3-mil-servidores-estao-de-plantao\/","name":"Recife entra em alerta m\u00e1ximo; mais de 3 mil servidores est\u00e3o de plant\u00e3o - Jornal Fato Novo","isPartOf":{"@id":"https:\/\/tvnova.tv.br\/jornalfatonovo\/#website"},"primaryImageOfPage":{"@id":"https:\/\/tvnova.tv.br\/jornalfatonovo\/recife-entra-em-alerta-maximo-mais-de-3-mil-servidores-estao-de-plantao\/#primaryimage"},"image":{"@id":"https:\/\/tvnova.tv.br\/jornalfatonovo\/recife-entra-em-alerta-maximo-mais-de-3-mil-servidores-estao-de-plantao\/#primaryimage"},"thumbnailUrl":"https:\/\/tvnova.tv.br\/jornalfatonovo\/wp-content\/uploads\/2026\/05\/IMG_6577.jpeg","datePublished":"2026-05-01T21:42:18+00:00","dateModified":"2026-05-01T21:43:52+00:00","breadcrumb":{"@id":"https:\/\/tvnova.tv.br\/jornalfatonovo\/recife-entra-em-alerta-maximo-mais-de-3-mil-servidores-estao-de-plantao\/#breadcrumb"},"inLanguage":"pt-BR","potentialAction":[{"@type":"ReadAction","target":["https:\/\/tvnova.tv.br\/jornalfatonovo\/recife-entra-em-alerta-maximo-mais-de-3-mil-servidores-estao-de-plantao\/"]}]},{"@type":"ImageObject","inLanguage":"pt-BR","@id":"https:\/\/tvnova.tv.br\/jornalfatonovo\/recife-entra-em-alerta-maximo-mais-de-3-mil-servidores-estao-de-plantao\/#primaryimage","url":"https:\/\/tvnova.tv.br\/jornalfatonovo\/wp-content\/uploads\/2026\/05\/IMG_6577.jpeg","contentUrl":"https:\/\/tvnova.tv.br\/jornalfatonovo\/wp-content\/uploads\/2026\/05\/IMG_6577.jpeg","width":1280,"height":854},{"@type":"BreadcrumbList","@id":"https:\/\/tvnova.tv.br\/jornalfatonovo\/recife-entra-em-alerta-maximo-mais-de-3-mil-servidores-estao-de-plantao\/#breadcrumb","itemListElement":[{"@type":"ListItem","position":1,"name":"In\u00edcio","item":"https:\/\/tvnova.tv.br\/jornalfatonovo\/"},{"@type":"ListItem","position":2,"name":"Recife entra em alerta m\u00e1ximo; mais de 3 mil servidores est\u00e3o de plant\u00e3o"}]},{"@type":"WebSite","@id":"https:\/\/tvnova.tv.br\/jornalfatonovo\/#website","url":"https:\/\/tvnova.tv.br\/jornalfatonovo\/","name":"Jornal Fato Novo","description":"Acompanhe as not\u00edcias de Pernambuco","publisher":{"@id":"https:\/\/tvnova.tv.br\/jornalfatonovo\/#organization"},"potentialAction":[{"@type":"SearchAction","target":{"@type":"EntryPoint","urlTemplate":"https:\/\/tvnova.tv.br\/jornalfatonovo\/?s={search_term_string}"},"query-input":{"@type":"PropertyValueSpecification","valueRequired":true,"valueName":"search_term_string"}}],"inLanguage":"pt-BR"},{"@type":"Organization","@id":"https:\/\/tvnova.tv.br\/jornalfatonovo\/#organization","name":"Jornal Fato Novo","url":"https:\/\/tvnova.tv.br\/jornalfatonovo\/","logo":{"@type":"ImageObject","inLanguage":"pt-BR","@id":"https:\/\/tvnova.tv.br\/jornalfatonovo\/#\/schema\/logo\/image\/","url":"https:\/\/tvnova.tv.br\/jornalfatonovo1\/wp-content\/uploads\/2023\/04\/FATO-NOVO-1.png","contentUrl":"https:\/\/tvnova.tv.br\/jornalfatonovo1\/wp-content\/uploads\/2023\/04\/FATO-NOVO-1.png","width":200,"height":60,"caption":"Jornal Fato Novo"},"image":{"@id":"https:\/\/tvnova.tv.br\/jornalfatonovo\/#\/schema\/logo\/image\/"},"sameAs":["https:\/\/www.facebook.com\/tvnovanordeste\/","https:\/\/x.com\/tvnovanordeste","https:\/\/www.instagram.com\/jornalfatonovope\/"]},{"@type":"Person","@id":"https:\/\/tvnova.tv.br\/jornalfatonovo\/#\/schema\/person\/8acb5c10a7535b12511b7eef3a46cf15","name":"Jornalismo","url":"https:\/\/tvnova.tv.br\/jornalfatonovo\/author\/jornalismo\/"}]}},"_links":{"self":[{"href":"https:\/\/tvnova.tv.br\/jornalfatonovo\/wp-json\/wp\/v2\/posts\/24859","targetHints":{"allow":["GET"]}}],"collection":[{"href":"https:\/\/tvnova.tv.br\/jornalfatonovo\/wp-json\/wp\/v2\/posts"}],"about":[{"href":"https:\/\/tvnova.tv.br\/jornalfatonovo\/wp-json\/wp\/v2\/types\/post"}],"author":[{"embeddable":true,"href":"https:\/\/tvnova.tv.br\/jornalfatonovo\/wp-json\/wp\/v2\/users\/13"}],"replies":[{"embeddable":true,"href":"https:\/\/tvnova.tv.br\/jornalfatonovo\/wp-json\/wp\/v2\/comments?post=24859"}],"version-history":[{"count":2,"href":"https:\/\/tvnova.tv.br\/jornalfatonovo\/wp-json\/wp\/v2\/posts\/24859\/revisions"}],"predecessor-version":[{"id":24861,"href":"https:\/\/tvnova.tv.br\/jornalfatonovo\/wp-json\/wp\/v2\/posts\/24859\/revisions\/24861"}],"wp:featuredmedia":[{"embeddable":true,"href":"https:\/\/tvnova.tv.br\/jornalfatonovo\/wp-json\/wp\/v2\/media\/24862"}],"wp:attachment":[{"href":"https:\/\/tvnova.tv.br\/jornalfatonovo\/wp-json\/wp\/v2\/media?parent=24859"}],"wp:term":[{"taxonomy":"category","embeddable":true,"href":"https:\/\/tvnova.tv.br\/jornalfatonovo\/wp-json\/wp\/v2\/categories?post=24859"},{"taxonomy":"post_tag","embeddable":true,"href":"https:\/\/tvnova.tv.br\/jornalfatonovo\/wp-json\/wp\/v2\/tags?post=24859"},{"taxonomy":"cores-categorias","embeddable":true,"href":"https:\/\/tvnova.tv.br\/jornalfatonovo\/wp-json\/wp\/v2\/cores-categorias?post=24859"}],"curies":[{"name":"wp","href":"https:\/\/api.w.org\/{rel}","templated":true}]}}