{"id":24885,"date":"2026-05-02T21:52:05","date_gmt":"2026-05-03T00:52:05","guid":{"rendered":"https:\/\/tvnova.tv.br\/jornalfatonovo\/?p=24885"},"modified":"2026-05-02T21:54:41","modified_gmt":"2026-05-03T00:54:41","slug":"pernambuco-declara-estado-de-emergencia","status":"publish","type":"post","link":"https:\/\/tvnova.tv.br\/jornalfatonovo\/pernambuco-declara-estado-de-emergencia\/","title":{"rendered":"Pernambuco declara estado de emerg\u00eancia"},"content":{"rendered":"<p data-start=\"0\" data-end=\"326\">As fortes chuvas que atingem o Grande Recife e a Zona da Mata desde sexta-feira (1\u00ba) j\u00e1 deixaram 1.605 pessoas desabrigadas, segundo balan\u00e7o atualizado da Defesa Civil de Pernambuco. Diante do cen\u00e1rio, a governadora Raquel Lyra anunciou, ap\u00f3s reuni\u00e3o com prefeitos, a publica\u00e7\u00e3o de um decreto de situa\u00e7\u00e3o de emerg\u00eancia no estado.<\/p>\n<p data-start=\"328\" data-end=\"577\">De acordo com o governo, 525 pessoas foram resgatadas em ocorr\u00eancias relacionadas ao temporal, que provocou alagamentos e deixou moradores ilhados em v\u00e1rias cidades. Ao todo, 27 abrigos foram montados para acolher fam\u00edlias que perderam suas casas.<\/p>\n<p data-start=\"579\" data-end=\"912\">O n\u00famero de mortos tamb\u00e9m subiu. Neste s\u00e1bado (2), o Corpo de Bombeiros confirmou a sexta v\u00edtima fatal ap\u00f3s localizar o corpo de um homem de 34 anos que havia desaparecido durante uma inunda\u00e7\u00e3o em S\u00e3o Louren\u00e7o da Mata, na Regi\u00e3o Metropolitana. Ele foi encontrado em um ponto conhecido como C\u00f3rrego do Azedinho, no bairro de Capibaribe.<\/p>\n<p data-start=\"914\" data-end=\"1356\" data-is-last-node=\"\" data-is-only-node=\"\">Outras cinco mortes foram registradas em deslizamentos de terra. Em Olinda, uma jovem de 20 anos e o filho, um beb\u00ea de seis meses, morreram ap\u00f3s serem soterrados no bairro de Passarinho. J\u00e1 no Recife, no bairro de Dois Unidos, a queda de uma barreira atingiu uma resid\u00eancia e causou a morte de uma mulher e do filho de seis anos. Uma crian\u00e7a de um ano e seis meses chegou a ser socorrida, mas n\u00e3o resistiu aos ferimentos e morreu no hospital.<\/p>\n","protected":false},"excerpt":{"rendered":"<p>As fortes chuvas que atingem o Grande Recife e a Zona da Mata desde sexta-feira (1\u00ba) j\u00e1 deixaram 1.605 pessoas desabrigadas, segundo balan\u00e7o atualizado da Defesa Civil de Pernambuco. Diante do cen\u00e1rio, a governadora Raquel Lyra anunciou, ap\u00f3s reuni\u00e3o com prefeitos, a publica\u00e7\u00e3o de um decreto de situa\u00e7\u00e3o de emerg\u00eancia no estado. De acordo com [&hellip;]<\/p>\n","protected":false},"author":13,"featured_media":24888,"comment_status":"closed","ping_status":"","sticky":false,"template":"","format":"standard","meta":{"footnotes":""},"categories":[1],"tags":[],"cores-categorias":[],"class_list":["post-24885","post","type-post","status-publish","format-standard","has-post-thumbnail","hentry","category-cidades"],"yoast_head":"<!-- This site is optimized with the Yoast SEO plugin v27.2 - https:\/\/yoast.com\/product\/yoast-seo-wordpress\/ -->\n<title>Pernambuco declara estado de emerg\u00eancia - Jornal Fato Novo<\/title>\n<meta name=\"robots\" content=\"index, follow, max-snippet:-1, max-image-preview:large, max-video-preview:-1\" \/>\n<link rel=\"canonical\" href=\"https:\/\/tvnova.tv.br\/jornalfatonovo\/pernambuco-declara-estado-de-emergencia\/\" \/>\n<meta property=\"og:locale\" content=\"pt_BR\" \/>\n<meta property=\"og:type\" content=\"article\" \/>\n<meta property=\"og:title\" content=\"Pernambuco declara estado de emerg\u00eancia - Jornal Fato Novo\" \/>\n<meta property=\"og:description\" content=\"As fortes chuvas que atingem o Grande Recife e a Zona da Mata desde sexta-feira (1\u00ba) j\u00e1 deixaram 1.605 pessoas desabrigadas, segundo balan\u00e7o atualizado da Defesa Civil de Pernambuco. Diante do cen\u00e1rio, a governadora Raquel Lyra anunciou, ap\u00f3s reuni\u00e3o com prefeitos, a publica\u00e7\u00e3o de um decreto de situa\u00e7\u00e3o de emerg\u00eancia no estado. De acordo com [&hellip;]\" \/>\n<meta property=\"og:url\" content=\"https:\/\/tvnova.tv.br\/jornalfatonovo\/pernambuco-declara-estado-de-emergencia\/\" \/>\n<meta property=\"og:site_name\" content=\"Jornal Fato Novo\" \/>\n<meta property=\"article:publisher\" content=\"https:\/\/www.facebook.com\/tvnovanordeste\/\" \/>\n<meta property=\"article:published_time\" content=\"2026-05-03T00:52:05+00:00\" \/>\n<meta property=\"article:modified_time\" content=\"2026-05-03T00:54:41+00:00\" \/>\n<meta name=\"author\" content=\"Jornalismo\" \/>\n<meta name=\"twitter:card\" content=\"summary_large_image\" \/>\n<meta name=\"twitter:creator\" content=\"@tvnovanordeste\" \/>\n<meta name=\"twitter:site\" content=\"@tvnovanordeste\" \/>\n<meta name=\"twitter:label1\" content=\"Escrito por\" \/>\n\t<meta name=\"twitter:data1\" content=\"Jornalismo\" \/>\n\t<meta name=\"twitter:label2\" content=\"Est. tempo de leitura\" \/>\n\t<meta name=\"twitter:data2\" content=\"1 minuto\" \/>\n<script type=\"application\/ld+json\" class=\"yoast-schema-graph\">{\"@context\":\"https:\/\/schema.org\",\"@graph\":[{\"@type\":\"Article\",\"@id\":\"https:\/\/tvnova.tv.br\/jornalfatonovo\/pernambuco-declara-estado-de-emergencia\/#article\",\"isPartOf\":{\"@id\":\"https:\/\/tvnova.tv.br\/jornalfatonovo\/pernambuco-declara-estado-de-emergencia\/\"},\"author\":{\"name\":\"Jornalismo\",\"@id\":\"https:\/\/tvnova.tv.br\/jornalfatonovo\/#\/schema\/person\/8acb5c10a7535b12511b7eef3a46cf15\"},\"headline\":\"Pernambuco declara estado de emerg\u00eancia\",\"datePublished\":\"2026-05-03T00:52:05+00:00\",\"dateModified\":\"2026-05-03T00:54:41+00:00\",\"mainEntityOfPage\":{\"@id\":\"https:\/\/tvnova.tv.br\/jornalfatonovo\/pernambuco-declara-estado-de-emergencia\/\"},\"wordCount\":251,\"publisher\":{\"@id\":\"https:\/\/tvnova.tv.br\/jornalfatonovo\/#organization\"},\"image\":{\"@id\":\"https:\/\/tvnova.tv.br\/jornalfatonovo\/pernambuco-declara-estado-de-emergencia\/#primaryimage\"},\"thumbnailUrl\":\"https:\/\/tvnova.tv.br\/jornalfatonovo\/wp-content\/uploads\/2026\/05\/ChatGPT-Image-2-de-mai.-de-2026-21_46_42-1.png\",\"articleSection\":[\"Cidades\"],\"inLanguage\":\"pt-BR\"},{\"@type\":\"WebPage\",\"@id\":\"https:\/\/tvnova.tv.br\/jornalfatonovo\/pernambuco-declara-estado-de-emergencia\/\",\"url\":\"https:\/\/tvnova.tv.br\/jornalfatonovo\/pernambuco-declara-estado-de-emergencia\/\",\"name\":\"Pernambuco declara estado de emerg\u00eancia - Jornal Fato Novo\",\"isPartOf\":{\"@id\":\"https:\/\/tvnova.tv.br\/jornalfatonovo\/#website\"},\"primaryImageOfPage\":{\"@id\":\"https:\/\/tvnova.tv.br\/jornalfatonovo\/pernambuco-declara-estado-de-emergencia\/#primaryimage\"},\"image\":{\"@id\":\"https:\/\/tvnova.tv.br\/jornalfatonovo\/pernambuco-declara-estado-de-emergencia\/#primaryimage\"},\"thumbnailUrl\":\"https:\/\/tvnova.tv.br\/jornalfatonovo\/wp-content\/uploads\/2026\/05\/ChatGPT-Image-2-de-mai.-de-2026-21_46_42-1.png\",\"datePublished\":\"2026-05-03T00:52:05+00:00\",\"dateModified\":\"2026-05-03T00:54:41+00:00\",\"breadcrumb\":{\"@id\":\"https:\/\/tvnova.tv.br\/jornalfatonovo\/pernambuco-declara-estado-de-emergencia\/#breadcrumb\"},\"inLanguage\":\"pt-BR\",\"potentialAction\":[{\"@type\":\"ReadAction\",\"target\":[\"https:\/\/tvnova.tv.br\/jornalfatonovo\/pernambuco-declara-estado-de-emergencia\/\"]}]},{\"@type\":\"ImageObject\",\"inLanguage\":\"pt-BR\",\"@id\":\"https:\/\/tvnova.tv.br\/jornalfatonovo\/pernambuco-declara-estado-de-emergencia\/#primaryimage\",\"url\":\"https:\/\/tvnova.tv.br\/jornalfatonovo\/wp-content\/uploads\/2026\/05\/ChatGPT-Image-2-de-mai.-de-2026-21_46_42-1.png\",\"contentUrl\":\"https:\/\/tvnova.tv.br\/jornalfatonovo\/wp-content\/uploads\/2026\/05\/ChatGPT-Image-2-de-mai.-de-2026-21_46_42-1.png\",\"width\":1672,\"height\":941},{\"@type\":\"BreadcrumbList\",\"@id\":\"https:\/\/tvnova.tv.br\/jornalfatonovo\/pernambuco-declara-estado-de-emergencia\/#breadcrumb\",\"itemListElement\":[{\"@type\":\"ListItem\",\"position\":1,\"name\":\"In\u00edcio\",\"item\":\"https:\/\/tvnova.tv.br\/jornalfatonovo\/\"},{\"@type\":\"ListItem\",\"position\":2,\"name\":\"Pernambuco declara estado de emerg\u00eancia\"}]},{\"@type\":\"WebSite\",\"@id\":\"https:\/\/tvnova.tv.br\/jornalfatonovo\/#website\",\"url\":\"https:\/\/tvnova.tv.br\/jornalfatonovo\/\",\"name\":\"Jornal Fato Novo\",\"description\":\"Acompanhe as not\u00edcias de Pernambuco\",\"publisher\":{\"@id\":\"https:\/\/tvnova.tv.br\/jornalfatonovo\/#organization\"},\"potentialAction\":[{\"@type\":\"SearchAction\",\"target\":{\"@type\":\"EntryPoint\",\"urlTemplate\":\"https:\/\/tvnova.tv.br\/jornalfatonovo\/?s={search_term_string}\"},\"query-input\":{\"@type\":\"PropertyValueSpecification\",\"valueRequired\":true,\"valueName\":\"search_term_string\"}}],\"inLanguage\":\"pt-BR\"},{\"@type\":\"Organization\",\"@id\":\"https:\/\/tvnova.tv.br\/jornalfatonovo\/#organization\",\"name\":\"Jornal Fato Novo\",\"url\":\"https:\/\/tvnova.tv.br\/jornalfatonovo\/\",\"logo\":{\"@type\":\"ImageObject\",\"inLanguage\":\"pt-BR\",\"@id\":\"https:\/\/tvnova.tv.br\/jornalfatonovo\/#\/schema\/logo\/image\/\",\"url\":\"https:\/\/tvnova.tv.br\/jornalfatonovo1\/wp-content\/uploads\/2023\/04\/FATO-NOVO-1.png\",\"contentUrl\":\"https:\/\/tvnova.tv.br\/jornalfatonovo1\/wp-content\/uploads\/2023\/04\/FATO-NOVO-1.png\",\"width\":200,\"height\":60,\"caption\":\"Jornal Fato Novo\"},\"image\":{\"@id\":\"https:\/\/tvnova.tv.br\/jornalfatonovo\/#\/schema\/logo\/image\/\"},\"sameAs\":[\"https:\/\/www.facebook.com\/tvnovanordeste\/\",\"https:\/\/x.com\/tvnovanordeste\",\"https:\/\/www.instagram.com\/jornalfatonovope\/\"]},{\"@type\":\"Person\",\"@id\":\"https:\/\/tvnova.tv.br\/jornalfatonovo\/#\/schema\/person\/8acb5c10a7535b12511b7eef3a46cf15\",\"name\":\"Jornalismo\",\"url\":\"https:\/\/tvnova.tv.br\/jornalfatonovo\/author\/jornalismo\/\"}]}<\/script>\n<!-- \/ Yoast SEO plugin. -->","yoast_head_json":{"title":"Pernambuco declara estado de emerg\u00eancia - Jornal Fato Novo","robots":{"index":"index","follow":"follow","max-snippet":"max-snippet:-1","max-image-preview":"max-image-preview:large","max-video-preview":"max-video-preview:-1"},"canonical":"https:\/\/tvnova.tv.br\/jornalfatonovo\/pernambuco-declara-estado-de-emergencia\/","og_locale":"pt_BR","og_type":"article","og_title":"Pernambuco declara estado de emerg\u00eancia - Jornal Fato Novo","og_description":"As fortes chuvas que atingem o Grande Recife e a Zona da Mata desde sexta-feira (1\u00ba) j\u00e1 deixaram 1.605 pessoas desabrigadas, segundo balan\u00e7o atualizado da Defesa Civil de Pernambuco. Diante do cen\u00e1rio, a governadora Raquel Lyra anunciou, ap\u00f3s reuni\u00e3o com prefeitos, a publica\u00e7\u00e3o de um decreto de situa\u00e7\u00e3o de emerg\u00eancia no estado. De acordo com [&hellip;]","og_url":"https:\/\/tvnova.tv.br\/jornalfatonovo\/pernambuco-declara-estado-de-emergencia\/","og_site_name":"Jornal Fato Novo","article_publisher":"https:\/\/www.facebook.com\/tvnovanordeste\/","article_published_time":"2026-05-03T00:52:05+00:00","article_modified_time":"2026-05-03T00:54:41+00:00","author":"Jornalismo","twitter_card":"summary_large_image","twitter_creator":"@tvnovanordeste","twitter_site":"@tvnovanordeste","twitter_misc":{"Escrito por":"Jornalismo","Est. tempo de leitura":"1 minuto"},"schema":{"@context":"https:\/\/schema.org","@graph":[{"@type":"Article","@id":"https:\/\/tvnova.tv.br\/jornalfatonovo\/pernambuco-declara-estado-de-emergencia\/#article","isPartOf":{"@id":"https:\/\/tvnova.tv.br\/jornalfatonovo\/pernambuco-declara-estado-de-emergencia\/"},"author":{"name":"Jornalismo","@id":"https:\/\/tvnova.tv.br\/jornalfatonovo\/#\/schema\/person\/8acb5c10a7535b12511b7eef3a46cf15"},"headline":"Pernambuco declara estado de emerg\u00eancia","datePublished":"2026-05-03T00:52:05+00:00","dateModified":"2026-05-03T00:54:41+00:00","mainEntityOfPage":{"@id":"https:\/\/tvnova.tv.br\/jornalfatonovo\/pernambuco-declara-estado-de-emergencia\/"},"wordCount":251,"publisher":{"@id":"https:\/\/tvnova.tv.br\/jornalfatonovo\/#organization"},"image":{"@id":"https:\/\/tvnova.tv.br\/jornalfatonovo\/pernambuco-declara-estado-de-emergencia\/#primaryimage"},"thumbnailUrl":"https:\/\/tvnova.tv.br\/jornalfatonovo\/wp-content\/uploads\/2026\/05\/ChatGPT-Image-2-de-mai.-de-2026-21_46_42-1.png","articleSection":["Cidades"],"inLanguage":"pt-BR"},{"@type":"WebPage","@id":"https:\/\/tvnova.tv.br\/jornalfatonovo\/pernambuco-declara-estado-de-emergencia\/","url":"https:\/\/tvnova.tv.br\/jornalfatonovo\/pernambuco-declara-estado-de-emergencia\/","name":"Pernambuco declara estado de emerg\u00eancia - Jornal Fato Novo","isPartOf":{"@id":"https:\/\/tvnova.tv.br\/jornalfatonovo\/#website"},"primaryImageOfPage":{"@id":"https:\/\/tvnova.tv.br\/jornalfatonovo\/pernambuco-declara-estado-de-emergencia\/#primaryimage"},"image":{"@id":"https:\/\/tvnova.tv.br\/jornalfatonovo\/pernambuco-declara-estado-de-emergencia\/#primaryimage"},"thumbnailUrl":"https:\/\/tvnova.tv.br\/jornalfatonovo\/wp-content\/uploads\/2026\/05\/ChatGPT-Image-2-de-mai.-de-2026-21_46_42-1.png","datePublished":"2026-05-03T00:52:05+00:00","dateModified":"2026-05-03T00:54:41+00:00","breadcrumb":{"@id":"https:\/\/tvnova.tv.br\/jornalfatonovo\/pernambuco-declara-estado-de-emergencia\/#breadcrumb"},"inLanguage":"pt-BR","potentialAction":[{"@type":"ReadAction","target":["https:\/\/tvnova.tv.br\/jornalfatonovo\/pernambuco-declara-estado-de-emergencia\/"]}]},{"@type":"ImageObject","inLanguage":"pt-BR","@id":"https:\/\/tvnova.tv.br\/jornalfatonovo\/pernambuco-declara-estado-de-emergencia\/#primaryimage","url":"https:\/\/tvnova.tv.br\/jornalfatonovo\/wp-content\/uploads\/2026\/05\/ChatGPT-Image-2-de-mai.-de-2026-21_46_42-1.png","contentUrl":"https:\/\/tvnova.tv.br\/jornalfatonovo\/wp-content\/uploads\/2026\/05\/ChatGPT-Image-2-de-mai.-de-2026-21_46_42-1.png","width":1672,"height":941},{"@type":"BreadcrumbList","@id":"https:\/\/tvnova.tv.br\/jornalfatonovo\/pernambuco-declara-estado-de-emergencia\/#breadcrumb","itemListElement":[{"@type":"ListItem","position":1,"name":"In\u00edcio","item":"https:\/\/tvnova.tv.br\/jornalfatonovo\/"},{"@type":"ListItem","position":2,"name":"Pernambuco declara estado de emerg\u00eancia"}]},{"@type":"WebSite","@id":"https:\/\/tvnova.tv.br\/jornalfatonovo\/#website","url":"https:\/\/tvnova.tv.br\/jornalfatonovo\/","name":"Jornal Fato Novo","description":"Acompanhe as not\u00edcias de Pernambuco","publisher":{"@id":"https:\/\/tvnova.tv.br\/jornalfatonovo\/#organization"},"potentialAction":[{"@type":"SearchAction","target":{"@type":"EntryPoint","urlTemplate":"https:\/\/tvnova.tv.br\/jornalfatonovo\/?s={search_term_string}"},"query-input":{"@type":"PropertyValueSpecification","valueRequired":true,"valueName":"search_term_string"}}],"inLanguage":"pt-BR"},{"@type":"Organization","@id":"https:\/\/tvnova.tv.br\/jornalfatonovo\/#organization","name":"Jornal Fato Novo","url":"https:\/\/tvnova.tv.br\/jornalfatonovo\/","logo":{"@type":"ImageObject","inLanguage":"pt-BR","@id":"https:\/\/tvnova.tv.br\/jornalfatonovo\/#\/schema\/logo\/image\/","url":"https:\/\/tvnova.tv.br\/jornalfatonovo1\/wp-content\/uploads\/2023\/04\/FATO-NOVO-1.png","contentUrl":"https:\/\/tvnova.tv.br\/jornalfatonovo1\/wp-content\/uploads\/2023\/04\/FATO-NOVO-1.png","width":200,"height":60,"caption":"Jornal Fato Novo"},"image":{"@id":"https:\/\/tvnova.tv.br\/jornalfatonovo\/#\/schema\/logo\/image\/"},"sameAs":["https:\/\/www.facebook.com\/tvnovanordeste\/","https:\/\/x.com\/tvnovanordeste","https:\/\/www.instagram.com\/jornalfatonovope\/"]},{"@type":"Person","@id":"https:\/\/tvnova.tv.br\/jornalfatonovo\/#\/schema\/person\/8acb5c10a7535b12511b7eef3a46cf15","name":"Jornalismo","url":"https:\/\/tvnova.tv.br\/jornalfatonovo\/author\/jornalismo\/"}]}},"_links":{"self":[{"href":"https:\/\/tvnova.tv.br\/jornalfatonovo\/wp-json\/wp\/v2\/posts\/24885","targetHints":{"allow":["GET"]}}],"collection":[{"href":"https:\/\/tvnova.tv.br\/jornalfatonovo\/wp-json\/wp\/v2\/posts"}],"about":[{"href":"https:\/\/tvnova.tv.br\/jornalfatonovo\/wp-json\/wp\/v2\/types\/post"}],"author":[{"embeddable":true,"href":"https:\/\/tvnova.tv.br\/jornalfatonovo\/wp-json\/wp\/v2\/users\/13"}],"replies":[{"embeddable":true,"href":"https:\/\/tvnova.tv.br\/jornalfatonovo\/wp-json\/wp\/v2\/comments?post=24885"}],"version-history":[{"count":2,"href":"https:\/\/tvnova.tv.br\/jornalfatonovo\/wp-json\/wp\/v2\/posts\/24885\/revisions"}],"predecessor-version":[{"id":24887,"href":"https:\/\/tvnova.tv.br\/jornalfatonovo\/wp-json\/wp\/v2\/posts\/24885\/revisions\/24887"}],"wp:featuredmedia":[{"embeddable":true,"href":"https:\/\/tvnova.tv.br\/jornalfatonovo\/wp-json\/wp\/v2\/media\/24888"}],"wp:attachment":[{"href":"https:\/\/tvnova.tv.br\/jornalfatonovo\/wp-json\/wp\/v2\/media?parent=24885"}],"wp:term":[{"taxonomy":"category","embeddable":true,"href":"https:\/\/tvnova.tv.br\/jornalfatonovo\/wp-json\/wp\/v2\/categories?post=24885"},{"taxonomy":"post_tag","embeddable":true,"href":"https:\/\/tvnova.tv.br\/jornalfatonovo\/wp-json\/wp\/v2\/tags?post=24885"},{"taxonomy":"cores-categorias","embeddable":true,"href":"https:\/\/tvnova.tv.br\/jornalfatonovo\/wp-json\/wp\/v2\/cores-categorias?post=24885"}],"curies":[{"name":"wp","href":"https:\/\/api.w.org\/{rel}","templated":true}]}}