{"id":4601,"date":"2023-05-01T08:55:00","date_gmt":"2023-05-01T11:55:00","guid":{"rendered":"https:\/\/tvnova.tv.br\/jornalfatonovo\/?p=4601"},"modified":"2023-05-01T19:41:28","modified_gmt":"2023-05-01T22:41:28","slug":"1o-de-maio-entenda-origem-do-feriado","status":"publish","type":"post","link":"https:\/\/tvnova.tv.br\/jornalfatonovo\/1o-de-maio-entenda-origem-do-feriado\/","title":{"rendered":"1\u00ba DE MAIO: ENTENDA ORIGEM DO FERIADO"},"content":{"rendered":"\n<p>Nesta segunda-feira, 1 de Maio \u00e9 celebrado o dia do trabalhador ou dia do trabalho, um marco na hist\u00f3ria mundial para comemorar todas as profiss\u00f5es. A data \u00e9 celebrada em v\u00e1rios pa\u00edses e foi escolhida em raz\u00e3o de uma onda de manifesta\u00e7\u00f5es e conflitos viole<br>ntos que ocorreu a partir de uma greve geral que paralisou os parques industriais da cidade de Chicago (EUA), no dia 1\u00ba de maio de 1886.<\/p>\n\n\n\n<p>A luta norte-americana foi reconhecida pela Europa, que fixou o primeiro dia do m\u00eas de Maio como o \u201cDia do Trabalhador\u201d, a data foi marcada por cerim\u00f4nias e comemora\u00e7\u00f5es que, aos poucos, foram difundidas por todo o mundo.<\/p>\n\n\n\n<p>No Brasil, a men\u00e7\u00e3o ao feriado come\u00e7ou na d\u00e9cada de 1890, quando a Rep\u00fablica j\u00e1 estava institu\u00edda e come\u00e7ava um processo de desenvolvimento da ind\u00fastria brasileira, quando come\u00e7aram a formar-se os movimentos de trabalhadores organizados, sobretudo em S\u00e3o Paulo e no Rio de Janeiro.<\/p>\n\n\n\n<p>Uma das curiosidades sobre o dia 1\u00ba de maio \u00e9 que ele recebe uma homenagem no Vaticano com uma missa celebrada pelo Papa homenageando os trabalhadores.<\/p>\n","protected":false},"excerpt":{"rendered":"<p>Nesta segunda-feira, 1 de Maio \u00e9 celebrado o dia do trabalhador ou dia do trabalho, um marco na hist\u00f3ria mundial para comemorar todas as profiss\u00f5es. A data \u00e9 celebrada em v\u00e1rios pa\u00edses e foi escolhida em raz\u00e3o de uma onda de manifesta\u00e7\u00f5es e conflitos violentos que ocorreu a partir de uma greve geral que paralisou [&hellip;]<\/p>\n","protected":false},"author":1,"featured_media":4602,"comment_status":"closed","ping_status":"closed","sticky":false,"template":"","format":"standard","meta":{"footnotes":""},"categories":[1],"tags":[],"cores-categorias":[],"class_list":["post-4601","post","type-post","status-publish","format-standard","has-post-thumbnail","hentry","category-cidades"],"yoast_head":"<!-- This site is optimized with the Yoast SEO plugin v27.2 - https:\/\/yoast.com\/product\/yoast-seo-wordpress\/ -->\n<title>1\u00ba DE MAIO: ENTENDA ORIGEM DO FERIADO - Jornal Fato Novo<\/title>\n<meta name=\"robots\" content=\"index, follow, max-snippet:-1, max-image-preview:large, max-video-preview:-1\" \/>\n<link rel=\"canonical\" href=\"https:\/\/tvnova.tv.br\/jornalfatonovo\/1o-de-maio-entenda-origem-do-feriado\/\" \/>\n<meta property=\"og:locale\" content=\"pt_BR\" \/>\n<meta property=\"og:type\" content=\"article\" \/>\n<meta property=\"og:title\" content=\"1\u00ba DE MAIO: ENTENDA ORIGEM DO FERIADO - Jornal Fato Novo\" \/>\n<meta property=\"og:description\" content=\"Nesta segunda-feira, 1 de Maio \u00e9 celebrado o dia do trabalhador ou dia do trabalho, um marco na hist\u00f3ria mundial para comemorar todas as profiss\u00f5es. A data \u00e9 celebrada em v\u00e1rios pa\u00edses e foi escolhida em raz\u00e3o de uma onda de manifesta\u00e7\u00f5es e conflitos violentos que ocorreu a partir de uma greve geral que paralisou [&hellip;]\" \/>\n<meta property=\"og:url\" content=\"https:\/\/tvnova.tv.br\/jornalfatonovo\/1o-de-maio-entenda-origem-do-feriado\/\" \/>\n<meta property=\"og:site_name\" content=\"Jornal Fato Novo\" \/>\n<meta property=\"article:publisher\" content=\"https:\/\/www.facebook.com\/tvnovanordeste\/\" \/>\n<meta property=\"article:published_time\" content=\"2023-05-01T11:55:00+00:00\" \/>\n<meta property=\"article:modified_time\" content=\"2023-05-01T22:41:28+00:00\" \/>\n<meta property=\"og:image\" content=\"https:\/\/tvnova.tv.br\/jornalfatonovo\/wp-content\/uploads\/2023\/05\/WhatsApp-Image-2023-05-01-at-12.54.33-1-1.jpeg\" \/>\n\t<meta property=\"og:image:width\" content=\"1024\" \/>\n\t<meta property=\"og:image:height\" content=\"683\" \/>\n\t<meta property=\"og:image:type\" content=\"image\/jpeg\" \/>\n<meta name=\"author\" content=\"TVNOVANORDESTE\" \/>\n<meta name=\"twitter:card\" content=\"summary_large_image\" \/>\n<meta name=\"twitter:creator\" content=\"@tvnovanordeste\" \/>\n<meta name=\"twitter:site\" content=\"@tvnovanordeste\" \/>\n<meta name=\"twitter:label1\" content=\"Escrito por\" \/>\n\t<meta name=\"twitter:data1\" content=\"TVNOVANORDESTE\" \/>\n\t<meta name=\"twitter:label2\" content=\"Est. tempo de leitura\" \/>\n\t<meta name=\"twitter:data2\" content=\"1 minuto\" \/>\n<script type=\"application\/ld+json\" class=\"yoast-schema-graph\">{\"@context\":\"https:\/\/schema.org\",\"@graph\":[{\"@type\":\"Article\",\"@id\":\"https:\/\/tvnova.tv.br\/jornalfatonovo\/1o-de-maio-entenda-origem-do-feriado\/#article\",\"isPartOf\":{\"@id\":\"https:\/\/tvnova.tv.br\/jornalfatonovo\/1o-de-maio-entenda-origem-do-feriado\/\"},\"author\":{\"name\":\"TVNOVANORDESTE\",\"@id\":\"https:\/\/tvnova.tv.br\/jornalfatonovo\/#\/schema\/person\/418c5d116a89e083bbdcdbff27f9d5c8\"},\"headline\":\"1\u00ba DE MAIO: ENTENDA ORIGEM DO FERIADO\",\"datePublished\":\"2023-05-01T11:55:00+00:00\",\"dateModified\":\"2023-05-01T22:41:28+00:00\",\"mainEntityOfPage\":{\"@id\":\"https:\/\/tvnova.tv.br\/jornalfatonovo\/1o-de-maio-entenda-origem-do-feriado\/\"},\"wordCount\":194,\"publisher\":{\"@id\":\"https:\/\/tvnova.tv.br\/jornalfatonovo\/#organization\"},\"image\":{\"@id\":\"https:\/\/tvnova.tv.br\/jornalfatonovo\/1o-de-maio-entenda-origem-do-feriado\/#primaryimage\"},\"thumbnailUrl\":\"https:\/\/tvnova.tv.br\/jornalfatonovo\/wp-content\/uploads\/2023\/05\/WhatsApp-Image-2023-05-01-at-12.54.33-1-1.jpeg\",\"articleSection\":[\"Cidades\"],\"inLanguage\":\"pt-BR\"},{\"@type\":\"WebPage\",\"@id\":\"https:\/\/tvnova.tv.br\/jornalfatonovo\/1o-de-maio-entenda-origem-do-feriado\/\",\"url\":\"https:\/\/tvnova.tv.br\/jornalfatonovo\/1o-de-maio-entenda-origem-do-feriado\/\",\"name\":\"1\u00ba DE MAIO: ENTENDA ORIGEM DO FERIADO - Jornal Fato Novo\",\"isPartOf\":{\"@id\":\"https:\/\/tvnova.tv.br\/jornalfatonovo\/#website\"},\"primaryImageOfPage\":{\"@id\":\"https:\/\/tvnova.tv.br\/jornalfatonovo\/1o-de-maio-entenda-origem-do-feriado\/#primaryimage\"},\"image\":{\"@id\":\"https:\/\/tvnova.tv.br\/jornalfatonovo\/1o-de-maio-entenda-origem-do-feriado\/#primaryimage\"},\"thumbnailUrl\":\"https:\/\/tvnova.tv.br\/jornalfatonovo\/wp-content\/uploads\/2023\/05\/WhatsApp-Image-2023-05-01-at-12.54.33-1-1.jpeg\",\"datePublished\":\"2023-05-01T11:55:00+00:00\",\"dateModified\":\"2023-05-01T22:41:28+00:00\",\"breadcrumb\":{\"@id\":\"https:\/\/tvnova.tv.br\/jornalfatonovo\/1o-de-maio-entenda-origem-do-feriado\/#breadcrumb\"},\"inLanguage\":\"pt-BR\",\"potentialAction\":[{\"@type\":\"ReadAction\",\"target\":[\"https:\/\/tvnova.tv.br\/jornalfatonovo\/1o-de-maio-entenda-origem-do-feriado\/\"]}]},{\"@type\":\"ImageObject\",\"inLanguage\":\"pt-BR\",\"@id\":\"https:\/\/tvnova.tv.br\/jornalfatonovo\/1o-de-maio-entenda-origem-do-feriado\/#primaryimage\",\"url\":\"https:\/\/tvnova.tv.br\/jornalfatonovo\/wp-content\/uploads\/2023\/05\/WhatsApp-Image-2023-05-01-at-12.54.33-1-1.jpeg\",\"contentUrl\":\"https:\/\/tvnova.tv.br\/jornalfatonovo\/wp-content\/uploads\/2023\/05\/WhatsApp-Image-2023-05-01-at-12.54.33-1-1.jpeg\",\"width\":1024,\"height\":683},{\"@type\":\"BreadcrumbList\",\"@id\":\"https:\/\/tvnova.tv.br\/jornalfatonovo\/1o-de-maio-entenda-origem-do-feriado\/#breadcrumb\",\"itemListElement\":[{\"@type\":\"ListItem\",\"position\":1,\"name\":\"In\u00edcio\",\"item\":\"https:\/\/tvnova.tv.br\/jornalfatonovo\/\"},{\"@type\":\"ListItem\",\"position\":2,\"name\":\"1\u00ba DE MAIO: ENTENDA ORIGEM DO FERIADO\"}]},{\"@type\":\"WebSite\",\"@id\":\"https:\/\/tvnova.tv.br\/jornalfatonovo\/#website\",\"url\":\"https:\/\/tvnova.tv.br\/jornalfatonovo\/\",\"name\":\"Jornal Fato Novo\",\"description\":\"Acompanhe as not\u00edcias de Pernambuco\",\"publisher\":{\"@id\":\"https:\/\/tvnova.tv.br\/jornalfatonovo\/#organization\"},\"potentialAction\":[{\"@type\":\"SearchAction\",\"target\":{\"@type\":\"EntryPoint\",\"urlTemplate\":\"https:\/\/tvnova.tv.br\/jornalfatonovo\/?s={search_term_string}\"},\"query-input\":{\"@type\":\"PropertyValueSpecification\",\"valueRequired\":true,\"valueName\":\"search_term_string\"}}],\"inLanguage\":\"pt-BR\"},{\"@type\":\"Organization\",\"@id\":\"https:\/\/tvnova.tv.br\/jornalfatonovo\/#organization\",\"name\":\"Jornal Fato Novo\",\"url\":\"https:\/\/tvnova.tv.br\/jornalfatonovo\/\",\"logo\":{\"@type\":\"ImageObject\",\"inLanguage\":\"pt-BR\",\"@id\":\"https:\/\/tvnova.tv.br\/jornalfatonovo\/#\/schema\/logo\/image\/\",\"url\":\"https:\/\/tvnova.tv.br\/jornalfatonovo1\/wp-content\/uploads\/2023\/04\/FATO-NOVO-1.png\",\"contentUrl\":\"https:\/\/tvnova.tv.br\/jornalfatonovo1\/wp-content\/uploads\/2023\/04\/FATO-NOVO-1.png\",\"width\":200,\"height\":60,\"caption\":\"Jornal Fato Novo\"},\"image\":{\"@id\":\"https:\/\/tvnova.tv.br\/jornalfatonovo\/#\/schema\/logo\/image\/\"},\"sameAs\":[\"https:\/\/www.facebook.com\/tvnovanordeste\/\",\"https:\/\/x.com\/tvnovanordeste\",\"https:\/\/www.instagram.com\/jornalfatonovope\/\"]},{\"@type\":\"Person\",\"@id\":\"https:\/\/tvnova.tv.br\/jornalfatonovo\/#\/schema\/person\/418c5d116a89e083bbdcdbff27f9d5c8\",\"name\":\"TVNOVANORDESTE\",\"sameAs\":[\"https:\/\/tvnova.tv.br\/jornalfatonovo1\"],\"url\":\"https:\/\/tvnova.tv.br\/jornalfatonovo\/author\/terrenofertil\/\"}]}<\/script>\n<!-- \/ Yoast SEO plugin. -->","yoast_head_json":{"title":"1\u00ba DE MAIO: ENTENDA ORIGEM DO FERIADO - Jornal Fato Novo","robots":{"index":"index","follow":"follow","max-snippet":"max-snippet:-1","max-image-preview":"max-image-preview:large","max-video-preview":"max-video-preview:-1"},"canonical":"https:\/\/tvnova.tv.br\/jornalfatonovo\/1o-de-maio-entenda-origem-do-feriado\/","og_locale":"pt_BR","og_type":"article","og_title":"1\u00ba DE MAIO: ENTENDA ORIGEM DO FERIADO - Jornal Fato Novo","og_description":"Nesta segunda-feira, 1 de Maio \u00e9 celebrado o dia do trabalhador ou dia do trabalho, um marco na hist\u00f3ria mundial para comemorar todas as profiss\u00f5es. A data \u00e9 celebrada em v\u00e1rios pa\u00edses e foi escolhida em raz\u00e3o de uma onda de manifesta\u00e7\u00f5es e conflitos violentos que ocorreu a partir de uma greve geral que paralisou [&hellip;]","og_url":"https:\/\/tvnova.tv.br\/jornalfatonovo\/1o-de-maio-entenda-origem-do-feriado\/","og_site_name":"Jornal Fato Novo","article_publisher":"https:\/\/www.facebook.com\/tvnovanordeste\/","article_published_time":"2023-05-01T11:55:00+00:00","article_modified_time":"2023-05-01T22:41:28+00:00","og_image":[{"width":1024,"height":683,"url":"https:\/\/tvnova.tv.br\/jornalfatonovo\/wp-content\/uploads\/2023\/05\/WhatsApp-Image-2023-05-01-at-12.54.33-1-1.jpeg","type":"image\/jpeg"}],"author":"TVNOVANORDESTE","twitter_card":"summary_large_image","twitter_creator":"@tvnovanordeste","twitter_site":"@tvnovanordeste","twitter_misc":{"Escrito por":"TVNOVANORDESTE","Est. tempo de leitura":"1 minuto"},"schema":{"@context":"https:\/\/schema.org","@graph":[{"@type":"Article","@id":"https:\/\/tvnova.tv.br\/jornalfatonovo\/1o-de-maio-entenda-origem-do-feriado\/#article","isPartOf":{"@id":"https:\/\/tvnova.tv.br\/jornalfatonovo\/1o-de-maio-entenda-origem-do-feriado\/"},"author":{"name":"TVNOVANORDESTE","@id":"https:\/\/tvnova.tv.br\/jornalfatonovo\/#\/schema\/person\/418c5d116a89e083bbdcdbff27f9d5c8"},"headline":"1\u00ba DE MAIO: ENTENDA ORIGEM DO FERIADO","datePublished":"2023-05-01T11:55:00+00:00","dateModified":"2023-05-01T22:41:28+00:00","mainEntityOfPage":{"@id":"https:\/\/tvnova.tv.br\/jornalfatonovo\/1o-de-maio-entenda-origem-do-feriado\/"},"wordCount":194,"publisher":{"@id":"https:\/\/tvnova.tv.br\/jornalfatonovo\/#organization"},"image":{"@id":"https:\/\/tvnova.tv.br\/jornalfatonovo\/1o-de-maio-entenda-origem-do-feriado\/#primaryimage"},"thumbnailUrl":"https:\/\/tvnova.tv.br\/jornalfatonovo\/wp-content\/uploads\/2023\/05\/WhatsApp-Image-2023-05-01-at-12.54.33-1-1.jpeg","articleSection":["Cidades"],"inLanguage":"pt-BR"},{"@type":"WebPage","@id":"https:\/\/tvnova.tv.br\/jornalfatonovo\/1o-de-maio-entenda-origem-do-feriado\/","url":"https:\/\/tvnova.tv.br\/jornalfatonovo\/1o-de-maio-entenda-origem-do-feriado\/","name":"1\u00ba DE MAIO: ENTENDA ORIGEM DO FERIADO - Jornal Fato Novo","isPartOf":{"@id":"https:\/\/tvnova.tv.br\/jornalfatonovo\/#website"},"primaryImageOfPage":{"@id":"https:\/\/tvnova.tv.br\/jornalfatonovo\/1o-de-maio-entenda-origem-do-feriado\/#primaryimage"},"image":{"@id":"https:\/\/tvnova.tv.br\/jornalfatonovo\/1o-de-maio-entenda-origem-do-feriado\/#primaryimage"},"thumbnailUrl":"https:\/\/tvnova.tv.br\/jornalfatonovo\/wp-content\/uploads\/2023\/05\/WhatsApp-Image-2023-05-01-at-12.54.33-1-1.jpeg","datePublished":"2023-05-01T11:55:00+00:00","dateModified":"2023-05-01T22:41:28+00:00","breadcrumb":{"@id":"https:\/\/tvnova.tv.br\/jornalfatonovo\/1o-de-maio-entenda-origem-do-feriado\/#breadcrumb"},"inLanguage":"pt-BR","potentialAction":[{"@type":"ReadAction","target":["https:\/\/tvnova.tv.br\/jornalfatonovo\/1o-de-maio-entenda-origem-do-feriado\/"]}]},{"@type":"ImageObject","inLanguage":"pt-BR","@id":"https:\/\/tvnova.tv.br\/jornalfatonovo\/1o-de-maio-entenda-origem-do-feriado\/#primaryimage","url":"https:\/\/tvnova.tv.br\/jornalfatonovo\/wp-content\/uploads\/2023\/05\/WhatsApp-Image-2023-05-01-at-12.54.33-1-1.jpeg","contentUrl":"https:\/\/tvnova.tv.br\/jornalfatonovo\/wp-content\/uploads\/2023\/05\/WhatsApp-Image-2023-05-01-at-12.54.33-1-1.jpeg","width":1024,"height":683},{"@type":"BreadcrumbList","@id":"https:\/\/tvnova.tv.br\/jornalfatonovo\/1o-de-maio-entenda-origem-do-feriado\/#breadcrumb","itemListElement":[{"@type":"ListItem","position":1,"name":"In\u00edcio","item":"https:\/\/tvnova.tv.br\/jornalfatonovo\/"},{"@type":"ListItem","position":2,"name":"1\u00ba DE MAIO: ENTENDA ORIGEM DO FERIADO"}]},{"@type":"WebSite","@id":"https:\/\/tvnova.tv.br\/jornalfatonovo\/#website","url":"https:\/\/tvnova.tv.br\/jornalfatonovo\/","name":"Jornal Fato Novo","description":"Acompanhe as not\u00edcias de Pernambuco","publisher":{"@id":"https:\/\/tvnova.tv.br\/jornalfatonovo\/#organization"},"potentialAction":[{"@type":"SearchAction","target":{"@type":"EntryPoint","urlTemplate":"https:\/\/tvnova.tv.br\/jornalfatonovo\/?s={search_term_string}"},"query-input":{"@type":"PropertyValueSpecification","valueRequired":true,"valueName":"search_term_string"}}],"inLanguage":"pt-BR"},{"@type":"Organization","@id":"https:\/\/tvnova.tv.br\/jornalfatonovo\/#organization","name":"Jornal Fato Novo","url":"https:\/\/tvnova.tv.br\/jornalfatonovo\/","logo":{"@type":"ImageObject","inLanguage":"pt-BR","@id":"https:\/\/tvnova.tv.br\/jornalfatonovo\/#\/schema\/logo\/image\/","url":"https:\/\/tvnova.tv.br\/jornalfatonovo1\/wp-content\/uploads\/2023\/04\/FATO-NOVO-1.png","contentUrl":"https:\/\/tvnova.tv.br\/jornalfatonovo1\/wp-content\/uploads\/2023\/04\/FATO-NOVO-1.png","width":200,"height":60,"caption":"Jornal Fato Novo"},"image":{"@id":"https:\/\/tvnova.tv.br\/jornalfatonovo\/#\/schema\/logo\/image\/"},"sameAs":["https:\/\/www.facebook.com\/tvnovanordeste\/","https:\/\/x.com\/tvnovanordeste","https:\/\/www.instagram.com\/jornalfatonovope\/"]},{"@type":"Person","@id":"https:\/\/tvnova.tv.br\/jornalfatonovo\/#\/schema\/person\/418c5d116a89e083bbdcdbff27f9d5c8","name":"TVNOVANORDESTE","sameAs":["https:\/\/tvnova.tv.br\/jornalfatonovo1"],"url":"https:\/\/tvnova.tv.br\/jornalfatonovo\/author\/terrenofertil\/"}]}},"_links":{"self":[{"href":"https:\/\/tvnova.tv.br\/jornalfatonovo\/wp-json\/wp\/v2\/posts\/4601","targetHints":{"allow":["GET"]}}],"collection":[{"href":"https:\/\/tvnova.tv.br\/jornalfatonovo\/wp-json\/wp\/v2\/posts"}],"about":[{"href":"https:\/\/tvnova.tv.br\/jornalfatonovo\/wp-json\/wp\/v2\/types\/post"}],"author":[{"embeddable":true,"href":"https:\/\/tvnova.tv.br\/jornalfatonovo\/wp-json\/wp\/v2\/users\/1"}],"replies":[{"embeddable":true,"href":"https:\/\/tvnova.tv.br\/jornalfatonovo\/wp-json\/wp\/v2\/comments?post=4601"}],"version-history":[{"count":0,"href":"https:\/\/tvnova.tv.br\/jornalfatonovo\/wp-json\/wp\/v2\/posts\/4601\/revisions"}],"wp:featuredmedia":[{"embeddable":true,"href":"https:\/\/tvnova.tv.br\/jornalfatonovo\/wp-json\/wp\/v2\/media\/4602"}],"wp:attachment":[{"href":"https:\/\/tvnova.tv.br\/jornalfatonovo\/wp-json\/wp\/v2\/media?parent=4601"}],"wp:term":[{"taxonomy":"category","embeddable":true,"href":"https:\/\/tvnova.tv.br\/jornalfatonovo\/wp-json\/wp\/v2\/categories?post=4601"},{"taxonomy":"post_tag","embeddable":true,"href":"https:\/\/tvnova.tv.br\/jornalfatonovo\/wp-json\/wp\/v2\/tags?post=4601"},{"taxonomy":"cores-categorias","embeddable":true,"href":"https:\/\/tvnova.tv.br\/jornalfatonovo\/wp-json\/wp\/v2\/cores-categorias?post=4601"}],"curies":[{"name":"wp","href":"https:\/\/api.w.org\/{rel}","templated":true}]}}