{"id":4622,"date":"2023-05-01T22:43:17","date_gmt":"2023-05-02T01:43:17","guid":{"rendered":"https:\/\/tvnova.tv.br\/jornalfatonovo\/?p=4622"},"modified":"2023-05-01T22:43:18","modified_gmt":"2023-05-02T01:43:18","slug":"enterradas-mae-e-filha-mortas-em-desabamento-de-predio-em-olinda","status":"publish","type":"post","link":"https:\/\/tvnova.tv.br\/jornalfatonovo\/enterradas-mae-e-filha-mortas-em-desabamento-de-predio-em-olinda\/","title":{"rendered":"Enterradas m\u00e3e e filha mortas em desabamento de pr\u00e9dio em Olinda"},"content":{"rendered":"\n<p>Foram sepultados na tarde desta segunda-feira, os corpos de Juliana Alves, de 32 anos, e Fl\u00e1via Rayane, de 16. Elas est\u00e3o entre as 6 v\u00edtimas fatais do desabamento do Edif\u00edcio Leme, no bairro de Jardim Atl\u00e2ntico, em Olinda, na \u00faltima quinta-feira (27).<\/p>\n\n\n\n<p>M\u00e3e e filha moravam no t\u00e9rreo do edif\u00edcio h\u00e1 cerca de tr\u00eas meses. Al\u00e9m das duas, tamb\u00e9m residia no im\u00f3vel um outro filho de Juliana, de 17 anos. O jovem havia sa\u00eddo de casa pouco tempo antes da trag\u00e9dia para fazer uma entrega, j\u00e1 que a m\u00e3e comercializava alguns alimentos.<\/p>\n\n\n\n<p>A cerim\u00f4nia de despedida tamb\u00e9m contaria com a presen\u00e7a do marido de Juliana e pai de Fl\u00e1via, F\u00e1bio Leal, que est\u00e1 preso por roubo desde 2019. No entanto, ele n\u00e3o teve a libera\u00e7\u00e3o do Governo do Estado. A decis\u00e3o revoltou familiares, que questionaram ao poder p\u00fablico os motivos para a n\u00e3o libera\u00e7\u00e3o. O Jornal Fato Novo entrou em contato com a Secretaria Executiva de Ressocializa\u00e7\u00e3o (Seres), e questionou os motivos do detento n\u00e3o ter ido ao vel\u00f3rio.<\/p>\n\n\n\n<p>Em nota, a Seres esclarece que informa\u00e7\u00f5es apuradas pela superintend\u00eancia de intelig\u00eancia da Seres, pouco antes do deslocamento do detento F\u00e1bio Leal da Silva, apontaram para risco de seguran\u00e7a, o que acabou inviabilizando o comparecimento do detento ao vel\u00f3rio.<\/p>\n","protected":false},"excerpt":{"rendered":"<p>Foram sepultados na tarde desta segunda-feira, os corpos de Juliana Alves, de 32 anos, e Fl\u00e1via Rayane, de 16. Elas est\u00e3o entre as 6 v\u00edtimas fatais do desabamento do Edif\u00edcio Leme, no bairro de Jardim Atl\u00e2ntico, em Olinda, na \u00faltima quinta-feira (27). M\u00e3e e filha moravam no t\u00e9rreo do edif\u00edcio h\u00e1 cerca de tr\u00eas meses. [&hellip;]<\/p>\n","protected":false},"author":1,"featured_media":4623,"comment_status":"closed","ping_status":"closed","sticky":false,"template":"","format":"standard","meta":{"footnotes":""},"categories":[1],"tags":[363,362,321,288],"cores-categorias":[],"class_list":["post-4622","post","type-post","status-publish","format-standard","has-post-thumbnail","hentry","category-cidades","tag-desabamento","tag-desabamento-de-predio-em-olinda","tag-olinda","tag-pernambuco"],"yoast_head":"<!-- This site is optimized with the Yoast SEO plugin v27.2 - https:\/\/yoast.com\/product\/yoast-seo-wordpress\/ -->\n<title>Enterradas m\u00e3e e filha mortas em desabamento de pr\u00e9dio em Olinda - Jornal Fato Novo<\/title>\n<meta name=\"robots\" content=\"index, follow, max-snippet:-1, max-image-preview:large, max-video-preview:-1\" \/>\n<link rel=\"canonical\" href=\"https:\/\/tvnova.tv.br\/jornalfatonovo\/enterradas-mae-e-filha-mortas-em-desabamento-de-predio-em-olinda\/\" \/>\n<meta property=\"og:locale\" content=\"pt_BR\" \/>\n<meta property=\"og:type\" content=\"article\" \/>\n<meta property=\"og:title\" content=\"Enterradas m\u00e3e e filha mortas em desabamento de pr\u00e9dio em Olinda - Jornal Fato Novo\" \/>\n<meta property=\"og:description\" content=\"Foram sepultados na tarde desta segunda-feira, os corpos de Juliana Alves, de 32 anos, e Fl\u00e1via Rayane, de 16. Elas est\u00e3o entre as 6 v\u00edtimas fatais do desabamento do Edif\u00edcio Leme, no bairro de Jardim Atl\u00e2ntico, em Olinda, na \u00faltima quinta-feira (27). M\u00e3e e filha moravam no t\u00e9rreo do edif\u00edcio h\u00e1 cerca de tr\u00eas meses. [&hellip;]\" \/>\n<meta property=\"og:url\" content=\"https:\/\/tvnova.tv.br\/jornalfatonovo\/enterradas-mae-e-filha-mortas-em-desabamento-de-predio-em-olinda\/\" \/>\n<meta property=\"og:site_name\" content=\"Jornal Fato Novo\" \/>\n<meta property=\"article:publisher\" content=\"https:\/\/www.facebook.com\/tvnovanordeste\/\" \/>\n<meta property=\"article:published_time\" content=\"2023-05-02T01:43:17+00:00\" \/>\n<meta property=\"article:modified_time\" content=\"2023-05-02T01:43:18+00:00\" \/>\n<meta property=\"og:image\" content=\"https:\/\/tvnova.tv.br\/jornalfatonovo\/wp-content\/uploads\/2023\/05\/WhatsApp-Image-2023-05-01-at-22.02.37.jpeg\" \/>\n\t<meta property=\"og:image:width\" content=\"780\" \/>\n\t<meta property=\"og:image:height\" content=\"520\" \/>\n\t<meta property=\"og:image:type\" content=\"image\/jpeg\" \/>\n<meta name=\"author\" content=\"TVNOVANORDESTE\" \/>\n<meta name=\"twitter:card\" content=\"summary_large_image\" \/>\n<meta name=\"twitter:creator\" content=\"@tvnovanordeste\" \/>\n<meta name=\"twitter:site\" content=\"@tvnovanordeste\" \/>\n<meta name=\"twitter:label1\" content=\"Escrito por\" \/>\n\t<meta name=\"twitter:data1\" content=\"TVNOVANORDESTE\" \/>\n\t<meta name=\"twitter:label2\" content=\"Est. tempo de leitura\" \/>\n\t<meta name=\"twitter:data2\" content=\"2 minutos\" \/>\n<script type=\"application\/ld+json\" class=\"yoast-schema-graph\">{\"@context\":\"https:\/\/schema.org\",\"@graph\":[{\"@type\":\"Article\",\"@id\":\"https:\/\/tvnova.tv.br\/jornalfatonovo\/enterradas-mae-e-filha-mortas-em-desabamento-de-predio-em-olinda\/#article\",\"isPartOf\":{\"@id\":\"https:\/\/tvnova.tv.br\/jornalfatonovo\/enterradas-mae-e-filha-mortas-em-desabamento-de-predio-em-olinda\/\"},\"author\":{\"name\":\"TVNOVANORDESTE\",\"@id\":\"https:\/\/tvnova.tv.br\/jornalfatonovo\/#\/schema\/person\/418c5d116a89e083bbdcdbff27f9d5c8\"},\"headline\":\"Enterradas m\u00e3e e filha mortas em desabamento de pr\u00e9dio em Olinda\",\"datePublished\":\"2023-05-02T01:43:17+00:00\",\"dateModified\":\"2023-05-02T01:43:18+00:00\",\"mainEntityOfPage\":{\"@id\":\"https:\/\/tvnova.tv.br\/jornalfatonovo\/enterradas-mae-e-filha-mortas-em-desabamento-de-predio-em-olinda\/\"},\"wordCount\":250,\"publisher\":{\"@id\":\"https:\/\/tvnova.tv.br\/jornalfatonovo\/#organization\"},\"image\":{\"@id\":\"https:\/\/tvnova.tv.br\/jornalfatonovo\/enterradas-mae-e-filha-mortas-em-desabamento-de-predio-em-olinda\/#primaryimage\"},\"thumbnailUrl\":\"https:\/\/tvnova.tv.br\/jornalfatonovo\/wp-content\/uploads\/2023\/05\/WhatsApp-Image-2023-05-01-at-22.02.37.jpeg\",\"keywords\":[\"desabamento\",\"desabamento de pr\u00e9dio em Olinda\",\"Olinda\",\"Pernambuco\"],\"articleSection\":[\"Cidades\"],\"inLanguage\":\"pt-BR\"},{\"@type\":\"WebPage\",\"@id\":\"https:\/\/tvnova.tv.br\/jornalfatonovo\/enterradas-mae-e-filha-mortas-em-desabamento-de-predio-em-olinda\/\",\"url\":\"https:\/\/tvnova.tv.br\/jornalfatonovo\/enterradas-mae-e-filha-mortas-em-desabamento-de-predio-em-olinda\/\",\"name\":\"Enterradas m\u00e3e e filha mortas em desabamento de pr\u00e9dio em Olinda - Jornal Fato Novo\",\"isPartOf\":{\"@id\":\"https:\/\/tvnova.tv.br\/jornalfatonovo\/#website\"},\"primaryImageOfPage\":{\"@id\":\"https:\/\/tvnova.tv.br\/jornalfatonovo\/enterradas-mae-e-filha-mortas-em-desabamento-de-predio-em-olinda\/#primaryimage\"},\"image\":{\"@id\":\"https:\/\/tvnova.tv.br\/jornalfatonovo\/enterradas-mae-e-filha-mortas-em-desabamento-de-predio-em-olinda\/#primaryimage\"},\"thumbnailUrl\":\"https:\/\/tvnova.tv.br\/jornalfatonovo\/wp-content\/uploads\/2023\/05\/WhatsApp-Image-2023-05-01-at-22.02.37.jpeg\",\"datePublished\":\"2023-05-02T01:43:17+00:00\",\"dateModified\":\"2023-05-02T01:43:18+00:00\",\"breadcrumb\":{\"@id\":\"https:\/\/tvnova.tv.br\/jornalfatonovo\/enterradas-mae-e-filha-mortas-em-desabamento-de-predio-em-olinda\/#breadcrumb\"},\"inLanguage\":\"pt-BR\",\"potentialAction\":[{\"@type\":\"ReadAction\",\"target\":[\"https:\/\/tvnova.tv.br\/jornalfatonovo\/enterradas-mae-e-filha-mortas-em-desabamento-de-predio-em-olinda\/\"]}]},{\"@type\":\"ImageObject\",\"inLanguage\":\"pt-BR\",\"@id\":\"https:\/\/tvnova.tv.br\/jornalfatonovo\/enterradas-mae-e-filha-mortas-em-desabamento-de-predio-em-olinda\/#primaryimage\",\"url\":\"https:\/\/tvnova.tv.br\/jornalfatonovo\/wp-content\/uploads\/2023\/05\/WhatsApp-Image-2023-05-01-at-22.02.37.jpeg\",\"contentUrl\":\"https:\/\/tvnova.tv.br\/jornalfatonovo\/wp-content\/uploads\/2023\/05\/WhatsApp-Image-2023-05-01-at-22.02.37.jpeg\",\"width\":780,\"height\":520},{\"@type\":\"BreadcrumbList\",\"@id\":\"https:\/\/tvnova.tv.br\/jornalfatonovo\/enterradas-mae-e-filha-mortas-em-desabamento-de-predio-em-olinda\/#breadcrumb\",\"itemListElement\":[{\"@type\":\"ListItem\",\"position\":1,\"name\":\"In\u00edcio\",\"item\":\"https:\/\/tvnova.tv.br\/jornalfatonovo\/\"},{\"@type\":\"ListItem\",\"position\":2,\"name\":\"Enterradas m\u00e3e e filha mortas em desabamento de pr\u00e9dio em Olinda\"}]},{\"@type\":\"WebSite\",\"@id\":\"https:\/\/tvnova.tv.br\/jornalfatonovo\/#website\",\"url\":\"https:\/\/tvnova.tv.br\/jornalfatonovo\/\",\"name\":\"Jornal Fato Novo\",\"description\":\"Acompanhe as not\u00edcias de Pernambuco\",\"publisher\":{\"@id\":\"https:\/\/tvnova.tv.br\/jornalfatonovo\/#organization\"},\"potentialAction\":[{\"@type\":\"SearchAction\",\"target\":{\"@type\":\"EntryPoint\",\"urlTemplate\":\"https:\/\/tvnova.tv.br\/jornalfatonovo\/?s={search_term_string}\"},\"query-input\":{\"@type\":\"PropertyValueSpecification\",\"valueRequired\":true,\"valueName\":\"search_term_string\"}}],\"inLanguage\":\"pt-BR\"},{\"@type\":\"Organization\",\"@id\":\"https:\/\/tvnova.tv.br\/jornalfatonovo\/#organization\",\"name\":\"Jornal Fato Novo\",\"url\":\"https:\/\/tvnova.tv.br\/jornalfatonovo\/\",\"logo\":{\"@type\":\"ImageObject\",\"inLanguage\":\"pt-BR\",\"@id\":\"https:\/\/tvnova.tv.br\/jornalfatonovo\/#\/schema\/logo\/image\/\",\"url\":\"https:\/\/tvnova.tv.br\/jornalfatonovo1\/wp-content\/uploads\/2023\/04\/FATO-NOVO-1.png\",\"contentUrl\":\"https:\/\/tvnova.tv.br\/jornalfatonovo1\/wp-content\/uploads\/2023\/04\/FATO-NOVO-1.png\",\"width\":200,\"height\":60,\"caption\":\"Jornal Fato Novo\"},\"image\":{\"@id\":\"https:\/\/tvnova.tv.br\/jornalfatonovo\/#\/schema\/logo\/image\/\"},\"sameAs\":[\"https:\/\/www.facebook.com\/tvnovanordeste\/\",\"https:\/\/x.com\/tvnovanordeste\",\"https:\/\/www.instagram.com\/jornalfatonovope\/\"]},{\"@type\":\"Person\",\"@id\":\"https:\/\/tvnova.tv.br\/jornalfatonovo\/#\/schema\/person\/418c5d116a89e083bbdcdbff27f9d5c8\",\"name\":\"TVNOVANORDESTE\",\"sameAs\":[\"https:\/\/tvnova.tv.br\/jornalfatonovo1\"],\"url\":\"https:\/\/tvnova.tv.br\/jornalfatonovo\/author\/terrenofertil\/\"}]}<\/script>\n<!-- \/ Yoast SEO plugin. -->","yoast_head_json":{"title":"Enterradas m\u00e3e e filha mortas em desabamento de pr\u00e9dio em Olinda - Jornal Fato Novo","robots":{"index":"index","follow":"follow","max-snippet":"max-snippet:-1","max-image-preview":"max-image-preview:large","max-video-preview":"max-video-preview:-1"},"canonical":"https:\/\/tvnova.tv.br\/jornalfatonovo\/enterradas-mae-e-filha-mortas-em-desabamento-de-predio-em-olinda\/","og_locale":"pt_BR","og_type":"article","og_title":"Enterradas m\u00e3e e filha mortas em desabamento de pr\u00e9dio em Olinda - Jornal Fato Novo","og_description":"Foram sepultados na tarde desta segunda-feira, os corpos de Juliana Alves, de 32 anos, e Fl\u00e1via Rayane, de 16. Elas est\u00e3o entre as 6 v\u00edtimas fatais do desabamento do Edif\u00edcio Leme, no bairro de Jardim Atl\u00e2ntico, em Olinda, na \u00faltima quinta-feira (27). M\u00e3e e filha moravam no t\u00e9rreo do edif\u00edcio h\u00e1 cerca de tr\u00eas meses. [&hellip;]","og_url":"https:\/\/tvnova.tv.br\/jornalfatonovo\/enterradas-mae-e-filha-mortas-em-desabamento-de-predio-em-olinda\/","og_site_name":"Jornal Fato Novo","article_publisher":"https:\/\/www.facebook.com\/tvnovanordeste\/","article_published_time":"2023-05-02T01:43:17+00:00","article_modified_time":"2023-05-02T01:43:18+00:00","og_image":[{"width":780,"height":520,"url":"https:\/\/tvnova.tv.br\/jornalfatonovo\/wp-content\/uploads\/2023\/05\/WhatsApp-Image-2023-05-01-at-22.02.37.jpeg","type":"image\/jpeg"}],"author":"TVNOVANORDESTE","twitter_card":"summary_large_image","twitter_creator":"@tvnovanordeste","twitter_site":"@tvnovanordeste","twitter_misc":{"Escrito por":"TVNOVANORDESTE","Est. tempo de leitura":"2 minutos"},"schema":{"@context":"https:\/\/schema.org","@graph":[{"@type":"Article","@id":"https:\/\/tvnova.tv.br\/jornalfatonovo\/enterradas-mae-e-filha-mortas-em-desabamento-de-predio-em-olinda\/#article","isPartOf":{"@id":"https:\/\/tvnova.tv.br\/jornalfatonovo\/enterradas-mae-e-filha-mortas-em-desabamento-de-predio-em-olinda\/"},"author":{"name":"TVNOVANORDESTE","@id":"https:\/\/tvnova.tv.br\/jornalfatonovo\/#\/schema\/person\/418c5d116a89e083bbdcdbff27f9d5c8"},"headline":"Enterradas m\u00e3e e filha mortas em desabamento de pr\u00e9dio em Olinda","datePublished":"2023-05-02T01:43:17+00:00","dateModified":"2023-05-02T01:43:18+00:00","mainEntityOfPage":{"@id":"https:\/\/tvnova.tv.br\/jornalfatonovo\/enterradas-mae-e-filha-mortas-em-desabamento-de-predio-em-olinda\/"},"wordCount":250,"publisher":{"@id":"https:\/\/tvnova.tv.br\/jornalfatonovo\/#organization"},"image":{"@id":"https:\/\/tvnova.tv.br\/jornalfatonovo\/enterradas-mae-e-filha-mortas-em-desabamento-de-predio-em-olinda\/#primaryimage"},"thumbnailUrl":"https:\/\/tvnova.tv.br\/jornalfatonovo\/wp-content\/uploads\/2023\/05\/WhatsApp-Image-2023-05-01-at-22.02.37.jpeg","keywords":["desabamento","desabamento de pr\u00e9dio em Olinda","Olinda","Pernambuco"],"articleSection":["Cidades"],"inLanguage":"pt-BR"},{"@type":"WebPage","@id":"https:\/\/tvnova.tv.br\/jornalfatonovo\/enterradas-mae-e-filha-mortas-em-desabamento-de-predio-em-olinda\/","url":"https:\/\/tvnova.tv.br\/jornalfatonovo\/enterradas-mae-e-filha-mortas-em-desabamento-de-predio-em-olinda\/","name":"Enterradas m\u00e3e e filha mortas em desabamento de pr\u00e9dio em Olinda - Jornal Fato Novo","isPartOf":{"@id":"https:\/\/tvnova.tv.br\/jornalfatonovo\/#website"},"primaryImageOfPage":{"@id":"https:\/\/tvnova.tv.br\/jornalfatonovo\/enterradas-mae-e-filha-mortas-em-desabamento-de-predio-em-olinda\/#primaryimage"},"image":{"@id":"https:\/\/tvnova.tv.br\/jornalfatonovo\/enterradas-mae-e-filha-mortas-em-desabamento-de-predio-em-olinda\/#primaryimage"},"thumbnailUrl":"https:\/\/tvnova.tv.br\/jornalfatonovo\/wp-content\/uploads\/2023\/05\/WhatsApp-Image-2023-05-01-at-22.02.37.jpeg","datePublished":"2023-05-02T01:43:17+00:00","dateModified":"2023-05-02T01:43:18+00:00","breadcrumb":{"@id":"https:\/\/tvnova.tv.br\/jornalfatonovo\/enterradas-mae-e-filha-mortas-em-desabamento-de-predio-em-olinda\/#breadcrumb"},"inLanguage":"pt-BR","potentialAction":[{"@type":"ReadAction","target":["https:\/\/tvnova.tv.br\/jornalfatonovo\/enterradas-mae-e-filha-mortas-em-desabamento-de-predio-em-olinda\/"]}]},{"@type":"ImageObject","inLanguage":"pt-BR","@id":"https:\/\/tvnova.tv.br\/jornalfatonovo\/enterradas-mae-e-filha-mortas-em-desabamento-de-predio-em-olinda\/#primaryimage","url":"https:\/\/tvnova.tv.br\/jornalfatonovo\/wp-content\/uploads\/2023\/05\/WhatsApp-Image-2023-05-01-at-22.02.37.jpeg","contentUrl":"https:\/\/tvnova.tv.br\/jornalfatonovo\/wp-content\/uploads\/2023\/05\/WhatsApp-Image-2023-05-01-at-22.02.37.jpeg","width":780,"height":520},{"@type":"BreadcrumbList","@id":"https:\/\/tvnova.tv.br\/jornalfatonovo\/enterradas-mae-e-filha-mortas-em-desabamento-de-predio-em-olinda\/#breadcrumb","itemListElement":[{"@type":"ListItem","position":1,"name":"In\u00edcio","item":"https:\/\/tvnova.tv.br\/jornalfatonovo\/"},{"@type":"ListItem","position":2,"name":"Enterradas m\u00e3e e filha mortas em desabamento de pr\u00e9dio em Olinda"}]},{"@type":"WebSite","@id":"https:\/\/tvnova.tv.br\/jornalfatonovo\/#website","url":"https:\/\/tvnova.tv.br\/jornalfatonovo\/","name":"Jornal Fato Novo","description":"Acompanhe as not\u00edcias de Pernambuco","publisher":{"@id":"https:\/\/tvnova.tv.br\/jornalfatonovo\/#organization"},"potentialAction":[{"@type":"SearchAction","target":{"@type":"EntryPoint","urlTemplate":"https:\/\/tvnova.tv.br\/jornalfatonovo\/?s={search_term_string}"},"query-input":{"@type":"PropertyValueSpecification","valueRequired":true,"valueName":"search_term_string"}}],"inLanguage":"pt-BR"},{"@type":"Organization","@id":"https:\/\/tvnova.tv.br\/jornalfatonovo\/#organization","name":"Jornal Fato Novo","url":"https:\/\/tvnova.tv.br\/jornalfatonovo\/","logo":{"@type":"ImageObject","inLanguage":"pt-BR","@id":"https:\/\/tvnova.tv.br\/jornalfatonovo\/#\/schema\/logo\/image\/","url":"https:\/\/tvnova.tv.br\/jornalfatonovo1\/wp-content\/uploads\/2023\/04\/FATO-NOVO-1.png","contentUrl":"https:\/\/tvnova.tv.br\/jornalfatonovo1\/wp-content\/uploads\/2023\/04\/FATO-NOVO-1.png","width":200,"height":60,"caption":"Jornal Fato Novo"},"image":{"@id":"https:\/\/tvnova.tv.br\/jornalfatonovo\/#\/schema\/logo\/image\/"},"sameAs":["https:\/\/www.facebook.com\/tvnovanordeste\/","https:\/\/x.com\/tvnovanordeste","https:\/\/www.instagram.com\/jornalfatonovope\/"]},{"@type":"Person","@id":"https:\/\/tvnova.tv.br\/jornalfatonovo\/#\/schema\/person\/418c5d116a89e083bbdcdbff27f9d5c8","name":"TVNOVANORDESTE","sameAs":["https:\/\/tvnova.tv.br\/jornalfatonovo1"],"url":"https:\/\/tvnova.tv.br\/jornalfatonovo\/author\/terrenofertil\/"}]}},"_links":{"self":[{"href":"https:\/\/tvnova.tv.br\/jornalfatonovo\/wp-json\/wp\/v2\/posts\/4622","targetHints":{"allow":["GET"]}}],"collection":[{"href":"https:\/\/tvnova.tv.br\/jornalfatonovo\/wp-json\/wp\/v2\/posts"}],"about":[{"href":"https:\/\/tvnova.tv.br\/jornalfatonovo\/wp-json\/wp\/v2\/types\/post"}],"author":[{"embeddable":true,"href":"https:\/\/tvnova.tv.br\/jornalfatonovo\/wp-json\/wp\/v2\/users\/1"}],"replies":[{"embeddable":true,"href":"https:\/\/tvnova.tv.br\/jornalfatonovo\/wp-json\/wp\/v2\/comments?post=4622"}],"version-history":[{"count":0,"href":"https:\/\/tvnova.tv.br\/jornalfatonovo\/wp-json\/wp\/v2\/posts\/4622\/revisions"}],"wp:featuredmedia":[{"embeddable":true,"href":"https:\/\/tvnova.tv.br\/jornalfatonovo\/wp-json\/wp\/v2\/media\/4623"}],"wp:attachment":[{"href":"https:\/\/tvnova.tv.br\/jornalfatonovo\/wp-json\/wp\/v2\/media?parent=4622"}],"wp:term":[{"taxonomy":"category","embeddable":true,"href":"https:\/\/tvnova.tv.br\/jornalfatonovo\/wp-json\/wp\/v2\/categories?post=4622"},{"taxonomy":"post_tag","embeddable":true,"href":"https:\/\/tvnova.tv.br\/jornalfatonovo\/wp-json\/wp\/v2\/tags?post=4622"},{"taxonomy":"cores-categorias","embeddable":true,"href":"https:\/\/tvnova.tv.br\/jornalfatonovo\/wp-json\/wp\/v2\/cores-categorias?post=4622"}],"curies":[{"name":"wp","href":"https:\/\/api.w.org\/{rel}","templated":true}]}}