{"id":4714,"date":"2023-05-02T18:00:53","date_gmt":"2023-05-02T21:00:53","guid":{"rendered":"https:\/\/tvnova.tv.br\/jornalfatonovo\/?p=4714"},"modified":"2023-05-02T18:00:53","modified_gmt":"2023-05-02T21:00:53","slug":"caixa-cultural-recife-prorroga-exposicao-mulheres-que-mudaram-200-anos","status":"publish","type":"post","link":"https:\/\/tvnova.tv.br\/jornalfatonovo\/caixa-cultural-recife-prorroga-exposicao-mulheres-que-mudaram-200-anos\/","title":{"rendered":"Caixa Cultural Recife prorroga exposi\u00e7\u00e3o \u201cMulheres Que Mudaram 200 Anos\u201d"},"content":{"rendered":"<p>A CAIXA Cultural Recife, devido ao sucesso de p\u00fablico, a prorrogou a exibi\u00e7\u00e3o da mostra \u201cMulheres que Mudaram 200 anos\u201d at\u00e9 o dia 28 de maio. A coletiva, com pesquisa historiogr\u00e1fica de Mary del Priore e dire\u00e7\u00e3o curatorial de Marina Bortoluzzi, o destaque parte da biografia de mulheres que tiveram participa\u00e7\u00e3o relevante durante o processo de independ\u00eancia do Brasil e nos anos de sustenta\u00e7\u00e3o do movimento. A entrada \u00e9 gratuita.<\/p>\n<p>Est\u00e3o sendo expostas obras de artistas visuais mulheres e resgata a mem\u00f3ria de Maria Felipa, Maria Leopoldina, Maria Quit\u00e9ria e N\u00edsia Floresta, al\u00e9m de homenagear Hip\u00f3lita Jacinta de Teixeira de Melo, B\u00e1rbara Alencar, Ur\u00e2nia Van\u00e9rio, Joana Ang\u00e9lica, Caretas do Mingau, Ana Lins, Mariana Crioula, Maria Joaquina de Almeida e Maria Josephine Matilde Duroche.<\/p>\n<p>A mostra est\u00e1 em cartaz nas unidades da CAIXA Cultural no Recife, Fortaleza, Salvador, Curitiba, Rio de Janeiro e S\u00e3o Paulo.<\/p>\n<p>Em Recife, a exposi\u00e7\u00e3o recebe ainda obras das artistas Joana Lira, Alexsandra Ribeiro, Stefany Lima e Clara Moreira.<\/p>\n<p>Mais informa\u00e7\u00f5es podem ser consultadas no site da CAIXA Cultural.<\/p>\n<p>SERVI\u00c7O:<br \/>\n[Exposi\u00e7\u00e3o] \u201cMulheres que Mudaram 200 anos\u201d<br \/>\nLocal: CAIXA Cultural Recife.<br \/>\nEndere\u00e7o: Av. Alfredo Lisboa, n\u00ba 505, Bairro do Recife, Recife (PE)<br \/>\nData: Visita\u00e7\u00e3o at\u00e9 28 de maio de 2023<br \/>\nHor\u00e1rio: De ter\u00e7a a sexta-feira, das 10h \u00e0s 18h. S\u00e1bado e Domingo, das 10h \u00e0s 16h.<br \/>\nEntrada franca<br \/>\nClassifica\u00e7\u00e3o: Livre<br \/>\nAcesso para pessoas com defici\u00eancia.<\/p>\n<p>Imagem de divulga\u00e7\u00e3o.<br \/>\nDa esquerda para a direita: Maria Leopoldina, Maria Felipa, N\u00edsia Floresta e Maria Quit\u00e9ria.<\/p>\n","protected":false},"excerpt":{"rendered":"<p>A CAIXA Cultural Recife, devido ao sucesso de p\u00fablico, a prorrogou a exibi\u00e7\u00e3o da mostra \u201cMulheres que Mudaram 200 anos\u201d at\u00e9 o dia 28 de maio. A coletiva, com pesquisa historiogr\u00e1fica de Mary del Priore e dire\u00e7\u00e3o curatorial de Marina Bortoluzzi, o destaque parte da biografia de mulheres que tiveram participa\u00e7\u00e3o relevante durante o processo [&hellip;]<\/p>\n","protected":false},"author":1,"featured_media":4715,"comment_status":"closed","ping_status":"closed","sticky":false,"template":"","format":"standard","meta":{"footnotes":""},"categories":[272],"tags":[],"cores-categorias":[],"class_list":["post-4714","post","type-post","status-publish","format-standard","has-post-thumbnail","hentry","category-cultura"],"yoast_head":"<!-- This site is optimized with the Yoast SEO plugin v27.2 - https:\/\/yoast.com\/product\/yoast-seo-wordpress\/ -->\n<title>Caixa Cultural Recife prorroga exposi\u00e7\u00e3o \u201cMulheres Que Mudaram 200 Anos\u201d - Jornal Fato Novo<\/title>\n<meta name=\"robots\" content=\"index, follow, max-snippet:-1, max-image-preview:large, max-video-preview:-1\" \/>\n<link rel=\"canonical\" href=\"https:\/\/tvnova.tv.br\/jornalfatonovo\/caixa-cultural-recife-prorroga-exposicao-mulheres-que-mudaram-200-anos\/\" \/>\n<meta property=\"og:locale\" content=\"pt_BR\" \/>\n<meta property=\"og:type\" content=\"article\" \/>\n<meta property=\"og:title\" content=\"Caixa Cultural Recife prorroga exposi\u00e7\u00e3o \u201cMulheres Que Mudaram 200 Anos\u201d - Jornal Fato Novo\" \/>\n<meta property=\"og:description\" content=\"A CAIXA Cultural Recife, devido ao sucesso de p\u00fablico, a prorrogou a exibi\u00e7\u00e3o da mostra \u201cMulheres que Mudaram 200 anos\u201d at\u00e9 o dia 28 de maio. A coletiva, com pesquisa historiogr\u00e1fica de Mary del Priore e dire\u00e7\u00e3o curatorial de Marina Bortoluzzi, o destaque parte da biografia de mulheres que tiveram participa\u00e7\u00e3o relevante durante o processo [&hellip;]\" \/>\n<meta property=\"og:url\" content=\"https:\/\/tvnova.tv.br\/jornalfatonovo\/caixa-cultural-recife-prorroga-exposicao-mulheres-que-mudaram-200-anos\/\" \/>\n<meta property=\"og:site_name\" content=\"Jornal Fato Novo\" \/>\n<meta property=\"article:publisher\" content=\"https:\/\/www.facebook.com\/tvnovanordeste\/\" \/>\n<meta property=\"article:published_time\" content=\"2023-05-02T21:00:53+00:00\" \/>\n<meta property=\"og:image\" content=\"https:\/\/tvnova.tv.br\/jornalfatonovo\/wp-content\/uploads\/2023\/05\/WhatsApp-Image-2023-05-02-at-17.28.55.jpeg\" \/>\n\t<meta property=\"og:image:width\" content=\"638\" \/>\n\t<meta property=\"og:image:height\" content=\"258\" \/>\n\t<meta property=\"og:image:type\" content=\"image\/jpeg\" \/>\n<meta name=\"author\" content=\"TVNOVANORDESTE\" \/>\n<meta name=\"twitter:card\" content=\"summary_large_image\" \/>\n<meta name=\"twitter:creator\" content=\"@tvnovanordeste\" \/>\n<meta name=\"twitter:site\" content=\"@tvnovanordeste\" \/>\n<meta name=\"twitter:label1\" content=\"Escrito por\" \/>\n\t<meta name=\"twitter:data1\" content=\"TVNOVANORDESTE\" \/>\n\t<meta name=\"twitter:label2\" content=\"Est. tempo de leitura\" \/>\n\t<meta name=\"twitter:data2\" content=\"2 minutos\" \/>\n<script type=\"application\/ld+json\" class=\"yoast-schema-graph\">{\"@context\":\"https:\/\/schema.org\",\"@graph\":[{\"@type\":\"Article\",\"@id\":\"https:\/\/tvnova.tv.br\/jornalfatonovo\/caixa-cultural-recife-prorroga-exposicao-mulheres-que-mudaram-200-anos\/#article\",\"isPartOf\":{\"@id\":\"https:\/\/tvnova.tv.br\/jornalfatonovo\/caixa-cultural-recife-prorroga-exposicao-mulheres-que-mudaram-200-anos\/\"},\"author\":{\"name\":\"TVNOVANORDESTE\",\"@id\":\"https:\/\/tvnova.tv.br\/jornalfatonovo\/#\/schema\/person\/418c5d116a89e083bbdcdbff27f9d5c8\"},\"headline\":\"Caixa Cultural Recife prorroga exposi\u00e7\u00e3o \u201cMulheres Que Mudaram 200 Anos\u201d\",\"datePublished\":\"2023-05-02T21:00:53+00:00\",\"mainEntityOfPage\":{\"@id\":\"https:\/\/tvnova.tv.br\/jornalfatonovo\/caixa-cultural-recife-prorroga-exposicao-mulheres-que-mudaram-200-anos\/\"},\"wordCount\":279,\"publisher\":{\"@id\":\"https:\/\/tvnova.tv.br\/jornalfatonovo\/#organization\"},\"image\":{\"@id\":\"https:\/\/tvnova.tv.br\/jornalfatonovo\/caixa-cultural-recife-prorroga-exposicao-mulheres-que-mudaram-200-anos\/#primaryimage\"},\"thumbnailUrl\":\"https:\/\/tvnova.tv.br\/jornalfatonovo\/wp-content\/uploads\/2023\/05\/WhatsApp-Image-2023-05-02-at-17.28.55.jpeg\",\"articleSection\":[\"Cultura\"],\"inLanguage\":\"pt-BR\"},{\"@type\":\"WebPage\",\"@id\":\"https:\/\/tvnova.tv.br\/jornalfatonovo\/caixa-cultural-recife-prorroga-exposicao-mulheres-que-mudaram-200-anos\/\",\"url\":\"https:\/\/tvnova.tv.br\/jornalfatonovo\/caixa-cultural-recife-prorroga-exposicao-mulheres-que-mudaram-200-anos\/\",\"name\":\"Caixa Cultural Recife prorroga exposi\u00e7\u00e3o \u201cMulheres Que Mudaram 200 Anos\u201d - Jornal Fato Novo\",\"isPartOf\":{\"@id\":\"https:\/\/tvnova.tv.br\/jornalfatonovo\/#website\"},\"primaryImageOfPage\":{\"@id\":\"https:\/\/tvnova.tv.br\/jornalfatonovo\/caixa-cultural-recife-prorroga-exposicao-mulheres-que-mudaram-200-anos\/#primaryimage\"},\"image\":{\"@id\":\"https:\/\/tvnova.tv.br\/jornalfatonovo\/caixa-cultural-recife-prorroga-exposicao-mulheres-que-mudaram-200-anos\/#primaryimage\"},\"thumbnailUrl\":\"https:\/\/tvnova.tv.br\/jornalfatonovo\/wp-content\/uploads\/2023\/05\/WhatsApp-Image-2023-05-02-at-17.28.55.jpeg\",\"datePublished\":\"2023-05-02T21:00:53+00:00\",\"breadcrumb\":{\"@id\":\"https:\/\/tvnova.tv.br\/jornalfatonovo\/caixa-cultural-recife-prorroga-exposicao-mulheres-que-mudaram-200-anos\/#breadcrumb\"},\"inLanguage\":\"pt-BR\",\"potentialAction\":[{\"@type\":\"ReadAction\",\"target\":[\"https:\/\/tvnova.tv.br\/jornalfatonovo\/caixa-cultural-recife-prorroga-exposicao-mulheres-que-mudaram-200-anos\/\"]}]},{\"@type\":\"ImageObject\",\"inLanguage\":\"pt-BR\",\"@id\":\"https:\/\/tvnova.tv.br\/jornalfatonovo\/caixa-cultural-recife-prorroga-exposicao-mulheres-que-mudaram-200-anos\/#primaryimage\",\"url\":\"https:\/\/tvnova.tv.br\/jornalfatonovo\/wp-content\/uploads\/2023\/05\/WhatsApp-Image-2023-05-02-at-17.28.55.jpeg\",\"contentUrl\":\"https:\/\/tvnova.tv.br\/jornalfatonovo\/wp-content\/uploads\/2023\/05\/WhatsApp-Image-2023-05-02-at-17.28.55.jpeg\",\"width\":638,\"height\":258},{\"@type\":\"BreadcrumbList\",\"@id\":\"https:\/\/tvnova.tv.br\/jornalfatonovo\/caixa-cultural-recife-prorroga-exposicao-mulheres-que-mudaram-200-anos\/#breadcrumb\",\"itemListElement\":[{\"@type\":\"ListItem\",\"position\":1,\"name\":\"In\u00edcio\",\"item\":\"https:\/\/tvnova.tv.br\/jornalfatonovo\/\"},{\"@type\":\"ListItem\",\"position\":2,\"name\":\"Caixa Cultural Recife prorroga exposi\u00e7\u00e3o \u201cMulheres Que Mudaram 200 Anos\u201d\"}]},{\"@type\":\"WebSite\",\"@id\":\"https:\/\/tvnova.tv.br\/jornalfatonovo\/#website\",\"url\":\"https:\/\/tvnova.tv.br\/jornalfatonovo\/\",\"name\":\"Jornal Fato Novo\",\"description\":\"Acompanhe as not\u00edcias de Pernambuco\",\"publisher\":{\"@id\":\"https:\/\/tvnova.tv.br\/jornalfatonovo\/#organization\"},\"potentialAction\":[{\"@type\":\"SearchAction\",\"target\":{\"@type\":\"EntryPoint\",\"urlTemplate\":\"https:\/\/tvnova.tv.br\/jornalfatonovo\/?s={search_term_string}\"},\"query-input\":{\"@type\":\"PropertyValueSpecification\",\"valueRequired\":true,\"valueName\":\"search_term_string\"}}],\"inLanguage\":\"pt-BR\"},{\"@type\":\"Organization\",\"@id\":\"https:\/\/tvnova.tv.br\/jornalfatonovo\/#organization\",\"name\":\"Jornal Fato Novo\",\"url\":\"https:\/\/tvnova.tv.br\/jornalfatonovo\/\",\"logo\":{\"@type\":\"ImageObject\",\"inLanguage\":\"pt-BR\",\"@id\":\"https:\/\/tvnova.tv.br\/jornalfatonovo\/#\/schema\/logo\/image\/\",\"url\":\"https:\/\/tvnova.tv.br\/jornalfatonovo1\/wp-content\/uploads\/2023\/04\/FATO-NOVO-1.png\",\"contentUrl\":\"https:\/\/tvnova.tv.br\/jornalfatonovo1\/wp-content\/uploads\/2023\/04\/FATO-NOVO-1.png\",\"width\":200,\"height\":60,\"caption\":\"Jornal Fato Novo\"},\"image\":{\"@id\":\"https:\/\/tvnova.tv.br\/jornalfatonovo\/#\/schema\/logo\/image\/\"},\"sameAs\":[\"https:\/\/www.facebook.com\/tvnovanordeste\/\",\"https:\/\/x.com\/tvnovanordeste\",\"https:\/\/www.instagram.com\/jornalfatonovope\/\"]},{\"@type\":\"Person\",\"@id\":\"https:\/\/tvnova.tv.br\/jornalfatonovo\/#\/schema\/person\/418c5d116a89e083bbdcdbff27f9d5c8\",\"name\":\"TVNOVANORDESTE\",\"sameAs\":[\"https:\/\/tvnova.tv.br\/jornalfatonovo1\"],\"url\":\"https:\/\/tvnova.tv.br\/jornalfatonovo\/author\/terrenofertil\/\"}]}<\/script>\n<!-- \/ Yoast SEO plugin. -->","yoast_head_json":{"title":"Caixa Cultural Recife prorroga exposi\u00e7\u00e3o \u201cMulheres Que Mudaram 200 Anos\u201d - Jornal Fato Novo","robots":{"index":"index","follow":"follow","max-snippet":"max-snippet:-1","max-image-preview":"max-image-preview:large","max-video-preview":"max-video-preview:-1"},"canonical":"https:\/\/tvnova.tv.br\/jornalfatonovo\/caixa-cultural-recife-prorroga-exposicao-mulheres-que-mudaram-200-anos\/","og_locale":"pt_BR","og_type":"article","og_title":"Caixa Cultural Recife prorroga exposi\u00e7\u00e3o \u201cMulheres Que Mudaram 200 Anos\u201d - Jornal Fato Novo","og_description":"A CAIXA Cultural Recife, devido ao sucesso de p\u00fablico, a prorrogou a exibi\u00e7\u00e3o da mostra \u201cMulheres que Mudaram 200 anos\u201d at\u00e9 o dia 28 de maio. A coletiva, com pesquisa historiogr\u00e1fica de Mary del Priore e dire\u00e7\u00e3o curatorial de Marina Bortoluzzi, o destaque parte da biografia de mulheres que tiveram participa\u00e7\u00e3o relevante durante o processo [&hellip;]","og_url":"https:\/\/tvnova.tv.br\/jornalfatonovo\/caixa-cultural-recife-prorroga-exposicao-mulheres-que-mudaram-200-anos\/","og_site_name":"Jornal Fato Novo","article_publisher":"https:\/\/www.facebook.com\/tvnovanordeste\/","article_published_time":"2023-05-02T21:00:53+00:00","og_image":[{"width":638,"height":258,"url":"https:\/\/tvnova.tv.br\/jornalfatonovo\/wp-content\/uploads\/2023\/05\/WhatsApp-Image-2023-05-02-at-17.28.55.jpeg","type":"image\/jpeg"}],"author":"TVNOVANORDESTE","twitter_card":"summary_large_image","twitter_creator":"@tvnovanordeste","twitter_site":"@tvnovanordeste","twitter_misc":{"Escrito por":"TVNOVANORDESTE","Est. tempo de leitura":"2 minutos"},"schema":{"@context":"https:\/\/schema.org","@graph":[{"@type":"Article","@id":"https:\/\/tvnova.tv.br\/jornalfatonovo\/caixa-cultural-recife-prorroga-exposicao-mulheres-que-mudaram-200-anos\/#article","isPartOf":{"@id":"https:\/\/tvnova.tv.br\/jornalfatonovo\/caixa-cultural-recife-prorroga-exposicao-mulheres-que-mudaram-200-anos\/"},"author":{"name":"TVNOVANORDESTE","@id":"https:\/\/tvnova.tv.br\/jornalfatonovo\/#\/schema\/person\/418c5d116a89e083bbdcdbff27f9d5c8"},"headline":"Caixa Cultural Recife prorroga exposi\u00e7\u00e3o \u201cMulheres Que Mudaram 200 Anos\u201d","datePublished":"2023-05-02T21:00:53+00:00","mainEntityOfPage":{"@id":"https:\/\/tvnova.tv.br\/jornalfatonovo\/caixa-cultural-recife-prorroga-exposicao-mulheres-que-mudaram-200-anos\/"},"wordCount":279,"publisher":{"@id":"https:\/\/tvnova.tv.br\/jornalfatonovo\/#organization"},"image":{"@id":"https:\/\/tvnova.tv.br\/jornalfatonovo\/caixa-cultural-recife-prorroga-exposicao-mulheres-que-mudaram-200-anos\/#primaryimage"},"thumbnailUrl":"https:\/\/tvnova.tv.br\/jornalfatonovo\/wp-content\/uploads\/2023\/05\/WhatsApp-Image-2023-05-02-at-17.28.55.jpeg","articleSection":["Cultura"],"inLanguage":"pt-BR"},{"@type":"WebPage","@id":"https:\/\/tvnova.tv.br\/jornalfatonovo\/caixa-cultural-recife-prorroga-exposicao-mulheres-que-mudaram-200-anos\/","url":"https:\/\/tvnova.tv.br\/jornalfatonovo\/caixa-cultural-recife-prorroga-exposicao-mulheres-que-mudaram-200-anos\/","name":"Caixa Cultural Recife prorroga exposi\u00e7\u00e3o \u201cMulheres Que Mudaram 200 Anos\u201d - Jornal Fato Novo","isPartOf":{"@id":"https:\/\/tvnova.tv.br\/jornalfatonovo\/#website"},"primaryImageOfPage":{"@id":"https:\/\/tvnova.tv.br\/jornalfatonovo\/caixa-cultural-recife-prorroga-exposicao-mulheres-que-mudaram-200-anos\/#primaryimage"},"image":{"@id":"https:\/\/tvnova.tv.br\/jornalfatonovo\/caixa-cultural-recife-prorroga-exposicao-mulheres-que-mudaram-200-anos\/#primaryimage"},"thumbnailUrl":"https:\/\/tvnova.tv.br\/jornalfatonovo\/wp-content\/uploads\/2023\/05\/WhatsApp-Image-2023-05-02-at-17.28.55.jpeg","datePublished":"2023-05-02T21:00:53+00:00","breadcrumb":{"@id":"https:\/\/tvnova.tv.br\/jornalfatonovo\/caixa-cultural-recife-prorroga-exposicao-mulheres-que-mudaram-200-anos\/#breadcrumb"},"inLanguage":"pt-BR","potentialAction":[{"@type":"ReadAction","target":["https:\/\/tvnova.tv.br\/jornalfatonovo\/caixa-cultural-recife-prorroga-exposicao-mulheres-que-mudaram-200-anos\/"]}]},{"@type":"ImageObject","inLanguage":"pt-BR","@id":"https:\/\/tvnova.tv.br\/jornalfatonovo\/caixa-cultural-recife-prorroga-exposicao-mulheres-que-mudaram-200-anos\/#primaryimage","url":"https:\/\/tvnova.tv.br\/jornalfatonovo\/wp-content\/uploads\/2023\/05\/WhatsApp-Image-2023-05-02-at-17.28.55.jpeg","contentUrl":"https:\/\/tvnova.tv.br\/jornalfatonovo\/wp-content\/uploads\/2023\/05\/WhatsApp-Image-2023-05-02-at-17.28.55.jpeg","width":638,"height":258},{"@type":"BreadcrumbList","@id":"https:\/\/tvnova.tv.br\/jornalfatonovo\/caixa-cultural-recife-prorroga-exposicao-mulheres-que-mudaram-200-anos\/#breadcrumb","itemListElement":[{"@type":"ListItem","position":1,"name":"In\u00edcio","item":"https:\/\/tvnova.tv.br\/jornalfatonovo\/"},{"@type":"ListItem","position":2,"name":"Caixa Cultural Recife prorroga exposi\u00e7\u00e3o \u201cMulheres Que Mudaram 200 Anos\u201d"}]},{"@type":"WebSite","@id":"https:\/\/tvnova.tv.br\/jornalfatonovo\/#website","url":"https:\/\/tvnova.tv.br\/jornalfatonovo\/","name":"Jornal Fato Novo","description":"Acompanhe as not\u00edcias de Pernambuco","publisher":{"@id":"https:\/\/tvnova.tv.br\/jornalfatonovo\/#organization"},"potentialAction":[{"@type":"SearchAction","target":{"@type":"EntryPoint","urlTemplate":"https:\/\/tvnova.tv.br\/jornalfatonovo\/?s={search_term_string}"},"query-input":{"@type":"PropertyValueSpecification","valueRequired":true,"valueName":"search_term_string"}}],"inLanguage":"pt-BR"},{"@type":"Organization","@id":"https:\/\/tvnova.tv.br\/jornalfatonovo\/#organization","name":"Jornal Fato Novo","url":"https:\/\/tvnova.tv.br\/jornalfatonovo\/","logo":{"@type":"ImageObject","inLanguage":"pt-BR","@id":"https:\/\/tvnova.tv.br\/jornalfatonovo\/#\/schema\/logo\/image\/","url":"https:\/\/tvnova.tv.br\/jornalfatonovo1\/wp-content\/uploads\/2023\/04\/FATO-NOVO-1.png","contentUrl":"https:\/\/tvnova.tv.br\/jornalfatonovo1\/wp-content\/uploads\/2023\/04\/FATO-NOVO-1.png","width":200,"height":60,"caption":"Jornal Fato Novo"},"image":{"@id":"https:\/\/tvnova.tv.br\/jornalfatonovo\/#\/schema\/logo\/image\/"},"sameAs":["https:\/\/www.facebook.com\/tvnovanordeste\/","https:\/\/x.com\/tvnovanordeste","https:\/\/www.instagram.com\/jornalfatonovope\/"]},{"@type":"Person","@id":"https:\/\/tvnova.tv.br\/jornalfatonovo\/#\/schema\/person\/418c5d116a89e083bbdcdbff27f9d5c8","name":"TVNOVANORDESTE","sameAs":["https:\/\/tvnova.tv.br\/jornalfatonovo1"],"url":"https:\/\/tvnova.tv.br\/jornalfatonovo\/author\/terrenofertil\/"}]}},"_links":{"self":[{"href":"https:\/\/tvnova.tv.br\/jornalfatonovo\/wp-json\/wp\/v2\/posts\/4714","targetHints":{"allow":["GET"]}}],"collection":[{"href":"https:\/\/tvnova.tv.br\/jornalfatonovo\/wp-json\/wp\/v2\/posts"}],"about":[{"href":"https:\/\/tvnova.tv.br\/jornalfatonovo\/wp-json\/wp\/v2\/types\/post"}],"author":[{"embeddable":true,"href":"https:\/\/tvnova.tv.br\/jornalfatonovo\/wp-json\/wp\/v2\/users\/1"}],"replies":[{"embeddable":true,"href":"https:\/\/tvnova.tv.br\/jornalfatonovo\/wp-json\/wp\/v2\/comments?post=4714"}],"version-history":[{"count":0,"href":"https:\/\/tvnova.tv.br\/jornalfatonovo\/wp-json\/wp\/v2\/posts\/4714\/revisions"}],"wp:featuredmedia":[{"embeddable":true,"href":"https:\/\/tvnova.tv.br\/jornalfatonovo\/wp-json\/wp\/v2\/media\/4715"}],"wp:attachment":[{"href":"https:\/\/tvnova.tv.br\/jornalfatonovo\/wp-json\/wp\/v2\/media?parent=4714"}],"wp:term":[{"taxonomy":"category","embeddable":true,"href":"https:\/\/tvnova.tv.br\/jornalfatonovo\/wp-json\/wp\/v2\/categories?post=4714"},{"taxonomy":"post_tag","embeddable":true,"href":"https:\/\/tvnova.tv.br\/jornalfatonovo\/wp-json\/wp\/v2\/tags?post=4714"},{"taxonomy":"cores-categorias","embeddable":true,"href":"https:\/\/tvnova.tv.br\/jornalfatonovo\/wp-json\/wp\/v2\/cores-categorias?post=4714"}],"curies":[{"name":"wp","href":"https:\/\/api.w.org\/{rel}","templated":true}]}}